{"id":905,"date":"2024-06-13T10:37:18","date_gmt":"2024-06-13T08:37:18","guid":{"rendered":"https:\/\/iceland-lovers.com\/reykjavik-2\/"},"modified":"2024-06-15T09:31:32","modified_gmt":"2024-06-15T07:31:32","slug":"besok-museum-perlan-reykjavik","status":"publish","type":"post","link":"https:\/\/iceland-lovers.com\/sv\/besok-museum-perlan-reykjavik\/","title":{"rendered":"Perlan Museum (Reykjavik): bes\u00f6k + foton"},"content":{"rendered":"\n<p>K\u00e4nner du till <strong>Reykjavik&#8217;s Perlan<\/strong>? Utst\u00e4llningscentret \u00e4r en arkitektonisk och kulturell juvel med utsikt \u00f6ver huvudstaden p\u00e5 den ber\u00f6mda kullen \u00d6skjuhl\u00ed\u00f0. I denna futuristiska byggnad, som kr\u00f6ns av en glaskupol, finns ett interaktivt museum som vi verkligen gillade. H\u00e4r kan du uppt\u00e4cka Islands naturliga underverk. Fans av uppslukande upplevelser som vi? F\u00f6rdjupa dig i tusen \u00e5r gamla glaci\u00e4rer och det sublima norrskenet. V\u00e5ra favoriter: isgrottan och terrassen med 360 graders panoramautsikt som erbjuder en hisnande utsikt. \u00c4r du redo att ge dig ut p\u00e5 det h\u00e4r \u00e4ventyret tillsammans med oss?<\/p>\n\n<p>I den h\u00e4r artikeln kommer vi att dela med oss av v\u00e5ra <strong>anv\u00e4ndbara tips i bilder<\/strong> f\u00f6r att hj\u00e4lpa dig att f\u00f6rbereda ditt <strong>bes\u00f6k p\u00e5 Mus\u00e9e Perlan<\/strong> och f\u00e5 en of\u00f6rgl\u00f6mlig tid!<\/p>\n\n<figure class=\"wp-block-image size-large\"><img decoding=\"async\" src=\"https:\/\/iceland-lovers.com\/wp-content\/uploads\/2024\/06\/besok-museum-perlan-reykjavik-1024x768.jpg\" alt=\"V&#xE5;ra tips och foton f&#xF6;r att bes&#xF6;ka Perlan Museum i Reykjavik, Island: hur man kommer dit, intressanta platser, praktisk information\" class=\"wp-image-894\"\/><\/figure>\n\n<p>Detta \u00e4r en helt <strong>oberoende<\/strong> \u00e5sikt, baserad p\u00e5 v\u00e5r egen erfarenhet. Vi bes\u00f6kte regionen anonymt, gjorde v\u00e5ra egna val och betalade v\u00e5ra r\u00e4kningar till fullo.<\/p>\n\n<div style=\"padding-left:5%\" class=\"wp-block-genesis-blocks-gb-container box gb-block-container\"><div class=\"gb-container-inside\"><div class=\"gb-container-content\">\n<p class=\"titre_box_manuscrit\">Inneh\u00e5ll<\/p>\n\n\n\n<div class=\"wp-block-genesis-blocks-gb-container gb-block-container\"><div class=\"gb-container-inside\"><div class=\"gb-container-content\"><div id=\"ez-toc-container\" class=\"ez-toc-v2_0_82_1 counter-hierarchy ez-toc-counter ez-toc-custom ez-toc-container-direction\">\n<div class=\"ez-toc-title-container\">\n<span class=\"ez-toc-title-toggle\"><\/span><\/div>\n<nav><ul class='ez-toc-list ez-toc-list-level-1 ' ><li class='ez-toc-page-1 ez-toc-heading-level-2'><a class=\"ez-toc-link ez-toc-heading-1\" href=\"https:\/\/iceland-lovers.com\/sv\/besok-museum-perlan-reykjavik\/#Varfor_besoka_Perlan-museet_i_Reykjavik\" >Varf\u00f6r bes\u00f6ka Perlan-museet i Reykjavik?<\/a><\/li><li class='ez-toc-page-1 ez-toc-heading-level-2'><a class=\"ez-toc-link ez-toc-heading-2\" href=\"https:\/\/iceland-lovers.com\/sv\/besok-museum-perlan-reykjavik\/#Tilltrade_Perlan_Museum_Reykjavik\" >Tilltr\u00e4de: Perlan Museum, Reykjavik<\/a><\/li><li class='ez-toc-page-1 ez-toc-heading-level-2'><a class=\"ez-toc-link ez-toc-heading-3\" href=\"https:\/\/iceland-lovers.com\/sv\/besok-museum-perlan-reykjavik\/#Anvandbara_tips_varaktighet_tidtabeller_ata%E2%80%A6\" >Anv\u00e4ndbara tips: varaktighet, tidtabeller, \u00e4ta&#8230;<\/a><\/li><li class='ez-toc-page-1 ez-toc-heading-level-2'><a class=\"ez-toc-link ez-toc-heading-4\" href=\"https:\/\/iceland-lovers.com\/sv\/besok-museum-perlan-reykjavik\/#Reykjaviks_parla\" >Reykjaviks p\u00e4rla<\/a><\/li><li class='ez-toc-page-1 ez-toc-heading-level-2'><a class=\"ez-toc-link ez-toc-heading-5\" href=\"https:\/\/iceland-lovers.com\/sv\/besok-museum-perlan-reykjavik\/#Nar_Islands_underverk_visas_upp\" >N\u00e4r Islands underverk visas upp<\/a><\/li><li class='ez-toc-page-1 ez-toc-heading-level-2'><a class=\"ez-toc-link ez-toc-heading-6\" href=\"https:\/\/iceland-lovers.com\/sv\/besok-museum-perlan-reykjavik\/#Slutligen_panoramaupplevelsen\" >Slutligen, panoramaupplevelsen<\/a><\/li><li class='ez-toc-page-1 ez-toc-heading-level-2'><a class=\"ez-toc-link ez-toc-heading-7\" href=\"https:\/\/iceland-lovers.com\/sv\/besok-museum-perlan-reykjavik\/#Vanliga_fragor_och_svar\" >Vanliga fr\u00e5gor och svar<\/a><\/li><\/ul><\/nav><\/div>\n\n<\/div><\/div><\/div>\n<\/div><\/div><\/div>\n\n<p><\/p>\n\n<h2 class=\"wp-block-heading\"><span class=\"ez-toc-section\" id=\"Varfor_besoka_Perlan-museet_i_Reykjavik\"><\/span>Varf\u00f6r bes\u00f6ka Perlan-museet i Reykjavik?<span class=\"ez-toc-section-end\"><\/span><\/h2>\n\n<h3 class=\"wp-block-heading\">\u00c4r det v\u00e4rt att bes\u00f6ka detta utst\u00e4llningscenter? V\u00e5r \u00e5sikt:<\/h3>\n\n<p>Ja, Perlanmuseet \u00e4r v\u00e4l v\u00e4rt ett bes\u00f6k. Det h\u00e4r utst\u00e4llningscentret har f\u00e5tt smeknamnet &#8221;Reykjaviks p\u00e4rla&#8221; och \u00e4r mycket mer \u00e4n bara ett museum. Vi \u00e4lskade denna uppslukande plats, full av \u00f6verraskningar med sitt planetarium, originalarkitektur och panoramaterrass!<\/p>\n\n<p>Enligt v\u00e5r mening \u00e4r detta en av de b\u00e4sta sev\u00e4rdheterna i Reykjavik.<\/p>\n\n<p><a href=\"https:\/\/www.tiqets.com\/sv\/activites-attractions-reykjavik-c22\/billets-pour-perlan-museum-p1066280?partner=region_lovers&amp;tq_campaign=iceland\" target=\"_blank\" rel=\"noreferrer noopener sponsored nofollow\">&gt;&gt;  Boka din biljett nu<\/a><\/p>\n\n<figure class=\"wp-block-image size-large\"><img decoding=\"async\" src=\"https:\/\/photos.smugmug.com\/Iceland\/Winter\/Reykjavik\/Perlan\/i-QbtqVKv\/1\/FgHbTcQVHMSR52DBPBJZ4j4cx7gC5rMSPDxqwvjrh\/L\/planetarium_perlan_Reykjavik_Iceland-4313-L.jpg\" alt=\"Norrskensshow i planetariet\"\/><figcaption class=\"wp-element-caption\">Norrskensshow i planetariet<\/figcaption><\/figure>\n\n<h3 class=\"wp-block-heading\">Varf\u00f6r \u00e4r Perlanmuseet s\u00e5 k\u00e4nt?<\/h3>\n\n<p>Om du planerar en resa till Island har du s\u00e4kert redan h\u00f6rt talas om Perlan-museet i Reykjavik, som \u00e4r mycket mer \u00e4n bara ett museum. Detta futuristiska utst\u00e4llningscenter \u00e4r k\u00e4nt av flera anledningar:<\/p>\n\n<ul class=\"wp-block-list\">\n<li>Den vackra kupolen i glas och st\u00e5l, som har gett den namnet &#8221;p\u00e4rlan&#8221; (&#8221;perlan&#8221; betyder &#8221;p\u00e4rla&#8221; p\u00e5 isl\u00e4ndska)<\/li>\n\n\n\n<li>Dess l\u00e4ge p\u00e5 \u00d6skjuhl\u00ed\u00f0 Hill s\u00f6der om Reykjavik, med utsikt \u00f6ver huvudstaden<\/li>\n\n\n\n<li>V\u00e4rldens mest unika konstgjorda isgrotta, som f\u00f6rde oss in i milj\u00f6n p\u00e5 en \u00e4kta isl\u00e4ndsk glaci\u00e4r.<\/li>\n\n\n\n<li>Dess uppslukande och interaktiva museografi<\/li>\n\n\n\n<li>Planetariet, som bj\u00f6d oss p\u00e5 en stund av uppskjuten animation om norrskenets ursprung.<\/li>\n\n\n\n<li>Den panoramiska observationsterrassen och den roterande restaurangen h\u00f6gst upp i glaskupolen<\/li>\n<\/ul>\n\n<p>\u00c4r du redo att ta turen?<\/p>\n\n<figure class=\"wp-block-image size-large\"><img decoding=\"async\" src=\"https:\/\/photos.smugmug.com\/Iceland\/Winter\/Reykjavik\/Perlan\/i-Z59cFS5\/1\/CR3fj4LPss72HTcM8Ff4fTsjxjsRRgNMJkqgCkc3m\/L\/perlan_Reykjavik_Iceland-5630-L.jpg\" alt=\"Museets framsida\"\/><\/figure>\n\n<h3 class=\"wp-block-heading\">V\u00e5ra favorit\u00f6gonblick<\/h3>\n\n<p>Du kan l\u00e4sa mer om v\u00e5rt bes\u00f6k l\u00e4ngre fram i den h\u00e4r artikeln, men redan nu delar vi med oss av v\u00e5ra favorit\u00f6gonblick:<\/p>\n\n<ul class=\"wp-block-list\">\n<li>den uppslukande och f\u00e4ngslande norrskensshowen p\u00e5 planetariet<\/li>\n\n\n\n<li>den konstgjorda isgrottan<\/li>\n\n\n\n<li>panoramautsikt \u00f6ver staden fr\u00e5n terrassen<\/li>\n<\/ul>\n\n<p><a href=\"https:\/\/www.tiqets.com\/sv\/activites-attractions-reykjavik-c22\/billets-pour-perlan-museum-p1066280?partner=region_lovers&amp;tq_campaign=iceland\" target=\"_blank\" rel=\"noreferrer noopener sponsored nofollow\">&gt;&gt;  Boka din biljett nu<\/a><\/p>\n\n<figure class=\"wp-block-image size-large is-resized\"><img decoding=\"async\" src=\"https:\/\/photos.smugmug.com\/Iceland\/Winter\/Reykjavik\/Perlan\/i-6gNw93x\/1\/TrXzKg2DW7rR8XrP8rLvMNCH7VHgXSD4gxQmQJmK\/L\/ice_Cave_perlan_Reykjavik_Iceland-5649-L.jpg\" alt=\"konstgjord isgrotta\" style=\"width:702px;height:auto\"\/><figcaption class=\"wp-element-caption\">Konstgjord isgrotta inne i Perlan-museet<\/figcaption><\/figure>\n\n<div style=\"margin-top:8%;margin-bottom:8%\" class=\"wp-block-genesis-blocks-gb-container box gb-block-container\"><div class=\"gb-container-inside\"><div class=\"gb-container-content\" style=\"max-width:700px\">\n<div class=\"wp-block-genesis-blocks-gb-container box_titre gb-block-container\"><div class=\"gb-container-inside\"><div class=\"gb-container-content\">\n<h5 class=\"titre_box\" style=\"padding-top:10px;\">VAR KAN MAN BO I <span class=\"titre_box_manuscrit\">Reykjavik<\/span><\/h5>\n<\/div><\/div><\/div>\n\n\n\n<hr class=\"wp-block-separator has-text-color has-alpha-channel-opacity has-background is-style-wide hr-box-planif\" style=\"background-color:#ccd3dd;color:#ccd3dd\"\/>\n\n\n\n<div class=\"wp-block-columns box_sans_border is-layout-flex wp-container-core-columns-is-layout-9d6595d7 wp-block-columns-is-layout-flex\">\n<div class=\"wp-block-column texte_planif is-layout-flow wp-block-column-is-layout-flow\" style=\"font-size:14px;flex-basis:60%\">\n<p class=\"option_titre2\"><strong>Alternativ 1 <\/strong>: I centrum (Midborg)<\/p>\n\n\n\n<p style=\"font-size:14px\">V\u00e5rt urval kommer inom kort<\/p>\n\n\n\n<ul class=\"ul_box wp-block-list\">\n<li style=\"font-size:14px\"><strong>Hotel 1<\/strong> &#8211; Se priser, bilder och tillg\u00e4nglighet<\/li>\n\n\n\n<li style=\"font-size:14px\"><strong>Hotel 2<\/strong> &#8211; Se priser, bilder och tillg\u00e4nglighet<\/li>\n<\/ul>\n<\/div>\n\n\n\n<div class=\"wp-block-column is-vertically-aligned-top planif-radius is-layout-flow wp-block-column-is-layout-flow\" style=\"flex-basis:40%\">\n<figure class=\"wp-block-image size-large img-portrait\"><img loading=\"lazy\" decoding=\"async\" width=\"1024\" height=\"857\" src=\"https:\/\/iceland-lovers.com\/wp-content\/uploads\/2024\/05\/Iceland-Lovers-Logos-RVB_Logomark-ciel-moyen-1024x857.png\" alt=\"\" class=\"wp-image-199\" title=\"\" srcset=\"https:\/\/iceland-lovers.com\/wp-content\/uploads\/2024\/05\/Iceland-Lovers-Logos-RVB_Logomark-ciel-moyen-1024x857.png 1024w, https:\/\/iceland-lovers.com\/wp-content\/uploads\/2024\/05\/Iceland-Lovers-Logos-RVB_Logomark-ciel-moyen-300x251.png 300w, https:\/\/iceland-lovers.com\/wp-content\/uploads\/2024\/05\/Iceland-Lovers-Logos-RVB_Logomark-ciel-moyen-768x643.png 768w, https:\/\/iceland-lovers.com\/wp-content\/uploads\/2024\/05\/Iceland-Lovers-Logos-RVB_Logomark-ciel-moyen-1536x1285.png 1536w, https:\/\/iceland-lovers.com\/wp-content\/uploads\/2024\/05\/Iceland-Lovers-Logos-RVB_Logomark-ciel-moyen-2048x1714.png 2048w\" sizes=\"auto, (max-width: 1024px) 100vw, 1024px\" \/><\/figure>\n<\/div>\n<\/div>\n\n\n\n<hr class=\"wp-block-separator has-text-color has-alpha-channel-opacity has-background is-style-wide hr-box-planif\" style=\"background-color:#ccd3dd;color:#ccd3dd\"\/>\n\n\n\n<div class=\"wp-block-columns box_sans_border is-layout-flex wp-container-core-columns-is-layout-9d6595d7 wp-block-columns-is-layout-flex\">\n<div class=\"wp-block-column texte_planif is-layout-flow wp-block-column-is-layout-flow\" style=\"font-size:14px;flex-basis:60%\">\n<p class=\"option_titre\"><strong>Alternativ 2 <\/strong>: Vesturbaer-distriktet<\/p>\n\n\n\n<p style=\"font-size:14px\">V\u00e5rt urval kommer inom kort<\/p>\n\n\n\n<ul class=\"ul_box wp-block-list\">\n<li style=\"font-size:14px\"><strong>Hotel 1<\/strong> &#8211; Se priser, bilder och tillg\u00e4nglighet<\/li>\n\n\n\n<li style=\"font-size:14px\"><strong>Hotel 2<\/strong> &#8211; Se priser, bilder och tillg\u00e4nglighet  <\/li>\n<\/ul>\n<\/div>\n\n\n\n<div class=\"wp-block-column is-vertically-aligned-top planif-radius is-layout-flow wp-block-column-is-layout-flow\" style=\"flex-basis:40%\">\n<figure class=\"wp-block-image size-large img-portrait\"><img loading=\"lazy\" decoding=\"async\" width=\"1024\" height=\"857\" src=\"https:\/\/iceland-lovers.com\/wp-content\/uploads\/2024\/05\/Iceland-Lovers-Logos-RVB_Logomark-ciel-moyen-1024x857.png\" alt=\"\" class=\"wp-image-199\" title=\"\" srcset=\"https:\/\/iceland-lovers.com\/wp-content\/uploads\/2024\/05\/Iceland-Lovers-Logos-RVB_Logomark-ciel-moyen-1024x857.png 1024w, https:\/\/iceland-lovers.com\/wp-content\/uploads\/2024\/05\/Iceland-Lovers-Logos-RVB_Logomark-ciel-moyen-300x251.png 300w, https:\/\/iceland-lovers.com\/wp-content\/uploads\/2024\/05\/Iceland-Lovers-Logos-RVB_Logomark-ciel-moyen-768x643.png 768w, https:\/\/iceland-lovers.com\/wp-content\/uploads\/2024\/05\/Iceland-Lovers-Logos-RVB_Logomark-ciel-moyen-1536x1285.png 1536w, https:\/\/iceland-lovers.com\/wp-content\/uploads\/2024\/05\/Iceland-Lovers-Logos-RVB_Logomark-ciel-moyen-2048x1714.png 2048w\" sizes=\"auto, (max-width: 1024px) 100vw, 1024px\" \/><\/figure>\n<\/div>\n<\/div>\n\n\n\n<p class=\"has-text-align-center has-normal-font-size\">Se v\u00e5rt fulla urval av de b\u00e4sta hotellen i Reykjavik (kommer snart)<\/p>\n\n\n\n<div class=\"wp-block-buttons planif_bouton is-content-justification-center is-layout-flex wp-container-core-buttons-is-layout-16018d1d wp-block-buttons-is-layout-flex\">\n<div class=\"wp-block-button has-custom-font-size\" style=\"font-size:14px\"><a class=\"wp-block-button__link has-white-color has-text-color wp-element-button\" href=\"https:\/\/www.booking.com\/searchresults.html?city=-2651804&amp;nflt=review_score%253D90%253Breview_score%253D80&amp;aid=2421273\" style=\"border-radius:4px\" target=\"_blank\" rel=\"noreferrer noopener nofollow\">Se alla tillg\u00e4ngliga boenden &gt;&gt;<\/a><\/div>\n<\/div>\n<\/div><\/div><\/div>\n\n<h3 class=\"wp-block-heading\">Historia i korthet<\/h3>\n\n<p>Visste du att den h\u00e4r moderna, futuristiska byggnaden tidigare var en geotermisk (eller l\u00e5genergi-) varmvattenberedare? Den h\u00e4r strukturen best\u00e5r av 6 reservoarer och blev ett landm\u00e4rke i Reykjavik 1991 tack vare arkitekten Ingimundur Sveinssons arbete. Det var till\u00e4gget av den glaserade metallkupolen som gjorde skillnaden och gav den namnet &#8221;Perlan&#8221; (&#8221;p\u00e4rla&#8221; p\u00e5 isl\u00e4ndska).<br\/>I dag rymmer detta modernistiska utst\u00e4llningscenter ett museum i 4 v\u00e5ningar, en konstgjord isgrotta som gjorde oss m\u00e5ll\u00f6sa, en panoramaterrass och en roterande restaurang p\u00e5 \u00f6versta v\u00e5ningen.<\/p>\n\n<figure class=\"wp-block-image size-large\"><img decoding=\"async\" src=\"https:\/\/photos.smugmug.com\/Iceland\/Winter\/Reykjavik\/Perlan\/i-kPwCtfD\/1\/27s6r56zmCsN4fNkjTrn77ZVPXkrJw4kB266XWH5\/L\/observation_deck_perlan_Reykjavik_Iceland-5704-L.jpg\" alt=\"terrass\"\/><figcaption class=\"wp-element-caption\">Panoramaterrass p\u00e5 Mus\u00e9e Perlan<\/figcaption><\/figure>\n\n<h2 class=\"wp-block-heading\"><span class=\"ez-toc-section\" id=\"Tilltrade_Perlan_Museum_Reykjavik\"><\/span>Tilltr\u00e4de: Perlan Museum, Reykjavik<span class=\"ez-toc-section-end\"><\/span><\/h2>\n\n<h3 class=\"wp-block-heading\">Var ligger museet?<\/h3>\n\n<ul class=\"wp-block-list\">\n<li>Sydost om stadsk\u00e4rnan<\/li>\n\n\n\n<li>P\u00e5 den ber\u00f6mda kullen \u00d6skjuhl\u00ed\u00f0<\/li>\n\n\n\n<li>30 minuters promenad fr\u00e5n Reykjaviks katedral Hallgr\u00edmskirkja<\/li>\n\n\n\n<li>10 minuters bilresa fr\u00e5n <a href=\"https:\/\/iceland-lovers.com\/sv\/besok-museum-whales-iceland-reykjavik\/\" target=\"_blank\" rel=\"noreferrer noopener\">Whales of Iceland Museum<\/a><\/li>\n\n\n\n<li>P\u00e5 gatan Varmahl\u00ed\u00f0<\/li>\n<\/ul>\n\n<div style=\"background-color:#e4f3f6;margin-top:8%;margin-bottom:8%\" class=\"wp-block-genesis-blocks-gb-container box gb-block-container\"><div class=\"gb-container-inside\"><div class=\"gb-container-content\">\n<div class=\"wp-block-columns inverse box_planif is-layout-flex wp-container-core-columns-is-layout-9d6595d7 wp-block-columns-is-layout-flex\">\n<div class=\"wp-block-column texte_planif is-layout-flow wp-block-column-is-layout-flow\" style=\"flex-basis:60%\">\n<h5 class=\"titre_box\" style=\"padding-top:10px;\">HYR EN BIL P\u00c5 <span class=\"titre_box_manuscrit\">Island<\/span><\/h5>\n\n\n\n<p style=\"font-size:16px\">Uppt\u00e4ck de b\u00e4sta erbjudandena p\u00e5 <a href=\"https:\/\/www.discovercars.com\/se\/iceland?a_aid=zigzag&amp;chan=iceland\" target=\"_blank\" rel=\"noreferrer noopener sponsored nofollow\">Discovercars<\/a>, v\u00e5r f\u00f6redragna plattform!<br\/>P\u00e5 Route 1 kr\u00e4vs ingen 4&#215;4, utanf\u00f6r Route 1 beror det p\u00e5 dina planer.<\/p>\n<\/div>\n\n\n\n<div class=\"wp-block-column planif-radius-2 is-layout-flow wp-block-column-is-layout-flow\">\n<figure class=\"wp-block-image size-large voiture_image\"><img decoding=\"async\" src=\"https:\/\/photos.smugmug.com\/Iceland\/Winter\/Driving\/i-q2wFFnJ\/1\/Dn4qbSGkrKhZgHBNz2hWXrPc3VdddRQZ7cdj3FpVX\/S\/drive_South_coast_Iceland-2-21-S.jpg\" alt=\"k&#xF6;ra bil p&#xE5; Island\"\/><\/figure>\n<\/div>\n<\/div>\n\n\n\n<div class=\"wp-block-columns planif_bouton is-layout-flex wp-container-core-columns-is-layout-9d6595d7 wp-block-columns-is-layout-flex\">\n<div class=\"wp-block-column is-vertically-aligned-top is-layout-flow wp-block-column-is-layout-flow\">\n<div class=\"wp-block-buttons is-content-justification-center is-layout-flex wp-container-core-buttons-is-layout-16018d1d wp-block-buttons-is-layout-flex\">\n<div class=\"wp-block-button\"><a class=\"wp-block-button__link has-white-color has-text-color wp-element-button\" href=\"https:\/\/www.discovercars.com\/fr\/iceland?a_aid=zigzag&amp;chan=iceland\" target=\"_blank\" rel=\"noreferrer noopener nofollow\">Se tillg\u00e4ngliga bilar &gt;&gt;<\/a><\/div>\n<\/div>\n<\/div>\n\n\n\n<div class=\"wp-block-column is-vertically-aligned-center is-layout-flow wp-block-column-is-layout-flow\">\n<p class=\"has-text-align-center\" style=\"font-size:16px\"><a href=\"https:\/\/iceland-lovers.com\/sv\/hur-hyr-bil-island-tips-erfarenhet\/\" target=\"_blank\" rel=\"noreferrer noopener\">L\u00e4s alla v\u00e5ra r\u00e5d<\/a><\/p>\n<\/div>\n<\/div>\n<\/div><\/div><\/div>\n\n<h3 class=\"wp-block-heading\">Hur kommer jag dit?<\/h3>\n\n<p>Fr\u00e5n stadens centrum \u00e4r det 30 minuters promenad.<br\/>Med kollektivtrafiken kan du ta dig till Perlan-museet med buss p\u00e5 n\u00e5gon av de 3 linjerna 8, 13 eller 18 fr\u00e5n stadens centrum.<\/p>\n\n<p>Och gl\u00f6m inte att detta museum \u00e4r ett av de m\u00e5nga stoppen p\u00e5 Reykjaviks Hop-On Hop-Off turistbuss &#8211; <a href=\"https:\/\/www.getyourguide.se\/reykjavik-l30\/reykjavik-visite-a-arrets-multiples-billet-24-heures-t3639\/?partner_id=R3GYW4V&amp;cmp=iceland\" target=\"_blank\" rel=\"noreferrer noopener sponsored nofollow\">boka din plats nu<\/a>!<\/p>\n\n<figure class=\"wp-block-image size-large\"><img decoding=\"async\" src=\"https:\/\/photos.smugmug.com\/Iceland\/Winter\/Reykjavik\/Town\/i-7Zjn22R\/1\/FftTKWw58mxWWPXLWXSnndsHKQNckzsnQrbDnwtz2\/L\/hopon-hopoff_Reykjavik_Iceland-5675-L.jpg\" alt=\"Hop-On Hop-Off Buss\"\/><figcaption class=\"wp-element-caption\">Reykjavik Hop-On Hop-Off Buss<\/figcaption><\/figure>\n\n<h3 class=\"wp-block-heading\">Parkeringsplats<\/h3>\n\n<p>Om du har bil finns det en stor utomhusparkering framf\u00f6r museet. Det finns ocks\u00e5 platser som \u00e4r reserverade f\u00f6r personer med nedsatt r\u00f6rlighet.<\/p>\n\n<figure class=\"wp-block-image size-large\"><img decoding=\"async\" src=\"https:\/\/photos.smugmug.com\/Iceland\/Winter\/Reykjavik\/Perlan\/i-9cNvVTq\/1\/Qp9BJrfJnJvFXvDrJpvjLZK9frz6CnhGXCbhJcq8\/L\/perlan_Reykjavik_Iceland-5632-L.jpg\" alt=\"Parkeringsplats\"\/><\/figure>\n\n<div style=\"margin-top:8%;margin-bottom:8%\" class=\"wp-block-genesis-blocks-gb-container box gb-block-container\"><div class=\"gb-container-inside\"><div class=\"gb-container-content\" style=\"max-width:700px\">\n<div class=\"wp-block-genesis-blocks-gb-container box_titre gb-block-container\"><div class=\"gb-container-inside\"><div class=\"gb-container-content\">\n<h5 class=\"titre_box\" style=\"padding-top:10px; margin-bottom:0px;\"><span>BES\u00d6K <\/span> <span class=\"titre_box_manuscrit\">Reykjavik<\/span><\/h5>\n<\/div><\/div><\/div>\n\n\n\n<div class=\"wp-block-genesis-blocks-gb-container box_texte_0 gb-block-container\"><div class=\"gb-container-inside\"><div class=\"gb-container-content\">\n<div class=\"wp-block-columns Element_box is-layout-flex wp-container-core-columns-is-layout-9d6595d7 wp-block-columns-is-layout-flex\">\n<div class=\"wp-block-column texte_planif is-layout-flow wp-block-column-is-layout-flow\">\n<ul class=\"wp-block-list\">\n<li style=\"font-size:14px\">Sev\u00e4rdheter i Reykjavik (kommer snart)<\/li>\n\n\n\n<li style=\"font-size:14px\">B\u00e4sta hotell i Reykjavik (kommer snart)<\/li>\n\n\n\n<li style=\"font-size:14px\">B\u00e4sta restaurangerna (kommer snart)<\/li>\n\n\n\n<li style=\"font-size:14px\">B\u00e4sta museerna (kommer snart)<\/li>\n\n\n\n<li style=\"font-size:14px\">Utflykter fr\u00e5n Reykjavik (kommer snart)<\/li>\n\n\n\n<li style=\"font-size:14px\">Bes\u00f6k katedralen (kommer snart)<\/li>\n\n\n\n<li style=\"font-size:14px\">Resplaner: 1 dag &#8211; 2 dagar &#8211; 3 dagar &#8211; 5 dagar &#8211; 1 vecka (kommer snart)<\/li>\n<\/ul>\n<\/div>\n<\/div>\n<\/div><\/div><\/div>\n\n\n\n<div class=\"wp-block-genesis-blocks-gb-container box-texte gb-block-container\"><div class=\"gb-container-inside\"><div class=\"gb-container-content\"><\/div><\/div><\/div>\n<\/div><\/div><\/div>\n\n<h2 class=\"wp-block-heading\"><span class=\"ez-toc-section\" id=\"Anvandbara_tips_varaktighet_tidtabeller_ata%E2%80%A6\"><\/span>Anv\u00e4ndbara tips: varaktighet, tidtabeller, \u00e4ta&#8230;<span class=\"ez-toc-section-end\"><\/span><\/h2>\n\n<h3 class=\"wp-block-heading\">B\u00e4sta tiden att bes\u00f6ka  <\/h3>\n\n<p>Eftersom museet \u00e4r \u00f6ppet \u00e5ret runt finns det egentligen ingen b\u00e4ttre tid att bes\u00f6ka det. Men om du vill undvika tr\u00e4ngseln rekommenderar vi att du kommer till \u00f6ppningen en vardag under v\u00e5ren eller h\u00f6sten.<br\/>P\u00e5 sommaren \u00e4r v\u00e4dret mildare och dagarna l\u00e4ngre, s\u00e5 du kan ta god tid p\u00e5 dig att bes\u00f6ka och f\u00e5 ut det mesta av observationsd\u00e4cket. Det finns ocks\u00e5 fler turister.<br\/>Du kan ocks\u00e5 g\u00f6ra som vi och bes\u00f6ka museet p\u00e5 vintern. Kanske kan du till och med f\u00e5 en glimt av norrskenet utomhus, och f\u00f6rdjupa dig i de interaktiva utst\u00e4llningarna om Islands natur.<\/p>\n\n<figure class=\"wp-block-image size-large\"><img decoding=\"async\" src=\"https:\/\/photos.smugmug.com\/Iceland\/Winter\/Reykjavik\/Perlan\/i-ng5CDxJ\/1\/FXXLsxdcvHTZ4xjP3rw3VRqqQx8WqpG4znWk9hxrC\/L\/perlan_Reykjavik_Iceland-5655-L.jpg\" alt=\"Utst&#xE4;llning\"\/><\/figure>\n\n<h3 class=\"wp-block-heading\">Bes\u00f6ksl\u00e4ngd och huvudsakliga sv\u00e5righeter<\/h3>\n\n<p>Utst\u00e4llningscentret \u00e4r enormt! R\u00e4kna med mellan 1? och 2? timmar f\u00f6r att bes\u00f6ka utst\u00e4llningarna, beundra planetarief\u00f6rest\u00e4llningen och utforska observationsterrassen och den konstgjorda isgrottan. Att ta en rundtur i denna futuristiska byggnad n\u00e4r du anl\u00e4nder eller l\u00e4mnar den, och titta p\u00e5 kullen som den ligger p\u00e5, \u00e4r ocks\u00e5 ett trevligt alternativ att l\u00e4gga till p\u00e5 din lista.<br\/>Vi identifierade inga s\u00e4rskilda sv\u00e5righeter, eftersom lokalen \u00e4r utrustad med hissar och tillg\u00e5ng f\u00f6r funktionshindrade. Men kom ih\u00e5g att kl\u00e4 dig varmt och ha l\u00e4mpliga skor p\u00e5 dig om du g\u00e5r in i isgrottan och tar en promenad p\u00e5 terrassen.<\/p>\n\n<figure class=\"wp-block-image size-large\"><img decoding=\"async\" src=\"https:\/\/photos.smugmug.com\/Iceland\/Winter\/Reykjavik\/Perlan\/i-XXkmTZK\/1\/DhsnXkwGwsV62LH4Qbs7BNLms7VwXnnZTntX963c\/L\/observation_deck_perlan_Reykjavik_Iceland-5664-L.jpg\" alt=\"tillg&#xE5;ng till terrassen mot en extra kostnad\"\/><\/figure>\n\n<h3 class=\"wp-block-heading\">Bes\u00f6ksriktning<\/h3>\n\n<p>Det finns ingen best\u00e4md riktning f\u00f6r ditt bes\u00f6k. Vi rekommenderar att du b\u00f6rjar p\u00e5 f\u00f6rsta v\u00e5ningen och arbetar dig upp till observationsd\u00e4cket (och eventuellt till restaurangen om du vill \u00e4ta d\u00e4r). Stanna till vid planetariet f\u00f6r att se norrskenet och bege dig sedan till den konstgjorda isgrottan! Bes\u00f6k utst\u00e4llningen p\u00e5 1:a och 2:a v\u00e5ningen. Ta en paus f\u00f6r att beundra den exceptionella 360\u00b0-utsikten \u00f6ver Reykjavik och omgivningarna fr\u00e5n observationsd\u00e4cket.<\/p>\n\n<figure class=\"wp-block-image size-large\"><img decoding=\"async\" src=\"https:\/\/photos.smugmug.com\/Iceland\/Winter\/Reykjavik\/Perlan\/i-pbVW376\/1\/F48GqR7kKTbjdJXG5KkpxjmTxHG8DZVPPWbHSb8r\/L\/observation_deck_perlan_Reykjavik_Iceland-5702-L.jpg\" alt=\"Utsikt &#xF6;ver Reykjavik\"\/><\/figure>\n\n<div class=\"wp-block-genesis-blocks-gb-container box gb-block-container\"><div class=\"gb-container-inside\"><div class=\"gb-container-content\">\n<div class=\"wp-block-columns inverse is-layout-flex wp-container-core-columns-is-layout-9d6595d7 wp-block-columns-is-layout-flex\">\n<div class=\"wp-block-column texte_planif is-layout-flow wp-block-column-is-layout-flow\" style=\"flex-basis:58%\">\n<h5 class=\"titre_box\">V\u00c5R GUIDE TILL ATT PLANERA EN <span class=\"titre_box_manuscrit\">Dr\u00f6mresa<\/span><\/h5>\n\n\n\n<ul class=\"wp-block-list\">\n<li>6 kartor som g\u00f6r planeringen enklare<\/li>\n\n\n\n<li>+ 75 p\u00e5 f\u00f6rhand utvalda m\u00f6tesplatser  <\/li>\n\n\n\n<li>Praktiska r\u00e5d  <\/li>\n\n\n\n<li>+ 115 bilder som hj\u00e4lper dig att v\u00e4lja<\/li>\n<\/ul>\n\n\n\n<div class=\"wp-block-buttons is-layout-flex wp-block-buttons-is-layout-flex\">\n<div class=\"wp-block-button\"><a class=\"wp-block-button__link has-theme-primary-background-color has-background wp-element-button\" href=\"https:\/\/iceland-lovers.com\/sv\/ebook-guide-road-trip-island-vinter\/\">Ta reda p\u00e5 mer &gt;&gt;<\/a><\/div>\n<\/div>\n<\/div>\n\n\n\n<div class=\"wp-block-column is-layout-flow wp-block-column-is-layout-flow\" style=\"flex-basis:42%\">\n<div class=\"wp-block-genesis-blocks-gb-container ebook-radius-waitlist gb-block-container\"><div class=\"gb-container-inside\"><div class=\"gb-container-content\"><div class=\"wp-block-image ebook-image\">\n<figure class=\"aligncenter size-full\"><img decoding=\"async\" src=\"https:\/\/iceland-lovers.com\/wp-content\/uploads\/2024\/06\/Road-trip-guide-Iceland-Winter-eBook-cover-5.jpg\" alt=\"Road trip guide Island vinter eBook Omslag\" class=\"wp-image-1049\"\/><\/figure>\n<\/div><\/div><\/div><\/div>\n<\/div>\n<\/div>\n<\/div><\/div><\/div>\n\n<h3 class=\"wp-block-heading\">Bes\u00f6k med barn<\/h3>\n\n<p>Det \u00e4r ett stort ja till att bes\u00f6ka denna uppslukande, barnv\u00e4nliga plats! F\u00f6rstoringslinser, f\u00f6rklarande paneler om Islands natur, ett planetarium med projektion och show som om du var d\u00e4r, reproduktioner som du kan r\u00f6ra vid &#8230; Kort sagt, dina barn kommer att vara lika glada som fiskar i vatten i detta roliga museum som \u00e4r utformat f\u00f6r b\u00e5de vuxna och barn. I utomhuslekplatsen kan dina sm\u00e5 ocks\u00e5 njuta av ett hoppslott och en zip-line f\u00f6r roliga utomhusaktiviteter!<\/p>\n\n<figure class=\"wp-block-image size-large\"><img decoding=\"async\" src=\"https:\/\/photos.smugmug.com\/Iceland\/Winter\/Reykjavik\/Perlan\/i-LFLXM82\/1\/CbPZwqFkSpt3VjmxRt9rPdNL8srLd6KwqztFhjxMM\/L\/perlan_Reykjavik_Iceland-5639-L.jpg\" alt=\"planetariumprojektion\"\/><figcaption class=\"wp-element-caption\">Projektion p\u00e5 valar<\/figcaption><\/figure>\n\n<h3 class=\"wp-block-heading\">\u00d6ppettider och priser<\/h3>\n\n<p>\u00d6ppettider f\u00f6r hotell:<\/p>\n\n<ul class=\"wp-block-list\">\n<li>\u00f6ppet varje dag \u00e5ret runt<\/li>\n\n\n\n<li>Tillg\u00e5ng till planetariet fr\u00e5n kl. 9.00 till 21.00<\/li>\n\n\n\n<li>Tillg\u00e5ng till utst\u00e4llningen Wonders of Iceland mellan kl. 9.00 och 22.00<\/li>\n\n\n\n<li>Sista insl\u00e4pp 1 timme f\u00f6re st\u00e4ngningsdags<\/li>\n<\/ul>\n\n<p>Prislista:<\/p>\n\n<ul class=\"wp-block-list\">\n<li>Helbiljett f\u00f6r vuxna: ISK 5.390 \/ isl\u00e4ndska kronor<\/li>\n\n\n\n<li>Barn 6-17 \u00e5r: ISK 3 390 \/ isl\u00e4ndska kronor<\/li>\n\n\n\n<li>Gratis f\u00f6r barn under 6 \u00e5r<\/li>\n<\/ul>\n\n<p><a href=\"https:\/\/www.tiqets.com\/sv\/activites-attractions-reykjavik-c22\/billets-pour-perlan-museum-p1066280?partner=region_lovers&amp;tq_campaign=iceland\" target=\"_blank\" rel=\"noreferrer noopener sponsored nofollow\">&gt;&gt;  Boka din biljett nu<\/a><\/p>\n\n<p>F\u00f6r mer information, se den senaste informationen p\u00e5 den officiella webbplatsen <a href=\"https:\/\/perlan.is\/\" target=\"_blank\" rel=\"noreferrer noopener nofollow\">h\u00e4r<\/a>.<\/p>\n\n<h3 class=\"wp-block-heading\">Catering<\/h3>\n\n<p>P\u00e5 byggnadens \u00f6versta v\u00e5ning \u00f6verraskade Restaurant du Perlan oss med sitt roterande restaurangkoncept, som g\u00f6r att man kan njuta av en 360-graders utsikt under m\u00e5ltiden.<br\/>Inb\u00e4ddad under den imponerande glaskupolen \u00e4r detta en av stadens b\u00e4sta restauranger, varifr\u00e5n du kan beundra Reykjaviks sk\u00f6nhet och de omgivande bergen. Det \u00e4r \u00f6ppet varje dag fr\u00e5n kl. 11.30 till 18.00.<\/p>\n\n<figure class=\"wp-block-image size-large\"><img decoding=\"async\" src=\"https:\/\/photos.smugmug.com\/Iceland\/Winter\/Reykjavik\/Perlan\/i-7pJkwfb\/1\/FD5rkCfBPhtBwtDf7dd5WCqKxvkQDWZSxBmJfTpJF\/L\/observation_deck_perlan_Reykjavik_Iceland-5687-L.jpg\" alt=\"terrass och glaskupol\"\/><\/figure>\n\n<p>Det finns ocks\u00e5 en bar som \u00e4r \u00f6ppen fr\u00e5n 11.30 till 22.00 f\u00f6r en drink, och caf\u00e9et \u00e4r \u00f6ppet fr\u00e5n 9.00 till 18.00 f\u00f6r ett s\u00f6tt eller salt mellanm\u00e5l p\u00e5 spr\u00e5ng. Sist men inte minst kommer glassbaren att gl\u00e4dja smakl\u00f6karna hos b\u00e5de unga och gamla fr\u00e5n kl. 10.00 till 22.00.<\/p>\n\n<h2 class=\"wp-block-heading\"><span class=\"ez-toc-section\" id=\"Reykjaviks_parla\"><\/span>Reykjaviks p\u00e4rla<span class=\"ez-toc-section-end\"><\/span><\/h2>\n\n<h3 class=\"wp-block-heading\">Modern arkitektonisk juvel<\/h3>\n\n<p>N\u00e4r vi kom fram till Perlanmuseet tog vi oss tid att se oss omkring i byggnaden. Denna utst\u00e4llningshall ligger p\u00e5 den ber\u00f6mda kullen \u00d6skjuhl\u00ed\u00f0 och \u00f6verraskade oss med sin futuristiska arkitektur. Visste du att det historiskt sett var en reservoar f\u00f6r geotermiskt varmvatten? Denna struktur, som best\u00e5r av 6 reservoarer, blev en turistattraktion i Reykjavik 1991 tack vare arkitekten Ingimundur Sveinsson. Byggnaden \u00e4r \u00f6ver 25 meter h\u00f6g.<\/p>\n\n<figure class=\"wp-block-image size-large\"><img decoding=\"async\" src=\"https:\/\/photos.smugmug.com\/Iceland\/Winter\/Reykjavik\/Perlan\/i-T2V6Qdv\/1\/DnVhS2MdG8jpTfmgFbMsqM5sb8kpTb9vjG3VDhth9\/L\/perlan_Reykjavik_Iceland-5706-L.jpg\" alt=\"museum\"\/><\/figure>\n\n<h3 class=\"wp-block-heading\">Den fantastiska glaskupolen<\/h3>\n\n<p>N\u00e4r du n\u00e4rmar dig byggnaden har du s\u00e4kert lagt m\u00e4rke till att den kr\u00f6ns av en enorm glaskupol. Vi fick veta att denna glaserade metallkupol tillkom p\u00e5 1990-talet av arkitekten Ingimundur Sveinsson ovanf\u00f6r de 6 vattentankarna. H\u00e4r finns nu museets roterande restaurang, d\u00e4r du kan njuta av en 380\u00b0 utsikt \u00f6ver Reykjavik med bergen i bakgrunden medan du avnjuter din m\u00e5ltid. Originellt, eller hur?<\/p>\n\n<figure class=\"wp-block-image size-large\"><img decoding=\"async\" src=\"https:\/\/photos.smugmug.com\/Iceland\/Winter\/Reykjavik\/Perlan\/i-7ZsJPKn\/1\/SFP9qhq252rRTGSGjQSqVW4WwFPShHfp7GJRjMdc\/L\/perlan_Reykjavik_Iceland-4310-L.jpg\" alt=\"Glaskupol\"\/><\/figure>\n\n<h3 class=\"wp-block-heading\">\u00d6skjuhl\u00ed\u00f0 Hill<\/h3>\n\n<p>The Perlan ligger p\u00e5 h\u00f6jden av \u00d6skjuhl\u00ed\u00f0 Hill i hj\u00e4rtat av stadsparken med samma namn, 20 minuters promenad fr\u00e5n Reykjaviks centrum. Om du st\u00e5r med ryggen mot museet p\u00e5 toppen av kullen kan du se bergen i bakgrunden och en del av stadens silhuett som tittar fram bakom de sn\u00f6t\u00e4ckta tr\u00e4den. Kan du se dem?<\/p>\n\n<figure class=\"wp-block-image size-large\"><img decoding=\"async\" src=\"https:\/\/photos.smugmug.com\/Iceland\/Winter\/Reykjavik\/Perlan\/i-bXPFDws\/1\/DGP6J2xtBXDqM94xcBGFF3WWZqc29ww8f7zwWwMtg\/L\/perlan_Reykjavik_Iceland-5625-L.jpg\" alt=\"Utsikt fr&#xE5;n museets entr&#xE9;\"\/><\/figure>\n\n<h2 class=\"wp-block-heading\"><span class=\"ez-toc-section\" id=\"Nar_Islands_underverk_visas_upp\"><\/span>N\u00e4r Islands underverk visas upp<span class=\"ez-toc-section-end\"><\/span><\/h2>\n\n<h3 class=\"wp-block-heading\">Planetariet: Norrskensshow<\/h3>\n\n<p>Det h\u00e4r museet var s\u00e4rskilt inspirerande, eftersom vi l\u00e4rde oss mycket om den isl\u00e4ndska naturen och dess s\u00e4rdrag. Det finns ingen fastst\u00e4lld bes\u00f6ksriktning. F\u00f6r v\u00e5r del valde vi att b\u00f6rja med den uppslukande norrskensshowen p\u00e5 planetariet. Denna projektion som kallas &#8221;\u00c1r\u00f3ra&#8221; f\u00f6rklarar ursprunget till detta sublima fenomen, som f\u00f6rekommer p\u00e5 norra halvklotet (aurora australis f\u00f6rekommer p\u00e5 s\u00f6dra halvklotet). Sp\u00e4nning och of\u00f6rgl\u00f6mliga bilder garanteras! Tack vare modern teknik som 8K-video, 3D och 7.1-surroundljud fick vi en riktig upplevelse! Vill du se dessa naturliga underverk p\u00e5 riktigt?  <a href=\"https:\/\/www.getyourguide.se\/reykjavik-l30\/islande-decouverte-en-bus-des-aurores-boreales-t67019\/?partner_id=R3GYW4V&amp;cmp=iceland\" target=\"_blank\" rel=\"noreferrer noopener sponsored nofollow\">Boka din resa fr\u00e5n Reykjavik!<\/a><\/p>\n\n<figure class=\"wp-block-image size-large\"><img decoding=\"async\" src=\"https:\/\/photos.smugmug.com\/Iceland\/Winter\/Reykjavik\/Perlan\/i-jmJwtJ6\/1\/cwcZtj4qcJFgWb6SqrKXknVDZWDk26xdCWgHwJqN\/L\/planetarium_perlan_Reykjavik_Iceland-4314-L.jpg\" alt=\"Planetariet: Norrskensshow\"\/><\/figure>\n\n<h3 class=\"wp-block-heading\">Den konstgjorda isgrottan<\/h3>\n\n<p>P\u00e5 samma v\u00e5ning som planetariet gick vi in i en isgrotta. Ja, du l\u00e4ste r\u00e4tt! I enlighet med den lekfulla och uppslukande andan i museografin har denna konstgjorda isgrotta, den enda i sitt slag i v\u00e4rlden, installerats inom Mus\u00e9e Perlans v\u00e4ggar.<\/p>\n\n<figure class=\"wp-block-image size-large\"><img decoding=\"async\" src=\"https:\/\/photos.smugmug.com\/Iceland\/Winter\/Reykjavik\/Perlan\/i-rxsVm55\/1\/Cw3kPLHgTRjCcVqZ5qRvWfFrf3HDSRL3VmLbpCtRj\/L\/ice_Cave_perlan_Reykjavik_Iceland-5645-L.jpg\" alt=\"konstgjord isgrotta\"\/><\/figure>\n\n<p>Den m\u00e4ter 100 meter i djup och byggdes med hj\u00e4lp av 350 ton sn\u00f6 och is! Ett s\u00e4tt att \u00e5terskapa milj\u00f6n i en riktig isl\u00e4ndsk glaci\u00e4r. En ganska ovanlig upplevelse mitt i hj\u00e4rtat av ett museum!<\/p>\n\n<figure class=\"wp-block-image size-large\"><img decoding=\"async\" src=\"https:\/\/photos.smugmug.com\/Iceland\/Winter\/Reykjavik\/Perlan\/i-JjKk7FJ\/1\/FgNmzPnWfjT364CpBLHrxpwj7kfKCfhDv4zNkh4gK\/L\/ice_Cave_perlan_Reykjavik_Iceland-4315-L.jpg\" alt=\"konstgjord isgrotta\"\/><\/figure>\n\n<h3 class=\"wp-block-heading\">De andra utst\u00e4llningslokalerna<\/h3>\n\n<p>P\u00e5 museets f\u00f6rsta och andra v\u00e5ning kan du ocks\u00e5 l\u00e4ra dig mer om vulkanism, geotermisk energi, norrsken, glaci\u00e4rer, hav, flora och fauna&#8230; Det \u00e4r en verkligt l\u00e4rorik rundtur som \u00e4r utformad f\u00f6r alla \u00e5ldrar. Bland Islands underverk som utg\u00f6r naturen i detta land fullt av \u00f6verraskningar, \u00e4lskade vi reproduktionerna av de olika typerna av glaci\u00e4rer med alla f\u00f6rklaringar till deras bildning. Om du, precis som vi, \u00e4lskar geologi och, mer allm\u00e4nt, allt som har med naturen att g\u00f6ra, kommer du inte att bli uttr\u00e5kad.<\/p>\n\n<figure class=\"wp-block-image size-large\"><img decoding=\"async\" src=\"https:\/\/photos.smugmug.com\/Iceland\/Winter\/Reykjavik\/Perlan\/i-JtsRQmb\/1\/CzgWX4Lt2FZH9VhrG4tswMjndCCJTCxmLkLSShsPG\/L\/perlan_Reykjavik_Iceland-5658-L.jpg\" alt=\"f&#xF6;rklarande paneler\"\/><\/figure>\n\n<p>Utst\u00e4llningen \u00e4r verkligen interaktiv och pedagogisk. Vissa omr\u00e5den har f\u00f6rstoringsglas s\u00e5 att vi kan f\u00e5 en mycket n\u00e4rg\u00e5ngen titt p\u00e5 Islands flora och fauna i landets olika naturomr\u00e5den. Regionen \u00e4r hem f\u00f6r en m\u00e4ngd olika f\u00e5glar, bland annat lunnef\u00e5glar, enkelbeckasiner, stormf\u00e5glar och s\u00e4des\u00e4rlor. Du kanske har turen att f\u00e5 syn p\u00e5 dem under n\u00e5gon av dina promenader. I vilket fall som helst har vi uppt\u00e4ckt alla deras specifika egenskaper, s\u00e4rskilt genom denna utst\u00e4llning.<\/p>\n\n<figure class=\"wp-block-image size-large\"><img decoding=\"async\" src=\"https:\/\/photos.smugmug.com\/Iceland\/Winter\/Reykjavik\/Perlan\/i-f3RSNW9\/1\/DN949pPwW5QhwBnKtspbvDTdLkMqRCNbz4bnd2rDp\/L\/perlan_Reykjavik_Iceland-5663-L.jpg\" alt=\"f&#xF6;rstoringsglas med lins f&#xF6;r att observera utsatta detaljer\"\/><\/figure>\n\n<h2 class=\"wp-block-heading\"><span class=\"ez-toc-section\" id=\"Slutligen_panoramaupplevelsen\"><\/span>Slutligen, panoramaupplevelsen<span class=\"ez-toc-section-end\"><\/span><\/h2>\n\n<h3 class=\"wp-block-heading\">Observationsd\u00e4cket p\u00e5 Le Perlan<\/h3>\n\n<p>H\u00f6jdpunkten i showen p\u00e5 4:e v\u00e5ningen \u00e4r terrassen! Tilltr\u00e4de ing\u00e5r i din <a href=\"https:\/\/www.tiqets.com\/sv\/activites-attractions-reykjavik-c22\/billets-pour-perlan-museum-p1066280?partner=region_lovers&amp;tq_campaign=iceland\" target=\"_blank\" rel=\"noreferrer noopener sponsored nofollow\">museibiljett<\/a>. Det \u00e4r inte m\u00f6jligt att g\u00e5 dit fritt utan din biljett. Observera: p\u00e5 vintern kan vissa delar av marken frysa till is. Gl\u00f6m inte att ta p\u00e5 dig l\u00e4mpliga skor! Du kommer att m\u00e4rka att den h\u00e4r utsiktsplattformen \u00e4r panoramisk, eftersom den g\u00e5r hela v\u00e4gen runt kupolen. I varje h\u00f6rn av terrassen finns en skylt som ber\u00e4ttar vilken del av staden och dess omgivningar du tittar p\u00e5.<\/p>\n\n<figure class=\"wp-block-image size-large\"><img decoding=\"async\" src=\"https:\/\/photos.smugmug.com\/Iceland\/Winter\/Reykjavik\/Perlan\/i-5K58J72\/1\/FCSfPF9WDqmMkZxfHCQ5gtBhXxwK2Mm2BZw5mGT3p\/L\/observation_deck_perlan_Reykjavik_Iceland-5697-L.jpg\" alt=\"Observationsd&#xE4;ck p&#xE5; Le Perlan\"\/><\/figure>\n\n<h3 class=\"wp-block-heading\">Exceptionell 360-graders utsikt<\/h3>\n\n<p>Du kan ocks\u00e5 orientera dig p\u00e5 utsiktsterrassen p\u00e5 Mus\u00e9e Perlan, d\u00e4r en vacker vindros har installerats. Vi blev \u00f6verv\u00e4ldigade av den otroliga utsikten \u00f6ver stadens olika stadsdelar och landskapet i bakgrunden. Vykortsvackra kulisser!<\/p>\n\n<figure class=\"wp-block-image size-large\"><img decoding=\"async\" src=\"https:\/\/photos.smugmug.com\/Iceland\/Winter\/Reykjavik\/Perlan\/i-8XQjL3v\/1\/FfWJS4tdSM7gBhNW7vzWjknw8D6cfFMmP5hmjR3Dv\/L\/observation_deck_perlan_Reykjavik_Iceland-5666-L.jpg\" alt=\"Utsikt &#xF6;ver staden\"\/><\/figure>\n\n<p>N\u00e4r himlen \u00e4r klar kommer du att kunna urskilja huvudstadens mest ikoniska byggnader. Naturligtvis gick vi hela v\u00e4gen runt terrassen f\u00f6r att ta in alla panoramavyer utan att missa en droppe! Vi blev till exempel fascinerade av Reykjaviks katedral, sedd fr\u00e5n ett annat perspektiv. Du kan se den till v\u00e4nster i bilden nedan. Visst \u00e4r det trevligt att se stadens sev\u00e4rdheter fr\u00e5n en annan vinkel?<br\/>F\u00f6r att avrunda den unika upplevelsen p\u00e5 Perlan-museet kan du g\u00e5 upp till den roterande restaurangen p\u00e5 \u00f6versta v\u00e5ningen och njuta av f\u00f6rstklassig mat, eller ta en promenad utanf\u00f6r byggnaden i den gr\u00f6nskande parken.<\/p>\n\n<figure class=\"wp-block-image size-large\"><img decoding=\"async\" src=\"https:\/\/photos.smugmug.com\/Iceland\/Winter\/Reykjavik\/Perlan\/i-5JRWXnC\/1\/CgC7KbzgB3gkT676z5KD9XDdfxKdtCHLw5CGXZ4qL\/L\/observation_deck_perlan_Reykjavik_Iceland-5674-L.jpg\" alt=\"Utsikt &#xF6;ver Reykjaviks katedral\"\/><figcaption class=\"wp-element-caption\">Utsikt \u00f6ver Reykjaviks katedral<\/figcaption><\/figure>\n\n<div style=\"background-color:#fefefe;margin-top:6%;margin-bottom:6%\" class=\"wp-block-genesis-blocks-gb-container box gb-block-container\"><div class=\"gb-container-inside\"><div class=\"gb-container-content\" style=\"max-width:700px\">\n<div class=\"wp-block-columns inverse is-layout-flex wp-container-core-columns-is-layout-9d6595d7 wp-block-columns-is-layout-flex\">\n<div class=\"wp-block-column texte_planif is-layout-flow wp-block-column-is-layout-flow\" style=\"flex-basis:58%\">\n<h5 class=\"titre_box\">Ta emot v\u00e5rt <span class=\"titre_box_manuscrit\">nyhetsbrev<\/span><\/h5>\n\n\n\n<ul class=\"wp-block-list\">\n<li>En frisk fl\u00e4kt i ditt dagliga liv p\u00e5 de vackra destinationerna i Region Lovers!<\/li>\n\n\n\n<li>En g\u00e5ng i m\u00e5naden<\/li>\n\n\n\n<li>Reklamfri<\/li>\n<\/ul>\n\n\n<script>\nvar gform;gform||(document.addEventListener(\"gform_main_scripts_loaded\",function(){gform.scriptsLoaded=!0}),document.addEventListener(\"gform\/theme\/scripts_loaded\",function(){gform.themeScriptsLoaded=!0}),window.addEventListener(\"DOMContentLoaded\",function(){gform.domLoaded=!0}),gform={domLoaded:!1,scriptsLoaded:!1,themeScriptsLoaded:!1,isFormEditor:()=>\"function\"==typeof InitializeEditor,callIfLoaded:function(o){return!(!gform.domLoaded||!gform.scriptsLoaded||!gform.themeScriptsLoaded&&!gform.isFormEditor()||(gform.isFormEditor()&&console.warn(\"The use of gform.initializeOnLoaded() is deprecated in the form editor context and will be removed in Gravity Forms 3.1.\"),o(),0))},initializeOnLoaded:function(o){gform.callIfLoaded(o)||(document.addEventListener(\"gform_main_scripts_loaded\",()=>{gform.scriptsLoaded=!0,gform.callIfLoaded(o)}),document.addEventListener(\"gform\/theme\/scripts_loaded\",()=>{gform.themeScriptsLoaded=!0,gform.callIfLoaded(o)}),window.addEventListener(\"DOMContentLoaded\",()=>{gform.domLoaded=!0,gform.callIfLoaded(o)}))},hooks:{action:{},filter:{}},addAction:function(o,r,e,t){gform.addHook(\"action\",o,r,e,t)},addFilter:function(o,r,e,t){gform.addHook(\"filter\",o,r,e,t)},doAction:function(o){gform.doHook(\"action\",o,arguments)},applyFilters:function(o){return gform.doHook(\"filter\",o,arguments)},removeAction:function(o,r){gform.removeHook(\"action\",o,r)},removeFilter:function(o,r,e){gform.removeHook(\"filter\",o,r,e)},addHook:function(o,r,e,t,n){null==gform.hooks[o][r]&&(gform.hooks[o][r]=[]);var d=gform.hooks[o][r];null==n&&(n=r+\"_\"+d.length),gform.hooks[o][r].push({tag:n,callable:e,priority:t=null==t?10:t})},doHook:function(r,o,e){var t;if(e=Array.prototype.slice.call(e,1),null!=gform.hooks[r][o]&&((o=gform.hooks[r][o]).sort(function(o,r){return o.priority-r.priority}),o.forEach(function(o){\"function\"!=typeof(t=o.callable)&&(t=window[t]),\"action\"==r?t.apply(null,e):e[0]=t.apply(null,e)})),\"filter\"==r)return e[0]},removeHook:function(o,r,t,n){var e;null!=gform.hooks[o][r]&&(e=(e=gform.hooks[o][r]).filter(function(o,r,e){return!!(null!=n&&n!=o.tag||null!=t&&t!=o.priority)}),gform.hooks[o][r]=e)}});\n<\/script>\n\n                <div class='gf_browser_gecko gform_wrapper gform-theme gform-theme--foundation gform-theme--framework gform-theme--orbital' data-form-theme='orbital' data-form-index='0' id='gform_wrapper_2' ><style>#gform_wrapper_2[data-form-index=\"0\"].gform-theme,[data-parent-form=\"2_0\"]{--gf-color-primary: #204ce5;--gf-color-primary-rgb: 32, 76, 229;--gf-color-primary-contrast: #fff;--gf-color-primary-contrast-rgb: 255, 255, 255;--gf-color-primary-darker: #001AB3;--gf-color-primary-lighter: #527EFF;--gf-color-secondary: #fff;--gf-color-secondary-rgb: 255, 255, 255;--gf-color-secondary-contrast: #112337;--gf-color-secondary-contrast-rgb: 17, 35, 55;--gf-color-secondary-darker: #F5F5F5;--gf-color-secondary-lighter: #FFFFFF;--gf-color-out-ctrl-light: rgba(17, 35, 55, 0.1);--gf-color-out-ctrl-light-rgb: 17, 35, 55;--gf-color-out-ctrl-light-darker: rgba(104, 110, 119, 0.35);--gf-color-out-ctrl-light-lighter: #F5F5F5;--gf-color-out-ctrl-dark: #585e6a;--gf-color-out-ctrl-dark-rgb: 88, 94, 106;--gf-color-out-ctrl-dark-darker: #112337;--gf-color-out-ctrl-dark-lighter: rgba(17, 35, 55, 0.65);--gf-color-in-ctrl: #fff;--gf-color-in-ctrl-rgb: 255, 255, 255;--gf-color-in-ctrl-contrast: #112337;--gf-color-in-ctrl-contrast-rgb: 17, 35, 55;--gf-color-in-ctrl-darker: #F5F5F5;--gf-color-in-ctrl-lighter: #FFFFFF;--gf-color-in-ctrl-primary: #204ce5;--gf-color-in-ctrl-primary-rgb: 32, 76, 229;--gf-color-in-ctrl-primary-contrast: #fff;--gf-color-in-ctrl-primary-contrast-rgb: 255, 255, 255;--gf-color-in-ctrl-primary-darker: #001AB3;--gf-color-in-ctrl-primary-lighter: #527EFF;--gf-color-in-ctrl-light: rgba(17, 35, 55, 0.1);--gf-color-in-ctrl-light-rgb: 17, 35, 55;--gf-color-in-ctrl-light-darker: rgba(104, 110, 119, 0.35);--gf-color-in-ctrl-light-lighter: #F5F5F5;--gf-color-in-ctrl-dark: #585e6a;--gf-color-in-ctrl-dark-rgb: 88, 94, 106;--gf-color-in-ctrl-dark-darker: #112337;--gf-color-in-ctrl-dark-lighter: rgba(17, 35, 55, 0.65);--gf-radius: 3px;--gf-font-size-secondary: 14px;--gf-font-size-tertiary: 13px;--gf-icon-ctrl-number: url(\"data:image\/svg+xml,%3Csvg width='8' height='14' viewBox='0 0 8 14' fill='none' xmlns='http:\/\/www.w3.org\/2000\/svg'%3E%3Cpath fill-rule='evenodd' clip-rule='evenodd' d='M4 0C4.26522 5.96046e-08 4.51957 0.105357 4.70711 0.292893L7.70711 3.29289C8.09763 3.68342 8.09763 4.31658 7.70711 4.70711C7.31658 5.09763 6.68342 5.09763 6.29289 4.70711L4 2.41421L1.70711 4.70711C1.31658 5.09763 0.683417 5.09763 0.292893 4.70711C-0.0976311 4.31658 -0.097631 3.68342 0.292893 3.29289L3.29289 0.292893C3.48043 0.105357 3.73478 0 4 0ZM0.292893 9.29289C0.683417 8.90237 1.31658 8.90237 1.70711 9.29289L4 11.5858L6.29289 9.29289C6.68342 8.90237 7.31658 8.90237 7.70711 9.29289C8.09763 9.68342 8.09763 10.3166 7.70711 10.7071L4.70711 13.7071C4.31658 14.0976 3.68342 14.0976 3.29289 13.7071L0.292893 10.7071C-0.0976311 10.3166 -0.0976311 9.68342 0.292893 9.29289Z' fill='rgba(17, 35, 55, 0.65)'\/%3E%3C\/svg%3E\");--gf-icon-ctrl-select: url(\"data:image\/svg+xml,%3Csvg width='10' height='6' viewBox='0 0 10 6' fill='none' xmlns='http:\/\/www.w3.org\/2000\/svg'%3E%3Cpath fill-rule='evenodd' clip-rule='evenodd' d='M0.292893 0.292893C0.683417 -0.097631 1.31658 -0.097631 1.70711 0.292893L5 3.58579L8.29289 0.292893C8.68342 -0.0976311 9.31658 -0.0976311 9.70711 0.292893C10.0976 0.683417 10.0976 1.31658 9.70711 1.70711L5.70711 5.70711C5.31658 6.09763 4.68342 6.09763 4.29289 5.70711L0.292893 1.70711C-0.0976311 1.31658 -0.0976311 0.683418 0.292893 0.292893Z' fill='rgba(17, 35, 55, 0.65)'\/%3E%3C\/svg%3E\");--gf-icon-ctrl-search: url(\"data:image\/svg+xml,%3Csvg width='640' height='640' xmlns='http:\/\/www.w3.org\/2000\/svg'%3E%3Cpath d='M256 128c-70.692 0-128 57.308-128 128 0 70.691 57.308 128 128 128 70.691 0 128-57.309 128-128 0-70.692-57.309-128-128-128zM64 256c0-106.039 85.961-192 192-192s192 85.961 192 192c0 41.466-13.146 79.863-35.498 111.248l154.125 154.125c12.496 12.496 12.496 32.758 0 45.254s-32.758 12.496-45.254 0L367.248 412.502C335.862 434.854 297.467 448 256 448c-106.039 0-192-85.962-192-192z' fill='rgba(17, 35, 55, 0.65)'\/%3E%3C\/svg%3E\");--gf-label-space-y-secondary: var(--gf-label-space-y-md-secondary);--gf-ctrl-border-color: #686e77;--gf-ctrl-size: var(--gf-ctrl-size-md);--gf-ctrl-label-color-primary: #112337;--gf-ctrl-label-color-secondary: #112337;--gf-ctrl-choice-size: var(--gf-ctrl-choice-size-md);--gf-ctrl-checkbox-check-size: var(--gf-ctrl-checkbox-check-size-md);--gf-ctrl-radio-check-size: var(--gf-ctrl-radio-check-size-md);--gf-ctrl-btn-font-size: var(--gf-ctrl-btn-font-size-md);--gf-ctrl-btn-padding-x: var(--gf-ctrl-btn-padding-x-md);--gf-ctrl-btn-size: var(--gf-ctrl-btn-size-md);--gf-ctrl-btn-border-color-secondary: #686e77;--gf-ctrl-file-btn-bg-color-hover: #EBEBEB;--gf-field-img-choice-size: var(--gf-field-img-choice-size-md);--gf-field-img-choice-card-space: var(--gf-field-img-choice-card-space-md);--gf-field-img-choice-check-ind-size: var(--gf-field-img-choice-check-ind-size-md);--gf-field-img-choice-check-ind-icon-size: var(--gf-field-img-choice-check-ind-icon-size-md);--gf-field-pg-steps-number-color: rgba(17, 35, 55, 0.8);}<\/style>\n                        <div class='gform_heading'>\n                            <p class='gform_description'><\/p>\n                        <\/div><form method='post' enctype='multipart\/form-data'  id='gform_2'  action='\/sv\/wp-json\/wp\/v2\/posts\/905' data-formid='2' novalidate> \r\n <input type='hidden' class='gforms-pum' value='{\"closepopup\":false,\"closedelay\":0,\"openpopup\":false,\"openpopup_id\":0}' \/>\n                        <div class='gform-body gform_body'><div id='gform_fields_2' class='gform_fields top_label form_sublabel_below description_below validation_below'><div id=\"field_2_5\" class=\"gfield gfield--type-honeypot gform_validation_container field_sublabel_below gfield--has-description field_description_below field_validation_below gfield_visibility_visible\"  ><label class='gfield_label gform-field-label' for='input_2_5'>Name<\/label><div class='ginput_container'><input name='input_5' id='input_2_5' type='text' value='' autocomplete='new-password'\/><\/div><div class='gfield_description' id='gfield_description_2_5'>Detta f\u00e4lt anv\u00e4nds f\u00f6r validerings\u00e4ndam\u00e5l och ska l\u00e4mnas of\u00f6r\u00e4ndrat.<\/div><\/div><div id=\"field_2_3\" class=\"gfield gfield--type-email gfield--input-type-email gfield--width-full gfield_contains_required field_sublabel_below gfield--no-description field_description_below hidden_label field_validation_below gfield_visibility_visible\"  ><label class='gfield_label gform-field-label' for='input_2_3'>E-mail<span class=\"gfield_required\"><span class=\"gfield_required gfield_required_text\">(Obligatoriskt)<\/span><\/span><\/label><div class='ginput_container ginput_container_email'>\n                            <input name='input_3' id='input_2_3' type='email' value='' class='large'    aria-required=\"true\" aria-invalid=\"false\"  \/>\n                        <\/div><\/div><fieldset id=\"field_2_4\" class=\"gfield gfield--type-consent gfield--type-choice gfield--input-type-consent gfield--width-full gfield_contains_required field_sublabel_below gfield--no-description field_description_below hidden_label field_validation_below gfield_visibility_visible\"  ><legend class='gfield_label gform-field-label gfield_label_before_complex' >RGPD<span class=\"gfield_required\"><span class=\"gfield_required gfield_required_text\">(Obligatoriskt)<\/span><\/span><\/legend><div class='ginput_container ginput_container_consent'><input name='input_4.1' id='input_2_4_1' type='checkbox' value='1'   aria-required=\"true\" aria-invalid=\"false\"   \/> <label class=\"gform-field-label gform-field-label--type-inline gfield_consent_label\" for='input_2_4_1' >Ja, jag vill prenumerera p\u00e5 det m\u00e5natliga nyhetsbrevet<span class=\"gfield_required gfield_required_text\">(Obligatoriskt)<\/span><\/label><input type='hidden' name='input_4.2' value='Ja, jag vill prenumerera p\u00e5 det m\u00e5natliga nyhetsbrevet' class='gform_hidden' \/><input type='hidden' name='input_4.3' value='1' class='gform_hidden' \/><\/div><\/fieldset><div id=\"field_2_1\" class=\"gfield gfield--type-website gfield--input-type-website field_sublabel_below gfield--no-description field_description_below field_validation_below gfield_visibility_hidden\"  ><div class=\"admin-hidden-markup\"><i class=\"gform-icon gform-icon--hidden\" aria-hidden=\"true\" title=\"Detta f\u00e4lt \u00e4r dolt n\u00e4r formul\u00e4ret visas\"><\/i><span>Detta f\u00e4lt \u00e4r dolt n\u00e4r formul\u00e4ret visas<\/span><\/div><label class='gfield_label gform-field-label' for='input_2_1'>Site Web<\/label><div class='ginput_container ginput_container_website'>\n                    <input name='input_1' id='input_2_1' type='url' value='https:\/\/iceland-lovers.com\/sv\/wp-json\/wp\/v2\/posts\/905' class='large'    placeholder='https:\/\/'  aria-invalid=\"false\" \/>\n                <\/div><\/div><\/div><\/div>\n        <div class='gform-footer gform_footer top_label'> <input type='submit' id='gform_submit_button_2' class='gform_button button' onclick='gform.submission.handleButtonClick(this);' data-submission-type='submit' value='Prenumerera'  \/> \n            <input type='hidden' class='gform_hidden' name='gform_submission_method' data-js='gform_submission_method_2' value='postback' \/>\n            <input type='hidden' class='gform_hidden' name='gform_theme' data-js='gform_theme_2' id='gform_theme_2' value='orbital' \/>\n            <input type='hidden' class='gform_hidden' name='gform_style_settings' data-js='gform_style_settings_2' id='gform_style_settings_2' value='{&quot;inputPrimaryColor&quot;:&quot;#204ce5&quot;}' \/>\n            <input type='hidden' class='gform_hidden' name='is_submit_2' value='1' \/>\n            <input type='hidden' class='gform_hidden' name='gform_submit' value='2' \/>\n            \n            <input type='hidden' class='gform_hidden' name='gform_currency' data-currency='EUR' value='lu3Agli9Kp97Zsb4UW6SFmmbRvG8+lkL\/nu+5wITBtwDlNypP3dnovOZZkTNaU85D7pItGReACsZL6ln\/RWxxmhmvnTMoeP3bBX5+ji52ts0l28=' \/>\n            <input type='hidden' class='gform_hidden' name='gform_unique_id' value='' \/>\n            <input type='hidden' class='gform_hidden' name='state_2' value='WyJ7XCI0LjFcIjpcIjRmYTFmZTUyMDE4NGE2OTE0MzhlNTMyY2QxYzNkY2Y0XCIsXCI0LjJcIjpcIjliYzg3NDdjMTljZDg3ZTlkMGQxNzMzMTAyYjJhMzNlXCIsXCI0LjNcIjpcIjRmYTFmZTUyMDE4NGE2OTE0MzhlNTMyY2QxYzNkY2Y0XCJ9IiwiZjNhYzBhNjFhYTc4Mzc2YmFkMzQyNjQzNGQ2Y2U5NjEiXQ==' \/>\n            <input type='hidden' autocomplete='off' class='gform_hidden' name='gform_target_page_number_2' id='gform_target_page_number_2' value='0' \/>\n            <input type='hidden' autocomplete='off' class='gform_hidden' name='gform_source_page_number_2' id='gform_source_page_number_2' value='1' \/>\n            <input type='hidden' name='gform_field_values' value='' \/>\n            \n        <\/div>\n                        <\/form>\n                        <\/div><script>\ngform.initializeOnLoaded( function() {gformInitSpinner( 2, 'https:\/\/iceland-lovers.com\/wp-content\/plugins\/gravityforms\/images\/spinner.svg', false );jQuery('#gform_ajax_frame_2').on('load',function(){var contents = jQuery(this).contents().find('*').html();var is_postback = contents.indexOf('GF_AJAX_POSTBACK') >= 0;if(!is_postback){return;}var form_content = jQuery(this).contents().find('#gform_wrapper_2');var is_confirmation = jQuery(this).contents().find('#gform_confirmation_wrapper_2').length > 0;var is_redirect = contents.indexOf('gformRedirect(){') >= 0;var is_form = form_content.length > 0 && ! is_redirect && ! is_confirmation;var mt = parseInt(jQuery('html').css('margin-top'), 10) + parseInt(jQuery('body').css('margin-top'), 10) + 100;if(is_form){jQuery('#gform_wrapper_2').html(form_content.html());if(form_content.hasClass('gform_validation_error')){jQuery('#gform_wrapper_2').addClass('gform_validation_error');} else {jQuery('#gform_wrapper_2').removeClass('gform_validation_error');}setTimeout( function() { \/* delay the scroll by 50 milliseconds to fix a bug in chrome *\/  }, 50 );if(window['gformInitDatepicker']) {gformInitDatepicker();}if(window['gformInitPriceFields']) {gformInitPriceFields();}var current_page = jQuery('#gform_source_page_number_2').val();gformInitSpinner( 2, 'https:\/\/iceland-lovers.com\/wp-content\/plugins\/gravityforms\/images\/spinner.svg', false );jQuery(document).trigger('gform_page_loaded', [2, current_page]);window['gf_submitting_2'] = false;}else if(!is_redirect){var confirmation_content = jQuery(this).contents().find('.GF_AJAX_POSTBACK').html();if(!confirmation_content){confirmation_content = contents;}jQuery('#gform_wrapper_2').replaceWith(confirmation_content);jQuery(document).trigger('gform_confirmation_loaded', [2]);window['gf_submitting_2'] = false;wp.a11y.speak(jQuery('#gform_confirmation_message_2').text());}else{jQuery('#gform_2').append(contents);if(window['gformRedirect']) {gformRedirect();}}jQuery(document).trigger(\"gform_pre_post_render\", [{ formId: \"2\", currentPage: \"current_page\", abort: function() { this.preventDefault(); } }]);        if (event && event.defaultPrevented) {                return;        }        const gformWrapperDiv = document.getElementById( \"gform_wrapper_2\" );        if ( gformWrapperDiv ) {            const visibilitySpan = document.createElement( \"span\" );            visibilitySpan.id = \"gform_visibility_test_2\";            gformWrapperDiv.insertAdjacentElement( \"afterend\", visibilitySpan );        }        const visibilityTestDiv = document.getElementById( \"gform_visibility_test_2\" );        let postRenderFired = false;        function triggerPostRender() {            if ( postRenderFired ) {                return;            }            postRenderFired = true;            gform.core.triggerPostRenderEvents( 2, current_page );            if ( visibilityTestDiv ) {                visibilityTestDiv.parentNode.removeChild( visibilityTestDiv );            }        }        function debounce( func, wait, immediate ) {            var timeout;            return function() {                var context = this, args = arguments;                var later = function() {                    timeout = null;                    if ( !immediate ) func.apply( context, args );                };                var callNow = immediate && !timeout;                clearTimeout( timeout );                timeout = setTimeout( later, wait );                if ( callNow ) func.apply( context, args );            };        }        const debouncedTriggerPostRender = debounce( function() {            triggerPostRender();        }, 200 );        if ( visibilityTestDiv && visibilityTestDiv.offsetParent === null ) {            const observer = new MutationObserver( ( mutations ) => {                mutations.forEach( ( mutation ) => {                    if ( mutation.type === 'attributes' && visibilityTestDiv.offsetParent !== null ) {                        debouncedTriggerPostRender();                        observer.disconnect();                    }                });            });            observer.observe( document.body, {                attributes: true,                childList: false,                subtree: true,                attributeFilter: [ 'style', 'class' ],            });        } else {            triggerPostRender();        }    } );} );\n<\/script>\n<\/div>\n\n\n\n<div class=\"wp-block-column is-layout-flow wp-block-column-is-layout-flow\" style=\"flex-basis:42%\">\n<div class=\"wp-block-genesis-blocks-gb-container aligncenter newsletter-radius gb-block-container\"><div class=\"gb-container-inside\"><div class=\"gb-container-content\"><div class=\"wp-block-image newsletter-image\">\n<figure class=\"aligncenter size-full\"><img loading=\"lazy\" decoding=\"async\" width=\"729\" height=\"792\" src=\"https:\/\/iceland-lovers.com\/wp-content\/uploads\/2024\/06\/newsletter.png\" alt=\"Nyhetsbrev\" class=\"wp-image-443\" srcset=\"https:\/\/iceland-lovers.com\/wp-content\/uploads\/2024\/06\/newsletter.png 729w, https:\/\/iceland-lovers.com\/wp-content\/uploads\/2024\/06\/newsletter-276x300.png 276w\" sizes=\"auto, (max-width: 729px) 100vw, 729px\" \/><\/figure>\n<\/div><\/div><\/div><\/div>\n<\/div>\n<\/div>\n<\/div><\/div><\/div>\n\n<h2 class=\"wp-block-heading\"><span class=\"ez-toc-section\" id=\"Vanliga_fragor_och_svar\"><\/span>Vanliga fr\u00e5gor och svar<span class=\"ez-toc-section-end\"><\/span><\/h2>\n\n<h3 class=\"wp-block-heading\">\u00c4r det fritt tilltr\u00e4de till utsiktsterrassen Perlan?<\/h3>\n\n<p>Nej, det \u00e4r inte gratis att g\u00e5 upp p\u00e5 Perlan-museets observationsd\u00e4ck, men det ing\u00e5r i intr\u00e4desbiljetten, liksom planetariet, utst\u00e4llningen Wonders of Iceland och den konstgjorda isgrottan.<br\/><a href=\"https:\/\/www.tiqets.com\/sv\/activites-attractions-reykjavik-c22\/billets-pour-perlan-museum-p1066280?partner=region_lovers&amp;tq_campaign=iceland\" target=\"_blank\" rel=\"noreferrer noopener sponsored nofollow\">&gt;&gt;  Boka din biljett nu<\/a><\/p>\n\n<figure class=\"wp-block-image size-large\"><img decoding=\"async\" src=\"https:\/\/photos.smugmug.com\/Iceland\/Winter\/Reykjavik\/Perlan\/i-5k2FxVS\/1\/CKfzDJWqshNBVfrmqhH2cswqxRK74sB8dRW52RScx\/L\/observation_deck_perlan_Reykjavik_Iceland-5701-L.jpg\" alt=\"utsikt fr&#xE5;n terrassen\"\/><\/figure>\n\n<h3 class=\"wp-block-heading\">Finns isgrottan vid Perlan p\u00e5 riktigt?<\/h3>\n\n<p>Nej, isgrottan i Perlanmuseet \u00e4r konstgjord. Den \u00e4r tillverkad av 350 ton sn\u00f6 och is f\u00f6r att \u00e5terskapa milj\u00f6n p\u00e5 en \u00e4kta isl\u00e4ndsk glaci\u00e4r. Du kommer att vara helt uppslukad och det kommer verkligen att k\u00e4nnas som om du \u00e4r d\u00e4r!<\/p>\n\n<h3 class=\"wp-block-heading\">Vilka interaktiva aktiviteter finns det f\u00f6r barn p\u00e5 Perlanmuseet?<\/h3>\n\n<p>Museet passar perfekt f\u00f6r barn med utomhusaktiviteter som hoppborg och linbana och inomhusaktiviteter som de interaktiva utst\u00e4llningsomr\u00e5dena och planetariet. F\u00f6rstoringslinser, f\u00f6rstoringsglas, reproduktioner i naturlig storlek och massor av f\u00f6rklaringar g\u00f6r det till ett m\u00e5ste om du bes\u00f6ker Reykjavik med familjen. Dina barn kommer att kunna l\u00e4ra sig mycket om den isl\u00e4ndska naturen p\u00e5 ett roligt och l\u00e4rorikt s\u00e4tt, s\u00e5 att de blir medvetna om landets sk\u00f6nhet och vikten av att bevara milj\u00f6n.<\/p>\n\n<figure class=\"wp-block-image size-large\"><img decoding=\"async\" src=\"https:\/\/photos.smugmug.com\/Iceland\/Winter\/Reykjavik\/Perlan\/i-NN3wBf3\/1\/D8gD3MWCdmsF5qD6jrwq7kFPxt7N4dLnhBrzqwtpX\/L\/perlan_Reykjavik_Iceland-5638-L.jpg\" alt=\"Spotting scopes\"\/><\/figure>\n\n<div style=\"margin-top:8%;margin-bottom:8%\" class=\"wp-block-genesis-blocks-gb-container box gb-block-container\"><div class=\"gb-container-inside\"><div class=\"gb-container-content\" style=\"max-width:700px\">\n<div class=\"wp-block-genesis-blocks-gb-container box_titre gb-block-container\"><div class=\"gb-container-inside\"><div class=\"gb-container-content\">\n<h5 class=\"titre_box\"><span>PLANERA<\/span> DIN RESA TILL <span class=\"titre_box_manuscrit\">Island<\/span> P\u00c5 VINTERN<\/h5>\n<\/div><\/div><\/div>\n\n\n\n<hr class=\"wp-block-separator has-text-color has-alpha-channel-opacity has-background is-style-wide hr-box-planif\" style=\"background-color:#ccd3dd;color:#ccd3dd\"\/>\n\n\n\n<div class=\"wp-block-columns box_sans_border is-layout-flex wp-container-core-columns-is-layout-9d6595d7 wp-block-columns-is-layout-flex\">\n<div class=\"wp-block-column texte_planif is-layout-flow wp-block-column-is-layout-flow\" style=\"font-size:14px;flex-basis:60%\">\n<ul class=\"wp-block-list\">\n<li><strong>B\u00e4st av<\/strong><\/li>\n<\/ul>\n\n\n\n<p class=\"ul_box\" style=\"font-size:14px\"><a href=\"https:\/\/iceland-lovers.com\/sv\/landskap-island-vinter-panorama-tips\/\" target=\"_blank\" rel=\"noreferrer noopener\">Landskap p\u00e5 Island p\u00e5 vintern<\/a><br\/><a href=\"https:\/\/iceland-lovers.com\/sv\/sevardheter-island-vintern-attraktioner\/\" target=\"_blank\" rel=\"noreferrer noopener\">Sev\u00e4rdheter p\u00e5 Island p\u00e5 vintern<\/a><br\/><a href=\"https:\/\/iceland-lovers.com\/sv\/vattenfall-island-vinter\/\" target=\"_blank\" rel=\"noreferrer noopener\">De vackraste vattenfallen<\/a><br\/><a href=\"https:\/\/iceland-lovers.com\/sv\/basta-turerna-grottles-is-island\/\" target=\"_blank\" rel=\"noreferrer noopener\">Isgrottor<\/a><br\/><a href=\"https:\/\/iceland-lovers.com\/sv\/basta-utflykter-fran-reykjavik-vintern\/\" target=\"_blank\" rel=\"noreferrer noopener\">B\u00e4sta utflykterna fr\u00e5n Reykjavik<\/a><\/p>\n<\/div>\n\n\n\n<div class=\"wp-block-column is-vertically-aligned-top planif-radius is-layout-flow wp-block-column-is-layout-flow\" style=\"flex-basis:40%\">\n<figure class=\"wp-block-image size-large img-portrait\"><img decoding=\"async\" src=\"https:\/\/photos.smugmug.com\/Iceland\/Winter\/Snaefellsnes\/Arnarstapi\/i-NFX9vCN\/1\/FdwFVJfh4wdx6pTCBdg5vVLNBJf4xph6CrQjkvWvp\/S\/Arnarstapi_Iceland-5203-S.jpg\" alt=\"Island p&#xE5; vintern\" title=\"\"\/><\/figure>\n<\/div>\n<\/div>\n\n\n\n<hr class=\"wp-block-separator has-text-color has-alpha-channel-opacity has-background is-style-wide hr-box-planif\" style=\"background-color:#ccd3dd;color:#ccd3dd\"\/>\n\n\n\n<div class=\"wp-block-columns box_sans_border is-layout-flex wp-container-core-columns-is-layout-9d6595d7 wp-block-columns-is-layout-flex\">\n<div class=\"wp-block-column texte_planif is-layout-flow wp-block-column-is-layout-flow\" style=\"flex-basis:60%\">\n<ul class=\"wp-block-list\">\n<li><strong>Praktiska r\u00e5d<\/strong><\/li>\n<\/ul>\n\n\n\n<p style=\"font-size:14px\"><br\/>Att ta sig runt (kommer snart)<br\/><a href=\"https:\/\/iceland-lovers.com\/sv\/hur-hyr-bil-island-tips-erfarenhet\/\" target=\"_blank\" rel=\"noreferrer noopener\">Hur man hyr en bil p\u00e5 Island<\/a><br\/><a href=\"https:\/\/iceland-lovers.com\/sv\/korning-island-vinter-tips\/\" target=\"_blank\" rel=\"noreferrer noopener\">Tips f\u00f6r vinterk\u00f6rning<\/a><br\/><a href=\"https:\/\/iceland-lovers.com\/sv\/var-man-ska-bo-island-vinter-basta-hotell\/\" target=\"_blank\" rel=\"noreferrer noopener\">Var man kan bo p\u00e5 Island p\u00e5 vintern<\/a><br\/>Resplaner: 3 dagar &#8211; 4 dagar &#8211; 5 dagar &#8211; <a href=\"https:\/\/iceland-lovers.com\/sv\/besok-island-vinter-en-vecka-resvagar\/\" target=\"_blank\" rel=\"noreferrer noopener\">1 vecka<\/a> &#8211; 10 dagar (kommer snart)<br\/><\/p>\n<\/div>\n\n\n\n<div class=\"wp-block-column is-vertically-aligned-top planif-radius is-layout-flow wp-block-column-is-layout-flow\" style=\"flex-basis:40%\">\n<figure class=\"wp-block-image size-large img-portrait\"><img decoding=\"async\" src=\"https:\/\/photos.smugmug.com\/Iceland\/Winter\/Driving\/i-gNPz6JD\/1\/CGfmHQKPwKJcrdGBLqMjkqvmgRwW8fC8FGFKRWX3n\/S\/South_Coast_ring_road_Iceland-2099-S.jpg\" alt=\"Att k&#xF6;ra bil p&#xE5; Island p&#xE5; vintern\" title=\"\"\/><\/figure>\n<\/div>\n<\/div>\n\n\n\n<hr class=\"wp-block-separator has-text-color has-alpha-channel-opacity has-background is-style-wide hr-box-planif\" style=\"background-color:#ccd3dd;color:#ccd3dd\"\/>\n\n\n\n<div class=\"wp-block-columns box_sans_border is-layout-flex wp-container-core-columns-is-layout-9d6595d7 wp-block-columns-is-layout-flex\">\n<div class=\"wp-block-column texte_planif is-layout-flow wp-block-column-is-layout-flow\" style=\"flex-basis:60%\">\n<ul class=\"wp-block-list\">\n<li><strong>Det du m\u00e5ste ha<\/strong><\/li>\n<\/ul>\n\n\n\n<p style=\"font-size:14px\"><a href=\"https:\/\/iceland-lovers.com\/sv\/besok-reykjavik-vintern-sevardheter\/\" target=\"_blank\" rel=\"noreferrer noopener\">Reykjavik p\u00e5 vintern<\/a><br\/><a href=\"https:\/\/iceland-lovers.com\/sv\/sevardheter-gyllene-cirkeln-vintern-att-gora\/\" target=\"_blank\" rel=\"noreferrer noopener\">Gyllene cirkeln p\u00e5 vintern<\/a><br\/><a href=\"https:\/\/iceland-lovers.com\/sv\/sevardheter-syd-island-vinter-attraktioner\/\" target=\"_blank\" rel=\"noreferrer noopener\">Sydkusten p\u00e5 vintern<\/a><a href=\"https:\/\/iceland-lovers.com\/sv\/island-ostra-fjordarna-vinter-sevardheter\/\"><br\/><\/a><a href=\"https:\/\/iceland-lovers.com\/sv\/sevardheter-snaefellsnes-vinter\/\" target=\"_blank\" rel=\"noreferrer noopener\">Snaefellsnes p\u00e5 vintern<\/a><br\/>Silver Circle p\u00e5 vintern (kommer snart)<br\/><a href=\"https:\/\/iceland-lovers.com\/sv\/sjon-myvatn-vinter-sevardheter\/\" target=\"_blank\" rel=\"noreferrer noopener\">Sj\u00f6n Myvatn p\u00e5 vintern<\/a><br\/><a href=\"https:\/\/iceland-lovers.com\/sv\/island-ostra-fjordarna-vinter-sevardheter\/\">\u00d6stra fjordarna p\u00e5 vintern<\/a><br\/><a href=\"https:\/\/iceland-lovers.com\/sv\/vattenfall-seljalandsfoss-vintern\/\" target=\"_blank\" rel=\"noreferrer noopener\">Seljalandsfoss p\u00e5 vintern<\/a><br\/><a href=\"https:\/\/iceland-lovers.com\/sv\/jokulsarlon-vintern\/\" target=\"_blank\" rel=\"noreferrer noopener\">Jokulsarlon p\u00e5 vintern<\/a><br\/><br\/><\/p>\n<\/div>\n\n\n\n<div class=\"wp-block-column is-vertically-aligned-top planif-radius is-layout-flow wp-block-column-is-layout-flow\" style=\"flex-basis:40%\">\n<figure class=\"wp-block-image size-large img-portrait\"><img decoding=\"async\" src=\"https:\/\/photos.smugmug.com\/Iceland\/Winter\/South-Coast-in-Winter\/Skogafoss-Winter\/i-DnzSqr9\/1\/CCWLWFQzNvbCRFMCHkPxzrqHGtsv2GGdfgBrm6thq\/S\/Waterfall_Skogafoss_Iceland-3620-S.jpg\" alt=\"Skogafoss p&#xE5; vintern\" title=\"\"\/><\/figure>\n<\/div>\n<\/div>\n\n\n\n<div style=\"height:30px\" aria-hidden=\"true\" class=\"wp-block-spacer\"><\/div>\n<\/div><\/div><\/div>\n\n<div class=\"wp-block-genesis-blocks-gb-container box_auteur_voyage gb-block-container\"><div class=\"gb-container-inside\"><div class=\"gb-container-content\">\n<figure class=\"wp-block-image size-large img_auteur_voyage img_provisoire\"><img decoding=\"async\" src=\"https:\/\/photos.smugmug.com\/Region-Lovers\/Equipe\/i-nsNF6C6\/0\/Cs2F5n96pkt9xFD9D3SVqmQspMhrKgN75nHgBqmjG\/L\/Claire-L.png\" alt=\"\"\/><\/figure>\n\n\n\n<h5 class=\"titre_auteur_voyage\"><span>HON KLARADE RESAN <\/span><span class=\"titre_box_manuscrit\">Claire<\/span><\/h5>\n<\/div><\/div><\/div>\n\n<div class=\"wp-block-genesis-blocks-gb-container box_auteur_voyage gb-block-container\"><div class=\"gb-container-inside\"><div class=\"gb-container-content\">\n<figure class=\"wp-block-image size-large img_auteur_voyage img_provisoire\"><img decoding=\"async\" src=\"https:\/\/photos.smugmug.com\/Region-Lovers\/Equipe\/i-2VkpKdc\/0\/DqDG7GbR6CxhqJq4M7VBQnSmkShv4QM9sWgTxgDm4\/L\/myriam-2-L.jpg\" alt=\"\"\/><\/figure>\n\n\n\n<h5 class=\"titre_auteur_voyage\"><span>HON SKREV ARTIKELN \n <\/span><span class=\"titre_box_manuscrit\">Myriam<\/span><\/h5>\n<\/div><\/div><\/div>\n","protected":false},"excerpt":{"rendered":"<p>K\u00e4nner du till Reykjavik&#8217;s Perlan? Utst\u00e4llningscentret \u00e4r en arkitektonisk och kulturell juvel med utsikt \u00f6ver huvudstaden p\u00e5 den ber\u00f6mda kullen \u00d6skjuhl\u00ed\u00f0. I denna futuristiska byggnad, som kr\u00f6ns av en glaskupol, finns ett interaktivt museum som vi verkligen gillade. H\u00e4r kan du uppt\u00e4cka Islands naturliga underverk. Fans av uppslukande upplevelser som vi? F\u00f6rdjupa dig i tusen [&hellip;]<\/p>\n","protected":false},"author":3,"featured_media":902,"comment_status":"closed","ping_status":"closed","sticky":false,"template":"","format":"standard","meta":{"_genesis_hide_title":false,"_genesis_hide_breadcrumbs":false,"_genesis_hide_singular_image":false,"_genesis_hide_footer_widgets":false,"_genesis_custom_body_class":"","_genesis_custom_post_class":"","_genesis_layout":"","footnotes":""},"categories":[52],"tags":[],"class_list":{"0":"post-905","1":"post","2":"type-post","3":"status-publish","4":"format-standard","5":"has-post-thumbnail","7":"category-reykjavik-sv","8":"entry"},"yoast_head":"<!-- This site is optimized with the Yoast SEO plugin v27.2 - https:\/\/yoast.com\/product\/yoast-seo-wordpress\/ -->\n<title>Perlan Museum (Reykjavik): bes\u00f6k + foton<\/title>\n<meta name=\"description\" content=\"V\u00e5ra tips och foton f\u00f6r att bes\u00f6ka Perlan Museum i Reykjavik, Island: hur man kommer dit, intressanta platser, praktisk information\" \/>\n<meta name=\"robots\" content=\"index, follow, max-snippet:-1, max-image-preview:large, max-video-preview:-1\" \/>\n<link rel=\"canonical\" href=\"https:\/\/iceland-lovers.com\/sv\/besok-museum-perlan-reykjavik\/\" \/>\n<meta property=\"og:locale\" content=\"sv_SE\" \/>\n<meta property=\"og:type\" content=\"article\" \/>\n<meta property=\"og:title\" content=\"Perlan Museum (Reykjavik): bes\u00f6k + foton\" \/>\n<meta property=\"og:description\" content=\"V\u00e5ra tips och foton f\u00f6r att bes\u00f6ka Perlan Museum i Reykjavik, Island: hur man kommer dit, intressanta platser, praktisk information\" \/>\n<meta property=\"og:url\" content=\"https:\/\/iceland-lovers.com\/sv\/besok-museum-perlan-reykjavik\/\" \/>\n<meta property=\"og:site_name\" content=\"Iceland Lovers\" \/>\n<meta property=\"article:published_time\" content=\"2024-06-13T08:37:18+00:00\" \/>\n<meta property=\"article:modified_time\" content=\"2024-06-15T07:31:32+00:00\" \/>\n<meta property=\"og:image\" content=\"https:\/\/iceland-lovers.com\/wp-content\/uploads\/2024\/06\/besok-museum-perlan-reykjavik.jpg\" \/>\n\t<meta property=\"og:image:width\" content=\"1067\" \/>\n\t<meta property=\"og:image:height\" content=\"800\" \/>\n\t<meta property=\"og:image:type\" content=\"image\/jpeg\" \/>\n<meta name=\"author\" content=\"Myriam\" \/>\n<meta name=\"twitter:card\" content=\"summary_large_image\" \/>\n<meta name=\"twitter:label1\" content=\"Skriven av\" \/>\n\t<meta name=\"twitter:data1\" content=\"Myriam\" \/>\n\t<meta name=\"twitter:label2\" content=\"Ber\u00e4knad l\u00e4stid\" \/>\n\t<meta name=\"twitter:data2\" content=\"12 minuter\" \/>\n<script type=\"application\/ld+json\" class=\"yoast-schema-graph\">{\"@context\":\"https:\/\/schema.org\",\"@graph\":[{\"@type\":\"Article\",\"@id\":\"https:\/\/iceland-lovers.com\/sv\/besok-museum-perlan-reykjavik\/#article\",\"isPartOf\":{\"@id\":\"https:\/\/iceland-lovers.com\/sv\/besok-museum-perlan-reykjavik\/\"},\"author\":{\"name\":\"Myriam\",\"@id\":\"https:\/\/iceland-lovers.com\/sv\/#\/schema\/person\/3fea5101382291884035757c186890df\"},\"headline\":\"Perlan Museum (Reykjavik): bes\u00f6k + foton\",\"datePublished\":\"2024-06-13T08:37:18+00:00\",\"dateModified\":\"2024-06-15T07:31:32+00:00\",\"mainEntityOfPage\":{\"@id\":\"https:\/\/iceland-lovers.com\/sv\/besok-museum-perlan-reykjavik\/\"},\"wordCount\":2342,\"publisher\":{\"@id\":\"https:\/\/iceland-lovers.com\/sv\/#organization\"},\"image\":{\"@id\":\"https:\/\/iceland-lovers.com\/sv\/besok-museum-perlan-reykjavik\/#primaryimage\"},\"thumbnailUrl\":\"https:\/\/iceland-lovers.com\/wp-content\/uploads\/2024\/06\/besok-museum-perlan-reykjavik.jpg\",\"articleSection\":[\"Reykjavik\"],\"inLanguage\":\"sv-SE\"},{\"@type\":\"WebPage\",\"@id\":\"https:\/\/iceland-lovers.com\/sv\/besok-museum-perlan-reykjavik\/\",\"url\":\"https:\/\/iceland-lovers.com\/sv\/besok-museum-perlan-reykjavik\/\",\"name\":\"Perlan Museum (Reykjavik): bes\u00f6k + foton\",\"isPartOf\":{\"@id\":\"https:\/\/iceland-lovers.com\/sv\/#website\"},\"primaryImageOfPage\":{\"@id\":\"https:\/\/iceland-lovers.com\/sv\/besok-museum-perlan-reykjavik\/#primaryimage\"},\"image\":{\"@id\":\"https:\/\/iceland-lovers.com\/sv\/besok-museum-perlan-reykjavik\/#primaryimage\"},\"thumbnailUrl\":\"https:\/\/iceland-lovers.com\/wp-content\/uploads\/2024\/06\/besok-museum-perlan-reykjavik.jpg\",\"datePublished\":\"2024-06-13T08:37:18+00:00\",\"dateModified\":\"2024-06-15T07:31:32+00:00\",\"description\":\"V\u00e5ra tips och foton f\u00f6r att bes\u00f6ka Perlan Museum i Reykjavik, Island: hur man kommer dit, intressanta platser, praktisk information\",\"breadcrumb\":{\"@id\":\"https:\/\/iceland-lovers.com\/sv\/besok-museum-perlan-reykjavik\/#breadcrumb\"},\"inLanguage\":\"sv-SE\",\"potentialAction\":[{\"@type\":\"ReadAction\",\"target\":[\"https:\/\/iceland-lovers.com\/sv\/besok-museum-perlan-reykjavik\/\"]}]},{\"@type\":\"ImageObject\",\"inLanguage\":\"sv-SE\",\"@id\":\"https:\/\/iceland-lovers.com\/sv\/besok-museum-perlan-reykjavik\/#primaryimage\",\"url\":\"https:\/\/iceland-lovers.com\/wp-content\/uploads\/2024\/06\/besok-museum-perlan-reykjavik.jpg\",\"contentUrl\":\"https:\/\/iceland-lovers.com\/wp-content\/uploads\/2024\/06\/besok-museum-perlan-reykjavik.jpg\",\"width\":1067,\"height\":800,\"caption\":\"V\u00e5ra tips och foton f\u00f6r att bes\u00f6ka Perlan-museet i Reykjavik, Island: hur man kommer dit, intressanta platser, praktisk information\"},{\"@type\":\"BreadcrumbList\",\"@id\":\"https:\/\/iceland-lovers.com\/sv\/besok-museum-perlan-reykjavik\/#breadcrumb\",\"itemListElement\":[{\"@type\":\"ListItem\",\"position\":1,\"name\":\"Accueil\",\"item\":\"https:\/\/iceland-lovers.com\/sv\/\"},{\"@type\":\"ListItem\",\"position\":2,\"name\":\"Reykjavik\",\"item\":\"https:\/\/iceland-lovers.com\/sv\/reykjavik-sv\/\"},{\"@type\":\"ListItem\",\"position\":3,\"name\":\"Perlan Museum (Reykjavik): bes\u00f6k + foton\"}]},{\"@type\":\"WebSite\",\"@id\":\"https:\/\/iceland-lovers.com\/sv\/#website\",\"url\":\"https:\/\/iceland-lovers.com\/sv\/\",\"name\":\"Iceland Lovers\",\"description\":\"Le Blog de Claire et Manu\",\"publisher\":{\"@id\":\"https:\/\/iceland-lovers.com\/sv\/#organization\"},\"potentialAction\":[{\"@type\":\"SearchAction\",\"target\":{\"@type\":\"EntryPoint\",\"urlTemplate\":\"https:\/\/iceland-lovers.com\/sv\/?s={search_term_string}\"},\"query-input\":{\"@type\":\"PropertyValueSpecification\",\"valueRequired\":true,\"valueName\":\"search_term_string\"}}],\"inLanguage\":\"sv-SE\"},{\"@type\":\"Organization\",\"@id\":\"https:\/\/iceland-lovers.com\/sv\/#organization\",\"name\":\"Iceland Lovers\",\"url\":\"https:\/\/iceland-lovers.com\/sv\/\",\"logo\":{\"@type\":\"ImageObject\",\"inLanguage\":\"sv-SE\",\"@id\":\"https:\/\/iceland-lovers.com\/sv\/#\/schema\/logo\/image\/\",\"url\":\"https:\/\/iceland-lovers.com\/wp-content\/uploads\/2024\/05\/cropped-Iceland-Lovers-Logos-RVB_Principal-bicolore.png\",\"contentUrl\":\"https:\/\/iceland-lovers.com\/wp-content\/uploads\/2024\/05\/cropped-Iceland-Lovers-Logos-RVB_Principal-bicolore.png\",\"width\":2326,\"height\":501,\"caption\":\"Iceland Lovers\"},\"image\":{\"@id\":\"https:\/\/iceland-lovers.com\/sv\/#\/schema\/logo\/image\/\"}},{\"@type\":\"Person\",\"@id\":\"https:\/\/iceland-lovers.com\/sv\/#\/schema\/person\/3fea5101382291884035757c186890df\",\"name\":\"Myriam\",\"image\":{\"@type\":\"ImageObject\",\"inLanguage\":\"sv-SE\",\"@id\":\"https:\/\/secure.gravatar.com\/avatar\/b12daa667e6163c3e2e69624e17f9252a84ae1a553487ee656723e55b4eae853?s=96&d=mm&r=g\",\"url\":\"https:\/\/secure.gravatar.com\/avatar\/b12daa667e6163c3e2e69624e17f9252a84ae1a553487ee656723e55b4eae853?s=96&d=mm&r=g\",\"contentUrl\":\"https:\/\/secure.gravatar.com\/avatar\/b12daa667e6163c3e2e69624e17f9252a84ae1a553487ee656723e55b4eae853?s=96&d=mm&r=g\",\"caption\":\"Myriam\"},\"sameAs\":[\"https:\/\/iceland-lovers.com\/myriam-bendriss-mudibu\/\"],\"url\":\"https:\/\/iceland-lovers.com\/sv\/author\/myriam\/\"}]}<\/script>\n<!-- \/ Yoast SEO plugin. -->","yoast_head_json":{"title":"Perlan Museum (Reykjavik): bes\u00f6k + foton","description":"V\u00e5ra tips och foton f\u00f6r att bes\u00f6ka Perlan Museum i Reykjavik, Island: hur man kommer dit, intressanta platser, praktisk information","robots":{"index":"index","follow":"follow","max-snippet":"max-snippet:-1","max-image-preview":"max-image-preview:large","max-video-preview":"max-video-preview:-1"},"canonical":"https:\/\/iceland-lovers.com\/sv\/besok-museum-perlan-reykjavik\/","og_locale":"sv_SE","og_type":"article","og_title":"Perlan Museum (Reykjavik): bes\u00f6k + foton","og_description":"V\u00e5ra tips och foton f\u00f6r att bes\u00f6ka Perlan Museum i Reykjavik, Island: hur man kommer dit, intressanta platser, praktisk information","og_url":"https:\/\/iceland-lovers.com\/sv\/besok-museum-perlan-reykjavik\/","og_site_name":"Iceland Lovers","article_published_time":"2024-06-13T08:37:18+00:00","article_modified_time":"2024-06-15T07:31:32+00:00","og_image":[{"width":1067,"height":800,"url":"https:\/\/iceland-lovers.com\/wp-content\/uploads\/2024\/06\/besok-museum-perlan-reykjavik.jpg","type":"image\/jpeg"}],"author":"Myriam","twitter_card":"summary_large_image","twitter_misc":{"Skriven av":"Myriam","Ber\u00e4knad l\u00e4stid":"12 minuter"},"schema":{"@context":"https:\/\/schema.org","@graph":[{"@type":"Article","@id":"https:\/\/iceland-lovers.com\/sv\/besok-museum-perlan-reykjavik\/#article","isPartOf":{"@id":"https:\/\/iceland-lovers.com\/sv\/besok-museum-perlan-reykjavik\/"},"author":{"name":"Myriam","@id":"https:\/\/iceland-lovers.com\/sv\/#\/schema\/person\/3fea5101382291884035757c186890df"},"headline":"Perlan Museum (Reykjavik): bes\u00f6k + foton","datePublished":"2024-06-13T08:37:18+00:00","dateModified":"2024-06-15T07:31:32+00:00","mainEntityOfPage":{"@id":"https:\/\/iceland-lovers.com\/sv\/besok-museum-perlan-reykjavik\/"},"wordCount":2342,"publisher":{"@id":"https:\/\/iceland-lovers.com\/sv\/#organization"},"image":{"@id":"https:\/\/iceland-lovers.com\/sv\/besok-museum-perlan-reykjavik\/#primaryimage"},"thumbnailUrl":"https:\/\/iceland-lovers.com\/wp-content\/uploads\/2024\/06\/besok-museum-perlan-reykjavik.jpg","articleSection":["Reykjavik"],"inLanguage":"sv-SE"},{"@type":"WebPage","@id":"https:\/\/iceland-lovers.com\/sv\/besok-museum-perlan-reykjavik\/","url":"https:\/\/iceland-lovers.com\/sv\/besok-museum-perlan-reykjavik\/","name":"Perlan Museum (Reykjavik): bes\u00f6k + foton","isPartOf":{"@id":"https:\/\/iceland-lovers.com\/sv\/#website"},"primaryImageOfPage":{"@id":"https:\/\/iceland-lovers.com\/sv\/besok-museum-perlan-reykjavik\/#primaryimage"},"image":{"@id":"https:\/\/iceland-lovers.com\/sv\/besok-museum-perlan-reykjavik\/#primaryimage"},"thumbnailUrl":"https:\/\/iceland-lovers.com\/wp-content\/uploads\/2024\/06\/besok-museum-perlan-reykjavik.jpg","datePublished":"2024-06-13T08:37:18+00:00","dateModified":"2024-06-15T07:31:32+00:00","description":"V\u00e5ra tips och foton f\u00f6r att bes\u00f6ka Perlan Museum i Reykjavik, Island: hur man kommer dit, intressanta platser, praktisk information","breadcrumb":{"@id":"https:\/\/iceland-lovers.com\/sv\/besok-museum-perlan-reykjavik\/#breadcrumb"},"inLanguage":"sv-SE","potentialAction":[{"@type":"ReadAction","target":["https:\/\/iceland-lovers.com\/sv\/besok-museum-perlan-reykjavik\/"]}]},{"@type":"ImageObject","inLanguage":"sv-SE","@id":"https:\/\/iceland-lovers.com\/sv\/besok-museum-perlan-reykjavik\/#primaryimage","url":"https:\/\/iceland-lovers.com\/wp-content\/uploads\/2024\/06\/besok-museum-perlan-reykjavik.jpg","contentUrl":"https:\/\/iceland-lovers.com\/wp-content\/uploads\/2024\/06\/besok-museum-perlan-reykjavik.jpg","width":1067,"height":800,"caption":"V\u00e5ra tips och foton f\u00f6r att bes\u00f6ka Perlan-museet i Reykjavik, Island: hur man kommer dit, intressanta platser, praktisk information"},{"@type":"BreadcrumbList","@id":"https:\/\/iceland-lovers.com\/sv\/besok-museum-perlan-reykjavik\/#breadcrumb","itemListElement":[{"@type":"ListItem","position":1,"name":"Accueil","item":"https:\/\/iceland-lovers.com\/sv\/"},{"@type":"ListItem","position":2,"name":"Reykjavik","item":"https:\/\/iceland-lovers.com\/sv\/reykjavik-sv\/"},{"@type":"ListItem","position":3,"name":"Perlan Museum (Reykjavik): bes\u00f6k + foton"}]},{"@type":"WebSite","@id":"https:\/\/iceland-lovers.com\/sv\/#website","url":"https:\/\/iceland-lovers.com\/sv\/","name":"Iceland Lovers","description":"Le Blog de Claire et Manu","publisher":{"@id":"https:\/\/iceland-lovers.com\/sv\/#organization"},"potentialAction":[{"@type":"SearchAction","target":{"@type":"EntryPoint","urlTemplate":"https:\/\/iceland-lovers.com\/sv\/?s={search_term_string}"},"query-input":{"@type":"PropertyValueSpecification","valueRequired":true,"valueName":"search_term_string"}}],"inLanguage":"sv-SE"},{"@type":"Organization","@id":"https:\/\/iceland-lovers.com\/sv\/#organization","name":"Iceland Lovers","url":"https:\/\/iceland-lovers.com\/sv\/","logo":{"@type":"ImageObject","inLanguage":"sv-SE","@id":"https:\/\/iceland-lovers.com\/sv\/#\/schema\/logo\/image\/","url":"https:\/\/iceland-lovers.com\/wp-content\/uploads\/2024\/05\/cropped-Iceland-Lovers-Logos-RVB_Principal-bicolore.png","contentUrl":"https:\/\/iceland-lovers.com\/wp-content\/uploads\/2024\/05\/cropped-Iceland-Lovers-Logos-RVB_Principal-bicolore.png","width":2326,"height":501,"caption":"Iceland Lovers"},"image":{"@id":"https:\/\/iceland-lovers.com\/sv\/#\/schema\/logo\/image\/"}},{"@type":"Person","@id":"https:\/\/iceland-lovers.com\/sv\/#\/schema\/person\/3fea5101382291884035757c186890df","name":"Myriam","image":{"@type":"ImageObject","inLanguage":"sv-SE","@id":"https:\/\/secure.gravatar.com\/avatar\/b12daa667e6163c3e2e69624e17f9252a84ae1a553487ee656723e55b4eae853?s=96&d=mm&r=g","url":"https:\/\/secure.gravatar.com\/avatar\/b12daa667e6163c3e2e69624e17f9252a84ae1a553487ee656723e55b4eae853?s=96&d=mm&r=g","contentUrl":"https:\/\/secure.gravatar.com\/avatar\/b12daa667e6163c3e2e69624e17f9252a84ae1a553487ee656723e55b4eae853?s=96&d=mm&r=g","caption":"Myriam"},"sameAs":["https:\/\/iceland-lovers.com\/myriam-bendriss-mudibu\/"],"url":"https:\/\/iceland-lovers.com\/sv\/author\/myriam\/"}]}},"featured_image_src":"https:\/\/iceland-lovers.com\/wp-content\/uploads\/2024\/06\/besok-museum-perlan-reykjavik-600x400.jpg","featured_image_src_square":"https:\/\/iceland-lovers.com\/wp-content\/uploads\/2024\/06\/besok-museum-perlan-reykjavik-600x600.jpg","author_info":{"display_name":"Myriam","author_link":"https:\/\/iceland-lovers.com\/sv\/author\/myriam\/"},"_links":{"self":[{"href":"https:\/\/iceland-lovers.com\/sv\/wp-json\/wp\/v2\/posts\/905","targetHints":{"allow":["GET"]}}],"collection":[{"href":"https:\/\/iceland-lovers.com\/sv\/wp-json\/wp\/v2\/posts"}],"about":[{"href":"https:\/\/iceland-lovers.com\/sv\/wp-json\/wp\/v2\/types\/post"}],"author":[{"embeddable":true,"href":"https:\/\/iceland-lovers.com\/sv\/wp-json\/wp\/v2\/users\/3"}],"replies":[{"embeddable":true,"href":"https:\/\/iceland-lovers.com\/sv\/wp-json\/wp\/v2\/comments?post=905"}],"version-history":[{"count":0,"href":"https:\/\/iceland-lovers.com\/sv\/wp-json\/wp\/v2\/posts\/905\/revisions"}],"wp:featuredmedia":[{"embeddable":true,"href":"https:\/\/iceland-lovers.com\/sv\/wp-json\/wp\/v2\/media\/902"}],"wp:attachment":[{"href":"https:\/\/iceland-lovers.com\/sv\/wp-json\/wp\/v2\/media?parent=905"}],"wp:term":[{"taxonomy":"category","embeddable":true,"href":"https:\/\/iceland-lovers.com\/sv\/wp-json\/wp\/v2\/categories?post=905"},{"taxonomy":"post_tag","embeddable":true,"href":"https:\/\/iceland-lovers.com\/sv\/wp-json\/wp\/v2\/tags?post=905"}],"curies":[{"name":"wp","href":"https:\/\/api.w.org\/{rel}","templated":true}]}}