{"id":742,"date":"2024-06-10T09:13:55","date_gmt":"2024-06-10T07:13:55","guid":{"rendered":"https:\/\/iceland-lovers.com\/black-beach-reynisfjara-vinter\/"},"modified":"2024-06-14T22:49:53","modified_gmt":"2024-06-14T20:49:53","slug":"svart-strand-reynisfjara-vinter","status":"publish","type":"post","link":"https:\/\/iceland-lovers.com\/sv\/svart-strand-reynisfjara-vinter\/","title":{"rendered":"Reynisfjara svart sandstrand p\u00e5 vintern (Island): tips"},"content":{"rendered":"\n<p>Uppt\u00e4ck Islands mest k\u00e4nda svarta sandstrand. N\u00e4ra Vik \u00e4r Reynisfjara p\u00e5 vintern en f\u00f6rtrollande plats f\u00f6r att beundra naturens verk!<br\/>H\u00e4r \u00e4r n\u00e5gra <strong>anv\u00e4ndbara tips<\/strong> som hj\u00e4lper dig att f\u00f6rbereda dig inf\u00f6r ditt bes\u00f6k och f\u00e5 en underbar tid!<\/p>\n\n<figure class=\"wp-block-image size-full\"><img decoding=\"async\" src=\"https:\/\/iceland-lovers.com\/wp-content\/uploads\/2024\/06\/Reynisfjara-pa-vintern-Island.jpeg\" alt=\"Reynisfjara vinter Island\" class=\"wp-image-726\"\/><\/figure>\n\n<p>Detta \u00e4r en helt <strong>oberoende<\/strong> \u00e5sikt, baserad p\u00e5 v\u00e5r egen erfarenhet. Vi bes\u00f6kte regionen anonymt, gjorde v\u00e5ra egna val och betalade v\u00e5ra r\u00e4kningar till fullo.<\/p>\n\n<div style=\"padding-left:5%\" class=\"wp-block-genesis-blocks-gb-container box gb-block-container\"><div class=\"gb-container-inside\"><div class=\"gb-container-content\">\n<p class=\"titre_box_manuscrit\">Inneh\u00e5ll<\/p>\n\n\n\n<div class=\"wp-block-genesis-blocks-gb-container gb-block-container\"><div class=\"gb-container-inside\"><div class=\"gb-container-content\"><div id=\"ez-toc-container\" class=\"ez-toc-v2_0_82_1 counter-hierarchy ez-toc-counter ez-toc-custom ez-toc-container-direction\">\n<div class=\"ez-toc-title-container\">\n<span class=\"ez-toc-title-toggle\"><\/span><\/div>\n<nav><ul class='ez-toc-list ez-toc-list-level-1 ' ><li class='ez-toc-page-1 ez-toc-heading-level-2'><a class=\"ez-toc-link ez-toc-heading-1\" href=\"https:\/\/iceland-lovers.com\/sv\/svart-strand-reynisfjara-vinter\/#Varfor_besoka_Reynisfjara\" >Varf\u00f6r bes\u00f6ka Reynisfjara<\/a><\/li><li class='ez-toc-page-1 ez-toc-heading-level-2'><a class=\"ez-toc-link ez-toc-heading-2\" href=\"https:\/\/iceland-lovers.com\/sv\/svart-strand-reynisfjara-vinter\/#Hur_man_tar_sig_till_Reynisfjara_pa_vintern_tillgang_och_karta\" >Hur man tar sig till Reynisfjara p\u00e5 vintern: tillg\u00e5ng och karta<\/a><\/li><li class='ez-toc-page-1 ez-toc-heading-level-2'><a class=\"ez-toc-link ez-toc-heading-3\" href=\"https:\/\/iceland-lovers.com\/sv\/svart-strand-reynisfjara-vinter\/#Anvandbara_tips_varaktighet_tidtabeller_svarigheter_etc\" >Anv\u00e4ndbara tips: varaktighet, tidtabeller, sv\u00e5righeter etc.<\/a><\/li><li class='ez-toc-page-1 ez-toc-heading-level-2'><a class=\"ez-toc-link ez-toc-heading-4\" href=\"https:\/\/iceland-lovers.com\/sv\/svart-strand-reynisfjara-vinter\/#Akta_dig_for_vagorna\" >Akta dig f\u00f6r v\u00e5gorna<\/a><\/li><li class='ez-toc-page-1 ez-toc-heading-level-2'><a class=\"ez-toc-link ez-toc-heading-5\" href=\"https:\/\/iceland-lovers.com\/sv\/svart-strand-reynisfjara-vinter\/#Reynifjara_svart_sandstrand\" >Reynifjara svart sandstrand<\/a><\/li><li class='ez-toc-page-1 ez-toc-heading-level-2'><a class=\"ez-toc-link ez-toc-heading-6\" href=\"https:\/\/iceland-lovers.com\/sv\/svart-strand-reynisfjara-vinter\/#Grottan_och_basaltpelarna\" >Grottan och basaltpelarna<\/a><\/li><li class='ez-toc-page-1 ez-toc-heading-level-2'><a class=\"ez-toc-link ez-toc-heading-7\" href=\"https:\/\/iceland-lovers.com\/sv\/svart-strand-reynisfjara-vinter\/#Marina_pelare\" >Marina pelare<\/a><\/li><li class='ez-toc-page-1 ez-toc-heading-level-2'><a class=\"ez-toc-link ez-toc-heading-8\" href=\"https:\/\/iceland-lovers.com\/sv\/svart-strand-reynisfjara-vinter\/#Reyniskirkja_kyrka\" >Reyniskirkja kyrka<\/a><\/li><li class='ez-toc-page-1 ez-toc-heading-level-2'><a class=\"ez-toc-link ez-toc-heading-9\" href=\"https:\/\/iceland-lovers.com\/sv\/svart-strand-reynisfjara-vinter\/#Vanliga_fragor_och_svar\" >Vanliga fr\u00e5gor och svar<\/a><\/li><\/ul><\/nav><\/div>\n\n<\/div><\/div><\/div>\n<\/div><\/div><\/div>\n\n<p><\/p>\n\n<h2 class=\"wp-block-heading\"><span class=\"ez-toc-section\" id=\"Varfor_besoka_Reynisfjara\"><\/span>Varf\u00f6r bes\u00f6ka Reynisfjara<span class=\"ez-toc-section-end\"><\/span><\/h2>\n\n<h3 class=\"wp-block-heading\">\u00c4r Reynisfjara v\u00e4rt ett bes\u00f6k? V\u00e5r \u00e5sikt:<\/h3>\n\n<p>Reynisfjara \u00e4r definitivt v\u00e4rt ett bes\u00f6k f\u00f6r sin naturliga sk\u00f6nhet och sina unika geologiska s\u00e4rdrag.  <br\/>Denna svarta sandstrand imponerar med sina basaltklippor, havspelare och kraftfulla v\u00e5gor som sl\u00e5r mot stranden.<br\/>P\u00e5 vintern \u00e4r kontrasten mellan svart sand och vit sn\u00f6 trollbindande.<\/p>\n\n<p>Detta \u00e4r en av de <a href=\"https:\/\/iceland-lovers.com\/sv\/sevardheter-syd-island-vinter-attraktioner\/\" target=\"_blank\" rel=\"noreferrer noopener\">platser p\u00e5 sydkusten som man m\u00e5ste se<\/a>.<\/p>\n\n<figure class=\"wp-block-image size-large\"><img decoding=\"async\" src=\"https:\/\/photos.smugmug.com\/Iceland\/Winter\/South-Coast-in-Winter\/Reynisfjara\/i-xtXwrgh\/1\/LtH3bST3QbjSTVsfzCRR2h2hVMDRHxJJcpvfZvXJ\/L\/Reynisfjara_Black_Beach_Iceland-3626-L.jpg\" alt=\"Reynisfjara p&#xE5; vintern\"\/><\/figure>\n\n<h3 class=\"wp-block-heading\">V\u00e5ra favorit\u00f6gonblick<\/h3>\n\n<ul class=\"wp-block-list\">\n<li>den svarta f\u00e4rgens intensitet och kontrasten mot den vita<\/li>\n\n\n\n<li>basaltpelare, eftersom vi \u00e4r geologifans<\/li>\n\n\n\n<li>Och om du r\u00f6r dig bort fr\u00e5n klippan dyker havspelarna upp.<\/li>\n<\/ul>\n\n<figure class=\"wp-block-image size-large\"><img decoding=\"async\" src=\"https:\/\/photos.smugmug.com\/Iceland\/Winter\/South-Coast-in-Winter\/Reynisfjara\/i-TXxcvmF\/1\/3HdTSxbxmfsbSvWSzQWKcXrcxxzWSXrcsGZPnBRQ\/L\/Reynisfjara_Black_Beach_Iceland-2150-L.jpg\" alt=\"basaltpelare och grotta\"\/><\/figure>\n\n<div class=\"wp-block-genesis-blocks-gb-container box gb-block-container\"><div class=\"gb-container-inside\"><div class=\"gb-container-content\">\n<div class=\"wp-block-columns inverse is-layout-flex wp-container-core-columns-is-layout-9d6595d7 wp-block-columns-is-layout-flex\">\n<div class=\"wp-block-column texte_planif is-layout-flow wp-block-column-is-layout-flow\" style=\"flex-basis:58%\">\n<h5 class=\"titre_box\">V\u00c5R GUIDE TILL ATT PLANERA EN <span class=\"titre_box_manuscrit\">Dr\u00f6mresa<\/span><\/h5>\n\n\n\n<ul class=\"wp-block-list\">\n<li>6 kartor som g\u00f6r planeringen enklare<\/li>\n\n\n\n<li>+ 75 p\u00e5 f\u00f6rhand utvalda m\u00f6tesplatser  <\/li>\n\n\n\n<li>Praktiska r\u00e5d  <\/li>\n\n\n\n<li>+ 115 bilder som hj\u00e4lper dig att v\u00e4lja<\/li>\n<\/ul>\n\n\n\n<div class=\"wp-block-buttons is-layout-flex wp-block-buttons-is-layout-flex\">\n<div class=\"wp-block-button\"><a class=\"wp-block-button__link has-theme-primary-background-color has-background wp-element-button\" href=\"https:\/\/iceland-lovers.com\/sv\/ebook-guide-road-trip-island-vinter\/\">Ta reda p\u00e5 mer &gt;&gt;<\/a><\/div>\n<\/div>\n<\/div>\n\n\n\n<div class=\"wp-block-column is-layout-flow wp-block-column-is-layout-flow\" style=\"flex-basis:42%\">\n<div class=\"wp-block-genesis-blocks-gb-container ebook-radius-waitlist gb-block-container\"><div class=\"gb-container-inside\"><div class=\"gb-container-content\"><div class=\"wp-block-image ebook-image\">\n<figure class=\"aligncenter size-full\"><img decoding=\"async\" src=\"https:\/\/iceland-lovers.com\/wp-content\/uploads\/2024\/06\/Road-trip-guide-Iceland-Winter-eBook-cover-5.jpg\" alt=\"Road trip guide Island vinter eBook Omslag\" class=\"wp-image-1049\"\/><\/figure>\n<\/div><\/div><\/div><\/div>\n<\/div>\n<\/div>\n<\/div><\/div><\/div>\n\n<h2 class=\"wp-block-heading\"><span class=\"ez-toc-section\" id=\"Hur_man_tar_sig_till_Reynisfjara_pa_vintern_tillgang_och_karta\"><\/span>Hur man tar sig till Reynisfjara p\u00e5 vintern: tillg\u00e5ng och karta<span class=\"ez-toc-section-end\"><\/span><\/h2>\n\n<h3 class=\"wp-block-heading\">Var ligger Reynisfjara?<\/h3>\n\n<ul class=\"wp-block-list\">\n<li>P\u00e5 Islands sydkust<\/li>\n\n\n\n<li>Strax v\u00e4ster om Vik<\/li>\n\n\n\n<li>Inte att f\u00f6rv\u00e4xla med stranden i staden Vik, som \u00e4r Vikurfjara.<\/li>\n\n\n\n<li>En kort avstickare fr\u00e5n Route 1<\/li>\n\n\n\n<li>K\u00f6rtid fr\u00e5n Reykjavik: 2 timmar och 25 minuter<\/li>\n\n\n\n<li>K\u00f6rtid fr\u00e5n Skogafoss: 30min bilf\u00e4rd<\/li>\n\n\n\n<li>K\u00f6rtid fr\u00e5n Vik: 15min bilf\u00e4rd<\/li>\n\n\n\n<li>H\u00e4r \u00e4r en karta som hj\u00e4lper dig att hitta r\u00e4tt:<\/li>\n<\/ul>\n\n<figure class=\"wp-block-image size-large\"><img decoding=\"async\" src=\"https:\/\/iceland-lovers.com\/wp-content\/uploads\/2024\/06\/Karta-Reynisfjara-Island-1024x686.png\" alt=\"Karta &#xF6;ver Reynisfjara Island\" class=\"wp-image-298\"\/><figcaption class=\"wp-element-caption\">Karta: Reynisfjara p\u00e5 Islands sydkust<\/figcaption><\/figure>\n\n<div style=\"background-color:#e4f3f6;margin-top:8%;margin-bottom:8%\" class=\"wp-block-genesis-blocks-gb-container box gb-block-container\"><div class=\"gb-container-inside\"><div class=\"gb-container-content\">\n<div class=\"wp-block-columns inverse box_planif is-layout-flex wp-container-core-columns-is-layout-9d6595d7 wp-block-columns-is-layout-flex\">\n<div class=\"wp-block-column texte_planif is-layout-flow wp-block-column-is-layout-flow\" style=\"flex-basis:60%\">\n<h5 class=\"titre_box\" style=\"padding-top:10px;\">HYR EN BIL P\u00c5 <span class=\"titre_box_manuscrit\">Island<\/span><\/h5>\n\n\n\n<p style=\"font-size:16px\">Uppt\u00e4ck de b\u00e4sta erbjudandena p\u00e5 <a href=\"https:\/\/www.discovercars.com\/se\/iceland?a_aid=zigzag&amp;chan=iceland\" target=\"_blank\" rel=\"noreferrer noopener sponsored nofollow\">Discovercars<\/a>, v\u00e5r f\u00f6redragna plattform!<br\/>P\u00e5 Route 1 kr\u00e4vs ingen 4&#215;4, utanf\u00f6r Route 1 beror det p\u00e5 dina planer.<\/p>\n<\/div>\n\n\n\n<div class=\"wp-block-column planif-radius-2 is-layout-flow wp-block-column-is-layout-flow\">\n<figure class=\"wp-block-image size-large voiture_image\"><img decoding=\"async\" src=\"https:\/\/photos.smugmug.com\/Iceland\/Winter\/Driving\/i-q2wFFnJ\/1\/Dn4qbSGkrKhZgHBNz2hWXrPc3VdddRQZ7cdj3FpVX\/S\/drive_South_coast_Iceland-2-21-S.jpg\" alt=\"k&#xF6;ra bil p&#xE5; Island\"\/><\/figure>\n<\/div>\n<\/div>\n\n\n\n<div class=\"wp-block-columns planif_bouton is-layout-flex wp-container-core-columns-is-layout-9d6595d7 wp-block-columns-is-layout-flex\">\n<div class=\"wp-block-column is-vertically-aligned-top is-layout-flow wp-block-column-is-layout-flow\">\n<div class=\"wp-block-buttons is-content-justification-center is-layout-flex wp-container-core-buttons-is-layout-16018d1d wp-block-buttons-is-layout-flex\">\n<div class=\"wp-block-button\"><a class=\"wp-block-button__link has-white-color has-text-color wp-element-button\" href=\"https:\/\/www.discovercars.com\/fr\/iceland?a_aid=zigzag&amp;chan=iceland\" target=\"_blank\" rel=\"noreferrer noopener nofollow\">Se tillg\u00e4ngliga bilar &gt;&gt;<\/a><\/div>\n<\/div>\n<\/div>\n\n\n\n<div class=\"wp-block-column is-vertically-aligned-center is-layout-flow wp-block-column-is-layout-flow\">\n<p class=\"has-text-align-center\" style=\"font-size:16px\"><a href=\"https:\/\/iceland-lovers.com\/sv\/hur-hyr-bil-island-tips-erfarenhet\/\" target=\"_blank\" rel=\"noreferrer noopener\">L\u00e4s alla v\u00e5ra r\u00e5d<\/a><\/p>\n<\/div>\n<\/div>\n<\/div><\/div><\/div>\n\n<h3 class=\"wp-block-heading\">Hur kommer jag dit? Tillfartsv\u00e4g vintertid<\/h3>\n\n<p>Med bil<br\/>F\u00f6r att komma till stranden, sv\u00e4ng in p\u00e5 Route 215 fr\u00e5n Route 1. Det \u00e4r 6 km till parkeringen.<br\/>P\u00e5 vintern r\u00f6js v\u00e4gen normalt ganska snabbt.<\/p>\n\n<p>Normalt \u00e4r v\u00e4garna ganska snabbt klara f\u00f6r framkomlighet. Under sn\u00f6stormar kan dock v\u00e4gar st\u00e4ngas av i sista minuten &#8211; kontrollera alltid v\u00e4garnas status p\u00e5 <a href=\"https:\/\/umferdin.is\/en\" target=\"_blank\" rel=\"noreferrer noopener nofollow\">Umferdin<\/a>.<\/p>\n\n<p><strong>Organiserade turer<\/strong><br\/>De flesta organiserade turer till Islands skymningskust fr\u00e5n Reykjavik inkluderar ett stopp vid vattenfallet Seljalandsfoss.<br\/><a href=\"https:\/\/www.getyourguide.se\/s\/?q=Reynisfjara%20&amp;customerSearch=true&amp;dur=4&amp;p=1&amp;partner_id=R3GYW4V&amp;cmp=iceland\" target=\"_blank\" rel=\"noreferrer noopener sponsored nofollow\">Se alternativ<\/a>.<\/p>\n\n<figure class=\"wp-block-image size-large\"><img decoding=\"async\" src=\"https:\/\/photos.smugmug.com\/Iceland\/Winter\/South-Coast-in-Winter\/Reynisfjara\/i-7MTttXm\/1\/rw56HqgjQCZVHFq3GkrTdBGVT6ddnqX659ffzfGz\/L\/Reynisfjara_Black_Beach_Iceland-2120-L.jpg\" alt=\"tillfartsv&#xE4;g till Reynisfjara\"\/><\/figure>\n\n<h3 class=\"wp-block-heading\">Parkeringsplats<\/h3>\n\n<p>Det finns en plan parkeringsplats, l\u00e4tt att parkera.<br\/>Du m\u00e5ste betala f\u00f6r att parkera h\u00e4r, och det \u00e4r 1000 ISK per bil. Du beh\u00f6ver dock inte betala f\u00f6r att bes\u00f6ka oss, utan du \u00e4r med och betalar f\u00f6r underh\u00e5llet.<br\/>Det \u00e4r en popul\u00e4r plats, s\u00e5 parkeringen fylls upp, men m\u00e4nniskor stannar inte s\u00e5 l\u00e4nge s\u00e5 det \u00e4r ofta oms\u00e4ttning.<a href=\"https:\/\/claudegrandpeyvolcansetglaciers.com\/2023\/07\/15\/stationnement-payant-sur-la-plage-de-reynisfjara-islande-parking-fee-for-reynisfjara-beach-iceland\/\" target=\"_blank\" rel=\"noreferrer noopener\"><\/a><a href=\"https:\/\/icelandmonitor.mbl.is\/news\/news\/2023\/07\/14\/facility_fee_at_reynisfjara_black_beach\/\" target=\"_blank\" rel=\"noreferrer noopener\"><\/a><\/p>\n\n<figure class=\"wp-block-image size-large\"><img decoding=\"async\" src=\"https:\/\/photos.smugmug.com\/Iceland\/Winter\/South-Coast-in-Winter\/Reynisfjara\/i-TBsWFZK\/1\/Cf6xfRj3NDqCHgJg6RZhPSPmTMGpvnLLSfBQxRW6p\/L\/Reynisfjara_Black_Beach_Iceland-2128-L.jpg\" alt=\"Reynisfjrara parkeringsplats\"\/><figcaption class=\"wp-element-caption\">Reynisfjrara parkeringsplats<\/figcaption><\/figure>\n\n<h2 class=\"wp-block-heading\"><span class=\"ez-toc-section\" id=\"Anvandbara_tips_varaktighet_tidtabeller_svarigheter_etc\"><\/span>Anv\u00e4ndbara tips: varaktighet, tidtabeller, sv\u00e5righeter etc.<span class=\"ez-toc-section-end\"><\/span><\/h2>\n\n<h3 class=\"wp-block-heading\">B\u00e4sta tiden att bes\u00f6ka, \u00f6ppettider och priser<\/h3>\n\n<p>F\u00f6r att undvika tr\u00e4ngseln rekommenderar vi att du bes\u00f6ker oss i b\u00f6rjan eller slutet av dagen.<br\/>F\u00f6r att titta p\u00e5 klipporna eller klippformationerna tittar man \u00f6sterut.<br\/>Men kom ih\u00e5g att dagarna kan vara korta p\u00e5 vintern!<\/p>\n\n<h3 class=\"wp-block-heading\">Bes\u00f6ksl\u00e4ngd och huvudsakliga sv\u00e5righeter<\/h3>\n\n<p>R\u00e4kna med minst 20 minuter, men mer om du \u00e4r fascinerad av utsikten.<br\/>Det \u00e4r l\u00e4tt att ta sig till stranden fr\u00e5n parkeringen och den \u00e4r ganska platt.<\/p>\n\n<p>Var f\u00f6rsiktig, med sn\u00f6 och is p\u00e5 marken kan det vara halt. Vi rekommenderar att du alltid har med dig klossar s\u00e5 att du kan l\u00e4gga till dem i dina skor.  <a href=\"https:\/\/iceland-lovers.com\/sv\/ska-man-ta-med-sig-island-vintern-kompletta-guide\/\" target=\"_blank\" rel=\"noreferrer noopener\">Se v\u00e5r artikel om att packa f\u00f6r vintern.<\/a><\/p>\n\n<p>Sannolikheten f\u00f6r att du beh\u00f6ver stegj\u00e4rn p\u00e5 den h\u00e4r stranden \u00e4r mindre, men f\u00f6r s\u00e4kerhets skull n\u00e4mner vi det.<\/p>\n\n<h3 class=\"wp-block-heading\">Bes\u00f6k med barn<\/h3>\n\n<p>Var f\u00f6rsiktig, v\u00e5gorna kan vara farliga. Vi ska ber\u00e4tta allt om det!<br\/>H\u00e5ll ett \u00f6ga p\u00e5 dina barn och dina mest distraherade vuxna!<\/p>\n\n<figure class=\"wp-block-image size-large\"><img decoding=\"async\" src=\"https:\/\/photos.smugmug.com\/Iceland\/Winter\/South-Coast-in-Winter\/Reynisfjara\/i-PfXpLWr\/2\/Czv6fbLnw68JL96XrdPHZbmHV3ZmNQRX3qN8FBrrH\/L\/Reynisfjara_Black_Beach_Iceland-2130-L.jpg\" alt=\"Restaurang i Reynisfjara\"\/><\/figure>\n\n<h3 class=\"wp-block-heading\">Catering<\/h3>\n\n<p>Det finns ett caf\u00e9\/snackbar precis intill parkeringen.<br\/>Alternativt ligger staden Vik bara 15 minuter bort.<\/p>\n\n<div style=\"margin-top:8%;margin-bottom:8%\" class=\"wp-block-genesis-blocks-gb-container box gb-block-container\"><div class=\"gb-container-inside\"><div class=\"gb-container-content\">\n<div class=\"wp-block-columns inverse is-layout-flex wp-container-core-columns-is-layout-9d6595d7 wp-block-columns-is-layout-flex\">\n<div class=\"wp-block-column texte_planif is-layout-flow wp-block-column-is-layout-flow\" style=\"flex-basis:58%\">\n<h5 class=\"titre_box\" style=\"padding-top:10px\">OF\u00d6RGL\u00d6MLIGA AKTIVITETER P\u00c5 <span class=\"titre_box_manuscrit\"> vintern<\/span> <\/h5>\n\n\n\n<ul class=\"wp-block-list\">\n<li><a href=\"https:\/\/www.getyourguide.se\/s\/?q=iceland+winter+ice+cave&amp;searchSource=3&amp;partner_id=R3GYW4V&amp;cmp=iceland\" target=\"_blank\" rel=\"noreferrer noopener sponsored nofollow\">Bes\u00f6k en isgrotta<\/a><\/li>\n\n\n\n<li><a href=\"https:\/\/www.getyourguide.se\/s\/?q=iceland+winter+glacier+hike&amp;searchSource=3&amp;partner_id=R3GYW4V&amp;cmp=iceland\" target=\"_blank\" rel=\"noreferrer noopener sponsored nofollow\">Vandring p\u00e5 en glaci\u00e4r<\/a><\/li>\n\n\n\n<li><a href=\"https:\/\/www.getyourguide.se\/s\/?q=iceland+whale+watching&amp;searchSource=3&amp;partner_id=R3GYW4V&amp;cmp=iceland\" target=\"_blank\" rel=\"noreferrer noopener sponsored nofollow\">Valsk\u00e5dning<\/a> (fr\u00e5n Reykjavik, Husavik eller Akureyri)<\/li>\n<\/ul>\n<\/div>\n\n\n\n<div class=\"wp-block-column ville-radius is-layout-flow wp-block-column-is-layout-flow\" style=\"flex-basis:42%\">\n<figure class=\"wp-block-image size-large img-portrait\"><img decoding=\"async\" src=\"https:\/\/photos.smugmug.com\/Iceland\/Winter\/South-Coast-in-Winter\/Jokulsarlon\/Blue-ice-cave\/i-46mXBBx\/1\/C87JBB8LhkDnd8m3CHST8wQkDNjkZL4xTSQ8RPfxp\/S\/Jokulsarlon_ice_Caves_Iceland-3750-S.jpg\" alt=\"Isgrotta p&#xE5; Island\" title=\"\"\/><\/figure>\n<\/div>\n<\/div>\n<\/div><\/div><\/div>\n\n<h2 class=\"wp-block-heading\"><span class=\"ez-toc-section\" id=\"Akta_dig_for_vagorna\"><\/span>Akta dig f\u00f6r v\u00e5gorna<span class=\"ez-toc-section-end\"><\/span><\/h2>\n\n<figure class=\"wp-block-image size-large is-resized\"><img decoding=\"async\" src=\"https:\/\/photos.smugmug.com\/Iceland\/Winter\/South-Coast-in-Winter\/Reynisfjara\/i-L9fhLDt\/1\/CWZrTJk5KkXS8kngpBW5PgZn4GXSkxrCcZnSh377z\/L\/Reynisfjara_Black_Beach_Iceland-2132-L.jpg\" alt=\"f&#xF6;rst&#xE5; faran\" style=\"width:702px;height:auto\"\/><\/figure>\n\n<p>Innan vi visar dig platsens sk\u00f6nhet, l\u00e5t oss b\u00f6rja med att varna dig f\u00f6r faran.<br\/>Om du h\u00e5ller dig borta fr\u00e5n vattenlinjen, oroa dig inte, det \u00e4r ingen fara. F\u00f6lj instruktionerna!<br\/>Inte som personen p\u00e5 bilden nedan som fick f\u00f6tterna mycket v\u00e5ta.<br\/>Hur mycket man \u00e4n varnar folk s\u00e5 vill de inte h\u00f6ra det&#8230;<\/p>\n\n<figure class=\"wp-block-image size-large\"><img decoding=\"async\" src=\"https:\/\/photos.smugmug.com\/Iceland\/Winter\/South-Coast-in-Winter\/Reynisfjara\/i-W6b44jW\/1\/7SPvgD3sqXgFqWrgWn5wBV9FxQS5S2cKMJnfKpLF\/L\/Reynisfjara_Black_Beach_Iceland-3637-L.jpg\" alt=\"farliga v&#xE5;gor\"\/><\/figure>\n\n<p>V\u00e5gorna p\u00e5 Reynisfjaras svarta sandstrand utg\u00f6r en stor och potentiellt d\u00f6dlig risk (drunkning) p\u00e5 grund av det fenomen som kallas &#8221;sneaker waves&#8221;. Det \u00e4r oproportionerliga v\u00e5gor som dyker upp utan f\u00f6rvarning efter en serie mindre v\u00e5gor.<br\/>Dessutom skapar den branta sluttningen p\u00e5 stranden ett kraftigt undervattensfl\u00f6de som ytterligare f\u00f6rst\u00e4rker v\u00e5gornas kraft.<\/p>\n\n<p>S\u00e5 h\u00e5ll dig borta fr\u00e5n vattenbrynet, \u00e4ven om v\u00e5gorna inte verkar stiga h\u00f6gre p\u00e5 ett tag!<br\/>Om sanden \u00e4r s\u00e5 svart beror det p\u00e5 att den ofta blir bl\u00f6t!<\/p>\n\n<h2 class=\"wp-block-heading\"><span class=\"ez-toc-section\" id=\"Reynifjara_svart_sandstrand\"><\/span>Reynifjara svart sandstrand<span class=\"ez-toc-section-end\"><\/span><\/h2>\n\n<figure class=\"wp-block-image size-large\"><img decoding=\"async\" src=\"https:\/\/photos.smugmug.com\/Iceland\/Winter\/South-Coast-in-Winter\/Reynisfjara\/i-9KP2sFn\/1\/FGqpGZztMNXTPHXtTpcQBJVQ7PxLtGFfxdHLRHfrg\/L\/Reynisfjara_Black_Beach_Iceland-3642-L.jpg\" alt=\"\"\/><\/figure>\n\n<p>Nu har du allt du beh\u00f6ver f\u00f6r att njuta av platsen.<br\/>Sanden bildas genom erosion av vulkanisk sten och kyld lava och f\u00e5r en djupt svart nyans.<\/p>\n\n<figure class=\"wp-block-image size-large\"><img decoding=\"async\" src=\"https:\/\/photos.smugmug.com\/Iceland\/Winter\/South-Coast-in-Winter\/Reynisfjara\/i-3tJWCMp\/1\/C5H8StMBghKmGS9SvSkJj6DhCDQ8R4Q5JsG3xQVks\/L\/Reynisfjara_Black_Beach_Iceland-2168-L.jpg\" alt=\"l&#xE5;ng sandstrand\"\/><\/figure>\n\n<p>Stranden \u00e4r 3 km l\u00e5ng<br\/>P\u00e5 vintern sticker det svarta ut \u00e4nnu mer mot kontrasten fr\u00e5n den vita sn\u00f6n.<br\/>Reynisfjara \u00e4r en plats med enorm kraft, d\u00e4r v\u00e5gorna sl\u00e5r mot stranden med d\u00e5nande kraft och skickar plymer av vit spray upp i luften. Men mitt i all denna kraft erbjuder den svarta sandstranden stunder av lugn och ro.<\/p>\n\n<h2 class=\"wp-block-heading\"><span class=\"ez-toc-section\" id=\"Grottan_och_basaltpelarna\"><\/span>Grottan och basaltpelarna<span class=\"ez-toc-section-end\"><\/span><\/h2>\n\n<figure class=\"wp-block-image size-large\"><img decoding=\"async\" src=\"https:\/\/photos.smugmug.com\/Iceland\/Winter\/South-Coast-in-Winter\/Reynisfjara\/i-FSjgsqD\/1\/D2bL6jsmVDnWHMZChrT3NVj7mkRxL6c5GPmW2n2N3\/L\/Reynisfjara_Black_Beach_Iceland-3627-L.jpg\" alt=\"Grottan och basaltpelarna\"\/><\/figure>\n\n<p>F\u00f6rutom den svarta sand som finns p\u00e5 andra str\u00e4nder p\u00e5 Island, \u00e4r Reynsifjara s\u00e4rskilt attraktivt f\u00f6r sin H\u00e1lsanefshellir-grotta och de anm\u00e4rkningsv\u00e4rda basaltpelarformationerna p\u00e5 klipporna.<br\/>Du befinner dig vid foten av en imponerande v\u00e4gg av sexkantiga basaltpelare, perfekt formade genom kylning av lavastr\u00f6mmar fr\u00e5n gamla vulkanutbrott. Vissa \u00e4r \u00f6ver 20 meter h\u00f6ga.<br\/>De lutar \u00e5t olika h\u00e5ll, formade av naturen.<\/p>\n\n<h2 class=\"wp-block-heading\"><span class=\"ez-toc-section\" id=\"Marina_pelare\"><\/span>Marina pelare<span class=\"ez-toc-section-end\"><\/span><\/h2>\n\n<figure class=\"wp-block-image size-large\"><img decoding=\"async\" src=\"https:\/\/photos.smugmug.com\/Iceland\/Winter\/South-Coast-in-Winter\/Reynisfjara\/i-qjDQ4jM\/1\/RT5Sj8p3RgG53kRnhdx9Hhf2Lw8PTRNBv2fX5RLB\/L\/Reynisfjara_Black_Beach_Iceland-2147-L.jpg\" alt=\"\"\/><\/figure>\n\n<p>Klippformationerna i vattnet utanf\u00f6r Reynisfjara-stranden \u00e4r ocks\u00e5 en syn att sk\u00e5da. Med utsikt \u00f6ver de brusande v\u00e5gorna st\u00e5r dessa pelare, Reynisdrangar, den h\u00f6gsta n\u00e5r 66 meter och har 3 toppar.<br\/>Dessa stenar var en g\u00e5ng en del av kustklipporna innan de skulpterades av den obevekliga kraften fr\u00e5n Atlantens v\u00e5gor under miljontals \u00e5r.<\/p>\n\n<figure class=\"wp-block-image size-large\"><img decoding=\"async\" src=\"https:\/\/photos.smugmug.com\/Iceland\/Winter\/South-Coast-in-Winter\/Reynisfjara\/i-nBzPqXM\/1\/CpPCJz4CszMkDfbfdDcZFhgg4kZpkTtm8Gk9xhwxZ\/L\/Reynisfjara_Black_Beach_Iceland-2167-L.jpg\" alt=\"\"\/><\/figure>\n\n<p>Dessa klippformationer \u00e4r inte bara visuellt fascinerande, de \u00e4r ocks\u00e5 omgivna av legender i isl\u00e4ndsk folklore. De ber\u00e4ttar historier om troll som f\u00f6rvandlats till sten av den stigande solen.<\/p>\n\n<h2 class=\"wp-block-heading\"><span class=\"ez-toc-section\" id=\"Reyniskirkja_kyrka\"><\/span>Reyniskirkja kyrka<span class=\"ez-toc-section-end\"><\/span><\/h2>\n\n<figure class=\"wp-block-image size-large\"><img decoding=\"async\" src=\"https:\/\/photos.smugmug.com\/Iceland\/Winter\/South-Coast-in-Winter\/Reynisfjara\/i-2VbG9js\/1\/DfwDKz5QsnfPdrfbHXhZDPGXt4mLxzq79nN3pqgnD\/L\/Reynisfjara_Black_Beach_Iceland-2126-L.jpg\" alt=\"Reynisfjara kyrka\"\/><\/figure>\n\n<p>L\u00e4ngs v\u00e4gen till stranden kan du ocks\u00e5 se den lilla Reyniskirkja-kyrkan. Designen \u00e4r enkel men elegant, typisk f\u00f6r Island.<br\/>Kyrkan byggdes i b\u00f6rjan av 1900-talet och dess vita fasad och r\u00f6da tegeltak \u00e4r en attraktiv blickpunkt i det svartvita landskapet.<\/p>\n\n<h2 class=\"wp-block-heading\"><span class=\"ez-toc-section\" id=\"Vanliga_fragor_och_svar\"><\/span>Vanliga fr\u00e5gor och svar<span class=\"ez-toc-section-end\"><\/span><\/h2>\n\n<h3 class=\"wp-block-heading\">Varf\u00f6r kan man inte bada i Reynisfjara?<\/h3>\n\n<p>Att simma eller ens paddla p\u00e5 Reynisfjara-stranden \u00e4r extremt farligt och f\u00f6rbjudet p\u00e5 grund av de kraftiga v\u00e5gorna som pl\u00f6tsligt kan resa sig mycket h\u00f6gt p\u00e5 stranden och svepa m\u00e4nniskor ut i havet.<\/p>\n\n<h3 class=\"wp-block-heading\">Vilka f\u00f6rsiktighets\u00e5tg\u00e4rder b\u00f6r jag vidta i Reynisfjara?<\/h3>\n\n<p>De viktigaste f\u00f6rsiktighets\u00e5tg\u00e4rderna \u00e4r att h\u00e5lla sig p\u00e5 beh\u00f6rigt avst\u00e5nd fr\u00e5n vattenlinjen, aldrig kl\u00e4ttra p\u00e5 stenar n\u00e4ra stranden och f\u00f6lja alla varningsskyltar.<\/p>\n\n<div style=\"margin-top:8%;margin-bottom:8%\" class=\"wp-block-genesis-blocks-gb-container box gb-block-container\"><div class=\"gb-container-inside\"><div class=\"gb-container-content\" style=\"max-width:700px\">\n<div class=\"wp-block-genesis-blocks-gb-container box_titre gb-block-container\"><div class=\"gb-container-inside\"><div class=\"gb-container-content\">\n<h5 class=\"titre_box\"><span>PLANERA<\/span> DIN RESA TILL <span class=\"titre_box_manuscrit\">Island<\/span> P\u00c5 VINTERN<\/h5>\n<\/div><\/div><\/div>\n\n\n\n<hr class=\"wp-block-separator has-text-color has-alpha-channel-opacity has-background is-style-wide hr-box-planif\" style=\"background-color:#ccd3dd;color:#ccd3dd\"\/>\n\n\n\n<div class=\"wp-block-columns box_sans_border is-layout-flex wp-container-core-columns-is-layout-9d6595d7 wp-block-columns-is-layout-flex\">\n<div class=\"wp-block-column texte_planif is-layout-flow wp-block-column-is-layout-flow\" style=\"font-size:14px;flex-basis:60%\">\n<ul class=\"wp-block-list\">\n<li><strong>B\u00e4st av<\/strong><\/li>\n<\/ul>\n\n\n\n<p class=\"ul_box\" style=\"font-size:14px\"><a href=\"https:\/\/iceland-lovers.com\/sv\/landskap-island-vinter-panorama-tips\/\" target=\"_blank\" rel=\"noreferrer noopener\">Landskap p\u00e5 Island p\u00e5 vintern<\/a><br\/><a href=\"https:\/\/iceland-lovers.com\/sv\/sevardheter-island-vintern-attraktioner\/\" target=\"_blank\" rel=\"noreferrer noopener\">Sev\u00e4rdheter p\u00e5 Island p\u00e5 vintern<\/a><br\/><a href=\"https:\/\/iceland-lovers.com\/sv\/vattenfall-island-vinter\/\" target=\"_blank\" rel=\"noreferrer noopener\">De vackraste vattenfallen<\/a><br\/><a href=\"https:\/\/iceland-lovers.com\/sv\/basta-turerna-grottles-is-island\/\" target=\"_blank\" rel=\"noreferrer noopener\">Isgrottor<\/a><br\/><a href=\"https:\/\/iceland-lovers.com\/sv\/basta-utflykter-fran-reykjavik-vintern\/\" target=\"_blank\" rel=\"noreferrer noopener\">B\u00e4sta utflykterna fr\u00e5n Reykjavik<\/a><\/p>\n<\/div>\n\n\n\n<div class=\"wp-block-column is-vertically-aligned-top planif-radius is-layout-flow wp-block-column-is-layout-flow\" style=\"flex-basis:40%\">\n<figure class=\"wp-block-image size-large img-portrait\"><img decoding=\"async\" src=\"https:\/\/photos.smugmug.com\/Iceland\/Winter\/Snaefellsnes\/Arnarstapi\/i-NFX9vCN\/1\/FdwFVJfh4wdx6pTCBdg5vVLNBJf4xph6CrQjkvWvp\/S\/Arnarstapi_Iceland-5203-S.jpg\" alt=\"Island p&#xE5; vintern\" title=\"\"\/><\/figure>\n<\/div>\n<\/div>\n\n\n\n<hr class=\"wp-block-separator has-text-color has-alpha-channel-opacity has-background is-style-wide hr-box-planif\" style=\"background-color:#ccd3dd;color:#ccd3dd\"\/>\n\n\n\n<div class=\"wp-block-columns box_sans_border is-layout-flex wp-container-core-columns-is-layout-9d6595d7 wp-block-columns-is-layout-flex\">\n<div class=\"wp-block-column texte_planif is-layout-flow wp-block-column-is-layout-flow\" style=\"flex-basis:60%\">\n<ul class=\"wp-block-list\">\n<li><strong>Praktiska r\u00e5d<\/strong><\/li>\n<\/ul>\n\n\n\n<p style=\"font-size:14px\"><br\/>Att ta sig runt (kommer snart)<br\/><a href=\"https:\/\/iceland-lovers.com\/sv\/hur-hyr-bil-island-tips-erfarenhet\/\" target=\"_blank\" rel=\"noreferrer noopener\">Hur man hyr en bil p\u00e5 Island<\/a><br\/><a href=\"https:\/\/iceland-lovers.com\/sv\/korning-island-vinter-tips\/\" target=\"_blank\" rel=\"noreferrer noopener\">Tips f\u00f6r vinterk\u00f6rning<\/a><br\/><a href=\"https:\/\/iceland-lovers.com\/sv\/var-man-ska-bo-island-vinter-basta-hotell\/\" target=\"_blank\" rel=\"noreferrer noopener\">Var man kan bo p\u00e5 Island p\u00e5 vintern<\/a><br\/>Resplaner: 3 dagar &#8211; 4 dagar &#8211; 5 dagar &#8211; <a href=\"https:\/\/iceland-lovers.com\/sv\/besok-island-vinter-en-vecka-resvagar\/\" target=\"_blank\" rel=\"noreferrer noopener\">1 vecka<\/a> &#8211; 10 dagar (kommer snart)<br\/><\/p>\n<\/div>\n\n\n\n<div class=\"wp-block-column is-vertically-aligned-top planif-radius is-layout-flow wp-block-column-is-layout-flow\" style=\"flex-basis:40%\">\n<figure class=\"wp-block-image size-large img-portrait\"><img decoding=\"async\" src=\"https:\/\/photos.smugmug.com\/Iceland\/Winter\/Driving\/i-gNPz6JD\/1\/CGfmHQKPwKJcrdGBLqMjkqvmgRwW8fC8FGFKRWX3n\/S\/South_Coast_ring_road_Iceland-2099-S.jpg\" alt=\"Att k&#xF6;ra bil p&#xE5; Island p&#xE5; vintern\" title=\"\"\/><\/figure>\n<\/div>\n<\/div>\n\n\n\n<hr class=\"wp-block-separator has-text-color has-alpha-channel-opacity has-background is-style-wide hr-box-planif\" style=\"background-color:#ccd3dd;color:#ccd3dd\"\/>\n\n\n\n<div class=\"wp-block-columns box_sans_border is-layout-flex wp-container-core-columns-is-layout-9d6595d7 wp-block-columns-is-layout-flex\">\n<div class=\"wp-block-column texte_planif is-layout-flow wp-block-column-is-layout-flow\" style=\"flex-basis:60%\">\n<ul class=\"wp-block-list\">\n<li><strong>Det du m\u00e5ste ha<\/strong><\/li>\n<\/ul>\n\n\n\n<p style=\"font-size:14px\"><a href=\"https:\/\/iceland-lovers.com\/sv\/besok-reykjavik-vintern-sevardheter\/\" target=\"_blank\" rel=\"noreferrer noopener\">Reykjavik p\u00e5 vintern<\/a><br\/><a href=\"https:\/\/iceland-lovers.com\/sv\/sevardheter-gyllene-cirkeln-vintern-att-gora\/\" target=\"_blank\" rel=\"noreferrer noopener\">Gyllene cirkeln p\u00e5 vintern<\/a><br\/><a href=\"https:\/\/iceland-lovers.com\/sv\/sevardheter-syd-island-vinter-attraktioner\/\" target=\"_blank\" rel=\"noreferrer noopener\">Sydkusten p\u00e5 vintern<\/a><a href=\"https:\/\/iceland-lovers.com\/sv\/island-ostra-fjordarna-vinter-sevardheter\/\"><br\/><\/a><a href=\"https:\/\/iceland-lovers.com\/sv\/sevardheter-snaefellsnes-vinter\/\" target=\"_blank\" rel=\"noreferrer noopener\">Snaefellsnes p\u00e5 vintern<\/a><br\/>Silver Circle p\u00e5 vintern (kommer snart)<br\/><a href=\"https:\/\/iceland-lovers.com\/sv\/sjon-myvatn-vinter-sevardheter\/\" target=\"_blank\" rel=\"noreferrer noopener\">Sj\u00f6n Myvatn p\u00e5 vintern<\/a><br\/><a href=\"https:\/\/iceland-lovers.com\/sv\/island-ostra-fjordarna-vinter-sevardheter\/\">\u00d6stra fjordarna p\u00e5 vintern<\/a><br\/><a href=\"https:\/\/iceland-lovers.com\/sv\/vattenfall-seljalandsfoss-vintern\/\" target=\"_blank\" rel=\"noreferrer noopener\">Seljalandsfoss p\u00e5 vintern<\/a><br\/><a href=\"https:\/\/iceland-lovers.com\/sv\/jokulsarlon-vintern\/\" target=\"_blank\" rel=\"noreferrer noopener\">Jokulsarlon p\u00e5 vintern<\/a><br\/><br\/><\/p>\n<\/div>\n\n\n\n<div class=\"wp-block-column is-vertically-aligned-top planif-radius is-layout-flow wp-block-column-is-layout-flow\" style=\"flex-basis:40%\">\n<figure class=\"wp-block-image size-large img-portrait\"><img decoding=\"async\" src=\"https:\/\/photos.smugmug.com\/Iceland\/Winter\/South-Coast-in-Winter\/Skogafoss-Winter\/i-DnzSqr9\/1\/CCWLWFQzNvbCRFMCHkPxzrqHGtsv2GGdfgBrm6thq\/S\/Waterfall_Skogafoss_Iceland-3620-S.jpg\" alt=\"Skogafoss p&#xE5; vintern\" title=\"\"\/><\/figure>\n<\/div>\n<\/div>\n\n\n\n<div style=\"height:30px\" aria-hidden=\"true\" class=\"wp-block-spacer\"><\/div>\n<\/div><\/div><\/div>\n\n<div class=\"wp-block-genesis-blocks-gb-container box_auteur_voyage gb-block-container\"><div class=\"gb-container-inside\"><div class=\"gb-container-content\">\n<figure class=\"wp-block-image size-large img_auteur_voyage img_provisoire\"><img decoding=\"async\" src=\"https:\/\/photos.smugmug.com\/Region-Lovers\/Equipe\/i-nsNF6C6\/0\/Cs2F5n96pkt9xFD9D3SVqmQspMhrKgN75nHgBqmjG\/L\/Claire-L.png\" alt=\"\"\/><\/figure>\n\n\n\n<h5 class=\"titre_auteur_voyage\"><span>HON GJORDE RESAN OCH SKREV ARTIKELN \n <\/span><span class=\"titre_box_manuscrit\">Claire<\/span><\/h5>\n<\/div><\/div><\/div>\n","protected":false},"excerpt":{"rendered":"<p>Uppt\u00e4ck Islands mest k\u00e4nda svarta sandstrand. N\u00e4ra Vik \u00e4r Reynisfjara p\u00e5 vintern en f\u00f6rtrollande plats f\u00f6r att beundra naturens verk!H\u00e4r \u00e4r n\u00e5gra anv\u00e4ndbara tips som hj\u00e4lper dig att f\u00f6rbereda dig inf\u00f6r ditt bes\u00f6k och f\u00e5 en underbar tid! Varf\u00f6r bes\u00f6ka Reynisfjara \u00c4r Reynisfjara v\u00e4rt ett bes\u00f6k? V\u00e5r \u00e5sikt: Reynisfjara \u00e4r definitivt v\u00e4rt ett bes\u00f6k f\u00f6r [&hellip;]<\/p>\n","protected":false},"author":1,"featured_media":734,"comment_status":"closed","ping_status":"closed","sticky":false,"template":"","format":"standard","meta":{"_genesis_hide_title":false,"_genesis_hide_breadcrumbs":false,"_genesis_hide_singular_image":false,"_genesis_hide_footer_widgets":false,"_genesis_custom_body_class":"","_genesis_custom_post_class":"","_genesis_layout":"","footnotes":""},"categories":[44],"tags":[],"class_list":{"0":"post-742","1":"post","2":"type-post","3":"status-publish","4":"format-standard","5":"has-post-thumbnail","7":"category-vintern","8":"entry"},"yoast_head":"<!-- This site is optimized with the Yoast SEO plugin v27.2 - https:\/\/yoast.com\/product\/yoast-seo-wordpress\/ -->\n<title>Reynisfjara svart sandstrand p\u00e5 vintern (Island): tips<\/title>\n<meta name=\"description\" content=\"Alla v\u00e5ra tips f\u00f6r att bes\u00f6ka den svarta sandstranden Reynisfjara p\u00e5 vintern (Island) med sina basaltpelare\" \/>\n<meta name=\"robots\" content=\"index, follow, max-snippet:-1, max-image-preview:large, max-video-preview:-1\" \/>\n<link rel=\"canonical\" href=\"https:\/\/iceland-lovers.com\/sv\/svart-strand-reynisfjara-vinter\/\" \/>\n<meta property=\"og:locale\" content=\"sv_SE\" \/>\n<meta property=\"og:type\" content=\"article\" \/>\n<meta property=\"og:title\" content=\"Reynisfjara svart sandstrand p\u00e5 vintern (Island): tips\" \/>\n<meta property=\"og:description\" content=\"Alla v\u00e5ra tips f\u00f6r att bes\u00f6ka den svarta sandstranden Reynisfjara p\u00e5 vintern (Island) med sina basaltpelare\" \/>\n<meta property=\"og:url\" content=\"https:\/\/iceland-lovers.com\/sv\/svart-strand-reynisfjara-vinter\/\" \/>\n<meta property=\"og:site_name\" content=\"Iceland Lovers\" \/>\n<meta property=\"article:published_time\" content=\"2024-06-10T07:13:55+00:00\" \/>\n<meta property=\"article:modified_time\" content=\"2024-06-14T20:49:53+00:00\" \/>\n<meta property=\"og:image\" content=\"https:\/\/iceland-lovers.com\/wp-content\/uploads\/2024\/06\/Reynisfjara-pa-vintern-Island.jpeg\" \/>\n\t<meta property=\"og:image:width\" content=\"800\" \/>\n\t<meta property=\"og:image:height\" content=\"600\" \/>\n\t<meta property=\"og:image:type\" content=\"image\/jpeg\" \/>\n<meta name=\"author\" content=\"Claire\" \/>\n<meta name=\"twitter:card\" content=\"summary_large_image\" \/>\n<meta name=\"twitter:label1\" content=\"Skriven av\" \/>\n\t<meta name=\"twitter:data1\" content=\"Claire\" \/>\n\t<meta name=\"twitter:label2\" content=\"Ber\u00e4knad l\u00e4stid\" \/>\n\t<meta name=\"twitter:data2\" content=\"6 minuter\" \/>\n<script type=\"application\/ld+json\" class=\"yoast-schema-graph\">{\"@context\":\"https:\/\/schema.org\",\"@graph\":[{\"@type\":\"Article\",\"@id\":\"https:\/\/iceland-lovers.com\/sv\/svart-strand-reynisfjara-vinter\/#article\",\"isPartOf\":{\"@id\":\"https:\/\/iceland-lovers.com\/sv\/svart-strand-reynisfjara-vinter\/\"},\"author\":{\"name\":\"Claire\",\"@id\":\"https:\/\/iceland-lovers.com\/sv\/#\/schema\/person\/99f50c0c6981832bc8c168071e92df44\"},\"headline\":\"Reynisfjara svart sandstrand p\u00e5 vintern (Island): tips\",\"datePublished\":\"2024-06-10T07:13:55+00:00\",\"dateModified\":\"2024-06-14T20:49:53+00:00\",\"mainEntityOfPage\":{\"@id\":\"https:\/\/iceland-lovers.com\/sv\/svart-strand-reynisfjara-vinter\/\"},\"wordCount\":1117,\"publisher\":{\"@id\":\"https:\/\/iceland-lovers.com\/sv\/#organization\"},\"image\":{\"@id\":\"https:\/\/iceland-lovers.com\/sv\/svart-strand-reynisfjara-vinter\/#primaryimage\"},\"thumbnailUrl\":\"https:\/\/iceland-lovers.com\/wp-content\/uploads\/2024\/06\/Reynisfjara-pa-vintern-Island.jpeg\",\"articleSection\":[\"Island p\u00e5 vintern\"],\"inLanguage\":\"sv-SE\"},{\"@type\":\"WebPage\",\"@id\":\"https:\/\/iceland-lovers.com\/sv\/svart-strand-reynisfjara-vinter\/\",\"url\":\"https:\/\/iceland-lovers.com\/sv\/svart-strand-reynisfjara-vinter\/\",\"name\":\"Reynisfjara svart sandstrand p\u00e5 vintern (Island): tips\",\"isPartOf\":{\"@id\":\"https:\/\/iceland-lovers.com\/sv\/#website\"},\"primaryImageOfPage\":{\"@id\":\"https:\/\/iceland-lovers.com\/sv\/svart-strand-reynisfjara-vinter\/#primaryimage\"},\"image\":{\"@id\":\"https:\/\/iceland-lovers.com\/sv\/svart-strand-reynisfjara-vinter\/#primaryimage\"},\"thumbnailUrl\":\"https:\/\/iceland-lovers.com\/wp-content\/uploads\/2024\/06\/Reynisfjara-pa-vintern-Island.jpeg\",\"datePublished\":\"2024-06-10T07:13:55+00:00\",\"dateModified\":\"2024-06-14T20:49:53+00:00\",\"description\":\"Alla v\u00e5ra tips f\u00f6r att bes\u00f6ka den svarta sandstranden Reynisfjara p\u00e5 vintern (Island) med sina basaltpelare\",\"breadcrumb\":{\"@id\":\"https:\/\/iceland-lovers.com\/sv\/svart-strand-reynisfjara-vinter\/#breadcrumb\"},\"inLanguage\":\"sv-SE\",\"potentialAction\":[{\"@type\":\"ReadAction\",\"target\":[\"https:\/\/iceland-lovers.com\/sv\/svart-strand-reynisfjara-vinter\/\"]}]},{\"@type\":\"ImageObject\",\"inLanguage\":\"sv-SE\",\"@id\":\"https:\/\/iceland-lovers.com\/sv\/svart-strand-reynisfjara-vinter\/#primaryimage\",\"url\":\"https:\/\/iceland-lovers.com\/wp-content\/uploads\/2024\/06\/Reynisfjara-pa-vintern-Island.jpeg\",\"contentUrl\":\"https:\/\/iceland-lovers.com\/wp-content\/uploads\/2024\/06\/Reynisfjara-pa-vintern-Island.jpeg\",\"width\":800,\"height\":600,\"caption\":\"Reynisfjara pa vintern Island\"},{\"@type\":\"BreadcrumbList\",\"@id\":\"https:\/\/iceland-lovers.com\/sv\/svart-strand-reynisfjara-vinter\/#breadcrumb\",\"itemListElement\":[{\"@type\":\"ListItem\",\"position\":1,\"name\":\"Accueil\",\"item\":\"https:\/\/iceland-lovers.com\/sv\/\"},{\"@type\":\"ListItem\",\"position\":2,\"name\":\"Island p\u00e5 vintern\",\"item\":\"https:\/\/iceland-lovers.com\/sv\/vintern\/\"},{\"@type\":\"ListItem\",\"position\":3,\"name\":\"Reynisfjara svart sandstrand p\u00e5 vintern (Island): tips\"}]},{\"@type\":\"WebSite\",\"@id\":\"https:\/\/iceland-lovers.com\/sv\/#website\",\"url\":\"https:\/\/iceland-lovers.com\/sv\/\",\"name\":\"Iceland Lovers\",\"description\":\"Le Blog de Claire et Manu\",\"publisher\":{\"@id\":\"https:\/\/iceland-lovers.com\/sv\/#organization\"},\"potentialAction\":[{\"@type\":\"SearchAction\",\"target\":{\"@type\":\"EntryPoint\",\"urlTemplate\":\"https:\/\/iceland-lovers.com\/sv\/?s={search_term_string}\"},\"query-input\":{\"@type\":\"PropertyValueSpecification\",\"valueRequired\":true,\"valueName\":\"search_term_string\"}}],\"inLanguage\":\"sv-SE\"},{\"@type\":\"Organization\",\"@id\":\"https:\/\/iceland-lovers.com\/sv\/#organization\",\"name\":\"Iceland Lovers\",\"url\":\"https:\/\/iceland-lovers.com\/sv\/\",\"logo\":{\"@type\":\"ImageObject\",\"inLanguage\":\"sv-SE\",\"@id\":\"https:\/\/iceland-lovers.com\/sv\/#\/schema\/logo\/image\/\",\"url\":\"https:\/\/iceland-lovers.com\/wp-content\/uploads\/2024\/05\/cropped-Iceland-Lovers-Logos-RVB_Principal-bicolore.png\",\"contentUrl\":\"https:\/\/iceland-lovers.com\/wp-content\/uploads\/2024\/05\/cropped-Iceland-Lovers-Logos-RVB_Principal-bicolore.png\",\"width\":2326,\"height\":501,\"caption\":\"Iceland Lovers\"},\"image\":{\"@id\":\"https:\/\/iceland-lovers.com\/sv\/#\/schema\/logo\/image\/\"}},{\"@type\":\"Person\",\"@id\":\"https:\/\/iceland-lovers.com\/sv\/#\/schema\/person\/99f50c0c6981832bc8c168071e92df44\",\"name\":\"Claire\",\"image\":{\"@type\":\"ImageObject\",\"inLanguage\":\"sv-SE\",\"@id\":\"https:\/\/secure.gravatar.com\/avatar\/e3566233826c32de8d7c9ef726a1087654b12cadb092acc17ee1d357687192ff?s=96&d=mm&r=g\",\"url\":\"https:\/\/secure.gravatar.com\/avatar\/e3566233826c32de8d7c9ef726a1087654b12cadb092acc17ee1d357687192ff?s=96&d=mm&r=g\",\"contentUrl\":\"https:\/\/secure.gravatar.com\/avatar\/e3566233826c32de8d7c9ef726a1087654b12cadb092acc17ee1d357687192ff?s=96&d=mm&r=g\",\"caption\":\"Claire\"},\"sameAs\":[\"https:\/\/iceland-lovers.com\/claire-robinson\/\"],\"url\":\"https:\/\/iceland-lovers.com\/sv\/author\/icelandlovers\/\"}]}<\/script>\n<!-- \/ Yoast SEO plugin. -->","yoast_head_json":{"title":"Reynisfjara svart sandstrand p\u00e5 vintern (Island): tips","description":"Alla v\u00e5ra tips f\u00f6r att bes\u00f6ka den svarta sandstranden Reynisfjara p\u00e5 vintern (Island) med sina basaltpelare","robots":{"index":"index","follow":"follow","max-snippet":"max-snippet:-1","max-image-preview":"max-image-preview:large","max-video-preview":"max-video-preview:-1"},"canonical":"https:\/\/iceland-lovers.com\/sv\/svart-strand-reynisfjara-vinter\/","og_locale":"sv_SE","og_type":"article","og_title":"Reynisfjara svart sandstrand p\u00e5 vintern (Island): tips","og_description":"Alla v\u00e5ra tips f\u00f6r att bes\u00f6ka den svarta sandstranden Reynisfjara p\u00e5 vintern (Island) med sina basaltpelare","og_url":"https:\/\/iceland-lovers.com\/sv\/svart-strand-reynisfjara-vinter\/","og_site_name":"Iceland Lovers","article_published_time":"2024-06-10T07:13:55+00:00","article_modified_time":"2024-06-14T20:49:53+00:00","og_image":[{"width":800,"height":600,"url":"https:\/\/iceland-lovers.com\/wp-content\/uploads\/2024\/06\/Reynisfjara-pa-vintern-Island.jpeg","type":"image\/jpeg"}],"author":"Claire","twitter_card":"summary_large_image","twitter_misc":{"Skriven av":"Claire","Ber\u00e4knad l\u00e4stid":"6 minuter"},"schema":{"@context":"https:\/\/schema.org","@graph":[{"@type":"Article","@id":"https:\/\/iceland-lovers.com\/sv\/svart-strand-reynisfjara-vinter\/#article","isPartOf":{"@id":"https:\/\/iceland-lovers.com\/sv\/svart-strand-reynisfjara-vinter\/"},"author":{"name":"Claire","@id":"https:\/\/iceland-lovers.com\/sv\/#\/schema\/person\/99f50c0c6981832bc8c168071e92df44"},"headline":"Reynisfjara svart sandstrand p\u00e5 vintern (Island): tips","datePublished":"2024-06-10T07:13:55+00:00","dateModified":"2024-06-14T20:49:53+00:00","mainEntityOfPage":{"@id":"https:\/\/iceland-lovers.com\/sv\/svart-strand-reynisfjara-vinter\/"},"wordCount":1117,"publisher":{"@id":"https:\/\/iceland-lovers.com\/sv\/#organization"},"image":{"@id":"https:\/\/iceland-lovers.com\/sv\/svart-strand-reynisfjara-vinter\/#primaryimage"},"thumbnailUrl":"https:\/\/iceland-lovers.com\/wp-content\/uploads\/2024\/06\/Reynisfjara-pa-vintern-Island.jpeg","articleSection":["Island p\u00e5 vintern"],"inLanguage":"sv-SE"},{"@type":"WebPage","@id":"https:\/\/iceland-lovers.com\/sv\/svart-strand-reynisfjara-vinter\/","url":"https:\/\/iceland-lovers.com\/sv\/svart-strand-reynisfjara-vinter\/","name":"Reynisfjara svart sandstrand p\u00e5 vintern (Island): tips","isPartOf":{"@id":"https:\/\/iceland-lovers.com\/sv\/#website"},"primaryImageOfPage":{"@id":"https:\/\/iceland-lovers.com\/sv\/svart-strand-reynisfjara-vinter\/#primaryimage"},"image":{"@id":"https:\/\/iceland-lovers.com\/sv\/svart-strand-reynisfjara-vinter\/#primaryimage"},"thumbnailUrl":"https:\/\/iceland-lovers.com\/wp-content\/uploads\/2024\/06\/Reynisfjara-pa-vintern-Island.jpeg","datePublished":"2024-06-10T07:13:55+00:00","dateModified":"2024-06-14T20:49:53+00:00","description":"Alla v\u00e5ra tips f\u00f6r att bes\u00f6ka den svarta sandstranden Reynisfjara p\u00e5 vintern (Island) med sina basaltpelare","breadcrumb":{"@id":"https:\/\/iceland-lovers.com\/sv\/svart-strand-reynisfjara-vinter\/#breadcrumb"},"inLanguage":"sv-SE","potentialAction":[{"@type":"ReadAction","target":["https:\/\/iceland-lovers.com\/sv\/svart-strand-reynisfjara-vinter\/"]}]},{"@type":"ImageObject","inLanguage":"sv-SE","@id":"https:\/\/iceland-lovers.com\/sv\/svart-strand-reynisfjara-vinter\/#primaryimage","url":"https:\/\/iceland-lovers.com\/wp-content\/uploads\/2024\/06\/Reynisfjara-pa-vintern-Island.jpeg","contentUrl":"https:\/\/iceland-lovers.com\/wp-content\/uploads\/2024\/06\/Reynisfjara-pa-vintern-Island.jpeg","width":800,"height":600,"caption":"Reynisfjara pa vintern Island"},{"@type":"BreadcrumbList","@id":"https:\/\/iceland-lovers.com\/sv\/svart-strand-reynisfjara-vinter\/#breadcrumb","itemListElement":[{"@type":"ListItem","position":1,"name":"Accueil","item":"https:\/\/iceland-lovers.com\/sv\/"},{"@type":"ListItem","position":2,"name":"Island p\u00e5 vintern","item":"https:\/\/iceland-lovers.com\/sv\/vintern\/"},{"@type":"ListItem","position":3,"name":"Reynisfjara svart sandstrand p\u00e5 vintern (Island): tips"}]},{"@type":"WebSite","@id":"https:\/\/iceland-lovers.com\/sv\/#website","url":"https:\/\/iceland-lovers.com\/sv\/","name":"Iceland Lovers","description":"Le Blog de Claire et Manu","publisher":{"@id":"https:\/\/iceland-lovers.com\/sv\/#organization"},"potentialAction":[{"@type":"SearchAction","target":{"@type":"EntryPoint","urlTemplate":"https:\/\/iceland-lovers.com\/sv\/?s={search_term_string}"},"query-input":{"@type":"PropertyValueSpecification","valueRequired":true,"valueName":"search_term_string"}}],"inLanguage":"sv-SE"},{"@type":"Organization","@id":"https:\/\/iceland-lovers.com\/sv\/#organization","name":"Iceland Lovers","url":"https:\/\/iceland-lovers.com\/sv\/","logo":{"@type":"ImageObject","inLanguage":"sv-SE","@id":"https:\/\/iceland-lovers.com\/sv\/#\/schema\/logo\/image\/","url":"https:\/\/iceland-lovers.com\/wp-content\/uploads\/2024\/05\/cropped-Iceland-Lovers-Logos-RVB_Principal-bicolore.png","contentUrl":"https:\/\/iceland-lovers.com\/wp-content\/uploads\/2024\/05\/cropped-Iceland-Lovers-Logos-RVB_Principal-bicolore.png","width":2326,"height":501,"caption":"Iceland Lovers"},"image":{"@id":"https:\/\/iceland-lovers.com\/sv\/#\/schema\/logo\/image\/"}},{"@type":"Person","@id":"https:\/\/iceland-lovers.com\/sv\/#\/schema\/person\/99f50c0c6981832bc8c168071e92df44","name":"Claire","image":{"@type":"ImageObject","inLanguage":"sv-SE","@id":"https:\/\/secure.gravatar.com\/avatar\/e3566233826c32de8d7c9ef726a1087654b12cadb092acc17ee1d357687192ff?s=96&d=mm&r=g","url":"https:\/\/secure.gravatar.com\/avatar\/e3566233826c32de8d7c9ef726a1087654b12cadb092acc17ee1d357687192ff?s=96&d=mm&r=g","contentUrl":"https:\/\/secure.gravatar.com\/avatar\/e3566233826c32de8d7c9ef726a1087654b12cadb092acc17ee1d357687192ff?s=96&d=mm&r=g","caption":"Claire"},"sameAs":["https:\/\/iceland-lovers.com\/claire-robinson\/"],"url":"https:\/\/iceland-lovers.com\/sv\/author\/icelandlovers\/"}]}},"featured_image_src":"https:\/\/iceland-lovers.com\/wp-content\/uploads\/2024\/06\/Reynisfjara-pa-vintern-Island-600x400.jpeg","featured_image_src_square":"https:\/\/iceland-lovers.com\/wp-content\/uploads\/2024\/06\/Reynisfjara-pa-vintern-Island-600x600.jpeg","author_info":{"display_name":"Claire","author_link":"https:\/\/iceland-lovers.com\/sv\/author\/icelandlovers\/"},"_links":{"self":[{"href":"https:\/\/iceland-lovers.com\/sv\/wp-json\/wp\/v2\/posts\/742","targetHints":{"allow":["GET"]}}],"collection":[{"href":"https:\/\/iceland-lovers.com\/sv\/wp-json\/wp\/v2\/posts"}],"about":[{"href":"https:\/\/iceland-lovers.com\/sv\/wp-json\/wp\/v2\/types\/post"}],"author":[{"embeddable":true,"href":"https:\/\/iceland-lovers.com\/sv\/wp-json\/wp\/v2\/users\/1"}],"replies":[{"embeddable":true,"href":"https:\/\/iceland-lovers.com\/sv\/wp-json\/wp\/v2\/comments?post=742"}],"version-history":[{"count":0,"href":"https:\/\/iceland-lovers.com\/sv\/wp-json\/wp\/v2\/posts\/742\/revisions"}],"wp:featuredmedia":[{"embeddable":true,"href":"https:\/\/iceland-lovers.com\/sv\/wp-json\/wp\/v2\/media\/734"}],"wp:attachment":[{"href":"https:\/\/iceland-lovers.com\/sv\/wp-json\/wp\/v2\/media?parent=742"}],"wp:term":[{"taxonomy":"category","embeddable":true,"href":"https:\/\/iceland-lovers.com\/sv\/wp-json\/wp\/v2\/categories?post=742"},{"taxonomy":"post_tag","embeddable":true,"href":"https:\/\/iceland-lovers.com\/sv\/wp-json\/wp\/v2\/tags?post=742"}],"curies":[{"name":"wp","href":"https:\/\/api.w.org\/{rel}","templated":true}]}}