{"id":4299,"date":"2026-04-30T11:58:38","date_gmt":"2026-04-30T09:58:38","guid":{"rendered":"https:\/\/iceland-lovers.com\/partir-islande-juin-meteo-temperatures\/"},"modified":"2026-04-30T13:37:34","modified_gmt":"2026-04-30T11:37:34","slug":"resa-island-juni-vader-temperatur","status":"publish","type":"post","link":"https:\/\/iceland-lovers.com\/sv\/resa-island-juni-vader-temperatur\/","title":{"rendered":"Island i juni: v\u00e5r kompletta guide!"},"content":{"rendered":"\n<p>Vill du \u00e5ka till <strong>Island i juni<\/strong>?<br\/>Ta reda p\u00e5 om regionen passar dig vid den h\u00e4r tiden p\u00e5 \u00e5ret med v\u00e5r omfattande guide om klimat, resef\u00f6rh\u00e5llanden, folksamlingar, priser, sev\u00e4rdheter och evenemang.<\/p>\n\n<figure class=\"wp-block-image size-full\"><img decoding=\"async\" src=\"https:\/\/iceland-lovers.com\/wp-content\/uploads\/2026\/04\/Island-i-juni-vader-temperatur.jpg\" alt=\"&#xC5;ka till Island i juni meteotemperatur\" class=\"wp-image-4101\"\/><\/figure>\n\n<p>Detta \u00e4r en helt <strong>oberoende<\/strong> \u00e5sikt, baserad p\u00e5 v\u00e5r egen erfarenhet. Vi bes\u00f6kte regionen anonymt, gjorde v\u00e5ra egna val och betalade v\u00e5ra r\u00e4kningar till fullo.<\/p>\n\n<div style=\"padding-left:5%\" class=\"wp-block-genesis-blocks-gb-container box gb-block-container\"><div class=\"gb-container-inside\"><div class=\"gb-container-content\">\n<p class=\"titre_box_manuscrit\">Inneh\u00e5ll<\/p>\n\n\n\n<div class=\"wp-block-genesis-blocks-gb-container gb-block-container\"><div class=\"gb-container-inside\"><div class=\"gb-container-content\"><div id=\"ez-toc-container\" class=\"ez-toc-v2_0_82_2 counter-hierarchy ez-toc-counter ez-toc-custom ez-toc-container-direction\">\n<div class=\"ez-toc-title-container\">\n<span class=\"ez-toc-title-toggle\"><\/span><\/div>\n<nav><ul class='ez-toc-list ez-toc-list-level-1 ' ><li class='ez-toc-page-1 ez-toc-heading-level-2'><a class=\"ez-toc-link ez-toc-heading-1\" href=\"https:\/\/iceland-lovers.com\/sv\/resa-island-juni-vader-temperatur\/#Aker_till_Island_i_juni_snabba_svar\" >\u00c5ker till Island i juni: snabba svar<\/a><\/li><li class='ez-toc-page-1 ez-toc-heading-level-2'><a class=\"ez-toc-link ez-toc-heading-2\" href=\"https:\/\/iceland-lovers.com\/sv\/resa-island-juni-vader-temperatur\/#De_storsta_sevardheterna_pa_Island_i_juni\" >De st\u00f6rsta sev\u00e4rdheterna p\u00e5 Island i juni<\/a><\/li><li class='ez-toc-page-1 ez-toc-heading-level-2'><a class=\"ez-toc-link ez-toc-heading-3\" href=\"https:\/\/iceland-lovers.com\/sv\/resa-island-juni-vader-temperatur\/#Klimat_pa_Island_i_juni_%E2%80%93_vaderprognos\" >Klimat p\u00e5 Island i juni &#8211; v\u00e4derprognos<\/a><\/li><li class='ez-toc-page-1 ez-toc-heading-level-2'><a class=\"ez-toc-link ez-toc-heading-4\" href=\"https:\/\/iceland-lovers.com\/sv\/resa-island-juni-vader-temperatur\/#Regn_och_vind\" >Regn och vind<\/a><\/li><li class='ez-toc-page-1 ez-toc-heading-level-2'><a class=\"ez-toc-link ez-toc-heading-5\" href=\"https:\/\/iceland-lovers.com\/sv\/resa-island-juni-vader-temperatur\/#Solsken_midnattssol_och_norrsken\" >Solsken, midnattssol och norrsken<\/a><\/li><li class='ez-toc-page-1 ez-toc-heading-level-2'><a class=\"ez-toc-link ez-toc-heading-6\" href=\"https:\/\/iceland-lovers.com\/sv\/resa-island-juni-vader-temperatur\/#Folkmassor_och_andra_forhallanden\" >Folkmassor och andra f\u00f6rh\u00e5llanden<\/a><\/li><li class='ez-toc-page-1 ez-toc-heading-level-2'><a class=\"ez-toc-link ez-toc-heading-7\" href=\"https:\/\/iceland-lovers.com\/sv\/resa-island-juni-vader-temperatur\/#Vilda_djur_i_juni\" >Vilda djur i juni<\/a><\/li><li class='ez-toc-page-1 ez-toc-heading-level-2'><a class=\"ez-toc-link ez-toc-heading-8\" href=\"https:\/\/iceland-lovers.com\/sv\/resa-island-juni-vader-temperatur\/#Evenemang_i_juni_pa_Island\" >Evenemang i juni p\u00e5 Island<\/a><\/li><li class='ez-toc-page-1 ez-toc-heading-level-2'><a class=\"ez-toc-link ez-toc-heading-9\" href=\"https:\/\/iceland-lovers.com\/sv\/resa-island-juni-vader-temperatur\/#Priser_i_juni\" >Priser i juni<\/a><\/li><li class='ez-toc-page-1 ez-toc-heading-level-2'><a class=\"ez-toc-link ez-toc-heading-10\" href=\"https:\/\/iceland-lovers.com\/sv\/resa-island-juni-vader-temperatur\/#Ovriga_manader\" >\u00d6vriga m\u00e5nader<\/a><\/li><\/ul><\/nav><\/div>\n\n<\/div><\/div><\/div>\n<\/div><\/div><\/div>\n\n<p><\/p>\n\n<h2 class=\"wp-block-heading\"><span class=\"ez-toc-section\" id=\"Aker_till_Island_i_juni_snabba_svar\"><\/span>\u00c5ker till Island i juni: snabba svar<span class=\"ez-toc-section-end\"><\/span><\/h2>\n\n<h3 class=\"wp-block-heading\">\u00c4r v\u00e4dret bra p\u00e5 Island i juni? \u00c4r detta en bra tid att bes\u00f6ka?<\/h3>\n\n<p>Juni \u00e4r en av de b\u00e4sta m\u00e5naderna f\u00f6r att bes\u00f6ka Island. Dagarna \u00e4r mycket l\u00e5nga med midnattssol, termometern visar milda temperaturer f\u00f6r landet och de flesta v\u00e4gar \u00e4r \u00f6ppna, inklusive de i Highlands. Vi gillar den h\u00e4r perioden eftersom den ger oss m\u00f6jlighet att utforska \u00f6n under gynnsamma f\u00f6rh\u00e5llanden.  <\/p>\n\n<p>Det \u00e4r ocks\u00e5 b\u00f6rjan p\u00e5 h\u00f6gs\u00e4songen f\u00f6r turister: bes\u00f6kare str\u00f6mmar till i massor, s\u00e4rskilt till s\u00f6der och Gyllene cirkeln, och priserna stiger i enlighet med detta.<\/p>\n\n<figure class=\"wp-block-image size-large\"><img decoding=\"async\" src=\"https:\/\/photos.smugmug.com\/Iceland\/Snaefellsnes\/Extra\/i-Svf4TXG\/0\/L8GFCNVRZ2XmQW4xF9j2L7pGWkXWTTRk26HHZtn8J\/L\/Svodufoss-L.jpg\" alt=\"Island i juni - &#xE4;r det en bra tid?\"\/><\/figure>\n\n<div style=\"background-color:#ffffff;margin-top:8%;margin-bottom:8%\" class=\"wp-block-genesis-blocks-gb-container box gb-block-container\"><div class=\"gb-container-inside\"><div class=\"gb-container-content\" style=\"max-width:700px\">\n<div class=\"wp-block-columns is-not-stacked-on-mobile texte_planif has-background is-layout-flex wp-container-core-columns-is-layout-9d6595d7 wp-block-columns-is-layout-flex\" style=\"background-color:#06aec417\">\n<div class=\"wp-block-column img_icone is-layout-flow wp-block-column-is-layout-flow\" style=\"flex-basis:25%\"><div class=\"wp-block-image image_icone\">\n<figure class=\"aligncenter size-full is-resized\"><img loading=\"lazy\" decoding=\"async\" width=\"400\" height=\"400\" src=\"https:\/\/iceland-lovers.com\/wp-content\/uploads\/2026\/01\/iceland-plane.png\" alt=\"Island plan\" class=\"wp-image-3771\" style=\"object-fit:cover;width:100px;height:100px\" srcset=\"https:\/\/iceland-lovers.com\/wp-content\/uploads\/2026\/01\/iceland-plane.png 400w, https:\/\/iceland-lovers.com\/wp-content\/uploads\/2026\/01\/iceland-plane-300x300.png 300w, https:\/\/iceland-lovers.com\/wp-content\/uploads\/2026\/01\/iceland-plane-150x150.png 150w, https:\/\/iceland-lovers.com\/wp-content\/uploads\/2026\/01\/iceland-plane-75x75.png 75w\" sizes=\"auto, (max-width: 400px) 100vw, 400px\" \/><\/figure>\n<\/div><\/div>\n\n\n\n<div class=\"wp-block-column is-vertically-aligned-center paragraphe_une is-layout-flow wp-block-column-is-layout-flow\" style=\"flex-basis:90%\">\n<p style=\"font-size:16px\">Det \u00e4r dags att boka!<br\/><a href=\"https:\/\/skyscanner.pxf.io\/dONaXy\" target=\"_blank\" rel=\"noreferrer noopener sponsored nofollow\"><strong>J\u00e4mf\u00f6r allt:<\/strong> bolag, priser, tidtabeller och tillg\u00e4nglighet.<\/a><\/p>\n<\/div>\n<\/div>\n<\/div><\/div><\/div>\n\n<h3 class=\"wp-block-heading\">Resa till Island i juni: sammanfattning av f\u00f6rh\u00e5llandena<\/h3>\n\n<p><strong>Temperaturer<\/strong><\/p>\n\n<p>P\u00e5 sydkusten och i Reykjavik varierar termometern mellan 8\u00b0C (46\u00b0F) och 13\u00b0C (55\u00b0F) under dagen. I norr, runt Akureyri, \u00e4r medelv\u00e4rdena liknande, ibland n\u00e5got svalare.  <\/p>\n\n<p><strong>Folksamlingar och priser<\/strong><\/p>\n\n<p>I juni inleds h\u00f6gs\u00e4songen. Ber\u00f6mda platser som Gyllene cirkeln, Reynisfjara-stranden och J\u00f6kuls\u00e1rl\u00f3n-lagunen lockar ett stort antal bes\u00f6kare. Vi rekommenderar att du bokar boende och aktiviteter i god tid.  <\/p>\n\n<figure class=\"wp-block-image size-large\"><img decoding=\"async\" src=\"https:\/\/photos.smugmug.com\/Iceland\/Golden-Circle\/Oxararfoss-Thingvellir\/i-HQ5w29r\/0\/KXgzs2t8SwVx8QjtZWrnCCg6JpwLx9Q7xf27xNcWC\/L\/Oxararfoss-08-L.jpg\" alt=\"^Fotografier vid Oxararfoss\"\/><\/figure>\n\n<p><strong>Villkor f\u00f6r \u00f6ppnande<\/strong><\/p>\n\n<p>I juni var n\u00e4stan alla v\u00e4gar \u00f6ppna, inklusive Hautes Terres-sp\u00e5ren (F-v\u00e4garna), som gradvis blev tillg\u00e4ngliga under m\u00e5nadens lopp. Vissa pister p\u00e5 h\u00f6g h\u00f6jd kan f\u00f6rbli st\u00e4ngda i b\u00f6rjan av m\u00e5naden beroende p\u00e5 sn\u00f6f\u00f6rh\u00e5llandena. Vi rekommenderar att du konsulterar <a href=\"https:\/\/umferdin.is\/en\" target=\"_blank\" rel=\"noreferrer noopener\">webbplatsen road.is<\/a> innan du planerar en rutt i inlandet. Attraktioner, museer, restauranger och hotell \u00e4r i full g\u00e5ng.<\/p>\n\n<p><strong>Dagens l\u00e4ngd<\/strong><\/p>\n\n<p>I juni upplever Island fenomenet midnattssol. Solen g\u00e5r n\u00e4stan aldrig ner: dagsljuset varar i cirka 21 till 24 timmar med kontinuerligt ljus. Runt sommarsolst\u00e5ndet, omkring den 21 juni, skrapar solen knappt horisonten innan den stiger igen. Detta ger dig n\u00e4stan obegr\u00e4nsad tid att utforska. Men ta dig \u00e4nd\u00e5 tid att sova!<\/p>\n\n<figure class=\"wp-block-image size-large\"><img decoding=\"async\" src=\"https:\/\/photos.smugmug.com\/Iceland\/South-Coast\/Diamond-Beach\/i-HLdT4gR\/0\/NFxr9BdvfmhW96XGxbd7B3FQNgRbDnm9WtDvXmph9\/L\/Diamond_beach-090-L.jpg\" alt=\"Diamond Beach\"\/><\/figure>\n\n<div style=\"background-color:#e4f8fb;margin-top:8%;margin-bottom:8%\" class=\"wp-block-genesis-blocks-gb-container box gb-block-container\"><div class=\"gb-container-inside\"><div class=\"gb-container-content\" style=\"max-width:700px\">\n<div style=\"background-color:#e4f8fb\" class=\"wp-block-genesis-blocks-gb-container box_titre gb-block-container\"><div class=\"gb-container-inside\"><div class=\"gb-container-content\">\n<h5 class=\"titre_box\" style=\"padding-top:10px;\">VAR KAN MAN BO P\u00c5 <span class=\"titre_box_manuscrit\">Island<\/span><\/h5>\n<\/div><\/div><\/div>\n\n\n\n<div class=\"wp-block-columns box_sans_border is-layout-flex wp-container-core-columns-is-layout-9d6595d7 wp-block-columns-is-layout-flex\">\n<div class=\"wp-block-column texte_planif is-layout-flow wp-block-column-is-layout-flow\" style=\"font-size:14px;flex-basis:60%\">\n<p class=\"option_titre2\">V\u00e5ra oberoende urval hj\u00e4lper dig att hitta ditt <strong>dr\u00f6mboende<\/strong>:<\/p>\n\n\n\n<ul class=\"wp-block-list\">\n<li>Var du ska bo p\u00e5 Island (kommer snart)<\/li>\n\n\n\n<li>Var man kan bo i Reykjavik (kommer snart)<\/li>\n\n\n\n<li>B\u00e4sta 5-stj\u00e4rniga hotell (kommer snart)<\/li>\n\n\n\n<li>Var man kan bo p\u00e5 sydkusten (kommer snart)<\/li>\n\n\n\n<li>Var man kan bo p\u00e5 Gyllene cirkeln (kommer snart)<\/li>\n\n\n\n<li><a href=\"https:\/\/iceland-lovers.com\/sv\/var-kan-bo-snaefellsnes-halvon-basta-hotellen\/\" target=\"_blank\" rel=\"noreferrer noopener\">Var man kan bo p\u00e5 Snaefellsnes-halv\u00f6n<\/a><\/li>\n<\/ul>\n\n\n\n<ul class=\"wp-block-list\">\n<li><a href=\"https:\/\/iceland-lovers.com\/sv\/var-man-ska-bo-island-vinter-basta-hotell\/\" data-type=\"post\" data-id=\"736\" target=\"_blank\" rel=\"noreferrer noopener\">Var man kan bo p\u00e5 \u00f6n p\u00e5 vintern<\/a><\/li>\n<\/ul>\n<\/div>\n\n\n\n<div class=\"wp-block-column is-vertically-aligned-top planif-radius is-layout-flow wp-block-column-is-layout-flow\" style=\"flex-basis:40%\">\n<figure class=\"wp-block-image size-large img-portrait\"><img decoding=\"async\" src=\"https:\/\/photos.smugmug.com\/Iceland\/South-Coast\/Hotel-Katla\/i-pJBMTRw\/0\/ZQQMRNz8xHstZq28JL5M6NFJtTCctQHbgMHVzVLz\/S\/Vik_Accommodation_Iceland-3648-S.jpg\" alt=\"Hotell Katla n&#xE4;ra Vik\" title=\"\"\/><\/figure>\n<\/div>\n<\/div>\n<\/div><\/div><\/div>\n\n<h2 class=\"wp-block-heading\"><span class=\"ez-toc-section\" id=\"De_storsta_sevardheterna_pa_Island_i_juni\"><\/span>De st\u00f6rsta sev\u00e4rdheterna p\u00e5 Island i juni<span class=\"ez-toc-section-end\"><\/span><\/h2>\n\n<p>I juni \u00e4r de flesta platserna tillg\u00e4ngliga och f\u00f6rh\u00e5llandena l\u00e4mpar sig f\u00f6r alla typer av aktiviteter. Vi gillade det:<\/p>\n\n<ul class=\"wp-block-list\">\n<li>Den gyllene cirkeln: Thingvellir, Geysir och Gullfoss<\/li>\n\n\n\n<li>Se lunnef\u00e5glar p\u00e5 klipporna vid L\u00e1trabjarg eller p\u00e5 Vestmann\u00f6arna<\/li>\n\n\n\n<li>Vandra p\u00e5 Fimmv\u00f6r\u00f0uh\u00e1ls-leden mellan Sk\u00f3gar och \u00de\u00f3rsm\u00f6rk<\/li>\n\n\n\n<li>Beundra vattenfallen i s\u00f6der: Seljalandsfoss, Sk\u00f3gafoss och Svartifoss, som \u00e4r fulla av vatten i juni.<\/li>\n\n\n\n<li>Segling bland isbergen i glaci\u00e4rlagunen J\u00f6kuls\u00e1rl\u00f3n<\/li>\n\n\n\n<li>Utforska de avl\u00e4gsna och spektakul\u00e4ra Western Fjords<\/li>\n\n\n\n<li>Bada i naturliga varma k\u00e4llor som Reykjadalur eller Seljavallalaug<\/li>\n\n\n\n<li>Uppt\u00e4ck de vulkaniska formationerna i M\u00fdvatn<\/li>\n\n\n\n<li>P\u00e5 uppt\u00e4cktsf\u00e4rd p\u00e5 <a href=\"https:\/\/iceland-lovers.com\/sv\/sevardheter-snaefellsnes-att-gora\/\" type=\"post\" id=\"3951\" target=\"_blank\" rel=\"noreferrer noopener\">halv\u00f6n Snaefellsnes<\/a><\/li>\n\n\n\n<li>K\u00f6r Route 1 (cirkul\u00e4r rutt) f\u00f6r en komplett rundtur p\u00e5 \u00f6n<\/li>\n\n\n\n<li>&#8230;<\/li>\n<\/ul>\n\n<figure class=\"wp-block-image size-large\"><img decoding=\"async\" src=\"https:\/\/photos.smugmug.com\/Iceland\/Snaefellsnes\/Budakirkja\/i-SQdRCvM\/0\/LVKHC7NhHBCFC92kQCf99LGm6mqPVX7Xnz4hkzGHD\/L\/Budakirkja-L.jpg\" alt=\"Budakrikja\"\/><\/figure>\n\n<div style=\"background-color:#e4f3f6\" class=\"wp-block-genesis-blocks-gb-container box gb-block-container\"><div class=\"gb-container-inside\"><div class=\"gb-container-content\">\n<div class=\"wp-block-columns inverse is-layout-flex wp-container-core-columns-is-layout-9d6595d7 wp-block-columns-is-layout-flex\">\n<div class=\"wp-block-column texte_planif is-layout-flow wp-block-column-is-layout-flow\" style=\"flex-basis:58%\">\n<h5 class=\"titre_box\">V\u00c5R GUIDE TILL ATT PLANERA EN <span class=\"titre_box_manuscrit\">Dr\u00f6mresa<\/span><\/h5>\n\n\n\n<ul class=\"wp-block-list\">\n<li>8 kartor som g\u00f6r planeringen enklare<\/li>\n\n\n\n<li>+ 100 p\u00e5 f\u00f6rhand utvalda m\u00f6tesplatser  <\/li>\n\n\n\n<li>Praktiska r\u00e5d  <\/li>\n\n\n\n<li>+ 130 foton som hj\u00e4lper dig att v\u00e4lja<\/li>\n<\/ul>\n\n\n\n<div class=\"wp-block-buttons is-layout-flex wp-block-buttons-is-layout-flex\">\n<div class=\"wp-block-button\"><a class=\"wp-block-button__link has-theme-primary-background-color has-background wp-element-button\" href=\"https:\/\/iceland-lovers.com\/ebook-guide-road-trip-islande-ete\/\" target=\"_blank\" rel=\"noreferrer noopener\">Ta reda p\u00e5 mer &gt;&gt;<\/a><\/div>\n<\/div>\n<\/div>\n\n\n\n<div class=\"wp-block-column is-layout-flow wp-block-column-is-layout-flow\" style=\"flex-basis:42%\">\n<div class=\"wp-block-genesis-blocks-gb-container ebook-radius-waitlist gb-block-container\"><div class=\"gb-container-inside\"><div class=\"gb-container-content\"><div class=\"wp-block-image ebook-image\">\n<figure class=\"aligncenter size-large\"><img decoding=\"async\" src=\"https:\/\/iceland-lovers.com\/wp-content\/uploads\/2024\/07\/Guide-road-trip-Iceland-cover-4.jpg\" alt=\"Road trip guide Island vinter eBook Omslag\"\/><\/figure>\n<\/div><\/div><\/div><\/div>\n<\/div>\n<\/div>\n<\/div><\/div><\/div>\n\n<h2 class=\"wp-block-heading\"><span class=\"ez-toc-section\" id=\"Klimat_pa_Island_i_juni_%E2%80%93_vaderprognos\"><\/span>Klimat p\u00e5 Island i juni &#8211; v\u00e4derprognos<span class=\"ez-toc-section-end\"><\/span><\/h2>\n\n<p>Islands klimat \u00e4r oceaniskt och f\u00f6r\u00e4nderligt. I juni \u00e4r f\u00f6rh\u00e5llandena i allm\u00e4nhet de mildaste under \u00e5ret, men v\u00e4dret kan v\u00e4xla snabbt fr\u00e5n en timme till en annan. Ett lokalt uttryck sammanfattar det hela: &#8221;Om du inte gillar v\u00e4dret, v\u00e4nta i fem minuter&#8221;. Vi har ofta sett denna variabilitet p\u00e5 plats.<\/p>\n\n<h3 class=\"wp-block-heading\">Vid kusten och i s\u00f6der<\/h3>\n\n<p>L\u00e4ngs sydkusten \u00e4r temperaturerna relativt milda och dagarna \u00e4r ofta delvis soliga. Vinden kan dock vara stark, s\u00e4rskilt p\u00e5 de svarta sandstr\u00e4nderna. Nederb\u00f6rden \u00e4r m\u00e5ttlig: det regnar mindre \u00e4n p\u00e5 vintern, men enstaka skurar \u00e4r fortfarande vanliga. Vi rekommenderar att du tar med dig vatten- och vindt\u00e4ta kl\u00e4der, \u00e4ven om solen skiner vid starten. Vik-regionen och sydkusten har ett n\u00e5got mildare klimat \u00e4n resten av landet.<\/p>\n\n<figure class=\"wp-block-image size-large\"><img decoding=\"async\" src=\"https:\/\/photos.smugmug.com\/Iceland\/South-Coast\/Seljalandsfoss\/i-TnZL37g\/0\/NdtQ3CnDnvgWBSF2GPBSv9SfD8Wc9MxkWn92whrnG\/L\/Seljalandsfoss-13-L.jpg\" alt=\"Seljalandsfoss, utsikt &#xF6;ver vattenfallet fr&#xE5;n framsidan\"\/><\/figure>\n\n<h3 class=\"wp-block-heading\">I norr<\/h3>\n\n<p>Akureyri-regionen, som skyddas av de omgivande bergen, kan njuta av lugna, soliga dagar. Temperaturerna h\u00e4r \u00e4r j\u00e4mf\u00f6rbara med de i s\u00f6der, ibland till och med n\u00e5got h\u00f6gre i fjordbottnarna. \u00c5 andra sidan \u00e4r det fortfarande kallare p\u00e5 den nordkust som uts\u00e4tts f\u00f6r den arktiska vinden. Regnskurar \u00e4r mindre vanliga \u00e4n i s\u00f6der, men dimma kan l\u00e4gga sig, s\u00e4rskilt n\u00e4ra kustomr\u00e5den.<\/p>\n\n<figure class=\"wp-block-image size-large\"><img decoding=\"async\" src=\"https:\/\/photos.smugmug.com\/Iceland\/North-Iceland\/Hverir-Namajfall\/i-ftD5djT\/0\/LJCjrXmfw6KZSthQxCzQ9RwnzzFVtdKxk4m29GgHq\/L\/Hverir-02-L.jpg\" alt=\"Hverir, geotermisk zon\"\/><\/figure>\n\n<h3 class=\"wp-block-heading\">I h\u00f6gl\u00e4nderna<\/h3>\n\n<p>H\u00f6glandet i inlandet \u00e4r kallare och bl\u00e5sigare. I juni sm\u00e4lter sn\u00f6n gradvis, vilket g\u00f6r att F-pisterna blir tillg\u00e4ngliga vecka f\u00f6r vecka. Temperaturen kan sjunka under 0\u00b0C p\u00e5 natten, och sandstormar och vindstormar kan f\u00f6rekomma. Om du planerar att utforska Landmannalaugar eller Askja rekommenderar vi att du kontrollerar v\u00e4gf\u00f6rh\u00e5llandena och tar med dig utrustning f\u00f6r kallt v\u00e4der.<\/p>\n\n<figure class=\"wp-block-image size-large\"><img decoding=\"async\" src=\"https:\/\/photos.smugmug.com\/Iceland\/Central-Highlands\/Landmannalaugar\/i-M2kdkt6\/0\/LhT78Wk6DNNTkXqLZ6sP9q2VdzGknnG2Qdnw8rVcJ\/L\/landmannalaugar-L.jpg\" alt=\"Landmannalaugar\"\/><\/figure>\n\n<div style=\"margin-top:8%;margin-bottom:8%\" class=\"wp-block-genesis-blocks-gb-container box gb-block-container\"><div class=\"gb-container-inside\"><div class=\"gb-container-content\">\n<div class=\"wp-block-columns inverse is-layout-flex wp-container-core-columns-is-layout-9d6595d7 wp-block-columns-is-layout-flex\">\n<div class=\"wp-block-column texte_planif is-layout-flow wp-block-column-is-layout-flow\" style=\"flex-basis:58%\">\n<h5 class=\"titre_box\" style=\"padding-top:10px\">VERKSAMHET SOM INTE \u00c4R F\u00d6RTECKNINGSBAR P\u00c5 <span class=\"titre_box_manuscrit\"> Island <\/span> <\/h5>\n\n\n\n<ul class=\"wp-block-list\">\n<li><a href=\"https:\/\/www.getyourguide.com\/s\/?q=silfra&amp;searchSource=3&amp;partner_id=R3GYW4V&amp;cmp=iceland\" target=\"_blank\" rel=\"noreferrer noopener nofollow\">Simning i Silfra-sprickan  <\/a><\/li>\n\n\n\n<li><a href=\"https:\/\/www.getyourguide.com\/s\/?q=randonn%C3%A9e+cheval+islande&amp;searchSource=3&amp;partner_id=R3GYW4V&amp;cmp=iceland\" target=\"_blank\" rel=\"noreferrer noopener nofollow\">Utflykter med h\u00e4stridning<\/a><\/li>\n\n\n\n<li><a href=\"https:\/\/www.getyourguide.com\/fr-fr\/s\/?q=randonnee+glacier+islande&amp;partner_id=R3GYW4V&amp;cmp=iceland\" target=\"_blank\" rel=\"noreferrer noopener nofollow\">Vandring p\u00e5 en glaci\u00e4r<\/a><\/li>\n\n\n\n<li><a href=\"https:\/\/www.getyourguide.se\/s\/?q=iceland+whale+watching&amp;searchSource=3&amp;partner_id=R3GYW4V&amp;cmp=iceland\" target=\"_blank\" rel=\"noreferrer noopener sponsored nofollow\">Valsk\u00e5dning<\/a> (fr\u00e5n Reykjavik, Husavik eller Akureyri)<\/li>\n<\/ul>\n<\/div>\n\n\n\n<div class=\"wp-block-column ville-radius is-layout-flow wp-block-column-is-layout-flow\" style=\"flex-basis:42%\">\n<figure class=\"wp-block-image size-large img-portrait\"><img decoding=\"async\" src=\"https:\/\/photos.smugmug.com\/Iceland\/Horses\/i-2jPdK6K\/0\/MRZGKzDxw4p4QdSs46R2s3RWHMGgbmFkS7GNR3Nzx\/S\/horse-1-S.jpg\" alt=\"Ridning p&#xE5; Island\" title=\"\"\/><\/figure>\n<\/div>\n<\/div>\n<\/div><\/div><\/div>\n\n<h3 class=\"wp-block-heading\">Temperaturer i juni p\u00e5 Island<\/h3>\n\n<p>Temperaturerna varierar fr\u00e5n region till region, men \u00e4r svala under en sommarm\u00e5nad. H\u00e4r \u00e4r medelv\u00e4rdena f\u00f6r tre st\u00e4der som \u00e4r representativa f\u00f6r landet.<\/p>\n\n<p><strong>Temperatur i Reykjavik<\/strong><\/p>\n\n<ul class=\"wp-block-list\">\n<li>Genomsnittlig temperatur dagtid: 12\u00b0C (54\u00b0F)<\/li>\n\n\n\n<li>Genomsnittlig temperatur nattetid: 7\u00b0C (45\u00b0F)<\/li>\n<\/ul>\n\n<p><strong>Temperatur i Akureyri<\/strong><\/p>\n\n<ul class=\"wp-block-list\">\n<li>Genomsnittlig temperatur dagtid: 13\u00b0C (55\u00b0F)<\/li>\n\n\n\n<li>Genomsnittlig temperatur nattetid: 7\u00b0C (45\u00b0F)<\/li>\n<\/ul>\n\n<p><strong>Temperatur i Vik<\/strong><\/p>\n\n<ul class=\"wp-block-list\">\n<li>Genomsnittlig temperatur dagtid: 11\u00b0C (52\u00b0F)<\/li>\n\n\n\n<li>Genomsnittlig temperatur nattetid: 6\u00b0C (43\u00b0F)<\/li>\n<\/ul>\n\n<p>I vilket fall som helst, \u00e5ret runt, beh\u00f6ver du ha v\u00e4rmande, vind- och regnt\u00e4ta lager. G\u00e5 fr\u00e5n T-shirt till full cover p\u00e5 nolltid.<\/p>\n\n<figure class=\"wp-block-image size-large\"><img decoding=\"async\" src=\"https:\/\/photos.smugmug.com\/Iceland\/Golden-Circle\/Gullfoss\/i-XxCVKKd\/0\/MDcXNFt3nDwG5rXBhQj86KmgL86NzJJPpX8vThJQg\/L\/Gullfoss-21-L.jpg\" alt=\"kl&#xE4;dernas tjocklek\"\/><\/figure>\n\n<div style=\"background-color:#e4f3f6;margin-top:8%;margin-bottom:8%\" class=\"wp-block-genesis-blocks-gb-container box gb-block-container\"><div class=\"gb-container-inside\"><div class=\"gb-container-content\">\n<div class=\"wp-block-columns inverse box_planif is-layout-flex wp-container-core-columns-is-layout-9d6595d7 wp-block-columns-is-layout-flex\">\n<div class=\"wp-block-column texte_planif is-layout-flow wp-block-column-is-layout-flow\" style=\"flex-basis:60%\">\n<h5 class=\"titre_box\" style=\"padding-top:10px;\">HYR EN BIL P\u00c5 <span class=\"titre_box_manuscrit\">Island<\/span><\/h5>\n\n\n\n<p style=\"font-size:16px\">Uppt\u00e4ck de b\u00e4sta erbjudandena p\u00e5 <a href=\"https:\/\/www.discovercars.com\/se\/iceland?a_aid=zigzag&amp;chan=iceland\" target=\"_blank\" rel=\"noreferrer noopener sponsored nofollow\">Discovercars<\/a>, v\u00e5r f\u00f6redragna plattform!<br\/>P\u00e5 Route 1 kr\u00e4vs ingen 4&#215;4, utanf\u00f6r Route 1 beror det p\u00e5 dina planer.<\/p>\n<\/div>\n\n\n\n<div class=\"wp-block-column planif-radius-2 is-layout-flow wp-block-column-is-layout-flow\">\n<figure class=\"wp-block-image size-large voiture_image\"><img decoding=\"async\" src=\"https:\/\/photos.smugmug.com\/Iceland\/Winter\/Driving\/i-q2wFFnJ\/1\/Dn4qbSGkrKhZgHBNz2hWXrPc3VdddRQZ7cdj3FpVX\/S\/drive_South_coast_Iceland-2-21-S.jpg\" alt=\"k&#xF6;ra bil p&#xE5; Island\"\/><\/figure>\n<\/div>\n<\/div>\n\n\n\n<div class=\"wp-block-columns planif_bouton is-layout-flex wp-container-core-columns-is-layout-9d6595d7 wp-block-columns-is-layout-flex\">\n<div class=\"wp-block-column is-vertically-aligned-top is-layout-flow wp-block-column-is-layout-flow\">\n<div class=\"wp-block-buttons is-content-justification-center is-layout-flex wp-container-core-buttons-is-layout-16018d1d wp-block-buttons-is-layout-flex\">\n<div class=\"wp-block-button\"><a class=\"wp-block-button__link has-white-color has-text-color wp-element-button\" href=\"https:\/\/www.discovercars.com\/fr\/iceland?a_aid=zigzag&amp;chan=iceland\" target=\"_blank\" rel=\"noreferrer noopener nofollow\">Se tillg\u00e4ngliga bilar &gt;&gt;<\/a><\/div>\n<\/div>\n<\/div>\n\n\n\n<div class=\"wp-block-column is-vertically-aligned-center is-layout-flow wp-block-column-is-layout-flow\">\n<p class=\"has-text-align-center\" style=\"font-size:16px\"><a href=\"https:\/\/iceland-lovers.com\/sv\/hur-hyr-bil-island-tips-erfarenhet\/\" target=\"_blank\" rel=\"noreferrer noopener\">L\u00e4s alla v\u00e5ra r\u00e5d<\/a><\/p>\n<\/div>\n<\/div>\n<\/div><\/div><\/div>\n\n<h2 class=\"wp-block-heading\"><span class=\"ez-toc-section\" id=\"Regn_och_vind\"><\/span>Regn och vind<span class=\"ez-toc-section-end\"><\/span><\/h2>\n\n<p>P\u00e5 Island i juni varierar nederb\u00f6rden kraftigt beroende p\u00e5 region. I s\u00f6der, som \u00e4r utsatt f\u00f6r atlantiska st\u00f6rningar, faller mer regn \u00e4n i norr, som \u00e4r skyddat av bergen. Duscharna \u00e4r i allm\u00e4nhet korta men frekventa. Vi rekommenderar att du alltid har en vattent\u00e4t jacka med dig.<\/p>\n\n<ul class=\"wp-block-list\">\n<li>Nederb\u00f6rd i Reykjavik: 40 till 55mm<br\/>  (under i genomsnitt 10 till 12 dagar)<\/li>\n\n\n\n<li>M\u00e4ngd regn i Akureyri: 25 till 40mm<br\/>  (under 8 till 10 dagar i genomsnitt)<\/li>\n\n\n\n<li>Nederb\u00f6rd i Vik: 80 till 120mm<br\/>  (i genomsnitt under 14-16 dagar)<\/li>\n<\/ul>\n\n<p>Det finns i allm\u00e4nhet ingen sn\u00f6 p\u00e5 sl\u00e4tterna i juni. \u00c5 andra sidan, i Hautes Terres och p\u00e5 de h\u00f6gsta topparna, \u00e4r sn\u00f6 fortfarande m\u00f6jligt, s\u00e4rskilt i b\u00f6rjan av m\u00e5naden. Glaci\u00e4rer t\u00e4cker cirka 11% av Island och sn\u00f6 finns kvar \u00e5ret runt.<\/p>\n\n<figure class=\"wp-block-image size-large\"><img decoding=\"async\" src=\"https:\/\/photos.smugmug.com\/Iceland\/South-Coast\/Vestrahorn\/i-qZFCQXL\/0\/KfP8wfkKbRGBqQpwSGs2kjmCSMcqPbh6BDVFNcVgC\/L\/Vestrahorn-39-L.jpg\" alt=\"Moln &#xF6;ver Vestrahorn\"\/><\/figure>\n\n<p>Vind \u00e4r en konstant faktor p\u00e5 Island. I juni bl\u00e5ser det i genomsnitt mellan 15 och 30 km\/h, ibland mer vid utsatta kuster och p\u00e5 h\u00f6gre h\u00f6jder. Vindbyarna kan vara kraftiga och pl\u00f6tsliga, s\u00e4rskilt i de \u00f6ppna omr\u00e5dena i s\u00f6der och n\u00e4ra glaci\u00e4rer. Vi rekommenderar att du sp\u00e4nner fast dina bild\u00f6rrar ordentligt n\u00e4r du \u00f6ppnar dem: vinden kan slita av dem. Kontrollera vedur.is f\u00f6r detaljerade prognoser f\u00f6re varje utflykt.<\/p>\n\n<h2 class=\"wp-block-heading\"><span class=\"ez-toc-section\" id=\"Solsken_midnattssol_och_norrsken\"><\/span>Solsken, midnattssol och norrsken<span class=\"ez-toc-section-end\"><\/span><\/h2>\n\n<p>I juni varierar dagsljuset fr\u00e5n kl. 20.30 till n\u00e4stan 24 timmars sammanh\u00e4ngande dagsljus.<br\/>Solen g\u00e5r upp cirka kl. 03.00 och g\u00e5r ner cirka kl. 23.50 vid solst\u00e5ndet. Det blir aldrig helt m\u00f6rkt.<\/p>\n\n<p>Detta fenomen med midnattssol f\u00f6r\u00e4ndrar reseupplevelsen. Du kommer att ha n\u00e4stan konstant ljusstyrka f\u00f6r dina aktiviteter. Den faktiska m\u00e4ngden solsken beror dock p\u00e5 molnt\u00e4cket: i genomsnitt b\u00f6r du f\u00f6rv\u00e4nta dig mellan 5 och 7 timmar direkt solsken per dag. Det l\u00e5gvinklade ljuset i slutet av kv\u00e4llen erbjuder anm\u00e4rkningsv\u00e4rda fotografiska f\u00f6rh\u00e5llanden, det som fotograferna kallar den f\u00f6rl\u00e4ngda &#8221;gyllene timmen&#8221;. Vi gillade s\u00e4rskilt det gyllene ljuset, som varar i flera timmar p\u00e5 kv\u00e4llen.<\/p>\n\n<figure class=\"wp-block-image size-large\"><img decoding=\"async\" src=\"https:\/\/photos.smugmug.com\/Iceland\/South-Coast\/Jokulsarlon\/i-dBK639L\/0\/Mzx8VwXXkhMrzvGfv9Fxc9j6FgmhGn9xmhtn5B46s\/L\/Jokusarlon-174-L.jpg\" alt=\"en solig dag i Jokulsarlon\"\/><\/figure>\n\n<p>Midnattssolen kan st\u00f6ra dina s\u00f6mnm\u00f6nster. En nattmask och m\u00f6rkl\u00e4ggningsgardiner (finns p\u00e5 de flesta boenden) \u00e4r bra f\u00f6r en god natts s\u00f6mn.<\/p>\n\n<p>Ingen chans att se norrskenet.<\/p>\n\n<h2 class=\"wp-block-heading\"><span class=\"ez-toc-section\" id=\"Folkmassor_och_andra_forhallanden\"><\/span>Folkmassor och andra f\u00f6rh\u00e5llanden<span class=\"ez-toc-section-end\"><\/span><\/h2>\n\n<p>I juni b\u00f6rjar h\u00f6gs\u00e4songen f\u00f6r turister p\u00e5 Island. Antalet bes\u00f6kare har \u00f6kat kraftigt under de senaste \u00e5ren. De mest popul\u00e4ra platserna i den gyllene cirkeln (Thingvellir, Geysir, Gullfoss), sydkusten mellan Vik och J\u00f6kuls\u00e1rl\u00f3n och den bl\u00e5 lagunen \u00e4r mycket upptagna mitt p\u00e5 dagen.<\/p>\n\n<p>Island \u00e4r dock ett stort och glesbefolkat land: s\u00e5 snart du l\u00e4mnar de traditionella resv\u00e4garna sjunker antalet bes\u00f6kare avsev\u00e4rt. De v\u00e4stra fjordarna, Sn\u00e6fellsneshalv\u00f6n under veckan eller Highlands erbjuder en mer ensam upplevelse. Vi har m\u00e4rkt att om man bes\u00f6ker popul\u00e4ra platser tidigt p\u00e5 morgonen eller sent p\u00e5 kv\u00e4llen, tack vare midnattssolen, s\u00e5 skingras folkmassorna avsev\u00e4rt.<\/p>\n\n<figure class=\"wp-block-image size-large\"><img decoding=\"async\" src=\"https:\/\/photos.smugmug.com\/Iceland\/Trollaskagi\/i-h9nf4bv\/0\/KvQTK9sRGN8wDJXccKggB8K6f2G7NKM6P779D5MS2\/L\/leirhnjuku%20l-L.jpg\" alt=\"&#xE5;ngande lavaf&#xE4;lt utan n&#xE5;gon d&#xE4;r\"\/><\/figure>\n\n<p>Rent praktiskt \u00f6ppnas bergsv\u00e4garna (F-v\u00e4garna) gradvis upp i juni, vilket ger dig \u00e4nnu mer utrymme f\u00f6r utforskning. Ett 4&#215;4-fordon \u00e4r n\u00f6dv\u00e4ndigt f\u00f6r dessa stigar. P\u00e5 Route 1 (cirkul\u00e4r rutt) r\u00e4cker det med ett standardfordon. Det \u00e4r l\u00e5ngt mellan bensinstationerna i vissa omr\u00e5den, s\u00e4rskilt i de \u00f6stra och v\u00e4stra fjordarna: planera att tanka regelbundet.<\/p>\n\n<h2 class=\"wp-block-heading\"><span class=\"ez-toc-section\" id=\"Vilda_djur_i_juni\"><\/span>Vilda djur i juni<span class=\"ez-toc-section-end\"><\/span><\/h2>\n\n<p>Juni \u00e4r den b\u00e4sta m\u00e5naden f\u00f6r att titta p\u00e5 vilda djur p\u00e5 Island. Lunnef\u00e5glarna, landets symboliska f\u00e5glar, \u00e4r tillbaka p\u00e5 klipporna f\u00f6r h\u00e4ckningss\u00e4songen. Du hittar dem i stort antal p\u00e5 Vestmann\u00f6arna (Vestmannaeyjar), vid L\u00e1trabjarg i de v\u00e4stra fjordarna och vid Borgarfj\u00f6r\u00f0ur Eystri i \u00f6ster.  <\/p>\n\n<figure class=\"wp-block-image size-large\"><img decoding=\"async\" src=\"https:\/\/photos.smugmug.com\/Iceland\/Practical\/i-BvLHWQS\/0\/KPBBGVQcZdnr5hktcWBXjVzSrDBJn6HCmbSJxVbN5\/L\/Puffin_DP_291178894_XL-L.jpg\" alt=\"Island i juni - lunnef&#xE5;glar och vilda djur\"\/><\/figure>\n\n<p>Det \u00e4r ocks\u00e5 en bra tid f\u00f6r valsk\u00e5dning. Fr\u00e5n H\u00fasav\u00edk, som anses vara &#8221;Europas huvudstad f\u00f6r valsk\u00e5dning&#8221;, kan du se kn\u00f6lvalar, vikvalar och en och annan bl\u00e5val. Utflykter avg\u00e5r ocks\u00e5 fr\u00e5n Reykjavik och Akureyri. F\u00f6rh\u00e5llandena till sj\u00f6ss \u00e4r i allm\u00e4nhet b\u00e4ttre \u00e4n p\u00e5 vintern.<\/p>\n\n<p>\u00c4ven silvert\u00e4rnekolonierna \u00e4r mycket aktiva i juni. Dessa f\u00e5glar skyddar sina bon p\u00e5 ett aggressivt s\u00e4tt: om du g\u00e5r n\u00e4ra en koloni kan det h\u00e4nda att de flyger mot ditt huvud. H\u00e5ll dig till de markerade stigarna och b\u00e4r hatt om det beh\u00f6vs.<\/p>\n\n<h2 class=\"wp-block-heading\"><span class=\"ez-toc-section\" id=\"Evenemang_i_juni_pa_Island\"><\/span>Evenemang i juni p\u00e5 Island<span class=\"ez-toc-section-end\"><\/span><\/h2>\n\n<p>I juni firar Island ett antal evenemang som speglar landets kultur och traditioner:<\/p>\n\n<ul class=\"wp-block-list\">\n<li><strong>Islands nationaldag (17 juni)<\/strong>: J\u00f3nsmessa, republikens dag, till minne av Islands sj\u00e4lvst\u00e4ndighet 1944. Festivaler \u00e4ger rum \u00f6ver hela landet, s\u00e4rskilt i Reykjavik, med parader, konserter och gatuupptr\u00e4danden.<\/li>\n\n\n\n<li><strong>Viking Festival at Hafnarfj\u00f6r\u00f0ur<\/strong>: denna festival, som h\u00e5lls i mitten av juni i utkanten av Reykjavik, \u00e5terskapar en vikingaby. H\u00e4r finns uppvisningskamper, traditionella hantverk och festm\u00e5ltider inspirerade av de nordiska sagornas tid (9-1300-talet).<\/li>\n\n\n\n<li><strong>Natten till sommarsolst\u00e5ndet (21 juni)<\/strong>: \u00f6ver hela landet anordnas sammankomster och eldar f\u00f6r att fira \u00e5rets kortaste natt. Det \u00e4r en tradition som delas av flera nordiska l\u00e4nder.<\/li>\n\n\n\n<li><strong>Secret Solstice Festival i Reykjavik<\/strong>: en musikfestival som h\u00e5lls under midnattssolen. H\u00e4r visas isl\u00e4ndska och internationella konstn\u00e4rer i en unik atmosf\u00e4r.<\/li>\n\n\n\n<li><strong>Sj\u00f3mannadagurinn (f\u00f6rsta s\u00f6ndagen i juni): Sj\u00f6mansfestivalen<\/strong> \u00e4r en hyllning till havets folk. I hamnarna anordnas festligheter som b\u00e5trace, simt\u00e4vlingar och provsmakning av skaldjur.<\/li>\n<\/ul>\n\n<div style=\"background-color:#fefefe;margin-top:6%;margin-bottom:6%\" class=\"wp-block-genesis-blocks-gb-container box gb-block-container\"><div class=\"gb-container-inside\"><div class=\"gb-container-content\" style=\"max-width:700px\">\n<div class=\"wp-block-columns inverse is-layout-flex wp-container-core-columns-is-layout-9d6595d7 wp-block-columns-is-layout-flex\">\n<div class=\"wp-block-column texte_planif is-layout-flow wp-block-column-is-layout-flow\" style=\"flex-basis:58%\">\n<h5 class=\"titre_box\">Ta emot v\u00e5rt <span class=\"titre_box_manuscrit\">nyhetsbrev<\/span><\/h5>\n\n\n\n<ul class=\"wp-block-list\">\n<li>En frisk fl\u00e4kt i ditt dagliga liv p\u00e5 de vackra destinationerna i Region Lovers!<\/li>\n\n\n\n<li>En g\u00e5ng i m\u00e5naden<\/li>\n\n\n\n<li>Reklamfri<\/li>\n<\/ul>\n\n\n<script>\nvar gform;gform||(document.addEventListener(\"gform_main_scripts_loaded\",function(){gform.scriptsLoaded=!0}),document.addEventListener(\"gform\/theme\/scripts_loaded\",function(){gform.themeScriptsLoaded=!0}),window.addEventListener(\"DOMContentLoaded\",function(){gform.domLoaded=!0}),gform={domLoaded:!1,scriptsLoaded:!1,themeScriptsLoaded:!1,isFormEditor:()=>\"function\"==typeof InitializeEditor,callIfLoaded:function(o){return!(!gform.domLoaded||!gform.scriptsLoaded||!gform.themeScriptsLoaded&&!gform.isFormEditor()||(gform.isFormEditor()&&console.warn(\"The use of gform.initializeOnLoaded() is deprecated in the form editor context and will be removed in Gravity Forms 3.1.\"),o(),0))},initializeOnLoaded:function(o){gform.callIfLoaded(o)||(document.addEventListener(\"gform_main_scripts_loaded\",()=>{gform.scriptsLoaded=!0,gform.callIfLoaded(o)}),document.addEventListener(\"gform\/theme\/scripts_loaded\",()=>{gform.themeScriptsLoaded=!0,gform.callIfLoaded(o)}),window.addEventListener(\"DOMContentLoaded\",()=>{gform.domLoaded=!0,gform.callIfLoaded(o)}))},hooks:{action:{},filter:{}},addAction:function(o,r,e,t){gform.addHook(\"action\",o,r,e,t)},addFilter:function(o,r,e,t){gform.addHook(\"filter\",o,r,e,t)},doAction:function(o){gform.doHook(\"action\",o,arguments)},applyFilters:function(o){return gform.doHook(\"filter\",o,arguments)},removeAction:function(o,r){gform.removeHook(\"action\",o,r)},removeFilter:function(o,r,e){gform.removeHook(\"filter\",o,r,e)},addHook:function(o,r,e,t,n){null==gform.hooks[o][r]&&(gform.hooks[o][r]=[]);var d=gform.hooks[o][r];null==n&&(n=r+\"_\"+d.length),gform.hooks[o][r].push({tag:n,callable:e,priority:t=null==t?10:t})},doHook:function(r,o,e){var t;if(e=Array.prototype.slice.call(e,1),null!=gform.hooks[r][o]&&((o=gform.hooks[r][o]).sort(function(o,r){return o.priority-r.priority}),o.forEach(function(o){\"function\"!=typeof(t=o.callable)&&(t=window[t]),\"action\"==r?t.apply(null,e):e[0]=t.apply(null,e)})),\"filter\"==r)return e[0]},removeHook:function(o,r,t,n){var e;null!=gform.hooks[o][r]&&(e=(e=gform.hooks[o][r]).filter(function(o,r,e){return!!(null!=n&&n!=o.tag||null!=t&&t!=o.priority)}),gform.hooks[o][r]=e)}});\n<\/script>\n\n                <div class='gf_browser_gecko gform_wrapper gform-theme gform-theme--foundation gform-theme--framework gform-theme--orbital' data-form-theme='orbital' data-form-index='0' id='gform_wrapper_2' ><style>#gform_wrapper_2[data-form-index=\"0\"].gform-theme,[data-parent-form=\"2_0\"]{--gf-color-primary: #204ce5;--gf-color-primary-rgb: 32, 76, 229;--gf-color-primary-contrast: #fff;--gf-color-primary-contrast-rgb: 255, 255, 255;--gf-color-primary-darker: #001AB3;--gf-color-primary-lighter: #527EFF;--gf-color-secondary: #fff;--gf-color-secondary-rgb: 255, 255, 255;--gf-color-secondary-contrast: #112337;--gf-color-secondary-contrast-rgb: 17, 35, 55;--gf-color-secondary-darker: #F5F5F5;--gf-color-secondary-lighter: #FFFFFF;--gf-color-out-ctrl-light: rgba(17, 35, 55, 0.1);--gf-color-out-ctrl-light-rgb: 17, 35, 55;--gf-color-out-ctrl-light-darker: rgba(104, 110, 119, 0.35);--gf-color-out-ctrl-light-lighter: #F5F5F5;--gf-color-out-ctrl-dark: #585e6a;--gf-color-out-ctrl-dark-rgb: 88, 94, 106;--gf-color-out-ctrl-dark-darker: #112337;--gf-color-out-ctrl-dark-lighter: rgba(17, 35, 55, 0.65);--gf-color-in-ctrl: #fff;--gf-color-in-ctrl-rgb: 255, 255, 255;--gf-color-in-ctrl-contrast: #112337;--gf-color-in-ctrl-contrast-rgb: 17, 35, 55;--gf-color-in-ctrl-darker: #F5F5F5;--gf-color-in-ctrl-lighter: #FFFFFF;--gf-color-in-ctrl-primary: #204ce5;--gf-color-in-ctrl-primary-rgb: 32, 76, 229;--gf-color-in-ctrl-primary-contrast: #fff;--gf-color-in-ctrl-primary-contrast-rgb: 255, 255, 255;--gf-color-in-ctrl-primary-darker: #001AB3;--gf-color-in-ctrl-primary-lighter: #527EFF;--gf-color-in-ctrl-light: rgba(17, 35, 55, 0.1);--gf-color-in-ctrl-light-rgb: 17, 35, 55;--gf-color-in-ctrl-light-darker: rgba(104, 110, 119, 0.35);--gf-color-in-ctrl-light-lighter: #F5F5F5;--gf-color-in-ctrl-dark: #585e6a;--gf-color-in-ctrl-dark-rgb: 88, 94, 106;--gf-color-in-ctrl-dark-darker: #112337;--gf-color-in-ctrl-dark-lighter: rgba(17, 35, 55, 0.65);--gf-radius: 3px;--gf-font-size-secondary: 14px;--gf-font-size-tertiary: 13px;--gf-icon-ctrl-number: url(\"data:image\/svg+xml,%3Csvg width='8' height='14' viewBox='0 0 8 14' fill='none' xmlns='http:\/\/www.w3.org\/2000\/svg'%3E%3Cpath fill-rule='evenodd' clip-rule='evenodd' d='M4 0C4.26522 5.96046e-08 4.51957 0.105357 4.70711 0.292893L7.70711 3.29289C8.09763 3.68342 8.09763 4.31658 7.70711 4.70711C7.31658 5.09763 6.68342 5.09763 6.29289 4.70711L4 2.41421L1.70711 4.70711C1.31658 5.09763 0.683417 5.09763 0.292893 4.70711C-0.0976311 4.31658 -0.097631 3.68342 0.292893 3.29289L3.29289 0.292893C3.48043 0.105357 3.73478 0 4 0ZM0.292893 9.29289C0.683417 8.90237 1.31658 8.90237 1.70711 9.29289L4 11.5858L6.29289 9.29289C6.68342 8.90237 7.31658 8.90237 7.70711 9.29289C8.09763 9.68342 8.09763 10.3166 7.70711 10.7071L4.70711 13.7071C4.31658 14.0976 3.68342 14.0976 3.29289 13.7071L0.292893 10.7071C-0.0976311 10.3166 -0.0976311 9.68342 0.292893 9.29289Z' fill='rgba(17, 35, 55, 0.65)'\/%3E%3C\/svg%3E\");--gf-icon-ctrl-select: url(\"data:image\/svg+xml,%3Csvg width='10' height='6' viewBox='0 0 10 6' fill='none' xmlns='http:\/\/www.w3.org\/2000\/svg'%3E%3Cpath fill-rule='evenodd' clip-rule='evenodd' d='M0.292893 0.292893C0.683417 -0.097631 1.31658 -0.097631 1.70711 0.292893L5 3.58579L8.29289 0.292893C8.68342 -0.0976311 9.31658 -0.0976311 9.70711 0.292893C10.0976 0.683417 10.0976 1.31658 9.70711 1.70711L5.70711 5.70711C5.31658 6.09763 4.68342 6.09763 4.29289 5.70711L0.292893 1.70711C-0.0976311 1.31658 -0.0976311 0.683418 0.292893 0.292893Z' fill='rgba(17, 35, 55, 0.65)'\/%3E%3C\/svg%3E\");--gf-icon-ctrl-search: url(\"data:image\/svg+xml,%3Csvg width='640' height='640' xmlns='http:\/\/www.w3.org\/2000\/svg'%3E%3Cpath d='M256 128c-70.692 0-128 57.308-128 128 0 70.691 57.308 128 128 128 70.691 0 128-57.309 128-128 0-70.692-57.309-128-128-128zM64 256c0-106.039 85.961-192 192-192s192 85.961 192 192c0 41.466-13.146 79.863-35.498 111.248l154.125 154.125c12.496 12.496 12.496 32.758 0 45.254s-32.758 12.496-45.254 0L367.248 412.502C335.862 434.854 297.467 448 256 448c-106.039 0-192-85.962-192-192z' fill='rgba(17, 35, 55, 0.65)'\/%3E%3C\/svg%3E\");--gf-label-space-y-secondary: var(--gf-label-space-y-md-secondary);--gf-ctrl-border-color: #686e77;--gf-ctrl-size: var(--gf-ctrl-size-md);--gf-ctrl-label-color-primary: #112337;--gf-ctrl-label-color-secondary: #112337;--gf-ctrl-choice-size: var(--gf-ctrl-choice-size-md);--gf-ctrl-checkbox-check-size: var(--gf-ctrl-checkbox-check-size-md);--gf-ctrl-radio-check-size: var(--gf-ctrl-radio-check-size-md);--gf-ctrl-btn-font-size: var(--gf-ctrl-btn-font-size-md);--gf-ctrl-btn-padding-x: var(--gf-ctrl-btn-padding-x-md);--gf-ctrl-btn-size: var(--gf-ctrl-btn-size-md);--gf-ctrl-btn-border-color-secondary: #686e77;--gf-ctrl-file-btn-bg-color-hover: #EBEBEB;--gf-field-img-choice-size: var(--gf-field-img-choice-size-md);--gf-field-img-choice-card-space: var(--gf-field-img-choice-card-space-md);--gf-field-img-choice-check-ind-size: var(--gf-field-img-choice-check-ind-size-md);--gf-field-img-choice-check-ind-icon-size: var(--gf-field-img-choice-check-ind-icon-size-md);--gf-field-pg-steps-number-color: rgba(17, 35, 55, 0.8);}<\/style>\n                        <div class='gform_heading'>\n                            <p class='gform_description'><\/p>\n                        <\/div><form method='post' enctype='multipart\/form-data'  id='gform_2'  action='\/sv\/wp-json\/wp\/v2\/posts\/4299' data-formid='2' novalidate> \r\n <input type='hidden' class='gforms-pum' value='{\"closepopup\":false,\"closedelay\":0,\"openpopup\":false,\"openpopup_id\":0}' \/>\n                        <div class='gform-body gform_body'><div id='gform_fields_2' class='gform_fields top_label form_sublabel_below description_below validation_below'><div id=\"field_2_5\" class=\"gfield gfield--type-honeypot gform_validation_container field_sublabel_below gfield--has-description field_description_below field_validation_below gfield_visibility_visible\"  ><label class='gfield_label gform-field-label' for='input_2_5'>LinkedIn<\/label><div class='ginput_container'><input name='input_5' id='input_2_5' type='text' value='' autocomplete='new-password'\/><\/div><div class='gfield_description' id='gfield_description_2_5'>Detta f\u00e4lt anv\u00e4nds f\u00f6r validerings\u00e4ndam\u00e5l och ska l\u00e4mnas of\u00f6r\u00e4ndrat.<\/div><\/div><div id=\"field_2_3\" class=\"gfield gfield--type-email gfield--input-type-email gfield--width-full gfield_contains_required field_sublabel_below gfield--no-description field_description_below hidden_label field_validation_below gfield_visibility_visible\"  ><label class='gfield_label gform-field-label' for='input_2_3'>E-mail<span class=\"gfield_required\"><span class=\"gfield_required gfield_required_text\">(Obligatoriskt)<\/span><\/span><\/label><div class='ginput_container ginput_container_email'>\n                            <input name='input_3' id='input_2_3' type='email' value='' class='large'    aria-required=\"true\" aria-invalid=\"false\"  \/>\n                        <\/div><\/div><fieldset id=\"field_2_4\" class=\"gfield gfield--type-consent gfield--type-choice gfield--input-type-consent gfield--width-full gfield_contains_required field_sublabel_below gfield--no-description field_description_below hidden_label field_validation_below gfield_visibility_visible\"  ><legend class='gfield_label gform-field-label gfield_label_before_complex' >RGPD<span class=\"gfield_required\"><span class=\"gfield_required gfield_required_text\">(Obligatoriskt)<\/span><\/span><\/legend><div class='ginput_container ginput_container_consent'><input name='input_4.1' id='input_2_4_1' type='checkbox' value='1'   aria-required=\"true\" aria-invalid=\"false\"   \/> <label class=\"gform-field-label gform-field-label--type-inline gfield_consent_label\" for='input_2_4_1' >Ja, jag vill prenumerera p\u00e5 det m\u00e5natliga nyhetsbrevet<span class=\"gfield_required gfield_required_text\">(Obligatoriskt)<\/span><\/label><input type='hidden' name='input_4.2' value='Ja, jag vill prenumerera p\u00e5 det m\u00e5natliga nyhetsbrevet' class='gform_hidden' \/><input type='hidden' name='input_4.3' value='1' class='gform_hidden' \/><\/div><\/fieldset><div id=\"field_2_1\" class=\"gfield gfield--type-website gfield--input-type-website field_sublabel_below gfield--no-description field_description_below field_validation_below gfield_visibility_hidden\"  ><div class=\"admin-hidden-markup\"><i class=\"gform-icon gform-icon--hidden\" aria-hidden=\"true\" title=\"Detta f\u00e4lt \u00e4r dolt n\u00e4r formul\u00e4ret visas\"><\/i><span>Detta f\u00e4lt \u00e4r dolt n\u00e4r formul\u00e4ret visas<\/span><\/div><label class='gfield_label gform-field-label' for='input_2_1'>Site Web<\/label><div class='ginput_container ginput_container_website'>\n                    <input name='input_1' id='input_2_1' type='url' value='https:\/\/iceland-lovers.com\/sv\/wp-json\/wp\/v2\/posts\/4299' class='large'    placeholder='https:\/\/'  aria-invalid=\"false\" \/>\n                <\/div><\/div><\/div><\/div>\n        <div class='gform-footer gform_footer top_label'> <input type='submit' id='gform_submit_button_2' class='gform_button button' onclick='gform.submission.handleButtonClick(this);' data-submission-type='submit' value='Prenumerera'  \/> \n            <input type='hidden' class='gform_hidden' name='gform_submission_method' data-js='gform_submission_method_2' value='postback' \/>\n            <input type='hidden' class='gform_hidden' name='gform_theme' data-js='gform_theme_2' id='gform_theme_2' value='orbital' \/>\n            <input type='hidden' class='gform_hidden' name='gform_style_settings' data-js='gform_style_settings_2' id='gform_style_settings_2' value='{&quot;inputPrimaryColor&quot;:&quot;#204ce5&quot;}' \/>\n            <input type='hidden' class='gform_hidden' name='is_submit_2' value='1' \/>\n            <input type='hidden' class='gform_hidden' name='gform_submit' value='2' \/>\n            \n            <input type='hidden' class='gform_hidden' name='gform_currency' data-currency='EUR' value='dsY9UnmkiN2n9DNgQkSTTzxP3ECNsSNJZyu0W\/4ILdCPU+tN2zCbXTQQjLOfPm26ae50qNUQKAt6cWVAUIMInJM1zV8iWrNh281EyUzD+zZ4Ric=' \/>\n            <input type='hidden' class='gform_hidden' name='gform_unique_id' value='' \/>\n            <input type='hidden' class='gform_hidden' name='state_2' value='WyJ7XCI0LjFcIjpcIjRmYTFmZTUyMDE4NGE2OTE0MzhlNTMyY2QxYzNkY2Y0XCIsXCI0LjJcIjpcIjliYzg3NDdjMTljZDg3ZTlkMGQxNzMzMTAyYjJhMzNlXCIsXCI0LjNcIjpcIjRmYTFmZTUyMDE4NGE2OTE0MzhlNTMyY2QxYzNkY2Y0XCJ9IiwiZjNhYzBhNjFhYTc4Mzc2YmFkMzQyNjQzNGQ2Y2U5NjEiXQ==' \/>\n            <input type='hidden' autocomplete='off' class='gform_hidden' name='gform_target_page_number_2' id='gform_target_page_number_2' value='0' \/>\n            <input type='hidden' autocomplete='off' class='gform_hidden' name='gform_source_page_number_2' id='gform_source_page_number_2' value='1' \/>\n            <input type='hidden' name='gform_field_values' value='' \/>\n            \n        <\/div>\n                        <\/form>\n                        <\/div><script>\ngform.initializeOnLoaded( function() {gformInitSpinner( 2, 'https:\/\/iceland-lovers.com\/wp-content\/plugins\/gravityforms\/images\/spinner.svg', false );jQuery('#gform_ajax_frame_2').on('load',function(){var contents = jQuery(this).contents().find('*').html();var is_postback = contents.indexOf('GF_AJAX_POSTBACK') >= 0;if(!is_postback){return;}var form_content = jQuery(this).contents().find('#gform_wrapper_2');var is_confirmation = jQuery(this).contents().find('#gform_confirmation_wrapper_2').length > 0;var is_redirect = contents.indexOf('gformRedirect(){') >= 0;var is_form = form_content.length > 0 && ! is_redirect && ! is_confirmation;var mt = parseInt(jQuery('html').css('margin-top'), 10) + parseInt(jQuery('body').css('margin-top'), 10) + 100;if(is_form){jQuery('#gform_wrapper_2').html(form_content.html());if(form_content.hasClass('gform_validation_error')){jQuery('#gform_wrapper_2').addClass('gform_validation_error');} else {jQuery('#gform_wrapper_2').removeClass('gform_validation_error');}setTimeout( function() { \/* delay the scroll by 50 milliseconds to fix a bug in chrome *\/  }, 50 );if(window['gformInitDatepicker']) {gformInitDatepicker();}if(window['gformInitPriceFields']) {gformInitPriceFields();}var current_page = jQuery('#gform_source_page_number_2').val();gformInitSpinner( 2, 'https:\/\/iceland-lovers.com\/wp-content\/plugins\/gravityforms\/images\/spinner.svg', false );jQuery(document).trigger('gform_page_loaded', [2, current_page]);window['gf_submitting_2'] = false;}else if(!is_redirect){var confirmation_content = jQuery(this).contents().find('.GF_AJAX_POSTBACK').html();if(!confirmation_content){confirmation_content = contents;}jQuery('#gform_wrapper_2').replaceWith(confirmation_content);jQuery(document).trigger('gform_confirmation_loaded', [2]);window['gf_submitting_2'] = false;wp.a11y.speak(jQuery('#gform_confirmation_message_2').text());}else{jQuery('#gform_2').append(contents);if(window['gformRedirect']) {gformRedirect();}}jQuery(document).trigger(\"gform_pre_post_render\", [{ formId: \"2\", currentPage: \"current_page\", abort: function() { this.preventDefault(); } }]);        if (event && event.defaultPrevented) {                return;        }        const gformWrapperDiv = document.getElementById( \"gform_wrapper_2\" );        if ( gformWrapperDiv ) {            const visibilitySpan = document.createElement( \"span\" );            visibilitySpan.id = \"gform_visibility_test_2\";            gformWrapperDiv.insertAdjacentElement( \"afterend\", visibilitySpan );        }        const visibilityTestDiv = document.getElementById( \"gform_visibility_test_2\" );        let postRenderFired = false;        function triggerPostRender() {            if ( postRenderFired ) {                return;            }            postRenderFired = true;            gform.core.triggerPostRenderEvents( 2, current_page );            if ( visibilityTestDiv ) {                visibilityTestDiv.parentNode.removeChild( visibilityTestDiv );            }        }        function debounce( func, wait, immediate ) {            var timeout;            return function() {                var context = this, args = arguments;                var later = function() {                    timeout = null;                    if ( !immediate ) func.apply( context, args );                };                var callNow = immediate && !timeout;                clearTimeout( timeout );                timeout = setTimeout( later, wait );                if ( callNow ) func.apply( context, args );            };        }        const debouncedTriggerPostRender = debounce( function() {            triggerPostRender();        }, 200 );        if ( visibilityTestDiv && visibilityTestDiv.offsetParent === null ) {            const observer = new MutationObserver( ( mutations ) => {                mutations.forEach( ( mutation ) => {                    if ( mutation.type === 'attributes' && visibilityTestDiv.offsetParent !== null ) {                        debouncedTriggerPostRender();                        observer.disconnect();                    }                });            });            observer.observe( document.body, {                attributes: true,                childList: false,                subtree: true,                attributeFilter: [ 'style', 'class' ],            });        } else {            triggerPostRender();        }    } );} );\n<\/script>\n<\/div>\n\n\n\n<div class=\"wp-block-column is-layout-flow wp-block-column-is-layout-flow\" style=\"flex-basis:42%\">\n<div class=\"wp-block-genesis-blocks-gb-container aligncenter newsletter-radius gb-block-container\"><div class=\"gb-container-inside\"><div class=\"gb-container-content\"><div class=\"wp-block-image newsletter-image\">\n<figure class=\"aligncenter size-full\"><img loading=\"lazy\" decoding=\"async\" width=\"729\" height=\"792\" src=\"https:\/\/iceland-lovers.com\/wp-content\/uploads\/2024\/06\/newsletter.png\" alt=\"Nyhetsbrev\" class=\"wp-image-443\" srcset=\"https:\/\/iceland-lovers.com\/wp-content\/uploads\/2024\/06\/newsletter.png 729w, https:\/\/iceland-lovers.com\/wp-content\/uploads\/2024\/06\/newsletter-276x300.png 276w\" sizes=\"auto, (max-width: 729px) 100vw, 729px\" \/><\/figure>\n<\/div><\/div><\/div><\/div>\n<\/div>\n<\/div>\n<\/div><\/div><\/div>\n\n<h2 class=\"wp-block-heading\"><span class=\"ez-toc-section\" id=\"Priser_i_juni\"><\/span>Priser i juni<span class=\"ez-toc-section-end\"><\/span><\/h2>\n\n<p>Island \u00e4r ett resm\u00e5l med h\u00f6ga levnadskostnader, och i juni b\u00f6rjar h\u00f6gs\u00e4songen. Priserna f\u00f6r boende, hyrbil och organiserade utflykter \u00e4r bland de h\u00f6gsta under \u00e5ret. Som \u00f6verallt annars varierar priserna beroende p\u00e5 vad du letar efter: fr\u00e5n campingplatser till hotell i toppklass, pensionat och bondg\u00e5rdar. Vi rekommenderar att du bokar flera m\u00e5nader i f\u00f6rv\u00e4g.  <\/p>\n\n<h2 class=\"wp-block-heading\"><span class=\"ez-toc-section\" id=\"Ovriga_manader\"><\/span>\u00d6vriga m\u00e5nader<span class=\"ez-toc-section-end\"><\/span><\/h2>\n\n<p><strong>N\u00e4r ska man \u00e5ka till Island, de andra m\u00e5naderna&#8230;<\/strong><\/p>\n\n<ul class=\"wp-block-list\">\n<li><a href=\"https:\/\/iceland-lovers.com\/sv\/resa-island-januari-vader-temperatur\/\" type=\"post\" id=\"737\" target=\"_blank\" rel=\"noreferrer noopener\">Island i januari<\/a><\/li>\n\n\n\n<li><a href=\"https:\/\/iceland-lovers.com\/sv\/resa-island-februari-vader-temperatur\/\" type=\"post\" id=\"1659\" target=\"_blank\" rel=\"noreferrer noopener\">Island i februari<\/a><\/li>\n\n\n\n<li><a href=\"https:\/\/iceland-lovers.com\/sv\/resa-island-mars-vader-temperatur\/\" type=\"post\" id=\"1660\" target=\"_blank\" rel=\"noreferrer noopener\">Island i mars<\/a><\/li>\n\n\n\n<li>Island i april<\/li>\n\n\n\n<li>Island i maj<\/li>\n\n\n\n<li>Island i juli<\/li>\n\n\n\n<li>Island i augusti<\/li>\n\n\n\n<li>Island i september<\/li>\n\n\n\n<li>Island i oktober<\/li>\n\n\n\n<li>Island i november<\/li>\n\n\n\n<li><a href=\"https:\/\/iceland-lovers.com\/sv\/resa-island-december-vader-temperatur\/\" type=\"post\" id=\"1661\" target=\"_blank\" rel=\"noreferrer noopener\">Island i december<\/a><\/li>\n<\/ul>\n\n<p>Eller l\u00e4s v\u00e5r artikel om n\u00e4r du ska \u00e5ka till Island (kommer snart).<\/p>\n\n<div style=\"margin-top:8%;margin-bottom:8%\" class=\"wp-block-genesis-blocks-gb-container box gb-block-container\"><div class=\"gb-container-inside\"><div class=\"gb-container-content\" style=\"max-width:700px\">\n<div class=\"wp-block-genesis-blocks-gb-container box_titre gb-block-container\"><div class=\"gb-container-inside\"><div class=\"gb-container-content\">\n<h5 class=\"titre_box\"><span>PLANERA DIN SOMMARRESA TILL <\/span> <span class=\"titre_box_manuscrit\">Island<\/span><\/h5>\n<\/div><\/div><\/div>\n\n\n\n<hr class=\"wp-block-separator has-text-color has-alpha-channel-opacity has-background is-style-wide hr-box-planif\" style=\"background-color:#ccd3dd;color:#ccd3dd\"\/>\n\n\n\n<div class=\"wp-block-columns box_sans_border is-layout-flex wp-container-core-columns-is-layout-9d6595d7 wp-block-columns-is-layout-flex\">\n<div class=\"wp-block-column texte_planif is-layout-flow wp-block-column-is-layout-flow\" style=\"font-size:14px;flex-basis:60%\">\n<ul class=\"wp-block-list\">\n<li><strong>B\u00e4st av<\/strong><\/li>\n<\/ul>\n\n\n\n<p class=\"ul_box\" style=\"font-size:14px\">Vad man kan g\u00f6ra p\u00e5 Island<br\/>De vackraste vattenfallen  <br\/>De vackraste str\u00e4nderna med svart sand  <br\/><a href=\"https:\/\/iceland-lovers.com\/sv\/basta-vulkankratrar-island\/\" type=\"post\" id=\"3913\" target=\"_blank\" rel=\"noreferrer noopener\">Vulkaniska kratrar att kl\u00e4ttra i<\/a><br\/><a href=\"https:\/\/iceland-lovers.com\/sv\/lavagrottor-island\/\" type=\"post\" id=\"3912\" target=\"_blank\" rel=\"noreferrer noopener\">Lava-grottor att bes\u00f6ka<\/a><br\/>B\u00e4sta utflykterna fr\u00e5n Reykjavik  <br\/><\/p>\n<\/div>\n\n\n\n<div class=\"wp-block-column is-vertically-aligned-top planif-radius is-layout-flow wp-block-column-is-layout-flow\" style=\"flex-basis:40%\">\n<figure class=\"wp-block-image size-large img-portrait\"><img decoding=\"async\" src=\"https:\/\/photos.smugmug.com\/Iceland\/North-Iceland\/Stukustadir\/i-cM679v9\/0\/pjq48bR8wtrM7q7fhmPKtVcFZh9jPzQ8sJQh7H4x\/S\/Stukustadir-S.jpg\" alt=\"Stukustadir\" title=\"\"\/><\/figure>\n<\/div>\n<\/div>\n\n\n\n<hr class=\"wp-block-separator has-text-color has-alpha-channel-opacity has-background is-style-wide hr-box-planif\" style=\"background-color:#ccd3dd;color:#ccd3dd\"\/>\n\n\n\n<div class=\"wp-block-columns box_sans_border is-layout-flex wp-container-core-columns-is-layout-9d6595d7 wp-block-columns-is-layout-flex\">\n<div class=\"wp-block-column texte_planif is-layout-flow wp-block-column-is-layout-flow\" style=\"flex-basis:60%\">\n<ul class=\"wp-block-list\">\n<li><strong>Praktiska r\u00e5d<\/strong><\/li>\n<\/ul>\n\n\n\n<p style=\"font-size:14px\"><br\/><a href=\"https:\/\/iceland-lovers.com\/sv\/resa-island-sommaren-guide\/\" type=\"post\" id=\"3860\" target=\"_blank\" rel=\"noreferrer noopener\">Tips f\u00f6r sommarresor<\/a><br\/><a href=\"https:\/\/iceland-lovers.com\/sv\/hur-hyr-bil-island-tips-erfarenhet\/\" type=\"post\" id=\"1202\" target=\"_blank\" rel=\"noreferrer noopener\">Hur man hyr en bil p\u00e5 Island<\/a><br\/>Tips f\u00f6r bilk\u00f6rning  <br\/>Var man bor p\u00e5 Island  <br\/>Resplaner: 3 dagar &#8211; 4 dagar &#8211; 5 dagar &#8211; 1 vecka &#8211; 10 dagar  <\/p>\n<\/div>\n\n\n\n<div class=\"wp-block-column is-vertically-aligned-top planif-radius is-layout-flow wp-block-column-is-layout-flow\" style=\"flex-basis:40%\">\n<figure class=\"wp-block-image size-large img-portrait\"><img decoding=\"async\" src=\"https:\/\/photos.smugmug.com\/Iceland\/Driving-car\/i-vPtvXQq\/0\/tq6rx2CTKV4njqg4RvvJSGW5KtNLh5jJFTTsWHFQ\/S\/driving_iceland-S.jpg\" alt=\"Rutt p&#xE5; Island  \" title=\"\"\/><\/figure>\n<\/div>\n<\/div>\n\n\n\n<hr class=\"wp-block-separator has-text-color has-alpha-channel-opacity has-background is-style-wide hr-box-planif\" style=\"background-color:#ccd3dd;color:#ccd3dd\"\/>\n\n\n\n<div class=\"wp-block-columns box_sans_border is-layout-flex wp-container-core-columns-is-layout-9d6595d7 wp-block-columns-is-layout-flex\">\n<div class=\"wp-block-column texte_planif is-layout-flow wp-block-column-is-layout-flow\" style=\"flex-basis:60%\">\n<ul class=\"wp-block-list\">\n<li><strong>Det du m\u00e5ste ha<\/strong><\/li>\n<\/ul>\n\n\n\n<p style=\"font-size:14px\">Vad man kan g\u00f6ra i Reykjavik  <br\/>Toppattraktioner i Gyllene cirkeln  <br\/>Attraktioner p\u00e5 sydkusten  <br\/><a href=\"https:\/\/iceland-lovers.com\/sv\/sevardheter-snaefellsnes-att-gora\/\" type=\"post\" id=\"3951\" target=\"_blank\" rel=\"noreferrer noopener\">Snaefellsnes halv\u00f6<\/a><br\/>Silver Circle  <br\/>Sev\u00e4rdheter i sj\u00f6n Myvatn  <br\/><\/p>\n<\/div>\n\n\n\n<div class=\"wp-block-column is-vertically-aligned-top planif-radius is-layout-flow wp-block-column-is-layout-flow\" style=\"flex-basis:40%\">\n<figure class=\"wp-block-image size-large img-portrait\"><img decoding=\"async\" src=\"https:\/\/photos.smugmug.com\/Iceland\/South-Coast\/Skogafoss\/i-PN35d7d\/0\/CTQRVft2tgj5rkrQb5BrqVpxcpWh9fCmxkG9h55NW\/S\/Skogafoss-S.jpg\" alt=\"Skogafoss\" title=\"\"\/><\/figure>\n<\/div>\n<\/div>\n\n\n\n<div style=\"height:30px\" aria-hidden=\"true\" class=\"wp-block-spacer\"><\/div>\n<\/div><\/div><\/div>\n\n<div class=\"wp-block-genesis-blocks-gb-container box_auteur_voyage gb-block-container\"><div class=\"gb-container-inside\"><div class=\"gb-container-content\">\n<figure class=\"wp-block-image size-large img_auteur_voyage img_provisoire\"><img decoding=\"async\" src=\"https:\/\/photos.smugmug.com\/Region-Lovers\/Equipe\/i-nsNF6C6\/0\/Cs2F5n96pkt9xFD9D3SVqmQspMhrKgN75nHgBqmjG\/L\/Claire-L.png\" alt=\"\"\/><\/figure>\n\n\n\n<h5 class=\"titre_auteur_voyage\"><span>HON KLARADE RESAN <\/span><span class=\"titre_box_manuscrit\">Claire<\/span><\/h5>\n<\/div><\/div><\/div>\n","protected":false},"excerpt":{"rendered":"<p>Vill du \u00e5ka till Island i juni?Ta reda p\u00e5 om regionen passar dig vid den h\u00e4r tiden p\u00e5 \u00e5ret med v\u00e5r omfattande guide om klimat, resef\u00f6rh\u00e5llanden, folksamlingar, priser, sev\u00e4rdheter och evenemang. \u00c5ker till Island i juni: snabba svar \u00c4r v\u00e4dret bra p\u00e5 Island i juni? \u00c4r detta en bra tid att bes\u00f6ka? Juni \u00e4r en [&hellip;]<\/p>\n","protected":false},"author":1,"featured_media":4109,"comment_status":"closed","ping_status":"closed","sticky":false,"template":"","format":"standard","meta":{"_genesis_hide_title":false,"_genesis_hide_breadcrumbs":false,"_genesis_hide_singular_image":false,"_genesis_hide_footer_widgets":false,"_genesis_custom_body_class":"","_genesis_custom_post_class":"","_genesis_layout":"","footnotes":""},"categories":[72],"tags":[],"class_list":{"0":"post-4299","1":"post","2":"type-post","3":"status-publish","4":"format-standard","5":"has-post-thumbnail","7":"category-restips","8":"entry"},"yoast_head":"<!-- This site is optimized with the Yoast SEO plugin v27.5 - https:\/\/yoast.com\/product\/yoast-seo-wordpress\/ -->\n<title>Island i juni: v\u00e5r kompletta guide!<\/title>\n<meta name=\"description\" content=\"Vad du kan f\u00f6rv\u00e4nta dig om du reser till Island i juni - v\u00e4der, folkmassor, f\u00f6rh\u00e5llanden, priser, evenemang, sev\u00e4rdheter...\" \/>\n<meta name=\"robots\" content=\"index, follow, max-snippet:-1, max-image-preview:large, max-video-preview:-1\" \/>\n<link rel=\"canonical\" href=\"https:\/\/iceland-lovers.com\/sv\/resa-island-juni-vader-temperatur\/\" \/>\n<meta property=\"og:locale\" content=\"sv_SE\" \/>\n<meta property=\"og:type\" content=\"article\" \/>\n<meta property=\"og:title\" content=\"Island i juni: v\u00e5r kompletta guide!\" \/>\n<meta property=\"og:description\" content=\"Vad du kan f\u00f6rv\u00e4nta dig om du reser till Island i juni - v\u00e4der, folkmassor, f\u00f6rh\u00e5llanden, priser, evenemang, sev\u00e4rdheter...\" \/>\n<meta property=\"og:url\" content=\"https:\/\/iceland-lovers.com\/sv\/resa-island-juni-vader-temperatur\/\" \/>\n<meta property=\"og:site_name\" content=\"Iceland Lovers\" \/>\n<meta property=\"article:published_time\" content=\"2026-04-30T09:58:38+00:00\" \/>\n<meta property=\"article:modified_time\" content=\"2026-04-30T11:37:34+00:00\" \/>\n<meta property=\"og:image\" content=\"https:\/\/iceland-lovers.com\/wp-content\/uploads\/2026\/04\/Island-i-juni-vader-temperatur.jpg\" \/>\n\t<meta property=\"og:image:width\" content=\"800\" \/>\n\t<meta property=\"og:image:height\" content=\"600\" \/>\n\t<meta property=\"og:image:type\" content=\"image\/jpeg\" \/>\n<meta name=\"author\" content=\"Claire\" \/>\n<meta name=\"twitter:card\" content=\"summary_large_image\" \/>\n<meta name=\"twitter:label1\" content=\"Skriven av\" \/>\n\t<meta name=\"twitter:data1\" content=\"Claire\" \/>\n\t<meta name=\"twitter:label2\" content=\"Ber\u00e4knad l\u00e4stid\" \/>\n\t<meta name=\"twitter:data2\" content=\"10 minuter\" \/>\n<script type=\"application\/ld+json\" class=\"yoast-schema-graph\">{\"@context\":\"https:\\\/\\\/schema.org\",\"@graph\":[{\"@type\":\"Article\",\"@id\":\"https:\\\/\\\/iceland-lovers.com\\\/sv\\\/resa-island-juni-vader-temperatur\\\/#article\",\"isPartOf\":{\"@id\":\"https:\\\/\\\/iceland-lovers.com\\\/sv\\\/resa-island-juni-vader-temperatur\\\/\"},\"author\":{\"name\":\"Claire\",\"@id\":\"https:\\\/\\\/iceland-lovers.com\\\/sv\\\/#\\\/schema\\\/person\\\/99f50c0c6981832bc8c168071e92df44\"},\"headline\":\"Island i juni: v\u00e5r kompletta guide!\",\"datePublished\":\"2026-04-30T09:58:38+00:00\",\"dateModified\":\"2026-04-30T11:37:34+00:00\",\"mainEntityOfPage\":{\"@id\":\"https:\\\/\\\/iceland-lovers.com\\\/sv\\\/resa-island-juni-vader-temperatur\\\/\"},\"wordCount\":1954,\"publisher\":{\"@id\":\"https:\\\/\\\/iceland-lovers.com\\\/sv\\\/#organization\"},\"image\":{\"@id\":\"https:\\\/\\\/iceland-lovers.com\\\/sv\\\/resa-island-juni-vader-temperatur\\\/#primaryimage\"},\"thumbnailUrl\":\"https:\\\/\\\/iceland-lovers.com\\\/wp-content\\\/uploads\\\/2026\\\/04\\\/Island-i-juni-vader-temperatur.jpg\",\"articleSection\":[\"Restips\"],\"inLanguage\":\"sv-SE\"},{\"@type\":\"WebPage\",\"@id\":\"https:\\\/\\\/iceland-lovers.com\\\/sv\\\/resa-island-juni-vader-temperatur\\\/\",\"url\":\"https:\\\/\\\/iceland-lovers.com\\\/sv\\\/resa-island-juni-vader-temperatur\\\/\",\"name\":\"Island i juni: v\u00e5r kompletta guide!\",\"isPartOf\":{\"@id\":\"https:\\\/\\\/iceland-lovers.com\\\/sv\\\/#website\"},\"primaryImageOfPage\":{\"@id\":\"https:\\\/\\\/iceland-lovers.com\\\/sv\\\/resa-island-juni-vader-temperatur\\\/#primaryimage\"},\"image\":{\"@id\":\"https:\\\/\\\/iceland-lovers.com\\\/sv\\\/resa-island-juni-vader-temperatur\\\/#primaryimage\"},\"thumbnailUrl\":\"https:\\\/\\\/iceland-lovers.com\\\/wp-content\\\/uploads\\\/2026\\\/04\\\/Island-i-juni-vader-temperatur.jpg\",\"datePublished\":\"2026-04-30T09:58:38+00:00\",\"dateModified\":\"2026-04-30T11:37:34+00:00\",\"description\":\"Vad du kan f\u00f6rv\u00e4nta dig om du reser till Island i juni - v\u00e4der, folkmassor, f\u00f6rh\u00e5llanden, priser, evenemang, sev\u00e4rdheter...\",\"breadcrumb\":{\"@id\":\"https:\\\/\\\/iceland-lovers.com\\\/sv\\\/resa-island-juni-vader-temperatur\\\/#breadcrumb\"},\"inLanguage\":\"sv-SE\",\"potentialAction\":[{\"@type\":\"ReadAction\",\"target\":[\"https:\\\/\\\/iceland-lovers.com\\\/sv\\\/resa-island-juni-vader-temperatur\\\/\"]}]},{\"@type\":\"ImageObject\",\"inLanguage\":\"sv-SE\",\"@id\":\"https:\\\/\\\/iceland-lovers.com\\\/sv\\\/resa-island-juni-vader-temperatur\\\/#primaryimage\",\"url\":\"https:\\\/\\\/iceland-lovers.com\\\/wp-content\\\/uploads\\\/2026\\\/04\\\/Island-i-juni-vader-temperatur.jpg\",\"contentUrl\":\"https:\\\/\\\/iceland-lovers.com\\\/wp-content\\\/uploads\\\/2026\\\/04\\\/Island-i-juni-vader-temperatur.jpg\",\"width\":800,\"height\":600,\"caption\":\"Island i juni vader temperatur\"},{\"@type\":\"BreadcrumbList\",\"@id\":\"https:\\\/\\\/iceland-lovers.com\\\/sv\\\/resa-island-juni-vader-temperatur\\\/#breadcrumb\",\"itemListElement\":[{\"@type\":\"ListItem\",\"position\":1,\"name\":\"Accueil\",\"item\":\"https:\\\/\\\/iceland-lovers.com\\\/sv\\\/\"},{\"@type\":\"ListItem\",\"position\":2,\"name\":\"Restips\",\"item\":\"https:\\\/\\\/iceland-lovers.com\\\/sv\\\/restips\\\/\"},{\"@type\":\"ListItem\",\"position\":3,\"name\":\"Island i juni: v\u00e5r kompletta guide!\"}]},{\"@type\":\"WebSite\",\"@id\":\"https:\\\/\\\/iceland-lovers.com\\\/sv\\\/#website\",\"url\":\"https:\\\/\\\/iceland-lovers.com\\\/sv\\\/\",\"name\":\"Iceland Lovers\",\"description\":\"Le Blog de Claire et Manu\",\"publisher\":{\"@id\":\"https:\\\/\\\/iceland-lovers.com\\\/sv\\\/#organization\"},\"potentialAction\":[{\"@type\":\"SearchAction\",\"target\":{\"@type\":\"EntryPoint\",\"urlTemplate\":\"https:\\\/\\\/iceland-lovers.com\\\/sv\\\/?s={search_term_string}\"},\"query-input\":{\"@type\":\"PropertyValueSpecification\",\"valueRequired\":true,\"valueName\":\"search_term_string\"}}],\"inLanguage\":\"sv-SE\"},{\"@type\":\"Organization\",\"@id\":\"https:\\\/\\\/iceland-lovers.com\\\/sv\\\/#organization\",\"name\":\"Iceland Lovers\",\"url\":\"https:\\\/\\\/iceland-lovers.com\\\/sv\\\/\",\"logo\":{\"@type\":\"ImageObject\",\"inLanguage\":\"sv-SE\",\"@id\":\"https:\\\/\\\/iceland-lovers.com\\\/sv\\\/#\\\/schema\\\/logo\\\/image\\\/\",\"url\":\"https:\\\/\\\/iceland-lovers.com\\\/wp-content\\\/uploads\\\/2024\\\/05\\\/cropped-Iceland-Lovers-Logos-RVB_Principal-bicolore.png\",\"contentUrl\":\"https:\\\/\\\/iceland-lovers.com\\\/wp-content\\\/uploads\\\/2024\\\/05\\\/cropped-Iceland-Lovers-Logos-RVB_Principal-bicolore.png\",\"width\":2326,\"height\":501,\"caption\":\"Iceland Lovers\"},\"image\":{\"@id\":\"https:\\\/\\\/iceland-lovers.com\\\/sv\\\/#\\\/schema\\\/logo\\\/image\\\/\"}},{\"@type\":\"Person\",\"@id\":\"https:\\\/\\\/iceland-lovers.com\\\/sv\\\/#\\\/schema\\\/person\\\/99f50c0c6981832bc8c168071e92df44\",\"name\":\"Claire\",\"image\":{\"@type\":\"ImageObject\",\"inLanguage\":\"sv-SE\",\"@id\":\"https:\\\/\\\/secure.gravatar.com\\\/avatar\\\/e3566233826c32de8d7c9ef726a1087654b12cadb092acc17ee1d357687192ff?s=96&d=mm&r=g\",\"url\":\"https:\\\/\\\/secure.gravatar.com\\\/avatar\\\/e3566233826c32de8d7c9ef726a1087654b12cadb092acc17ee1d357687192ff?s=96&d=mm&r=g\",\"contentUrl\":\"https:\\\/\\\/secure.gravatar.com\\\/avatar\\\/e3566233826c32de8d7c9ef726a1087654b12cadb092acc17ee1d357687192ff?s=96&d=mm&r=g\",\"caption\":\"Claire\"},\"sameAs\":[\"https:\\\/\\\/iceland-lovers.com\\\/claire-robinson\\\/\"],\"url\":\"https:\\\/\\\/iceland-lovers.com\\\/sv\\\/author\\\/icelandlovers\\\/\"}]}<\/script>\n<!-- \/ Yoast SEO plugin. -->","yoast_head_json":{"title":"Island i juni: v\u00e5r kompletta guide!","description":"Vad du kan f\u00f6rv\u00e4nta dig om du reser till Island i juni - v\u00e4der, folkmassor, f\u00f6rh\u00e5llanden, priser, evenemang, sev\u00e4rdheter...","robots":{"index":"index","follow":"follow","max-snippet":"max-snippet:-1","max-image-preview":"max-image-preview:large","max-video-preview":"max-video-preview:-1"},"canonical":"https:\/\/iceland-lovers.com\/sv\/resa-island-juni-vader-temperatur\/","og_locale":"sv_SE","og_type":"article","og_title":"Island i juni: v\u00e5r kompletta guide!","og_description":"Vad du kan f\u00f6rv\u00e4nta dig om du reser till Island i juni - v\u00e4der, folkmassor, f\u00f6rh\u00e5llanden, priser, evenemang, sev\u00e4rdheter...","og_url":"https:\/\/iceland-lovers.com\/sv\/resa-island-juni-vader-temperatur\/","og_site_name":"Iceland Lovers","article_published_time":"2026-04-30T09:58:38+00:00","article_modified_time":"2026-04-30T11:37:34+00:00","og_image":[{"width":800,"height":600,"url":"https:\/\/iceland-lovers.com\/wp-content\/uploads\/2026\/04\/Island-i-juni-vader-temperatur.jpg","type":"image\/jpeg"}],"author":"Claire","twitter_card":"summary_large_image","twitter_misc":{"Skriven av":"Claire","Ber\u00e4knad l\u00e4stid":"10 minuter"},"schema":{"@context":"https:\/\/schema.org","@graph":[{"@type":"Article","@id":"https:\/\/iceland-lovers.com\/sv\/resa-island-juni-vader-temperatur\/#article","isPartOf":{"@id":"https:\/\/iceland-lovers.com\/sv\/resa-island-juni-vader-temperatur\/"},"author":{"name":"Claire","@id":"https:\/\/iceland-lovers.com\/sv\/#\/schema\/person\/99f50c0c6981832bc8c168071e92df44"},"headline":"Island i juni: v\u00e5r kompletta guide!","datePublished":"2026-04-30T09:58:38+00:00","dateModified":"2026-04-30T11:37:34+00:00","mainEntityOfPage":{"@id":"https:\/\/iceland-lovers.com\/sv\/resa-island-juni-vader-temperatur\/"},"wordCount":1954,"publisher":{"@id":"https:\/\/iceland-lovers.com\/sv\/#organization"},"image":{"@id":"https:\/\/iceland-lovers.com\/sv\/resa-island-juni-vader-temperatur\/#primaryimage"},"thumbnailUrl":"https:\/\/iceland-lovers.com\/wp-content\/uploads\/2026\/04\/Island-i-juni-vader-temperatur.jpg","articleSection":["Restips"],"inLanguage":"sv-SE"},{"@type":"WebPage","@id":"https:\/\/iceland-lovers.com\/sv\/resa-island-juni-vader-temperatur\/","url":"https:\/\/iceland-lovers.com\/sv\/resa-island-juni-vader-temperatur\/","name":"Island i juni: v\u00e5r kompletta guide!","isPartOf":{"@id":"https:\/\/iceland-lovers.com\/sv\/#website"},"primaryImageOfPage":{"@id":"https:\/\/iceland-lovers.com\/sv\/resa-island-juni-vader-temperatur\/#primaryimage"},"image":{"@id":"https:\/\/iceland-lovers.com\/sv\/resa-island-juni-vader-temperatur\/#primaryimage"},"thumbnailUrl":"https:\/\/iceland-lovers.com\/wp-content\/uploads\/2026\/04\/Island-i-juni-vader-temperatur.jpg","datePublished":"2026-04-30T09:58:38+00:00","dateModified":"2026-04-30T11:37:34+00:00","description":"Vad du kan f\u00f6rv\u00e4nta dig om du reser till Island i juni - v\u00e4der, folkmassor, f\u00f6rh\u00e5llanden, priser, evenemang, sev\u00e4rdheter...","breadcrumb":{"@id":"https:\/\/iceland-lovers.com\/sv\/resa-island-juni-vader-temperatur\/#breadcrumb"},"inLanguage":"sv-SE","potentialAction":[{"@type":"ReadAction","target":["https:\/\/iceland-lovers.com\/sv\/resa-island-juni-vader-temperatur\/"]}]},{"@type":"ImageObject","inLanguage":"sv-SE","@id":"https:\/\/iceland-lovers.com\/sv\/resa-island-juni-vader-temperatur\/#primaryimage","url":"https:\/\/iceland-lovers.com\/wp-content\/uploads\/2026\/04\/Island-i-juni-vader-temperatur.jpg","contentUrl":"https:\/\/iceland-lovers.com\/wp-content\/uploads\/2026\/04\/Island-i-juni-vader-temperatur.jpg","width":800,"height":600,"caption":"Island i juni vader temperatur"},{"@type":"BreadcrumbList","@id":"https:\/\/iceland-lovers.com\/sv\/resa-island-juni-vader-temperatur\/#breadcrumb","itemListElement":[{"@type":"ListItem","position":1,"name":"Accueil","item":"https:\/\/iceland-lovers.com\/sv\/"},{"@type":"ListItem","position":2,"name":"Restips","item":"https:\/\/iceland-lovers.com\/sv\/restips\/"},{"@type":"ListItem","position":3,"name":"Island i juni: v\u00e5r kompletta guide!"}]},{"@type":"WebSite","@id":"https:\/\/iceland-lovers.com\/sv\/#website","url":"https:\/\/iceland-lovers.com\/sv\/","name":"Iceland Lovers","description":"Le Blog de Claire et Manu","publisher":{"@id":"https:\/\/iceland-lovers.com\/sv\/#organization"},"potentialAction":[{"@type":"SearchAction","target":{"@type":"EntryPoint","urlTemplate":"https:\/\/iceland-lovers.com\/sv\/?s={search_term_string}"},"query-input":{"@type":"PropertyValueSpecification","valueRequired":true,"valueName":"search_term_string"}}],"inLanguage":"sv-SE"},{"@type":"Organization","@id":"https:\/\/iceland-lovers.com\/sv\/#organization","name":"Iceland Lovers","url":"https:\/\/iceland-lovers.com\/sv\/","logo":{"@type":"ImageObject","inLanguage":"sv-SE","@id":"https:\/\/iceland-lovers.com\/sv\/#\/schema\/logo\/image\/","url":"https:\/\/iceland-lovers.com\/wp-content\/uploads\/2024\/05\/cropped-Iceland-Lovers-Logos-RVB_Principal-bicolore.png","contentUrl":"https:\/\/iceland-lovers.com\/wp-content\/uploads\/2024\/05\/cropped-Iceland-Lovers-Logos-RVB_Principal-bicolore.png","width":2326,"height":501,"caption":"Iceland Lovers"},"image":{"@id":"https:\/\/iceland-lovers.com\/sv\/#\/schema\/logo\/image\/"}},{"@type":"Person","@id":"https:\/\/iceland-lovers.com\/sv\/#\/schema\/person\/99f50c0c6981832bc8c168071e92df44","name":"Claire","image":{"@type":"ImageObject","inLanguage":"sv-SE","@id":"https:\/\/secure.gravatar.com\/avatar\/e3566233826c32de8d7c9ef726a1087654b12cadb092acc17ee1d357687192ff?s=96&d=mm&r=g","url":"https:\/\/secure.gravatar.com\/avatar\/e3566233826c32de8d7c9ef726a1087654b12cadb092acc17ee1d357687192ff?s=96&d=mm&r=g","contentUrl":"https:\/\/secure.gravatar.com\/avatar\/e3566233826c32de8d7c9ef726a1087654b12cadb092acc17ee1d357687192ff?s=96&d=mm&r=g","caption":"Claire"},"sameAs":["https:\/\/iceland-lovers.com\/claire-robinson\/"],"url":"https:\/\/iceland-lovers.com\/sv\/author\/icelandlovers\/"}]}},"featured_image_src":"https:\/\/iceland-lovers.com\/wp-content\/uploads\/2026\/04\/Island-i-juni-vader-temperatur-600x400.jpg","featured_image_src_square":"https:\/\/iceland-lovers.com\/wp-content\/uploads\/2026\/04\/Island-i-juni-vader-temperatur-600x600.jpg","author_info":{"display_name":"Claire","author_link":"https:\/\/iceland-lovers.com\/sv\/author\/icelandlovers\/"},"_links":{"self":[{"href":"https:\/\/iceland-lovers.com\/sv\/wp-json\/wp\/v2\/posts\/4299","targetHints":{"allow":["GET"]}}],"collection":[{"href":"https:\/\/iceland-lovers.com\/sv\/wp-json\/wp\/v2\/posts"}],"about":[{"href":"https:\/\/iceland-lovers.com\/sv\/wp-json\/wp\/v2\/types\/post"}],"author":[{"embeddable":true,"href":"https:\/\/iceland-lovers.com\/sv\/wp-json\/wp\/v2\/users\/1"}],"replies":[{"embeddable":true,"href":"https:\/\/iceland-lovers.com\/sv\/wp-json\/wp\/v2\/comments?post=4299"}],"version-history":[{"count":0,"href":"https:\/\/iceland-lovers.com\/sv\/wp-json\/wp\/v2\/posts\/4299\/revisions"}],"wp:featuredmedia":[{"embeddable":true,"href":"https:\/\/iceland-lovers.com\/sv\/wp-json\/wp\/v2\/media\/4109"}],"wp:attachment":[{"href":"https:\/\/iceland-lovers.com\/sv\/wp-json\/wp\/v2\/media?parent=4299"}],"wp:term":[{"taxonomy":"category","embeddable":true,"href":"https:\/\/iceland-lovers.com\/sv\/wp-json\/wp\/v2\/categories?post=4299"},{"taxonomy":"post_tag","embeddable":true,"href":"https:\/\/iceland-lovers.com\/sv\/wp-json\/wp\/v2\/tags?post=4299"}],"curies":[{"name":"wp","href":"https:\/\/api.w.org\/{rel}","templated":true}]}}