{"id":4034,"date":"2026-04-16T13:42:31","date_gmt":"2026-04-16T11:42:31","guid":{"rendered":"https:\/\/iceland-lovers.com\/visiter-snaefellsnes-2-jours-itineraire\/"},"modified":"2026-04-16T14:12:18","modified_gmt":"2026-04-16T12:12:18","slug":"visiter-snaefellsnes-2-jours-itineraire","status":"publish","type":"post","link":"https:\/\/iceland-lovers.com\/sv\/visiter-snaefellsnes-2-jours-itineraire\/","title":{"rendered":"Bes\u00f6k Snaefellsnes p\u00e5 2 dagar: v\u00e5r perfekta resv\u00e4g (+ foton)"},"content":{"rendered":"\n<p>Planerar du ett <strong>2-dagars bes\u00f6k p\u00e5 Snaefellsnes-halv\u00f6n<\/strong>? Det \u00e4r den perfekta tiden f\u00f6r att uppt\u00e4cka denna region som ofta kallas &#8221;Island i miniatyr&#8221;. P\u00e5 bara n\u00e5gra tiotals kilometer finns en sl\u00e5ende m\u00e5ngfald av landskap: <strong>fjordar<\/strong>, <strong>lavaf\u00e4lt<\/strong>, <strong>vattenfall<\/strong>, <strong>klippor<\/strong>, <strong>glaci\u00e4rer<\/strong> och <strong>fiskebyar<\/strong>.<\/p>\n\n<p>H\u00e4r \u00e4r v\u00e5r perfekta resplan f\u00f6r att bes\u00f6ka Snaefellsnes p\u00e5 2 dagar!<\/p>\n\n<figure class=\"wp-block-image size-full\"><img decoding=\"async\" src=\"https:\/\/iceland-lovers.com\/wp-content\/uploads\/2026\/04\/besok-Snaefellsnes-resvagar-2-dagar.jpg\" alt=\"bes&#xF6;k Snaefellsnes resv&#xE4;g 2 dagar\" class=\"wp-image-4025\"\/><\/figure>\n\n<p>Detta \u00e4r en helt <strong>oberoende<\/strong> \u00e5sikt, baserad p\u00e5 v\u00e5r egen erfarenhet. Vi bes\u00f6kte regionen anonymt, gjorde v\u00e5ra egna val och betalade v\u00e5ra r\u00e4kningar till fullo.<\/p>\n\n<div style=\"padding-left:5%\" class=\"wp-block-genesis-blocks-gb-container box gb-block-container\"><div class=\"gb-container-inside\"><div class=\"gb-container-content\">\n<p class=\"titre_box_manuscrit\">Inneh\u00e5ll<\/p>\n\n\n\n<div class=\"wp-block-genesis-blocks-gb-container gb-block-container\"><div class=\"gb-container-inside\"><div class=\"gb-container-content\"><div id=\"ez-toc-container\" class=\"ez-toc-v2_0_82_1 counter-hierarchy ez-toc-counter ez-toc-custom ez-toc-container-direction\">\n<div class=\"ez-toc-title-container\">\n<span class=\"ez-toc-title-toggle\"><\/span><\/div>\n<nav><ul class='ez-toc-list ez-toc-list-level-1 ' ><li class='ez-toc-page-1 ez-toc-heading-level-2'><a class=\"ez-toc-link ez-toc-heading-1\" href=\"https:\/\/iceland-lovers.com\/sv\/visiter-snaefellsnes-2-jours-itineraire\/#Praktiska_tips_for_att_besoka_Snaefellsnes_pa_2_dagar\" >Praktiska tips f\u00f6r att bes\u00f6ka Snaefellsnes p\u00e5 2 dagar<\/a><\/li><li class='ez-toc-page-1 ez-toc-heading-level-2'><a class=\"ez-toc-link ez-toc-heading-2\" href=\"https:\/\/iceland-lovers.com\/sv\/visiter-snaefellsnes-2-jours-itineraire\/#Var_idealiska_resvag_2_dagar_i_Snaefellsnes\" >V\u00e5r idealiska resv\u00e4g: 2 dagar i Snaefellsnes<\/a><\/li><li class='ez-toc-page-1 ez-toc-heading-level-2'><a class=\"ez-toc-link ez-toc-heading-3\" href=\"https:\/\/iceland-lovers.com\/sv\/visiter-snaefellsnes-2-jours-itineraire\/#Dag_1_%E2%80%93_Stopp_1_Utsiktsplatserna_Selvallavatn_och_Selvallafoss\" >Dag 1 &#8211; Stopp 1: Utsiktsplatserna Selvallavatn och Selvallafoss<\/a><\/li><li class='ez-toc-page-1 ez-toc-heading-level-2'><a class=\"ez-toc-link ez-toc-heading-4\" href=\"https:\/\/iceland-lovers.com\/sv\/visiter-snaefellsnes-2-jours-itineraire\/#Dag_1_%E2%80%93_Stopp_2_Lavafaltet_Berserkjahraun\" >Dag 1 &#8211; Stopp 2: Lavaf\u00e4ltet Berserkjahraun<\/a><\/li><li class='ez-toc-page-1 ez-toc-heading-level-2'><a class=\"ez-toc-link ez-toc-heading-5\" href=\"https:\/\/iceland-lovers.com\/sv\/visiter-snaefellsnes-2-jours-itineraire\/#Dag_1_%E2%80%93_Alternativt_stopp_2_Stykkisholmur_och_Viking_Sushi_kryssning\" >Dag 1 &#8211; Alternativt stopp 2: Stykkish\u00f3lmur och Viking Sushi kryssning<\/a><\/li><li class='ez-toc-page-1 ez-toc-heading-level-2'><a class=\"ez-toc-link ez-toc-heading-6\" href=\"https:\/\/iceland-lovers.com\/sv\/visiter-snaefellsnes-2-jours-itineraire\/#Dag_1_%E2%80%93_Stopp_3_Utsiktspunkt_over_Kirkjufell\" >Dag 1 &#8211; Stopp 3: Utsiktspunkt \u00f6ver Kirkjufell<\/a><\/li><li class='ez-toc-page-1 ez-toc-heading-level-2'><a class=\"ez-toc-link ez-toc-heading-7\" href=\"https:\/\/iceland-lovers.com\/sv\/visiter-snaefellsnes-2-jours-itineraire\/#Dag_1_%E2%80%93_Stopp_4_Grundarfoss_vattenfall\" >Dag 1 &#8211; Stopp 4: Grundarfoss vattenfall<\/a><\/li><li class='ez-toc-page-1 ez-toc-heading-level-2'><a class=\"ez-toc-link ez-toc-heading-8\" href=\"https:\/\/iceland-lovers.com\/sv\/visiter-snaefellsnes-2-jours-itineraire\/#Dag_1_%E2%80%93_Stopp_6_Svodufoss_vattenfall\" >Dag 1 &#8211; Stopp 6: Sv\u00f6dufoss vattenfall<\/a><\/li><li class='ez-toc-page-1 ez-toc-heading-level-2'><a class=\"ez-toc-link ez-toc-heading-9\" href=\"https:\/\/iceland-lovers.com\/sv\/visiter-snaefellsnes-2-jours-itineraire\/#Dag_1_%E2%80%93_Stopp_6_Kirkjufellsfoss_i_solnedgangen\" >Dag 1 &#8211; Stopp 6: Kirkjufellsfoss i solnedg\u00e5ngen<\/a><\/li><li class='ez-toc-page-1 ez-toc-heading-level-2'><a class=\"ez-toc-link ez-toc-heading-10\" href=\"https:\/\/iceland-lovers.com\/sv\/visiter-snaefellsnes-2-jours-itineraire\/#Dag_2_%E2%80%93_Stopp_1_Saxholl-kratern\" >Dag 2 &#8211; Stopp 1: Saxh\u00f3ll-kratern<\/a><\/li><li class='ez-toc-page-1 ez-toc-heading-level-2'><a class=\"ez-toc-link ez-toc-heading-11\" href=\"https:\/\/iceland-lovers.com\/sv\/visiter-snaefellsnes-2-jours-itineraire\/#Dag_2_%E2%80%93_Stopp_2_Djupalonssandur-stranden\" >Dag 2 &#8211; Stopp 2: Dj\u00fapal\u00f3nssandur-stranden<\/a><\/li><li class='ez-toc-page-1 ez-toc-heading-level-2'><a class=\"ez-toc-link ez-toc-heading-12\" href=\"https:\/\/iceland-lovers.com\/sv\/visiter-snaefellsnes-2-jours-itineraire\/#Dag_2_%E2%80%93_Stopp_3_Malariff_fyr\" >Dag 2 &#8211; Stopp 3: Malariff fyr<\/a><\/li><li class='ez-toc-page-1 ez-toc-heading-level-2'><a class=\"ez-toc-link ez-toc-heading-13\" href=\"https:\/\/iceland-lovers.com\/sv\/visiter-snaefellsnes-2-jours-itineraire\/#Dag_2_%E2%80%93_Stopp_4_Londrangars_klippor\" >Dag 2 &#8211; Stopp 4: L\u00f3ndrangars klippor<\/a><\/li><li class='ez-toc-page-1 ez-toc-heading-level-2'><a class=\"ez-toc-link ez-toc-heading-14\" href=\"https:\/\/iceland-lovers.com\/sv\/visiter-snaefellsnes-2-jours-itineraire\/#Dag_2_%E2%80%93_Stopp_5_Arnarstapi\" >Dag 2 &#8211; Stopp 5 Arnarstapi<\/a><\/li><li class='ez-toc-page-1 ez-toc-heading-level-2'><a class=\"ez-toc-link ez-toc-heading-15\" href=\"https:\/\/iceland-lovers.com\/sv\/visiter-snaefellsnes-2-jours-itineraire\/#Dag_2_%E2%80%93_Stopp_6_Raudfeldsgja_Canyon\" >Dag 2 &#8211; Stopp 6: Raudfeldsgja Canyon<\/a><\/li><li class='ez-toc-page-1 ez-toc-heading-level-2'><a class=\"ez-toc-link ez-toc-heading-16\" href=\"https:\/\/iceland-lovers.com\/sv\/visiter-snaefellsnes-2-jours-itineraire\/#Dag_2_%E2%80%93_Stopp_7_Budakirkja_den_svarta_kyrkan\" >Dag 2 &#8211; Stopp 7: Budakirkja, den svarta kyrkan<\/a><\/li><li class='ez-toc-page-1 ez-toc-heading-level-2'><a class=\"ez-toc-link ez-toc-heading-17\" href=\"https:\/\/iceland-lovers.com\/sv\/visiter-snaefellsnes-2-jours-itineraire\/#Dag_2_%E2%80%93_Stopp_8_Gerdubergs_basaltpelare\" >Dag 2 &#8211; Stopp 8: Ger\u00f0ubergs basaltpelare<\/a><\/li><li class='ez-toc-page-1 ez-toc-heading-level-2'><a class=\"ez-toc-link ez-toc-heading-18\" href=\"https:\/\/iceland-lovers.com\/sv\/visiter-snaefellsnes-2-jours-itineraire\/#Dag_2_%E2%80%93_Stopp_9_Ytri-Tunga-stranden_och_salskadning\" >Dag 2 &#8211; Stopp 9: Ytri-Tunga-stranden och s\u00e4lsk\u00e5dning<\/a><\/li><li class='ez-toc-page-1 ez-toc-heading-level-2'><a class=\"ez-toc-link ez-toc-heading-19\" href=\"https:\/\/iceland-lovers.com\/sv\/visiter-snaefellsnes-2-jours-itineraire\/#Alternativ_1_Snaefellsjokull-glaciaren\" >Alternativ 1: Snaefellsj\u00f6kull-glaci\u00e4ren<\/a><\/li><li class='ez-toc-page-1 ez-toc-heading-level-2'><a class=\"ez-toc-link ez-toc-heading-20\" href=\"https:\/\/iceland-lovers.com\/sv\/visiter-snaefellsnes-2-jours-itineraire\/#Alternativ_2_Vatnshellir-grottan\" >Alternativ 2: Vatnshellir-grottan<\/a><\/li><li class='ez-toc-page-1 ez-toc-heading-level-2'><a class=\"ez-toc-link ez-toc-heading-21\" href=\"https:\/\/iceland-lovers.com\/sv\/visiter-snaefellsnes-2-jours-itineraire\/#Alternativ_3_med_4%C3%974_vag_570_till_glaciaren\" >Alternativ 3: med 4&#215;4: v\u00e4g 570 till glaci\u00e4ren<\/a><\/li><li class='ez-toc-page-1 ez-toc-heading-level-2'><a class=\"ez-toc-link ez-toc-heading-22\" href=\"https:\/\/iceland-lovers.com\/sv\/visiter-snaefellsnes-2-jours-itineraire\/#Alternativ_5_Varma_kallor\" >Alternativ 5: Varma k\u00e4llor<\/a><\/li><li class='ez-toc-page-1 ez-toc-heading-level-2'><a class=\"ez-toc-link ez-toc-heading-23\" href=\"https:\/\/iceland-lovers.com\/sv\/visiter-snaefellsnes-2-jours-itineraire\/#Snaefellsnes_pa_vintern\" >Snaefellsnes p\u00e5 vintern<\/a><\/li><\/ul><\/nav><\/div>\n\n<\/div><\/div><\/div>\n<\/div><\/div><\/div>\n\n<p><\/p>\n\n<h2 class=\"wp-block-heading\"><span class=\"ez-toc-section\" id=\"Praktiska_tips_for_att_besoka_Snaefellsnes_pa_2_dagar\"><\/span>Praktiska tips f\u00f6r att bes\u00f6ka Snaefellsnes p\u00e5 2 dagar<span class=\"ez-toc-section-end\"><\/span><\/h2>\n\n<h3 class=\"wp-block-heading\">Vad kan du se i Snaefellsnes p\u00e5 2 dagar? \u00c4r den tillr\u00e4ckligt l\u00e5ng?<\/h3>\n\n<p>Tv\u00e5 dagar \u00e4r en idealisk tid f\u00f6r att utforska Snaefellsnes-halv\u00f6n. Detta g\u00f6r att du kan uppt\u00e4cka halv\u00f6ns sev\u00e4rdheter och komma lite utanf\u00f6r allfarv\u00e4garna. En 4&#215;4 \u00e4r inte n\u00f6dv\u00e4ndig, men det g\u00f6r att du kan v\u00e5ga dig \u00f6verallt.<\/p>\n\n<p>Om du har m\u00f6jlighet att tillbringa tv\u00e5 dagar d\u00e4r ist\u00e4llet f\u00f6r bara en, rekommenderar vi det varmt!<\/p>\n\n<h3 class=\"wp-block-heading\">Karta \u00f6ver sev\u00e4rdheter som m\u00e5ste ses<\/h3>\n\n<p>F\u00f6r att hj\u00e4lpa dig att hitta din v\u00e4g runt v\u00e5r resv\u00e4g nedan, h\u00e4r \u00e4r v\u00e5r karta \u00f6ver de viktigaste turistattraktionerna i Snaefellsnes:<\/p>\n\n<figure class=\"wp-block-image size-full\"><img decoding=\"async\" src=\"https:\/\/iceland-lovers.com\/wp-content\/uploads\/2026\/04\/karta-sevardheter-Snaefellsnes-attraktioner.jpg\" alt=\"karta sev&#xE4;rdheter Snaefellsnes platser som man inte f&#xE5;r missa\"\/><figcaption class=\"wp-element-caption\">Karta: popul\u00e4raste sev\u00e4rdheterna i Snaefellsnes<\/figcaption><\/figure>\n\n<h3 class=\"wp-block-heading\">Att ta sig runt p\u00e5 Snaefellsnes-halv\u00f6n<\/h3>\n\n<p>En bil \u00e4r n\u00f6dv\u00e4ndig f\u00f6r att utforska Snaefellsnes. Route 54 g\u00e5r runt halv\u00f6n och \u00e4r fortfarande v\u00e4l underh\u00e5llen. Ett konventionellt fordon (2WD) \u00e4r tillr\u00e4ckligt f\u00f6r de flesta platser. Endast bergsv\u00e4gar (570, F575) kr\u00e4ver en 4&#215;4. Vi rekommenderar starkt att du hyr ett fordon s\u00e5 att du har friheten att stanna n\u00e4r landskapet inspirerar dig. Avst\u00e5nden mellan attraktionerna \u00e4r korta, vilket g\u00f6r det till en trevlig resa.<\/p>\n\n<p><strong>Bilalternativ:<\/strong> Se alla v\u00e5ra tips f\u00f6r att <a href=\"https:\/\/iceland-lovers.com\/sv\/hur-hyr-bil-island-tips-erfarenhet\/\" type=\"post\" id=\"1202\" target=\"_blank\" rel=\"noreferrer noopener\">hyra bil p\u00e5 Island<\/a>.<\/p>\n\n<p><strong>Guidade alternativ:<\/strong> Om du inte vill k\u00f6ra finns det utflykter fr\u00e5n Reykjavik i 2 dagar, men dessa kombineras med Silver Circle eller Golden Circle s\u00e5 det finns bara en dag i Snaefellsnes. <a href=\"https:\/\/www.getyourguide.com\/snaefellsnes-l87260?adults=1&amp;searchSource=8&amp;durationRanges=4&amp;partner_id=R3GYW4V&amp;cmp=iceland\" target=\"_blank\" rel=\"noreferrer noopener sponsored nofollow\"><strong>Se alternativ.<\/strong><\/a> <\/p>\n\n<figure class=\"wp-block-image size-large\"><img decoding=\"async\" src=\"https:\/\/photos.smugmug.com\/Iceland\/Snaefellsnes\/Drive\/i-DzQPQTK\/0\/K6k2GRxHpQCrVRf6WcwLcBrxZX3scftX4rwg2Vhh8\/L\/Snaefellsnes_drive-068-L.jpg\" alt=\"v&#xE5;r bil p&#xE5; Snaefellsnes-halv&#xF6;n\"\/><\/figure>\n\n<h3 class=\"wp-block-heading\">Var man ska sova i Snaefellsnes<\/h3>\n\n<p>F\u00f6r den h\u00e4r 2-dagarsresan f\u00f6resl\u00e5r vi att du \u00f6vernattar i Grundarfj\u00f6r\u00f0ur. Denna lilla fiskehamn ligger vid foten av Kirkjufell, Islands mest fotograferade berg. Njut av soluppg\u00e5ngar och solnedg\u00e5ngar \u00f6ver denna ikoniska silhuett. Byn har alla tj\u00e4nster du beh\u00f6ver: snabbk\u00f6p, bensinstation, campingplats och en m\u00e4ngd olika boenden.  <a href=\"https:\/\/iceland-lovers.com\/sv\/var-kan-bo-snaefellsnes-halvon-basta-hotellen\/\" type=\"post\" id=\"1201\" target=\"_blank\" rel=\"noreferrer noopener\">Se v\u00e5r artikel om de b\u00e4sta st\u00e4llena att bo p\u00e5 i Snaefellsnes.<\/a><\/p>\n\n<p><a href=\"https:\/\/www.booking.com\/searchresults.html?city=900040112&amp;nflt=review_score%253D90%253Breview_score%253D80&amp;aid=2421273&amp;no_rooms=1&amp;group_adults=2\" target=\"_blank\" rel=\"noreferrer noopener sponsored nofollow\">Se direkt det b\u00e4st betygsatta boendet i Grundarfjordur.<\/a><\/p>\n\n<figure class=\"wp-block-image size-large\"><img decoding=\"async\" src=\"https:\/\/photos.smugmug.com\/Iceland\/Snaefellsnes\/Grundarfjordur\/i-Ct5CsQm\/0\/NKLgzWk6RPHgWLqZmZLfVWSnLq4gzFP8ZVZkNssSp\/L\/Grundarfjordur-L.jpg\" alt=\"Grundarfj&#xF6;r&#xF0;ur\"\/><\/figure>\n\n<h2 class=\"wp-block-heading\"><span class=\"ez-toc-section\" id=\"Var_idealiska_resvag_2_dagar_i_Snaefellsnes\"><\/span>V\u00e5r idealiska resv\u00e4g: 2 dagar i Snaefellsnes<span class=\"ez-toc-section-end\"><\/span><\/h2>\n\n<p>H\u00e4r \u00e4r v\u00e5rt f\u00f6rslag p\u00e5 resv\u00e4g f\u00f6r att <strong>bes\u00f6ka Snaefellsnes p\u00e5 2 dagar<\/strong> och \u00f6vernatta i Grundarfj\u00f6r\u00f0ur.  <br\/>H\u00e4r \u00e4r vad du beh\u00f6ver veta om en 4&#215;4-bil.<\/p>\n\n<p>Du anl\u00e4nder via Route 1 och sedan Route 54. G\u00e5 s\u00e5 l\u00e5ngt som till Route 56.<\/p>\n\n<div style=\"background-color:#e4f3f6;margin-top:8%;margin-bottom:8%\" class=\"wp-block-genesis-blocks-gb-container box gb-block-container\"><div class=\"gb-container-inside\"><div class=\"gb-container-content\">\n<div class=\"wp-block-columns inverse box_planif is-layout-flex wp-container-core-columns-is-layout-9d6595d7 wp-block-columns-is-layout-flex\">\n<div class=\"wp-block-column texte_planif is-layout-flow wp-block-column-is-layout-flow\" style=\"flex-basis:60%\">\n<h5 class=\"titre_box\" style=\"padding-top:10px;\">HYR EN BIL P\u00c5 <span class=\"titre_box_manuscrit\">Island<\/span><\/h5>\n\n\n\n<p style=\"font-size:16px\">Uppt\u00e4ck de b\u00e4sta erbjudandena p\u00e5 <a href=\"https:\/\/www.discovercars.com\/se\/iceland?a_aid=zigzag&amp;chan=iceland\" target=\"_blank\" rel=\"noreferrer noopener sponsored nofollow\">Discovercars<\/a>, v\u00e5r f\u00f6redragna plattform!<br\/>P\u00e5 Route 1 kr\u00e4vs ingen 4&#215;4, utanf\u00f6r Route 1 beror det p\u00e5 dina planer.<\/p>\n<\/div>\n\n\n\n<div class=\"wp-block-column planif-radius-2 is-layout-flow wp-block-column-is-layout-flow\">\n<figure class=\"wp-block-image size-large voiture_image\"><img decoding=\"async\" src=\"https:\/\/photos.smugmug.com\/Iceland\/Winter\/Driving\/i-q2wFFnJ\/1\/Dn4qbSGkrKhZgHBNz2hWXrPc3VdddRQZ7cdj3FpVX\/S\/drive_South_coast_Iceland-2-21-S.jpg\" alt=\"k&#xF6;ra bil p&#xE5; Island\"\/><\/figure>\n<\/div>\n<\/div>\n\n\n\n<div class=\"wp-block-columns planif_bouton is-layout-flex wp-container-core-columns-is-layout-9d6595d7 wp-block-columns-is-layout-flex\">\n<div class=\"wp-block-column is-vertically-aligned-top is-layout-flow wp-block-column-is-layout-flow\">\n<div class=\"wp-block-buttons is-content-justification-center is-layout-flex wp-container-core-buttons-is-layout-16018d1d wp-block-buttons-is-layout-flex\">\n<div class=\"wp-block-button\"><a class=\"wp-block-button__link has-white-color has-text-color wp-element-button\" href=\"https:\/\/www.discovercars.com\/fr\/iceland?a_aid=zigzag&amp;chan=iceland\" target=\"_blank\" rel=\"noreferrer noopener nofollow\">Se tillg\u00e4ngliga bilar &gt;&gt;<\/a><\/div>\n<\/div>\n<\/div>\n\n\n\n<div class=\"wp-block-column is-vertically-aligned-center is-layout-flow wp-block-column-is-layout-flow\">\n<p class=\"has-text-align-center\" style=\"font-size:16px\"><a href=\"https:\/\/iceland-lovers.com\/sv\/hur-hyr-bil-island-tips-erfarenhet\/\" target=\"_blank\" rel=\"noreferrer noopener\">L\u00e4s alla v\u00e5ra r\u00e5d<\/a><\/p>\n<\/div>\n<\/div>\n<\/div><\/div><\/div>\n\n<h2 class=\"wp-block-heading\"><span class=\"ez-toc-section\" id=\"Dag_1_%E2%80%93_Stopp_1_Utsiktsplatserna_Selvallavatn_och_Selvallafoss\"><\/span>Dag 1 &#8211; Stopp 1: Utsiktsplatserna Selvallavatn och Selvallafoss<span class=\"ez-toc-section-end\"><\/span><\/h2>\n\n<p>B\u00f6rja din f\u00f6rsta dag med ett stopp l\u00e4ngs Route 56, som g\u00e5r genom mitten av halv\u00f6n. Panoramautsikten \u00f6ver sj\u00f6n Selvallavatn och de f\u00e4rgglada kullarna som omger den \u00e4r en utm\u00e4rkt introduktion till Snaefellsnes geologiska m\u00e5ngfald.  <\/p>\n\n<p>F\u00f6rutom sj\u00f6n kan du se lavaf\u00e4ltet och de omgivande vulkanerna. Vi nj\u00f6t verkligen av landskapets olika nyanser, fr\u00e5n mossans gr\u00f6na f\u00e4rg till kullarnas ockraf\u00e4rgade nyanser. Inte l\u00e5ngt fr\u00e5n parkeringen finns ett litet vattenfall som heter Selvallafoss och som \u00e4r v\u00e4l v\u00e4rt ett bes\u00f6k.  <\/p>\n\n<p>Om du vill str\u00e4cka p\u00e5 benen finns det tv\u00e5 korta promenader som b\u00f6rjar fr\u00e5n parkeringen: en mot sj\u00f6n och den andra mot Horn Hill, som erbjuder ett \u00e4nnu bredare panorama.  <\/p>\n\n<p>R\u00e4kna med 10 till 40 minuter beroende p\u00e5 hur mycket du vill utforska.<\/p>\n\n<figure class=\"wp-block-image size-large\"><img decoding=\"async\" src=\"https:\/\/photos.smugmug.com\/Iceland\/Snaefellsnes\/Road-56\/i-q5sfh7m\/0\/M3hZtScFr2mSk2VgdmxFZGWFTnsGGWbP2THqDDtPL\/L\/Road_56_Viewpoint-20-L.jpg\" alt=\"Sj&#xF6;n Selvallavatn och kullarna Snaefellsneshalv&#xF6;n\"\/><\/figure>\n\n<h2 class=\"wp-block-heading\"><span class=\"ez-toc-section\" id=\"Dag_1_%E2%80%93_Stopp_2_Lavafaltet_Berserkjahraun\"><\/span>Dag 1 &#8211; Stopp 2: Lavaf\u00e4ltet Berserkjahraun<span class=\"ez-toc-section-end\"><\/span><\/h2>\n\n<p>Forts\u00e4tt norr om halv\u00f6n l\u00e4ngs v\u00e4g 558, k\u00e4nd som Berserkjahraunsvegur. Denna oasfalterade terti\u00e4rv\u00e4g korsar ett av Islands vackraste lavaf\u00e4lt. Klippans pl\u00e5gade former, som mjukas upp av en matta av intensiv gr\u00f6n mossa, skapar ett landskap som verkar fruset i tiden.  <\/p>\n\n<p>Rutten passerar mellan tv\u00e5 sm\u00e5 fjordar, Hraunsfj\u00f6rdur och Seljafj\u00f6rdur, vilket ger vackra vyer \u00f6ver vattnet och de omgivande bergen. Vi uppt\u00e4ckte det h\u00e4r st\u00e4llet p\u00e5 inr\u00e5dan av en lokalbo och vi vill tacka honom igen!<\/p>\n\n<figure class=\"wp-block-image size-large\"><img decoding=\"async\" src=\"https:\/\/photos.smugmug.com\/Iceland\/Snaefellsnes\/Berserkjahraun\/i-9z4RrJj\/0\/MFNbrLZntHN4G9NqMKQGPDPLBv34gL9fXN6DvJGdr\/L\/berserkjahraun%20l-L.jpg\" alt=\"rutt 558 lavaf&#xE4;lt Berserkjahraun Snaefellsnes\"\/><\/figure>\n\n<p>V\u00e4gen \u00e4r farbar med konventionell bil (2WD) p\u00e5 sommaren, i allm\u00e4nhet fr\u00e5n juni till oktober. Men vi rekommenderar \u00e4nd\u00e5 en liten 4&#215;4 f\u00f6r att ta den.<br\/>Varning: g\u00e5 aldrig p\u00e5 mossa, eftersom det tar \u00e5rtionden f\u00f6r den att \u00e5terh\u00e4mta sig.<\/p>\n\n<p>R\u00e4kna med 1 till 2 timmar, beroende p\u00e5 antalet stopp och fotografier&#8230;<\/p>\n\n<figure class=\"wp-block-image size-large\"><img decoding=\"async\" src=\"https:\/\/photos.smugmug.com\/Iceland\/Snaefellsnes\/Berserkjahraun\/i-Dqp3MW6\/0\/KVw8qS3M5TMZRNXvcF4ZGVpkwsxGFWBcFqrtWnZtr\/L\/Berserkjahraun-093-L.jpg\" alt=\"Hraunsfjarfarvatn\"\/><\/figure>\n\n<h2 class=\"wp-block-heading\"><span class=\"ez-toc-section\" id=\"Dag_1_%E2%80%93_Alternativt_stopp_2_Stykkisholmur_och_Viking_Sushi_kryssning\"><\/span>Dag 1 &#8211; Alternativt stopp 2: Stykkish\u00f3lmur och Viking Sushi kryssning<span class=\"ez-toc-section-end\"><\/span><\/h2>\n\n<p>Om du f\u00f6redrar att l\u00e4gga till lite segling till din vistelse kan du tillbringa en halv dag i Stykkish\u00f3lmur, den st\u00f6rsta staden p\u00e5 halv\u00f6n. Den f\u00e4rgglada lilla hamnen \u00e4r v\u00e4l v\u00e4rd en promenad, och byns moderna kyrka \u00e4r f\u00f6rv\u00e5nansv\u00e4rt enkel i sin arkitektur.  <\/p>\n\n<figure class=\"wp-block-image size-large\"><img decoding=\"async\" src=\"https:\/\/photos.smugmug.com\/Iceland\/Snaefellsnes\/Viking-Cruise\/i-NSVgdkM\/0\/MT8s6WFSNH8JPK58xzcKd88J32DpK2jPMZCFZXcWf\/L\/Viking_Cruise-49-L.jpg\" alt=\"hamnen i Stykkish&#xF3;lmur Snaefellsnes\"\/><\/figure>\n\n<p>Fr\u00e5n Stykkish\u00f3lmur kan du ge dig ut p\u00e5 en kryssning runt \u00f6arna i Brei\u00f0afj\u00f6r\u00f0ur. Utflykten tar 2 till 3 timmar och tar dig mellan \u00f6verraskande formade holmar, kantade av basaltpelare. P\u00e5 v\u00e4gen tillbaka kan du njuta av en provsmakning av &#8221;Viking Sushi&#8221;, nyf\u00e5ngad fisk och skaldjur. Vi tyckte att den h\u00e4r upplevelsen skilde sig mycket fr\u00e5n resten av landv\u00e4gen.  <a href=\"https:\/\/guidetoiceland.is\/book-holiday-trips\/vikingsushi-adventure?a=101796\" target=\"_blank\" rel=\"noreferrer noopener sponsored nofollow\"><strong>Boka din kryssning.<\/strong><\/a><\/p>\n\n<p>F\u00f6r en ovanlig utsikt \u00f6ver Kirkjufell fr\u00e5n havet rekommenderar vi ocks\u00e5 en kajaktur fr\u00e5n Grundarfj\u00f6r\u00f0ur: <a href=\"https:\/\/www.getyourguide.com\/grundarfjordur-l34845\/grundarfjordur-aventure-de-jour-en-kayak-sur-le-mont-kirkjufell-t208401\/?partner_id=R3GYW4V&amp;cmp=iceland\" target=\"_blank\" rel=\"noreferrer noopener sponsored nofollow\"><strong>Se tillg\u00e4nglighet och boka.<\/strong><\/a><\/p>\n\n<figure class=\"wp-block-image size-large\"><img decoding=\"async\" src=\"https:\/\/photos.smugmug.com\/Iceland\/Snaefellsnes\/Viking-Cruise\/i-hgqRm7X\/0\/Ngc39sWQP33s4TN2zzgqtBTD8Bw6MkRb9tghF6dvz\/L\/Viking_Cruise-20-L.jpg\" alt=\"b&#xE5;ttur\"\/><\/figure>\n\n<div class=\"wp-block-genesis-blocks-gb-container box gb-block-container\"><div class=\"gb-container-inside\"><div class=\"gb-container-content\">\n<h5 class=\"titre_box\">V\u00c5RA GUIDER F\u00d6R ATT PLANERA DIN <span class=\"titre_box_manuscrit\">dr\u00f6mresa<\/span><\/h5>\n\n\n\n<div class=\"wp-block-columns is-layout-flex wp-container-core-columns-is-layout-9d6595d7 wp-block-columns-is-layout-flex\">\n<div class=\"wp-block-column is-layout-flow wp-block-column-is-layout-flow\"><div class=\"wp-block-image\">\n<figure class=\"aligncenter size-full is-resized\"><img decoding=\"async\" src=\"https:\/\/iceland-lovers.com\/wp-content\/uploads\/2024\/07\/Guide-road-trip-Iceland-cover-4.jpg\" alt=\"Road trip guide Island omslag\" class=\"wp-image-1518\" style=\"width:250px\"\/><\/figure>\n<\/div><\/div>\n\n\n\n<div class=\"wp-block-column is-layout-flow wp-block-column-is-layout-flow\"><div class=\"wp-block-image\">\n<figure class=\"aligncenter size-full is-resized\"><a href=\"https:\/\/iceland-lovers.com\/sv\/ebook-guide-road-trip-island-vinter\/\" target=\"_blank\" rel=\"noreferrer noopener\"><img decoding=\"async\" src=\"https:\/\/iceland-lovers.com\/wp-content\/uploads\/2024\/06\/Road-trip-guide-Iceland-Winter-eBook-cover-5.jpg\" alt=\"Road trip guide Island vinter eBook Omslag\" class=\"wp-image-1049\" style=\"width:250px\"\/><\/a><\/figure>\n<\/div><\/div>\n<\/div>\n\n\n\n<div class=\"wp-block-buttons is-content-justification-center is-layout-flex wp-container-core-buttons-is-layout-16018d1d wp-block-buttons-is-layout-flex\">\n<div class=\"wp-block-button\"><a class=\"wp-block-button__link wp-element-button\">Ta reda p\u00e5 mer (kommer snart) &gt;&gt;<\/a><\/div>\n<\/div>\n<\/div><\/div><\/div>\n\n<h2 class=\"wp-block-heading\"><span class=\"ez-toc-section\" id=\"Dag_1_%E2%80%93_Stopp_3_Utsiktspunkt_over_Kirkjufell\"><\/span>Dag 1 &#8211; Stopp 3: Utsiktspunkt \u00f6ver Kirkjufell<span class=\"ez-toc-section-end\"><\/span><\/h2>\n\n<p>Du \u00e4r nu framme p\u00e5 nordkusten. Stanna till f\u00f6re staden Grundarfjordur f\u00f6r att beundra det ikoniska berget Kirkjufell.<br\/>Titta p\u00e5 dess slanka form, 463 meter h\u00f6g, och dess lager. Dess koniska silhuett reser sig fr\u00e5n vattenbrynet<\/p>\n\n<p>L\u00e5t det ta 10 minuter.<\/p>\n\n<figure class=\"wp-block-image\"><img decoding=\"async\" src=\"https:\/\/photos.smugmug.com\/Iceland\/Snaefellsnes\/Kirkjufell\/i-6HKX2hz\/0\/NPJNTMDWJfwTZD7LGFr2Q76DSp6LBNZzkMBH8rvBq\/L\/Kirkjufell-view-Road-54-L.jpg\" alt=\"by p&#xE5; Kirkjufell Snaefellsnes\"\/><\/figure>\n\n<h2 class=\"wp-block-heading\"><span class=\"ez-toc-section\" id=\"Dag_1_%E2%80%93_Stopp_4_Grundarfoss_vattenfall\"><\/span>Dag 1 &#8211; Stopp 4: Grundarfoss vattenfall<span class=\"ez-toc-section-end\"><\/span><\/h2>\n\n<p>\u00c5k tillbaka mot Grundarfj\u00f6r\u00f0ur f\u00f6r att uppt\u00e4cka vattenfallet Grundarfoss, bara n\u00e5gra minuter fr\u00e5n byn. Vattenfallet \u00e4r redan synligt fr\u00e5n v\u00e4gen och parkeringen, vilket ger dig en f\u00f6rsmak av sk\u00e5despelet. Det tar cirka 15 minuter att g\u00e5 till foten av vattenfallet.  <\/p>\n\n<p>De mest motiverade kan kl\u00e4ttra upp till toppen (h\u00f6ger sida), med en extra 30-minuters tur och retur. Vi tyckte att omgivningen var mycket trevlig en klar dag. Observera: mata inte de islandsh\u00e4star som du st\u00f6ter p\u00e5 l\u00e4ngs leden. Avg\u00e5r fr\u00e5n kanten av v\u00e4g 54, gratis parkering.<\/p>\n\n<figure class=\"wp-block-image size-large\"><img decoding=\"async\" src=\"https:\/\/photos.smugmug.com\/Iceland\/Snaefellsnes\/Kirkjufell\/i-G5bdRCr\/0\/MKkQ5QjC3xFgm2thK7xpJWtDQzhHG4SRkpnbqhjJm\/L\/Kirkjufell_Iceland_Kirkjufellsfoss_P1030021-L.jpg\" alt=\"Grundarfoss vattenfall fr&#xE5;n v&#xE4;gen\"\/><\/figure>\n\n<h2 class=\"wp-block-heading\"><span class=\"ez-toc-section\" id=\"Dag_1_%E2%80%93_Stopp_6_Svodufoss_vattenfall\"><\/span>Dag 1 &#8211; Stopp 6: Sv\u00f6dufoss vattenfall<span class=\"ez-toc-section-end\"><\/span><\/h2>\n\n<p>B\u00f6rja din andra dag med att \u00e5ka v\u00e4sterut mot \u00d3lafsv\u00edk. Vattenfallet Sv\u00f6\u00f0ufoss, som fortfarande inte \u00e4r s\u00e4rskilt v\u00e4lbes\u00f6kt, \u00e4r v\u00e4rt den korta 7-minuters promenaden fr\u00e5n parkeringen. Den asfalterade stigen leder direkt till foten av vattenfallet.  <\/p>\n\n<p>De mer motiverade kan kl\u00e4ttra upp ovanf\u00f6r den f\u00f6r en extra utsiktspunkt (r\u00e4kna med 30 minuters extra resa tur och retur). Vi \u00e4lskade lugnet p\u00e5 denna plats, borta fr\u00e5n folkmassorna p\u00e5 de viktigaste platserna. Tillfart sker via en kort str\u00e4cka grusv\u00e4g som \u00e4r farbar med vanlig bil p\u00e5 sommaren.  <\/p>\n\n<p>R\u00e4kna med 20 minuter till 1 timme, beroende p\u00e5 hur mycket du vill utforska.<\/p>\n\n<figure class=\"wp-block-image size-large\"><img decoding=\"async\" src=\"https:\/\/photos.smugmug.com\/Iceland\/Snaefellsnes\/Extra\/i-Svf4TXG\/0\/L8GFCNVRZ2XmQW4xF9j2L7pGWkXWTTRk26HHZtn8J\/L\/Svodufoss-L.jpg\" alt=\"Sv&#xF6;&#xF0;ufoss vattenfall Snaefellsnes Island\"\/><\/figure>\n\n<h2 class=\"wp-block-heading\"><span class=\"ez-toc-section\" id=\"Dag_1_%E2%80%93_Stopp_6_Kirkjufellsfoss_i_solnedgangen\"><\/span>Dag 1 &#8211; Stopp 6: Kirkjufellsfoss i solnedg\u00e5ngen<span class=\"ez-toc-section-end\"><\/span><\/h2>\n\n<p>Avsluta din f\u00f6rsta dag p\u00e5 halv\u00f6ns mest symboliska plats. Kirkjufell \u00e4r Islands mest fotograferade berg. Den 463 meter h\u00f6ga koniska silhuetten reser sig vid vattenbrynet v\u00e4ster om Grundarfj\u00f6r\u00f0ur. I f\u00f6rgrunden fullbordar Kirkjufellsfoss tvillingvattenfall ett panorama som har blivit ikoniskt.  <\/p>\n\n<p>Vi slogs av platsens sk\u00f6nhet i slutet av dagen, n\u00e4r det l\u00e5gvinklade ljuset skulpterar bergsreliefen. Om du kommer dit efter kl. 17.00 undviker du busslasterna med bes\u00f6kare som \u00e4r koncentrerade mellan kl. 10.00 och 15.00. G\u00e5ngstigar l\u00f6per l\u00e4ngs med vattenfallen p\u00e5 b\u00e5da sidor. Det \u00e4r ocks\u00e5 m\u00f6jligt att g\u00e5 runt berget, en slinga som inte bes\u00f6ks s\u00e5 ofta. Kamerakontrollerad betalparkering.  <\/p>\n\n<p>Till\u00e5t 30 minuter till 1 timme.<\/p>\n\n<p><a href=\"https:\/\/iceland-lovers.com\/sv\/montagne-kirkjufell-cascades-islande-2\/\" type=\"post\" id=\"3672\" target=\"_blank\" rel=\"noreferrer noopener\">L\u00e4s mer om detta i v\u00e5r artikel.<\/a><\/p>\n\n<figure class=\"wp-block-image size-large\"><img decoding=\"async\" src=\"https:\/\/photos.smugmug.com\/Iceland\/Snaefellsnes\/Kirkjufellsfoss\/i-9F94pPf\/0\/NB64v4QjTptMMDpvwqhknmS7FWhfKmFkvjNhtjCHc\/L\/Kirkjufell%20l1-L.jpg\" alt=\"Kirkjufell och Kirkjufellsfoss Snaefellsnes-halv&#xF6;n\"\/><\/figure>\n\n<h2 class=\"wp-block-heading\"><span class=\"ez-toc-section\" id=\"Dag_2_%E2%80%93_Stopp_1_Saxholl-kratern\"><\/span>Dag 2 &#8211; Stopp 1: Saxh\u00f3ll-kratern<span class=\"ez-toc-section-end\"><\/span><\/h2>\n\n<p>Forts\u00e4tt till halv\u00f6ns v\u00e4stra \u00e4nde f\u00f6r att bestiga Saxh\u00f3ll-kratern. Denna r\u00f6da vulkankon, som delvis \u00e4r t\u00e4ckt av mossa, kan n\u00e5s via en metalltrappa som bara tar n\u00e5gra minuter att n\u00e5 toppen. Uppifr\u00e5n kan du uppt\u00e4cka kraterns inre samt f\u00e5 en enast\u00e5ende utsikt \u00f6ver halv\u00f6ns spets och glaci\u00e4ren Snaefellsj\u00f6kull. Vi tyckte att kl\u00e4ttringen var l\u00e4tt och att utsikten var givande. Varning: vid mycket kraftiga vindar kan trappan bli farlig. Parkering vid foten av kratern. Inga sanit\u00e4ra anl\u00e4ggningar p\u00e5 plats.  <\/p>\n\n<p>Avs\u00e4tt 30 till 45 minuter f\u00f6r att njuta av panoramat.<\/p>\n\n<figure class=\"wp-block-image\"><img decoding=\"async\" src=\"https:\/\/photos.smugmug.com\/Iceland\/Snaefellsnes\/Saxholl\/i-Hb2M43S\/0\/MJFHGVz2Gsr3LH8GRkcHLq3TcRTWPqCZnxZzRGK2x\/L\/Saxholl%20crater-L.jpg\" alt=\"Saxholls krater\"\/><\/figure>\n\n<h2 class=\"wp-block-heading\"><span class=\"ez-toc-section\" id=\"Dag_2_%E2%80%93_Stopp_2_Djupalonssandur-stranden\"><\/span>Dag 2 &#8211; Stopp 2: Dj\u00fapal\u00f3nssandur-stranden<span class=\"ez-toc-section-end\"><\/span><\/h2>\n\n<p>G\u00e5 tillbaka l\u00e4ngs kusten till Dj\u00fapal\u00f3nssandur, en av de vackraste svarta sandstr\u00e4nderna p\u00e5 halv\u00f6n. Platsen best\u00e5r av m\u00f6rka stenar som polerats av havet, vikar som ramas in av lavaformationer och resterna av en tidigare brittisk tr\u00e5lare som gick p\u00e5 grund. Den n\u00e4rliggande viken Dritv\u00edk g\u00f6r bes\u00f6ket komplett. Hela omr\u00e5det \u00e4r en del av Snaefellsj\u00f6kull National Park och har skyltade stigar. Vi r\u00e5der dig att vara f\u00f6rsiktig med l\u00f6mska v\u00e5gor: g\u00e5 inte f\u00f6r n\u00e4ra vattenbrynet.<\/p>\n\n<p>L\u00e5t det ta 20-40 minuter.<\/p>\n\n<figure class=\"wp-block-image\"><img decoding=\"async\" src=\"https:\/\/photos.smugmug.com\/Iceland\/Snaefellsnes\/Djupalonssandur\/i-sDXS4PX\/1\/K9nKVwbF7SmSSfv3QvFKx29bssRKRsptsDrL76bkz\/L\/Djupalonssandur%20Dritvik-L.jpg\" alt=\"Crique de Dritvik\"\/><\/figure>\n\n<h2 class=\"wp-block-heading\"><span class=\"ez-toc-section\" id=\"Dag_2_%E2%80%93_Stopp_3_Malariff_fyr\"><\/span>Dag 2 &#8211; Stopp 3: Malariff fyr<span class=\"ez-toc-section-end\"><\/span><\/h2>\n\n<p>P\u00e5 andra sidan av udden L\u00f3ndrangar finns en fyr med ett litet museum. H\u00e4r finns information om kustzonens geologi, flora och fauna. Det \u00e4r ett informativt komplement till bes\u00f6ket p\u00e5 klipporna och en m\u00f6jlighet att l\u00e4ra sig mer om naturhistorien p\u00e5 denna spets av halv\u00f6n.  <\/p>\n\n<p>Vi tyckte att museet var ett intressant s\u00e4tt att f\u00f6rst\u00e5 hur de landskap som vi hade observerat under morgonen hade bildats. Fr\u00e5n Grundarfj\u00f6r\u00f0ur tar det cirka 50 minuter med bil.  <\/p>\n\n<p>R\u00e4kna med 15 till 30 minuter f\u00f6r fyren och museet.<\/p>\n\n<figure class=\"wp-block-image size-large\"><img decoding=\"async\" src=\"https:\/\/photos.smugmug.com\/Iceland\/Winter\/Snaefellsnes\/Malarrif\/i-LtkWDmX\/1\/NRn7Jm2GKBjBX3Fn8xNvK7JDQ4FGNqj4BwLwtJK9v\/L\/Malarrif_Iceland-4972-L.jpg\" alt=\"L&#xF3;ndrangar Snaefellsnes fyr och museum\"\/><\/figure>\n\n<h2 class=\"wp-block-heading\"><span class=\"ez-toc-section\" id=\"Dag_2_%E2%80%93_Stopp_4_Londrangars_klippor\"><\/span>Dag 2 &#8211; Stopp 4: L\u00f3ndrangars klippor<span class=\"ez-toc-section-end\"><\/span><\/h2>\n\n<p>Bara en kort bilresa bort ligger L\u00f3ndrangar-klipporna, som \u00e4r en av de vackraste platserna p\u00e5 halv\u00f6n. De h\u00e4r tv\u00e5 basaltpelarna \u00e4r resterna av en gammal krater som eroderats av havet. De st\u00e5r emot v\u00e5gorna som sl\u00e5r mot dem och i v\u00e4ggarna h\u00e4ckar sj\u00f6f\u00e5glar.  <\/p>\n\n<p>  Det omgivande lavaf\u00e4ltet \u00e4r t\u00e4ckt av mossa. Vi \u00e4lskade att dr\u00f6ja oss kvar h\u00e4r en klar dag f\u00f6r att titta p\u00e5 baletten mellan hav och klippor. Stor parkeringsplats och v\u00e4l underh\u00e5llen g\u00e5ngv\u00e4g.<\/p>\n\n<p>L\u00e5t det ta 15 till 30 minuter.<\/p>\n\n<figure class=\"wp-block-image\"><img decoding=\"async\" src=\"https:\/\/photos.smugmug.com\/Iceland\/Snaefellsnes\/Londrangar\/i-dkQQSg4\/0\/NRGj6CgphJvXrMb6rPTmw4cD4T74VsRhXfvXJHVHw\/L\/Londrangar-01-L.jpg\" alt=\"Londrangar Snaefellsnes klippor\"\/><\/figure>\n\n<h2 class=\"wp-block-heading\"><span class=\"ez-toc-section\" id=\"Dag_2_%E2%80%93_Stopp_5_Arnarstapi\"><\/span>Dag 2 &#8211; Stopp 5 Arnarstapi<span class=\"ez-toc-section-end\"><\/span><\/h2>\n\n<p>Forts\u00e4tt till kustbyn Arnarstapi, som ligger vid foten av glaci\u00e4ren Snaefellsj\u00f6kull. Huvudattraktionen \u00e4r promenaden l\u00e4ngs klipporna, som avsl\u00f6jar spektakul\u00e4ra lavaformationer: Gatkletturs naturliga b\u00e5ge, klippbroar och kolumner som skulpterats av erosion. Stigen f\u00f6ljer kustlinjen i cirka 15 minuter enkel v\u00e4g. F\u00f6r de av oss som gillar klippformationer var det en riktig njutning, s\u00e4rskilt med utsikten \u00f6ver bergen i bakgrunden n\u00e4r himlen \u00e4r klar. Stigen \u00e4r v\u00e4l underh\u00e5llen och tillg\u00e4nglig f\u00f6r personer med nedsatt r\u00f6rlighet.  <\/p>\n\n<p>R\u00e4kna med cirka 1 timme f\u00f6r hela promenaden.<br\/>Det finns restauranger, kaf\u00e9er och en bensinstation p\u00e5 plats.  <\/p>\n\n<figure class=\"wp-block-image\"><img decoding=\"async\" src=\"https:\/\/photos.smugmug.com\/Iceland\/Snaefellsnes\/Arnarstapi\/i-fZcW9SG\/0\/LNDqvTNQcXQd8VDmhnM7nsMwtpWksjDHTTFX4NNRs\/L\/Arnarstapi-L.jpg\" alt=\"Gatklettur klippor och b&#xE5;ge Arnarstapi Snaefellsnes\"\/><\/figure>\n\n<h2 class=\"wp-block-heading\"><span class=\"ez-toc-section\" id=\"Dag_2_%E2%80%93_Stopp_6_Raudfeldsgja_Canyon\"><\/span>Dag 2 &#8211; Stopp 6: Raudfeldsgja Canyon<span class=\"ez-toc-section-end\"><\/span><\/h2>\n\n<p>\u00c5k \u00f6sterut igen f\u00f6r ett stopp vid Rau\u00f0feldsgj\u00e1-kanjonen, en smal klyfta som skurits ut ur bergen p\u00e5 Snaefellsnes sydkust. Det \u00e4r m\u00f6jligt att ta sig hit till fots och ta sig fram mellan klippv\u00e4ggarna som ligger ovanf\u00f6r en liten b\u00e4ck. Ju l\u00e4ngre in i ravinen du kommer, desto tr\u00e4ngre blir passagen och terr\u00e4ngen blir hal: vissa avsnitt kr\u00e4ver att du kl\u00e4ttrar \u00f6ver v\u00e5ta stenar.  <\/p>\n\n<p>L\u00e4ngst bort finns ett litet vattenfall som markerar den punkt d\u00e4r det blir sv\u00e5rt att ta sig fram. Vi rekommenderar vandringsk\u00e4ngor, eftersom stenarna \u00e4r mycket hala. Platsen \u00e4r mycket v\u00e4lbes\u00f6kt under h\u00f6gs\u00e4song, s\u00e5 det \u00e4r b\u00e4st att bes\u00f6ka den tidigt p\u00e5 eftermiddagen f\u00f6r att minska v\u00e4ntetiden.<\/p>\n\n<p>R\u00e4kna med 30 minuter till 1 timme beroende p\u00e5 hur l\u00e5ngt du har kommit.<\/p>\n\n<figure class=\"wp-block-image size-large\"><img decoding=\"async\" src=\"https:\/\/photos.smugmug.com\/Iceland\/Snaefellsnes\/Raudfeldsgja\/i-jLvX3mD\/0\/L6ZghbHGn5zHh2VK7kBsrrGCTvZs2XjhnDZJXhRcS\/L\/Raudfeldsgja-L.jpg\" alt=\"kanjon Raudfeldsgja\"\/><\/figure>\n\n<div style=\"background-color:#ffffff;margin-top:8%;margin-bottom:8%\" class=\"wp-block-genesis-blocks-gb-container box gb-block-container\"><div class=\"gb-container-inside\"><div class=\"gb-container-content\" style=\"max-width:700px\">\n<div class=\"wp-block-columns is-not-stacked-on-mobile texte_planif has-background is-layout-flex wp-container-core-columns-is-layout-9d6595d7 wp-block-columns-is-layout-flex\" style=\"background-color:#06aec417\">\n<div class=\"wp-block-column img_icone is-layout-flow wp-block-column-is-layout-flow\" style=\"flex-basis:25%\"><div class=\"wp-block-image image_icone\">\n<figure class=\"aligncenter size-full is-resized\"><img loading=\"lazy\" decoding=\"async\" width=\"400\" height=\"400\" src=\"https:\/\/iceland-lovers.com\/wp-content\/uploads\/2026\/01\/iceland-plane.png\" alt=\"Island plan\" class=\"wp-image-3771\" style=\"object-fit:cover;width:100px;height:100px\" srcset=\"https:\/\/iceland-lovers.com\/wp-content\/uploads\/2026\/01\/iceland-plane.png 400w, https:\/\/iceland-lovers.com\/wp-content\/uploads\/2026\/01\/iceland-plane-300x300.png 300w, https:\/\/iceland-lovers.com\/wp-content\/uploads\/2026\/01\/iceland-plane-150x150.png 150w, https:\/\/iceland-lovers.com\/wp-content\/uploads\/2026\/01\/iceland-plane-75x75.png 75w\" sizes=\"auto, (max-width: 400px) 100vw, 400px\" \/><\/figure>\n<\/div><\/div>\n\n\n\n<div class=\"wp-block-column is-vertically-aligned-center paragraphe_une is-layout-flow wp-block-column-is-layout-flow\" style=\"flex-basis:90%\">\n<p style=\"font-size:16px\">Det \u00e4r dags att boka!<br\/><a href=\"https:\/\/skyscanner.pxf.io\/dONaXy\" target=\"_blank\" rel=\"noreferrer noopener sponsored nofollow\"><strong>J\u00e4mf\u00f6r allt:<\/strong> bolag, priser, tidtabeller och tillg\u00e4nglighet.<\/a><\/p>\n<\/div>\n<\/div>\n<\/div><\/div><\/div>\n\n<h2 class=\"wp-block-heading\"><span class=\"ez-toc-section\" id=\"Dag_2_%E2%80%93_Stopp_7_Budakirkja_den_svarta_kyrkan\"><\/span>Dag 2 &#8211; Stopp 7: Budakirkja, den svarta kyrkan<span class=\"ez-toc-section-end\"><\/span><\/h2>\n\n<p>Det sista stoppet p\u00e5 din resplan \u00e4r B\u00fa\u00f0akirkja, en liten helsvart kyrka som ligger isolerad mitt i ett lavaf\u00e4lt p\u00e5 sydkusten. Dess m\u00f6rka silhuett kontrasterar intensivt mot mossans gr\u00f6na f\u00e4rg p\u00e5 sommaren. Kyrkan \u00e4r st\u00e4ngd f\u00f6r allm\u00e4nheten utom f\u00f6r lokala ceremonier och br\u00f6llop: du kan bara beundra den fr\u00e5n utsidan. Bara 5 minuter fr\u00e5n Route 54.<\/p>\n\n<p>  Snabbstopp: 5 till 15 minuter \u00e4r tillr\u00e4ckligt.  <\/p>\n\n<figure class=\"wp-block-image\"><img decoding=\"async\" src=\"https:\/\/photos.smugmug.com\/Iceland\/Snaefellsnes\/Budakirkja\/i-SQdRCvM\/0\/LVKHC7NhHBCFC92kQCf99LGm6mqPVX7Xnz4hkzGHD\/L\/Budakirkja-L.jpg\" alt=\"Budakirkja svart kyrka Snaefellsnes Island\"\/><\/figure>\n\n<h2 class=\"wp-block-heading\"><span class=\"ez-toc-section\" id=\"Dag_2_%E2%80%93_Stopp_8_Gerdubergs_basaltpelare\"><\/span>Dag 2 &#8211; Stopp 8: Ger\u00f0ubergs basaltpelare<span class=\"ez-toc-section-end\"><\/span><\/h2>\n\n<p>\u00c5k tillbaka \u00f6sterut f\u00f6r en avstickare till Ger\u00f0uberg, en naturlig v\u00e4gg av sexkantiga basaltpelare som syns fr\u00e5n Route 54. Dessa regelbundna formationer, som \u00e4r flera meter h\u00f6ga, verkar bilda en naturlig vall f\u00f6r den bakomliggande kratern (Ytri-Rau\u00f0armelsk\u00fala). Det g\u00e5r snabbt att hitta till platsen och det \u00e4r l\u00e4tt att integrera den. Vi tyckte att platsen var intressant p\u00e5 grund av sin naturliga geometri, \u00e4ven om bes\u00f6ket var kort. V\u00e4gen kan vara oj\u00e4mn: k\u00f6r l\u00e5ngsamt.<\/p>\n\n<p>R\u00e4kna med 15 till 20 minuter p\u00e5 plats.<\/p>\n\n<figure class=\"wp-block-image size-large\"><img decoding=\"async\" src=\"https:\/\/photos.smugmug.com\/Iceland\/Snaefellsnes\/Gerduberg\/i-qdkR7tW\/0\/K4zkCNWBtB9vQrD3gtXkrtvsX22tnMHHf66FxkRrz\/L\/Gerduberg%20l-L.jpg\" alt=\"Ger&#xF0;ubergs basaltpelare och krater\"\/><\/figure>\n\n<h2 class=\"wp-block-heading\"><span class=\"ez-toc-section\" id=\"Dag_2_%E2%80%93_Stopp_9_Ytri-Tunga-stranden_och_salskadning\"><\/span>Dag 2 &#8211; Stopp 9: Ytri-Tunga-stranden och s\u00e4lsk\u00e5dning<span class=\"ez-toc-section-end\"><\/span><\/h2>\n\n<p>Bege dig upp l\u00e4ngs sydkusten till Ytri-Tunga, en av Islands b\u00e4sta platser f\u00f6r att se s\u00e4lar i deras naturliga milj\u00f6. S\u00e4lar solar sig regelbundet p\u00e5 klipporna l\u00e4ngs stranden, oavsett om det \u00e4r soligt eller mulet. Vi rekommenderar att du tar med dig en kikare, eftersom klipporna n\u00e4ra vattnet \u00e4r hala och det \u00e4r b\u00e4st att h\u00e5lla ett avst\u00e5nd p\u00e5 minst 50 meter. Platsen erbjuder ocks\u00e5 vacker utsikt \u00f6ver bergen p\u00e5 halv\u00f6n. Bilparkering i omedelbar n\u00e4rhet av observationsomr\u00e5det.  <\/p>\n\n<p>V\u00e4nta 15 minuter till 1 timme beroende p\u00e5 hur m\u00e5nga t\u00e4tningar som finns.<\/p>\n\n<figure class=\"wp-block-image size-large\"><img decoding=\"async\" src=\"https:\/\/photos.smugmug.com\/Iceland\/Winter\/Snaefellsnes\/Ytri-Tunga\/i-QbL35zc\/1\/NR7sRdCNjfkHdFT5mG5d9wcJCWncTqV7hjRB45KS6\/L\/Ytri_Tunga_Iceland-5269-L.jpg\" alt=\"s&#xE4;lar strand Ytri-Tunga Snaefellsnes\"\/><\/figure>\n\n<div style=\"background-color:#e4f8fb;margin-top:8%;margin-bottom:8%\" class=\"wp-block-genesis-blocks-gb-container box gb-block-container\"><div class=\"gb-container-inside\"><div class=\"gb-container-content\" style=\"max-width:700px\">\n<div style=\"background-color:#e4f8fb\" class=\"wp-block-genesis-blocks-gb-container box_titre gb-block-container\"><div class=\"gb-container-inside\"><div class=\"gb-container-content\">\n<h5 class=\"titre_box\" style=\"padding-top:10px;\">VAR KAN MAN BO P\u00c5 <span class=\"titre_box_manuscrit\">Island<\/span><\/h5>\n<\/div><\/div><\/div>\n\n\n\n<div class=\"wp-block-columns box_sans_border is-layout-flex wp-container-core-columns-is-layout-9d6595d7 wp-block-columns-is-layout-flex\">\n<div class=\"wp-block-column texte_planif is-layout-flow wp-block-column-is-layout-flow\" style=\"font-size:14px;flex-basis:60%\">\n<p class=\"option_titre2\">V\u00e5ra oberoende urval hj\u00e4lper dig att hitta ditt <strong>dr\u00f6mboende<\/strong>:<\/p>\n\n\n\n<ul class=\"wp-block-list\">\n<li>Var du ska bo p\u00e5 Island (kommer snart)<\/li>\n\n\n\n<li>Var man kan bo i Reykjavik (kommer snart)<\/li>\n\n\n\n<li>B\u00e4sta 5-stj\u00e4rniga hotell (kommer snart)<\/li>\n\n\n\n<li>Var man kan bo p\u00e5 sydkusten (kommer snart)<\/li>\n\n\n\n<li>Var man kan bo p\u00e5 Gyllene cirkeln (kommer snart)<\/li>\n\n\n\n<li><a href=\"https:\/\/iceland-lovers.com\/sv\/var-kan-bo-snaefellsnes-halvon-basta-hotellen\/\" target=\"_blank\" rel=\"noreferrer noopener\">Var man kan bo p\u00e5 Snaefellsnes-halv\u00f6n<\/a><\/li>\n<\/ul>\n\n\n\n<ul class=\"wp-block-list\">\n<li><a href=\"https:\/\/iceland-lovers.com\/sv\/var-man-ska-bo-island-vinter-basta-hotell\/\" data-type=\"post\" data-id=\"736\" target=\"_blank\" rel=\"noreferrer noopener\">Var man kan bo p\u00e5 \u00f6n p\u00e5 vintern<\/a><\/li>\n<\/ul>\n<\/div>\n\n\n\n<div class=\"wp-block-column is-vertically-aligned-top planif-radius is-layout-flow wp-block-column-is-layout-flow\" style=\"flex-basis:40%\">\n<figure class=\"wp-block-image size-large img-portrait\"><img decoding=\"async\" src=\"https:\/\/photos.smugmug.com\/Iceland\/South-Coast\/Hotel-Katla\/i-pJBMTRw\/0\/ZQQMRNz8xHstZq28JL5M6NFJtTCctQHbgMHVzVLz\/S\/Vik_Accommodation_Iceland-3648-S.jpg\" alt=\"Hotell Katla n&#xE4;ra Vik\" title=\"\"\/><\/figure>\n<\/div>\n<\/div>\n<\/div><\/div><\/div>\n\n<h2 class=\"wp-block-heading\"><span class=\"ez-toc-section\" id=\"Alternativ_1_Snaefellsjokull-glaciaren\"><\/span>Alternativ 1: Snaefellsj\u00f6kull-glaci\u00e4ren<span class=\"ez-toc-section-end\"><\/span><\/h2>\n\n<p>Om du \u00e4r vandrare och i god fysisk form kan du ers\u00e4tta en av etapperna p\u00e5 dag 2 med en guidad bestigning av Snaefellsj\u00f6kull-glaci\u00e4ren. Denna glaci\u00e4rvulkan, som \u00e4r halv\u00f6ns h\u00f6gsta punkt p\u00e5 1.446 m, inspirerade Jules Verne till romanen <em>Resan till jordens<\/em> medelpunkt. Utflykten varar cirka 7 timmar tur och retur och \u00e4ger rum till st\u00f6rsta delen p\u00e5 glaci\u00e4ren, som erbjuder en 360 \u00b0 utsikt \u00f6ver Snaefellsnes och havet. Guide \u00e4r obligatoriskt p\u00e5 grund av sprickorna. Ingen tidigare erfarenhet av glaci\u00e4rer kr\u00e4vs, men utrustning f\u00f6r glaci\u00e4rer tillhandah\u00e5lls. Rekommenderas inte f\u00f6r barn under 16 \u00e5r. <a href=\"https:\/\/guidetoiceland.is\/book-holiday-trips\/snaefellsjokull-glacier-hike-1?a=101796\" target=\"_blank\" rel=\"noreferrer noopener sponsored nofollow\"><strong>Boka din plats<\/strong><\/a> (grupperna fylls snabbt).<\/p>\n\n<p>F\u00f6r ett mindre fysiskt alternativ <a href=\"https:\/\/guidetoiceland.is\/book-holiday-trips\/snaefellsjokull-atv-adventure?a=101796\" target=\"_blank\" rel=\"noreferrer noopener sponsored nofollow\"><strong>ATV-turer<\/strong><\/a> och <a href=\"https:\/\/guidetoiceland.is\/book-holiday-trips\/snaefellsjokull-atv-adventure?a=101796\" target=\"_blank\" rel=\"noreferrer noopener sponsored nofollow\"><strong>groomer<\/strong><\/a> (3 timmar, januari till september, avg\u00e5ng fr\u00e5n Arnarstapi).<\/p>\n\n<figure class=\"wp-block-image size-large\"><img decoding=\"async\" src=\"https:\/\/photos.smugmug.com\/Iceland\/Snaefellsnes\/Snaefellsjokull\/i-KRKzt8c\/0\/LDP2R4MXNxqrhZxvp8wmnx9cJ8fScmD2nJLhTGJch\/L\/Snaefellsjokull-L.jpg\" alt=\"Glaci&#xE4;ren Snaefellsj&#xF6;kull Snaefellsnes topp\"\/><\/figure>\n\n<h2 class=\"wp-block-heading\"><span class=\"ez-toc-section\" id=\"Alternativ_2_Vatnshellir-grottan\"><\/span>Alternativ 2: Vatnshellir-grottan<span class=\"ez-toc-section-end\"><\/span><\/h2>\n\n<p>Om du vill l\u00e4gga till en underjordisk upplevelse till din resplan kan Vatnshellir-grottan enkelt kombineras med turerna p\u00e5 dag 2. Denna underjordiska lavatub ligger inte l\u00e5ngt fr\u00e5n L\u00f3ndrangar. Den guidade turen tar dig 35 meter under jorden, via en spiraltrappa, in i en v\u00e4rld av frusen vulkanisk sten.  <\/p>\n\n<p>Vi tyckte att upplevelsen av att g\u00e5 ner p\u00e5 djupet var unik, \u00e4ven om den h\u00e4r grottan inte \u00e4r den mest spektakul\u00e4ra vi har sett p\u00e5 Island<a href=\"https:\/\/iceland-lovers.com\/sv\/lavagrottor-island\/\" target=\"_blank\" rel=\"noreferrer noopener\">(se v\u00e5r lista).<\/a> Inomhustemperaturen ligger runt 0-4\u00b0C \u00e5ret runt, s\u00e5 ta med varma lager och stadiga skor. Varning: spiraltrappan kan vara ett problem f\u00f6r personer som lider av svindel eller kn\u00e4sm\u00e4rtor.  <\/p>\n\n<p>Till\u00e5t 1 timme.  <a href=\"https:\/\/www.tiqets.com\/sv\/les%20choses%20%C3%A0%20faire%20%C3%A0%20snaefellsbaer-c273324\/billets-pour-vatnshellir-cave-tour-p1096836?partner=region_lovers&amp;tq_campaign=iceland\" target=\"_blank\" rel=\"noreferrer noopener sponsored nofollow\"><strong>Boka ditt bes\u00f6k.<\/strong><\/a><\/p>\n\n<figure class=\"wp-block-image size-large\"><img decoding=\"async\" src=\"https:\/\/photos.smugmug.com\/Iceland\/Winter\/Snaefellsnes\/Lava-Cave-Vatnshellir\/i-T22Mtmt\/1\/Lwm5MzgDBxRwghm2SLP5zj6XZj5nLT9DmxPqPc5bp\/M\/Snaefellsnes_Lava_Cave_Vatnshellir_Iceland-5047-M.jpg\" alt=\"Vatnshellir-grottan: trappa\"\/><\/figure>\n\n<h2 class=\"wp-block-heading\"><span class=\"ez-toc-section\" id=\"Alternativ_3_med_4%C3%974_vag_570_till_glaciaren\"><\/span>Alternativ 3: med 4&#215;4: v\u00e4g 570 till glaci\u00e4ren  <span class=\"ez-toc-section-end\"><\/span><\/h2>\n\n<p>De som \u00e4lskar natursk\u00f6na v\u00e4gar och avkoppling kan l\u00e4gga till tv\u00e5 extra etapper i sitt program. V\u00e4g 570, k\u00e4nd som J\u00f6kulsh\u00e1lsvegur, \u00e4r en bergsv\u00e4g som leder till den h\u00f6gsta punkten som \u00e4r tillg\u00e4nglig med bil p\u00e5 halv\u00f6n, strax nedanf\u00f6r Snaefellsj\u00f6kulls topp. Panoramat fr\u00e5n den h\u00f6gsta punkten, som vetter mot Snaefellsnes sydkust, \u00e4r anm\u00e4rkningsv\u00e4rt. Rutten \u00e4r endast tillg\u00e4nglig med konventionell bil p\u00e5 sommaren (vanligtvis fr\u00e5n juli till september), s\u00e5 kontrollera alltid v\u00e4gf\u00f6rh\u00e5llandena p\u00e5 www.road.is innan du ger dig av.  <\/p>\n\n<p>R\u00e4kna med 1 till 2 timmar f\u00f6r \u00e5terresan.<\/p>\n\n<figure class=\"wp-block-image size-large\"><img decoding=\"async\" src=\"https:\/\/photos.smugmug.com\/Iceland\/Snaefellsnes\/Road-570\/i-PWcQ8JK\/0\/LxKgnhw42WfmDhrzHSMpVmnJKRntRMQJxS9DXXkh5\/L\/Road_570-026-L.jpg\" alt=\"linje 570\"\/><\/figure>\n\n<h2 class=\"wp-block-heading\"><span class=\"ez-toc-section\" id=\"Alternativ_5_Varma_kallor\"><\/span>Alternativ 5: Varma k\u00e4llor<span class=\"ez-toc-section-end\"><\/span><\/h2>\n\n<p>F\u00f6r att avrunda allt med stil kan halv\u00f6n ocks\u00e5 skryta med ett antal varma k\u00e4llor.  <\/p>\n\n<ul class=\"wp-block-list\">\n<li>L\u00fdsulaugar (tidigare k\u00e4nt som L\u00fdsuh\u00f3lslaug) \u00e4r den enda utrustade, betalande k\u00e4llan: den best\u00e5r av en huvudpool med varmt vatten, tv\u00e5 jacuzzis med olika temperaturer och en kallvattentunna.  <\/li>\n\n\n\n<li>F\u00f6r de mer \u00e4ventyrliga \u00e4r Landbrotalaug en vild k\u00e4lla som ligger i den \u00f6stra delen av Snaefellsnes. Den best\u00e5r av en liten naturlig pool (max 2 till 3 personer) och en st\u00f6rre pool. Ingen installation p\u00e5 plats.  <\/li>\n\n\n\n<li>Sturlungalaug, det mest isolerade, \u00e4r ett varmt bad gr\u00e4vt i gr\u00e4set, mitt ute i ingenstans: ingen komfort och ingen skyltning.<\/li>\n<\/ul>\n\n<h2 class=\"wp-block-heading\"><span class=\"ez-toc-section\" id=\"Snaefellsnes_pa_vintern\"><\/span>Snaefellsnes p\u00e5 vintern<span class=\"ez-toc-section-end\"><\/span><\/h2>\n\n<p>Om du bes\u00f6ker oss p\u00e5 vintern \u00e4r inte allt lika tillg\u00e4ngligt. Se v\u00e5r artikel om <a href=\"https:\/\/iceland-lovers.com\/sv\/sevardheter-snaefellsnes-vinter\/\" target=\"_blank\" rel=\"noreferrer noopener\">de b\u00e4sta attraktionerna i Snaefellsnes p\u00e5 vintern.<\/a><\/p>\n\n<figure class=\"wp-block-image size-large\"><img decoding=\"async\" src=\"https:\/\/photos.smugmug.com\/Iceland\/Winter\/Snaefellsnes\/Saxholl\/i-9Hj6GMp\/1\/FK4nXrP92KQHtWXjQZCD9ZxGVsqS6dhLRh8btHWN7\/L\/crater_Saxholl_Iceland-4941-L.jpg\" alt=\"Snaefellsnes p&#xE5; vintern\"\/><\/figure>\n\n<div style=\"margin-top:8%;margin-bottom:8%\" class=\"wp-block-genesis-blocks-gb-container box gb-block-container\"><div class=\"gb-container-inside\"><div class=\"gb-container-content\" style=\"max-width:700px\">\n<div class=\"wp-block-genesis-blocks-gb-container box_titre gb-block-container\"><div class=\"gb-container-inside\"><div class=\"gb-container-content\">\n<h5 class=\"titre_box\"><span>PLANERA DIN SOMMARRESA TILL <\/span> <span class=\"titre_box_manuscrit\">Island<\/span><\/h5>\n<\/div><\/div><\/div>\n\n\n\n<hr class=\"wp-block-separator has-text-color has-alpha-channel-opacity has-background is-style-wide hr-box-planif\" style=\"background-color:#ccd3dd;color:#ccd3dd\"\/>\n\n\n\n<div class=\"wp-block-columns box_sans_border is-layout-flex wp-container-core-columns-is-layout-9d6595d7 wp-block-columns-is-layout-flex\">\n<div class=\"wp-block-column texte_planif is-layout-flow wp-block-column-is-layout-flow\" style=\"font-size:14px;flex-basis:60%\">\n<ul class=\"wp-block-list\">\n<li><strong>B\u00e4st av<\/strong><\/li>\n<\/ul>\n\n\n\n<p class=\"ul_box\" style=\"font-size:14px\">Sev\u00e4rdheter p\u00e5 Island (kommer snart)<br\/>De vackraste vattenfallen (kommer snart)<br\/>De vackraste str\u00e4nderna med svart sand (kommer snart)<br\/><a href=\"https:\/\/iceland-lovers.com\/sv\/basta-vulkankratrar-island\/\" type=\"post\" id=\"3913\" target=\"_blank\" rel=\"noreferrer noopener\">Vulkaniska kratrar att kl\u00e4ttra i<\/a><br\/><a href=\"https:\/\/iceland-lovers.com\/sv\/lavagrottor-island\/\" type=\"post\" id=\"3912\" target=\"_blank\" rel=\"noreferrer noopener\">Lava-grottor att bes\u00f6ka<\/a><br\/>B\u00e4sta utflykterna fr\u00e5n Reykjavik (kommer snart)<br\/><\/p>\n<\/div>\n\n\n\n<div class=\"wp-block-column is-vertically-aligned-top planif-radius is-layout-flow wp-block-column-is-layout-flow\" style=\"flex-basis:40%\">\n<figure class=\"wp-block-image size-large img-portrait\"><img decoding=\"async\" src=\"https:\/\/photos.smugmug.com\/Iceland\/North-Iceland\/Stukustadir\/i-cM679v9\/0\/pjq48bR8wtrM7q7fhmPKtVcFZh9jPzQ8sJQh7H4x\/S\/Stukustadir-S.jpg\" alt=\"Stukustadir\" title=\"\"\/><\/figure>\n<\/div>\n<\/div>\n\n\n\n<hr class=\"wp-block-separator has-text-color has-alpha-channel-opacity has-background is-style-wide hr-box-planif\" style=\"background-color:#ccd3dd;color:#ccd3dd\"\/>\n\n\n\n<div class=\"wp-block-columns box_sans_border is-layout-flex wp-container-core-columns-is-layout-9d6595d7 wp-block-columns-is-layout-flex\">\n<div class=\"wp-block-column texte_planif is-layout-flow wp-block-column-is-layout-flow\" style=\"flex-basis:60%\">\n<ul class=\"wp-block-list\">\n<li><strong>Praktiska r\u00e5d<\/strong><\/li>\n<\/ul>\n\n\n\n<p style=\"font-size:14px\"><br\/><a href=\"https:\/\/iceland-lovers.com\/sv\/resa-island-sommaren-guide\/\" type=\"post\" id=\"3860\" target=\"_blank\" rel=\"noreferrer noopener\">Tips f\u00f6r sommarresor<\/a><br\/>Att ta sig runt (kommer snart)<br\/><a href=\"https:\/\/iceland-lovers.com\/sv\/hur-hyr-bil-island-tips-erfarenhet\/\" type=\"post\" id=\"1202\" target=\"_blank\" rel=\"noreferrer noopener\">Hur man hyr en bil p\u00e5 Island<\/a><br\/>K\u00f6rtips (kommer snart)<br\/>Var du ska bo p\u00e5 Island (kommer snart)<br\/>Resplaner: 3 dagar &#8211; 4 dagar &#8211; 5 dagar &#8211; 1 vecka &#8211; 10 dagar (kommer snart)<\/p>\n<\/div>\n\n\n\n<div class=\"wp-block-column is-vertically-aligned-top planif-radius is-layout-flow wp-block-column-is-layout-flow\" style=\"flex-basis:40%\">\n<figure class=\"wp-block-image size-large img-portrait\"><img decoding=\"async\" src=\"https:\/\/photos.smugmug.com\/Iceland\/Driving-car\/i-vPtvXQq\/0\/tq6rx2CTKV4njqg4RvvJSGW5KtNLh5jJFTTsWHFQ\/S\/driving_iceland-S.jpg\" alt=\"Rutt p&#xE5; Island  \" title=\"\"\/><\/figure>\n<\/div>\n<\/div>\n\n\n\n<hr class=\"wp-block-separator has-text-color has-alpha-channel-opacity has-background is-style-wide hr-box-planif\" style=\"background-color:#ccd3dd;color:#ccd3dd\"\/>\n\n\n\n<div class=\"wp-block-columns box_sans_border is-layout-flex wp-container-core-columns-is-layout-9d6595d7 wp-block-columns-is-layout-flex\">\n<div class=\"wp-block-column texte_planif is-layout-flow wp-block-column-is-layout-flow\" style=\"flex-basis:60%\">\n<ul class=\"wp-block-list\">\n<li><strong>Det du m\u00e5ste ha<\/strong><\/li>\n<\/ul>\n\n\n\n<p style=\"font-size:14px\">Sev\u00e4rdheter i Reykjavik (kommer snart)<br\/>Toppattraktioner i Gyllene cirkeln (kommer snart)<br\/>Attraktioner p\u00e5 sydkusten (kommer snart)<br\/><a href=\"https:\/\/iceland-lovers.com\/sv\/sevardheter-snaefellsnes-att-gora\/\" type=\"post\" id=\"3951\" target=\"_blank\" rel=\"noreferrer noopener\">Snaefellsnes halv\u00f6<\/a><br\/>Silver Circle (kommer snart)<br\/>Sev\u00e4rdheter i sj\u00f6n Myvatn (kommer snart)<br\/><\/p>\n<\/div>\n\n\n\n<div class=\"wp-block-column is-vertically-aligned-top planif-radius is-layout-flow wp-block-column-is-layout-flow\" style=\"flex-basis:40%\">\n<figure class=\"wp-block-image size-large img-portrait\"><img decoding=\"async\" src=\"https:\/\/photos.smugmug.com\/Iceland\/South-Coast\/Skogafoss\/i-PN35d7d\/0\/CTQRVft2tgj5rkrQb5BrqVpxcpWh9fCmxkG9h55NW\/S\/Skogafoss-S.jpg\" alt=\"Skogafoss\" title=\"\"\/><\/figure>\n<\/div>\n<\/div>\n\n\n\n<div style=\"height:30px\" aria-hidden=\"true\" class=\"wp-block-spacer\"><\/div>\n<\/div><\/div><\/div>\n\n<div class=\"wp-block-genesis-blocks-gb-container box_auteur_voyage gb-block-container\"><div class=\"gb-container-inside\"><div class=\"gb-container-content\">\n<figure class=\"wp-block-image size-large img_auteur_voyage img_provisoire\"><img decoding=\"async\" src=\"https:\/\/photos.smugmug.com\/Region-Lovers\/Equipe\/i-nsNF6C6\/0\/Cs2F5n96pkt9xFD9D3SVqmQspMhrKgN75nHgBqmjG\/L\/Claire-L.png\" alt=\"\"\/><\/figure>\n\n\n\n<h5 class=\"titre_auteur_voyage\"><span>HON GJORDE RESAN OCH SKREV ARTIKELN \n <\/span><span class=\"titre_box_manuscrit\">Claire<\/span><\/h5>\n<\/div><\/div><\/div>\n","protected":false},"excerpt":{"rendered":"<p>Planerar du ett 2-dagars bes\u00f6k p\u00e5 Snaefellsnes-halv\u00f6n? Det \u00e4r den perfekta tiden f\u00f6r att uppt\u00e4cka denna region som ofta kallas &#8221;Island i miniatyr&#8221;. P\u00e5 bara n\u00e5gra tiotals kilometer finns en sl\u00e5ende m\u00e5ngfald av landskap: fjordar, lavaf\u00e4lt, vattenfall, klippor, glaci\u00e4rer och fiskebyar. H\u00e4r \u00e4r v\u00e5r perfekta resplan f\u00f6r att bes\u00f6ka Snaefellsnes p\u00e5 2 dagar! Praktiska tips [&hellip;]<\/p>\n","protected":false},"author":1,"featured_media":4033,"comment_status":"closed","ping_status":"closed","sticky":false,"template":"","format":"standard","meta":{"_genesis_hide_title":false,"_genesis_hide_breadcrumbs":false,"_genesis_hide_singular_image":false,"_genesis_hide_footer_widgets":false,"_genesis_custom_body_class":"","_genesis_custom_post_class":"","_genesis_layout":"","footnotes":""},"categories":[59],"tags":[],"class_list":{"0":"post-4034","1":"post","2":"type-post","3":"status-publish","4":"format-standard","5":"has-post-thumbnail","7":"category-snaefellsnes-sv","8":"entry"},"yoast_head":"<!-- This site is optimized with the Yoast SEO plugin v27.2 - https:\/\/yoast.com\/product\/yoast-seo-wordpress\/ -->\n<title>Bes\u00f6k Snaefellsnes p\u00e5 2 dagar: v\u00e5r perfekta resv\u00e4g (+ foton)<\/title>\n<meta name=\"description\" content=\"Alla v\u00e5ra tips f\u00f6r att bes\u00f6ka Snaefellsnes p\u00e5 2 dagar: stopp-f\u00f6r-stopp-reseplan, praktiska r\u00e5d, aktiviteter ...\" \/>\n<meta name=\"robots\" content=\"index, follow, max-snippet:-1, max-image-preview:large, max-video-preview:-1\" \/>\n<link rel=\"canonical\" href=\"https:\/\/iceland-lovers.com\/sv\/visiter-snaefellsnes-2-jours-itineraire\/\" \/>\n<meta property=\"og:locale\" content=\"sv_SE\" \/>\n<meta property=\"og:type\" content=\"article\" \/>\n<meta property=\"og:title\" content=\"Bes\u00f6k Snaefellsnes p\u00e5 2 dagar: v\u00e5r perfekta resv\u00e4g (+ foton)\" \/>\n<meta property=\"og:description\" content=\"Alla v\u00e5ra tips f\u00f6r att bes\u00f6ka Snaefellsnes p\u00e5 2 dagar: stopp-f\u00f6r-stopp-reseplan, praktiska r\u00e5d, aktiviteter ...\" \/>\n<meta property=\"og:url\" content=\"https:\/\/iceland-lovers.com\/sv\/visiter-snaefellsnes-2-jours-itineraire\/\" \/>\n<meta property=\"og:site_name\" content=\"Iceland Lovers\" \/>\n<meta property=\"article:published_time\" content=\"2026-04-16T11:42:31+00:00\" \/>\n<meta property=\"article:modified_time\" content=\"2026-04-16T12:12:18+00:00\" \/>\n<meta property=\"og:image\" content=\"https:\/\/iceland-lovers.com\/wp-content\/uploads\/2026\/04\/besok-Snaefellsnes-resvagar-2-dagar.jpg\" \/>\n\t<meta property=\"og:image:width\" content=\"800\" \/>\n\t<meta property=\"og:image:height\" content=\"600\" \/>\n\t<meta property=\"og:image:type\" content=\"image\/jpeg\" \/>\n<meta name=\"author\" content=\"Claire\" \/>\n<meta name=\"twitter:card\" content=\"summary_large_image\" \/>\n<meta name=\"twitter:label1\" content=\"Skriven av\" \/>\n\t<meta name=\"twitter:data1\" content=\"Claire\" \/>\n\t<meta name=\"twitter:label2\" content=\"Ber\u00e4knad l\u00e4stid\" \/>\n\t<meta name=\"twitter:data2\" content=\"14 minuter\" \/>\n<script type=\"application\/ld+json\" class=\"yoast-schema-graph\">{\"@context\":\"https:\/\/schema.org\",\"@graph\":[{\"@type\":\"Article\",\"@id\":\"https:\/\/iceland-lovers.com\/sv\/visiter-snaefellsnes-2-jours-itineraire\/#article\",\"isPartOf\":{\"@id\":\"https:\/\/iceland-lovers.com\/sv\/visiter-snaefellsnes-2-jours-itineraire\/\"},\"author\":{\"name\":\"Claire\",\"@id\":\"https:\/\/iceland-lovers.com\/sv\/#\/schema\/person\/99f50c0c6981832bc8c168071e92df44\"},\"headline\":\"Bes\u00f6k Snaefellsnes p\u00e5 2 dagar: v\u00e5r perfekta resv\u00e4g (+ foton)\",\"datePublished\":\"2026-04-16T11:42:31+00:00\",\"dateModified\":\"2026-04-16T12:12:18+00:00\",\"mainEntityOfPage\":{\"@id\":\"https:\/\/iceland-lovers.com\/sv\/visiter-snaefellsnes-2-jours-itineraire\/\"},\"wordCount\":2864,\"publisher\":{\"@id\":\"https:\/\/iceland-lovers.com\/sv\/#organization\"},\"image\":{\"@id\":\"https:\/\/iceland-lovers.com\/sv\/visiter-snaefellsnes-2-jours-itineraire\/#primaryimage\"},\"thumbnailUrl\":\"https:\/\/iceland-lovers.com\/wp-content\/uploads\/2026\/04\/besok-Snaefellsnes-resvagar-2-dagar.jpg\",\"articleSection\":[\"Snaefellsnes\"],\"inLanguage\":\"sv-SE\"},{\"@type\":\"WebPage\",\"@id\":\"https:\/\/iceland-lovers.com\/sv\/visiter-snaefellsnes-2-jours-itineraire\/\",\"url\":\"https:\/\/iceland-lovers.com\/sv\/visiter-snaefellsnes-2-jours-itineraire\/\",\"name\":\"Bes\u00f6k Snaefellsnes p\u00e5 2 dagar: v\u00e5r perfekta resv\u00e4g (+ foton)\",\"isPartOf\":{\"@id\":\"https:\/\/iceland-lovers.com\/sv\/#website\"},\"primaryImageOfPage\":{\"@id\":\"https:\/\/iceland-lovers.com\/sv\/visiter-snaefellsnes-2-jours-itineraire\/#primaryimage\"},\"image\":{\"@id\":\"https:\/\/iceland-lovers.com\/sv\/visiter-snaefellsnes-2-jours-itineraire\/#primaryimage\"},\"thumbnailUrl\":\"https:\/\/iceland-lovers.com\/wp-content\/uploads\/2026\/04\/besok-Snaefellsnes-resvagar-2-dagar.jpg\",\"datePublished\":\"2026-04-16T11:42:31+00:00\",\"dateModified\":\"2026-04-16T12:12:18+00:00\",\"description\":\"Alla v\u00e5ra tips f\u00f6r att bes\u00f6ka Snaefellsnes p\u00e5 2 dagar: stopp-f\u00f6r-stopp-reseplan, praktiska r\u00e5d, aktiviteter ...\",\"breadcrumb\":{\"@id\":\"https:\/\/iceland-lovers.com\/sv\/visiter-snaefellsnes-2-jours-itineraire\/#breadcrumb\"},\"inLanguage\":\"sv-SE\",\"potentialAction\":[{\"@type\":\"ReadAction\",\"target\":[\"https:\/\/iceland-lovers.com\/sv\/visiter-snaefellsnes-2-jours-itineraire\/\"]}]},{\"@type\":\"ImageObject\",\"inLanguage\":\"sv-SE\",\"@id\":\"https:\/\/iceland-lovers.com\/sv\/visiter-snaefellsnes-2-jours-itineraire\/#primaryimage\",\"url\":\"https:\/\/iceland-lovers.com\/wp-content\/uploads\/2026\/04\/besok-Snaefellsnes-resvagar-2-dagar.jpg\",\"contentUrl\":\"https:\/\/iceland-lovers.com\/wp-content\/uploads\/2026\/04\/besok-Snaefellsnes-resvagar-2-dagar.jpg\",\"width\":800,\"height\":600,\"caption\":\"besok Snaefellsnes resvagar 2 dagar\"},{\"@type\":\"BreadcrumbList\",\"@id\":\"https:\/\/iceland-lovers.com\/sv\/visiter-snaefellsnes-2-jours-itineraire\/#breadcrumb\",\"itemListElement\":[{\"@type\":\"ListItem\",\"position\":1,\"name\":\"Accueil\",\"item\":\"https:\/\/iceland-lovers.com\/sv\/\"},{\"@type\":\"ListItem\",\"position\":2,\"name\":\"Snaefellsnes\",\"item\":\"https:\/\/iceland-lovers.com\/sv\/snaefellsnes-sv\/\"},{\"@type\":\"ListItem\",\"position\":3,\"name\":\"Bes\u00f6k Snaefellsnes p\u00e5 2 dagar: v\u00e5r perfekta resv\u00e4g (+ foton)\"}]},{\"@type\":\"WebSite\",\"@id\":\"https:\/\/iceland-lovers.com\/sv\/#website\",\"url\":\"https:\/\/iceland-lovers.com\/sv\/\",\"name\":\"Iceland Lovers\",\"description\":\"Le Blog de Claire et Manu\",\"publisher\":{\"@id\":\"https:\/\/iceland-lovers.com\/sv\/#organization\"},\"potentialAction\":[{\"@type\":\"SearchAction\",\"target\":{\"@type\":\"EntryPoint\",\"urlTemplate\":\"https:\/\/iceland-lovers.com\/sv\/?s={search_term_string}\"},\"query-input\":{\"@type\":\"PropertyValueSpecification\",\"valueRequired\":true,\"valueName\":\"search_term_string\"}}],\"inLanguage\":\"sv-SE\"},{\"@type\":\"Organization\",\"@id\":\"https:\/\/iceland-lovers.com\/sv\/#organization\",\"name\":\"Iceland Lovers\",\"url\":\"https:\/\/iceland-lovers.com\/sv\/\",\"logo\":{\"@type\":\"ImageObject\",\"inLanguage\":\"sv-SE\",\"@id\":\"https:\/\/iceland-lovers.com\/sv\/#\/schema\/logo\/image\/\",\"url\":\"https:\/\/iceland-lovers.com\/wp-content\/uploads\/2024\/05\/cropped-Iceland-Lovers-Logos-RVB_Principal-bicolore.png\",\"contentUrl\":\"https:\/\/iceland-lovers.com\/wp-content\/uploads\/2024\/05\/cropped-Iceland-Lovers-Logos-RVB_Principal-bicolore.png\",\"width\":2326,\"height\":501,\"caption\":\"Iceland Lovers\"},\"image\":{\"@id\":\"https:\/\/iceland-lovers.com\/sv\/#\/schema\/logo\/image\/\"}},{\"@type\":\"Person\",\"@id\":\"https:\/\/iceland-lovers.com\/sv\/#\/schema\/person\/99f50c0c6981832bc8c168071e92df44\",\"name\":\"Claire\",\"image\":{\"@type\":\"ImageObject\",\"inLanguage\":\"sv-SE\",\"@id\":\"https:\/\/secure.gravatar.com\/avatar\/e3566233826c32de8d7c9ef726a1087654b12cadb092acc17ee1d357687192ff?s=96&d=mm&r=g\",\"url\":\"https:\/\/secure.gravatar.com\/avatar\/e3566233826c32de8d7c9ef726a1087654b12cadb092acc17ee1d357687192ff?s=96&d=mm&r=g\",\"contentUrl\":\"https:\/\/secure.gravatar.com\/avatar\/e3566233826c32de8d7c9ef726a1087654b12cadb092acc17ee1d357687192ff?s=96&d=mm&r=g\",\"caption\":\"Claire\"},\"sameAs\":[\"https:\/\/iceland-lovers.com\/claire-robinson\/\"],\"url\":\"https:\/\/iceland-lovers.com\/sv\/author\/icelandlovers\/\"}]}<\/script>\n<!-- \/ Yoast SEO plugin. -->","yoast_head_json":{"title":"Bes\u00f6k Snaefellsnes p\u00e5 2 dagar: v\u00e5r perfekta resv\u00e4g (+ foton)","description":"Alla v\u00e5ra tips f\u00f6r att bes\u00f6ka Snaefellsnes p\u00e5 2 dagar: stopp-f\u00f6r-stopp-reseplan, praktiska r\u00e5d, aktiviteter ...","robots":{"index":"index","follow":"follow","max-snippet":"max-snippet:-1","max-image-preview":"max-image-preview:large","max-video-preview":"max-video-preview:-1"},"canonical":"https:\/\/iceland-lovers.com\/sv\/visiter-snaefellsnes-2-jours-itineraire\/","og_locale":"sv_SE","og_type":"article","og_title":"Bes\u00f6k Snaefellsnes p\u00e5 2 dagar: v\u00e5r perfekta resv\u00e4g (+ foton)","og_description":"Alla v\u00e5ra tips f\u00f6r att bes\u00f6ka Snaefellsnes p\u00e5 2 dagar: stopp-f\u00f6r-stopp-reseplan, praktiska r\u00e5d, aktiviteter ...","og_url":"https:\/\/iceland-lovers.com\/sv\/visiter-snaefellsnes-2-jours-itineraire\/","og_site_name":"Iceland Lovers","article_published_time":"2026-04-16T11:42:31+00:00","article_modified_time":"2026-04-16T12:12:18+00:00","og_image":[{"width":800,"height":600,"url":"https:\/\/iceland-lovers.com\/wp-content\/uploads\/2026\/04\/besok-Snaefellsnes-resvagar-2-dagar.jpg","type":"image\/jpeg"}],"author":"Claire","twitter_card":"summary_large_image","twitter_misc":{"Skriven av":"Claire","Ber\u00e4knad l\u00e4stid":"14 minuter"},"schema":{"@context":"https:\/\/schema.org","@graph":[{"@type":"Article","@id":"https:\/\/iceland-lovers.com\/sv\/visiter-snaefellsnes-2-jours-itineraire\/#article","isPartOf":{"@id":"https:\/\/iceland-lovers.com\/sv\/visiter-snaefellsnes-2-jours-itineraire\/"},"author":{"name":"Claire","@id":"https:\/\/iceland-lovers.com\/sv\/#\/schema\/person\/99f50c0c6981832bc8c168071e92df44"},"headline":"Bes\u00f6k Snaefellsnes p\u00e5 2 dagar: v\u00e5r perfekta resv\u00e4g (+ foton)","datePublished":"2026-04-16T11:42:31+00:00","dateModified":"2026-04-16T12:12:18+00:00","mainEntityOfPage":{"@id":"https:\/\/iceland-lovers.com\/sv\/visiter-snaefellsnes-2-jours-itineraire\/"},"wordCount":2864,"publisher":{"@id":"https:\/\/iceland-lovers.com\/sv\/#organization"},"image":{"@id":"https:\/\/iceland-lovers.com\/sv\/visiter-snaefellsnes-2-jours-itineraire\/#primaryimage"},"thumbnailUrl":"https:\/\/iceland-lovers.com\/wp-content\/uploads\/2026\/04\/besok-Snaefellsnes-resvagar-2-dagar.jpg","articleSection":["Snaefellsnes"],"inLanguage":"sv-SE"},{"@type":"WebPage","@id":"https:\/\/iceland-lovers.com\/sv\/visiter-snaefellsnes-2-jours-itineraire\/","url":"https:\/\/iceland-lovers.com\/sv\/visiter-snaefellsnes-2-jours-itineraire\/","name":"Bes\u00f6k Snaefellsnes p\u00e5 2 dagar: v\u00e5r perfekta resv\u00e4g (+ foton)","isPartOf":{"@id":"https:\/\/iceland-lovers.com\/sv\/#website"},"primaryImageOfPage":{"@id":"https:\/\/iceland-lovers.com\/sv\/visiter-snaefellsnes-2-jours-itineraire\/#primaryimage"},"image":{"@id":"https:\/\/iceland-lovers.com\/sv\/visiter-snaefellsnes-2-jours-itineraire\/#primaryimage"},"thumbnailUrl":"https:\/\/iceland-lovers.com\/wp-content\/uploads\/2026\/04\/besok-Snaefellsnes-resvagar-2-dagar.jpg","datePublished":"2026-04-16T11:42:31+00:00","dateModified":"2026-04-16T12:12:18+00:00","description":"Alla v\u00e5ra tips f\u00f6r att bes\u00f6ka Snaefellsnes p\u00e5 2 dagar: stopp-f\u00f6r-stopp-reseplan, praktiska r\u00e5d, aktiviteter ...","breadcrumb":{"@id":"https:\/\/iceland-lovers.com\/sv\/visiter-snaefellsnes-2-jours-itineraire\/#breadcrumb"},"inLanguage":"sv-SE","potentialAction":[{"@type":"ReadAction","target":["https:\/\/iceland-lovers.com\/sv\/visiter-snaefellsnes-2-jours-itineraire\/"]}]},{"@type":"ImageObject","inLanguage":"sv-SE","@id":"https:\/\/iceland-lovers.com\/sv\/visiter-snaefellsnes-2-jours-itineraire\/#primaryimage","url":"https:\/\/iceland-lovers.com\/wp-content\/uploads\/2026\/04\/besok-Snaefellsnes-resvagar-2-dagar.jpg","contentUrl":"https:\/\/iceland-lovers.com\/wp-content\/uploads\/2026\/04\/besok-Snaefellsnes-resvagar-2-dagar.jpg","width":800,"height":600,"caption":"besok Snaefellsnes resvagar 2 dagar"},{"@type":"BreadcrumbList","@id":"https:\/\/iceland-lovers.com\/sv\/visiter-snaefellsnes-2-jours-itineraire\/#breadcrumb","itemListElement":[{"@type":"ListItem","position":1,"name":"Accueil","item":"https:\/\/iceland-lovers.com\/sv\/"},{"@type":"ListItem","position":2,"name":"Snaefellsnes","item":"https:\/\/iceland-lovers.com\/sv\/snaefellsnes-sv\/"},{"@type":"ListItem","position":3,"name":"Bes\u00f6k Snaefellsnes p\u00e5 2 dagar: v\u00e5r perfekta resv\u00e4g (+ foton)"}]},{"@type":"WebSite","@id":"https:\/\/iceland-lovers.com\/sv\/#website","url":"https:\/\/iceland-lovers.com\/sv\/","name":"Iceland Lovers","description":"Le Blog de Claire et Manu","publisher":{"@id":"https:\/\/iceland-lovers.com\/sv\/#organization"},"potentialAction":[{"@type":"SearchAction","target":{"@type":"EntryPoint","urlTemplate":"https:\/\/iceland-lovers.com\/sv\/?s={search_term_string}"},"query-input":{"@type":"PropertyValueSpecification","valueRequired":true,"valueName":"search_term_string"}}],"inLanguage":"sv-SE"},{"@type":"Organization","@id":"https:\/\/iceland-lovers.com\/sv\/#organization","name":"Iceland Lovers","url":"https:\/\/iceland-lovers.com\/sv\/","logo":{"@type":"ImageObject","inLanguage":"sv-SE","@id":"https:\/\/iceland-lovers.com\/sv\/#\/schema\/logo\/image\/","url":"https:\/\/iceland-lovers.com\/wp-content\/uploads\/2024\/05\/cropped-Iceland-Lovers-Logos-RVB_Principal-bicolore.png","contentUrl":"https:\/\/iceland-lovers.com\/wp-content\/uploads\/2024\/05\/cropped-Iceland-Lovers-Logos-RVB_Principal-bicolore.png","width":2326,"height":501,"caption":"Iceland Lovers"},"image":{"@id":"https:\/\/iceland-lovers.com\/sv\/#\/schema\/logo\/image\/"}},{"@type":"Person","@id":"https:\/\/iceland-lovers.com\/sv\/#\/schema\/person\/99f50c0c6981832bc8c168071e92df44","name":"Claire","image":{"@type":"ImageObject","inLanguage":"sv-SE","@id":"https:\/\/secure.gravatar.com\/avatar\/e3566233826c32de8d7c9ef726a1087654b12cadb092acc17ee1d357687192ff?s=96&d=mm&r=g","url":"https:\/\/secure.gravatar.com\/avatar\/e3566233826c32de8d7c9ef726a1087654b12cadb092acc17ee1d357687192ff?s=96&d=mm&r=g","contentUrl":"https:\/\/secure.gravatar.com\/avatar\/e3566233826c32de8d7c9ef726a1087654b12cadb092acc17ee1d357687192ff?s=96&d=mm&r=g","caption":"Claire"},"sameAs":["https:\/\/iceland-lovers.com\/claire-robinson\/"],"url":"https:\/\/iceland-lovers.com\/sv\/author\/icelandlovers\/"}]}},"featured_image_src":"https:\/\/iceland-lovers.com\/wp-content\/uploads\/2026\/04\/besok-Snaefellsnes-resvagar-2-dagar-600x400.jpg","featured_image_src_square":"https:\/\/iceland-lovers.com\/wp-content\/uploads\/2026\/04\/besok-Snaefellsnes-resvagar-2-dagar-600x600.jpg","author_info":{"display_name":"Claire","author_link":"https:\/\/iceland-lovers.com\/sv\/author\/icelandlovers\/"},"_links":{"self":[{"href":"https:\/\/iceland-lovers.com\/sv\/wp-json\/wp\/v2\/posts\/4034","targetHints":{"allow":["GET"]}}],"collection":[{"href":"https:\/\/iceland-lovers.com\/sv\/wp-json\/wp\/v2\/posts"}],"about":[{"href":"https:\/\/iceland-lovers.com\/sv\/wp-json\/wp\/v2\/types\/post"}],"author":[{"embeddable":true,"href":"https:\/\/iceland-lovers.com\/sv\/wp-json\/wp\/v2\/users\/1"}],"replies":[{"embeddable":true,"href":"https:\/\/iceland-lovers.com\/sv\/wp-json\/wp\/v2\/comments?post=4034"}],"version-history":[{"count":0,"href":"https:\/\/iceland-lovers.com\/sv\/wp-json\/wp\/v2\/posts\/4034\/revisions"}],"wp:featuredmedia":[{"embeddable":true,"href":"https:\/\/iceland-lovers.com\/sv\/wp-json\/wp\/v2\/media\/4033"}],"wp:attachment":[{"href":"https:\/\/iceland-lovers.com\/sv\/wp-json\/wp\/v2\/media?parent=4034"}],"wp:term":[{"taxonomy":"category","embeddable":true,"href":"https:\/\/iceland-lovers.com\/sv\/wp-json\/wp\/v2\/categories?post=4034"},{"taxonomy":"post_tag","embeddable":true,"href":"https:\/\/iceland-lovers.com\/sv\/wp-json\/wp\/v2\/tags?post=4034"}],"curies":[{"name":"wp","href":"https:\/\/api.w.org\/{rel}","templated":true}]}}