{"id":3832,"date":"2026-03-20T10:58:51","date_gmt":"2026-03-20T09:58:51","guid":{"rendered":"https:\/\/iceland-lovers.com\/voyager-islande-hiver-guide\/"},"modified":"2026-03-20T11:21:26","modified_gmt":"2026-03-20T10:21:26","slug":"resa-island-vintern-guide","status":"publish","type":"post","link":"https:\/\/iceland-lovers.com\/sv\/resa-island-vintern-guide\/","title":{"rendered":"Resa till Island p\u00e5 vintern: v\u00e5r kompletta guide! (+ foton)"},"content":{"rendered":"\n<p>H\u00e4r \u00e4r v\u00e5r kompletta guide till hur du planerar din resa till Island p\u00e5 vintern, med alla v\u00e5ra r\u00e5d p\u00e5 ett och samma st\u00e4lle f\u00f6r att g\u00f6ra val och f\u00f6rbereda dig:<\/p>\n\n<ul class=\"wp-block-list\">\n<li>Vart ska man \u00e5ka och hur<\/li>\n\n\n\n<li>Var man ska sova<\/li>\n\n\n\n<li>Karta och rutter<\/li>\n\n\n\n<li>Vad du ska ta med dig<\/li>\n\n\n\n<li>Vad du ska vara uppm\u00e4rksam p\u00e5<\/li>\n\n\n\n<li>&#8230;<\/li>\n<\/ul>\n\n<figure class=\"wp-block-image size-full\"><img decoding=\"async\" src=\"https:\/\/iceland-lovers.com\/wp-content\/uploads\/2026\/03\/Reseguide-Island-vintern.jpg\" alt=\"resor Island vinterguide\" class=\"wp-image-3820\"\/><\/figure>\n\n<p>Detta \u00e4r en helt <strong>oberoende<\/strong> \u00e5sikt, baserad p\u00e5 v\u00e5r egen erfarenhet. Vi bes\u00f6kte regionen anonymt, gjorde v\u00e5ra egna val och betalade v\u00e5ra r\u00e4kningar till fullo.<\/p>\n\n<div style=\"padding-left:5%\" class=\"wp-block-genesis-blocks-gb-container box gb-block-container\"><div class=\"gb-container-inside\"><div class=\"gb-container-content\">\n<p class=\"titre_box_manuscrit\">Inneh\u00e5ll<\/p>\n\n\n\n<div class=\"wp-block-genesis-blocks-gb-container gb-block-container\"><div class=\"gb-container-inside\"><div class=\"gb-container-content\"><div id=\"ez-toc-container\" class=\"ez-toc-v2_0_82_1 counter-hierarchy ez-toc-counter ez-toc-custom ez-toc-container-direction\">\n<div class=\"ez-toc-title-container\">\n<span class=\"ez-toc-title-toggle\"><\/span><\/div>\n<nav><ul class='ez-toc-list ez-toc-list-level-1 ' ><li class='ez-toc-page-1 ez-toc-heading-level-2'><a class=\"ez-toc-link ez-toc-heading-1\" href=\"https:\/\/iceland-lovers.com\/sv\/resa-island-vintern-guide\/#Det_viktigaste_for_en_lyckad_resa_till_Island_pa_vintern\" >Det viktigaste f\u00f6r en lyckad resa till Island p\u00e5 vintern<\/a><\/li><li class='ez-toc-page-1 ez-toc-heading-level-2'><a class=\"ez-toc-link ez-toc-heading-2\" href=\"https:\/\/iceland-lovers.com\/sv\/resa-island-vintern-guide\/#Karta_%E2%80%93_Hur_lange_kommer_du_att_vara_borta\" >Karta &#8211; Hur l\u00e4nge kommer du att vara borta?<\/a><\/li><li class='ez-toc-page-1 ez-toc-heading-level-2'><a class=\"ez-toc-link ez-toc-heading-3\" href=\"https:\/\/iceland-lovers.com\/sv\/resa-island-vintern-guide\/#Nar_ska_man_aka_till_Island_pa_vintern\" >N\u00e4r ska man \u00e5ka till Island p\u00e5 vintern<\/a><\/li><li class='ez-toc-page-1 ez-toc-heading-level-2'><a class=\"ez-toc-link ez-toc-heading-4\" href=\"https:\/\/iceland-lovers.com\/sv\/resa-island-vintern-guide\/#Hur_man_tar_sig_till_Island_pa_vintern\" >Hur man tar sig till Island p\u00e5 vintern<\/a><\/li><li class='ez-toc-page-1 ez-toc-heading-level-2'><a class=\"ez-toc-link ez-toc-heading-5\" href=\"https:\/\/iceland-lovers.com\/sv\/resa-island-vintern-guide\/#Att_ta_sig_runt_pa_Island_pa_vintern\" >Att ta sig runt p\u00e5 Island p\u00e5 vintern<\/a><\/li><li class='ez-toc-page-1 ez-toc-heading-level-2'><a class=\"ez-toc-link ez-toc-heading-6\" href=\"https:\/\/iceland-lovers.com\/sv\/resa-island-vintern-guide\/#Resplan_pa_Island_pa_vintern\" >Resplan p\u00e5 Island p\u00e5 vintern<\/a><\/li><li class='ez-toc-page-1 ez-toc-heading-level-2'><a class=\"ez-toc-link ez-toc-heading-7\" href=\"https:\/\/iceland-lovers.com\/sv\/resa-island-vintern-guide\/#Sevardheter_pa_Island_pa_vintern\" >Sev\u00e4rdheter p\u00e5 Island p\u00e5 vintern<\/a><\/li><li class='ez-toc-page-1 ez-toc-heading-level-2'><a class=\"ez-toc-link ez-toc-heading-8\" href=\"https:\/\/iceland-lovers.com\/sv\/resa-island-vintern-guide\/#Vilken_region_ska_man_besoka_och_var_ska_man_bo\" >Vilken region ska man bes\u00f6ka och var ska man bo?<\/a><\/li><li class='ez-toc-page-1 ez-toc-heading-level-2'><a class=\"ez-toc-link ez-toc-heading-9\" href=\"https:\/\/iceland-lovers.com\/sv\/resa-island-vintern-guide\/#Vad_man_ska_ha_pa_sig_pa_Island_pa_vintern\" >Vad man ska ha p\u00e5 sig p\u00e5 Island p\u00e5 vintern<\/a><\/li><li class='ez-toc-page-1 ez-toc-heading-level-2'><a class=\"ez-toc-link ez-toc-heading-10\" href=\"https:\/\/iceland-lovers.com\/sv\/resa-island-vintern-guide\/#Vintersakerhet_pa_Island\" >Vinters\u00e4kerhet p\u00e5 Island<\/a><\/li><li class='ez-toc-page-1 ez-toc-heading-level-2'><a class=\"ez-toc-link ez-toc-heading-11\" href=\"https:\/\/iceland-lovers.com\/sv\/resa-island-vintern-guide\/#Sa_ser_du_norrskenet_Borealis\" >S\u00e5 ser du norrskenet Borealis<\/a><\/li><li class='ez-toc-page-1 ez-toc-heading-level-2'><a class=\"ez-toc-link ez-toc-heading-12\" href=\"https:\/\/iceland-lovers.com\/sv\/resa-island-vintern-guide\/#Islandskt_djurliv_pa_vintern\" >Isl\u00e4ndskt djurliv p\u00e5 vintern<\/a><\/li><li class='ez-toc-page-1 ez-toc-heading-level-2'><a class=\"ez-toc-link ez-toc-heading-13\" href=\"https:\/\/iceland-lovers.com\/sv\/resa-island-vintern-guide\/#Julfirande\" >Julfirande<\/a><\/li><li class='ez-toc-page-1 ez-toc-heading-level-2'><a class=\"ez-toc-link ez-toc-heading-14\" href=\"https:\/\/iceland-lovers.com\/sv\/resa-island-vintern-guide\/#Praktiska_aspekter\" >Praktiska aspekter<\/a><\/li><li class='ez-toc-page-1 ez-toc-heading-level-2'><a class=\"ez-toc-link ez-toc-heading-15\" href=\"https:\/\/iceland-lovers.com\/sv\/resa-island-vintern-guide\/#Vanliga_fragor_om_Island_pa_vintern\" >Vanliga fr\u00e5gor om Island p\u00e5 vintern<\/a><\/li><\/ul><\/nav><\/div>\n\n<\/div><\/div><\/div>\n<\/div><\/div><\/div>\n\n<p><\/p>\n\n<h2 class=\"wp-block-heading\"><span class=\"ez-toc-section\" id=\"Det_viktigaste_for_en_lyckad_resa_till_Island_pa_vintern\"><\/span>Det viktigaste f\u00f6r en lyckad resa till Island p\u00e5 vintern<span class=\"ez-toc-section-end\"><\/span><\/h2>\n\n<p>Om du inte vill l\u00e4sa hela artikeln kommer h\u00e4r en sammanfattning av v\u00e5ra svar. Men du hittar mer detaljerad information i varje avsnitt nedan.<\/p>\n\n<p><strong><mark style=\"background-color:#f9d563\" class=\"has-inline-color\">N\u00e4r ska du \u00e5ka<\/mark><\/strong><br\/>Vintern p\u00e5 Island str\u00e4cker sig fr\u00e5n november till mars. F\u00f6r att f\u00e5 en bra balans mellan dagsljus och n\u00e4tter med norrsken rekommenderar vi slutet av februari och b\u00f6rjan av mars med 10-13 timmars dagsljus.  <br\/>December-januari \u00e4r de m\u00f6rkaste m\u00e5naderna, med bara 4-5 timmar dagsljus.<\/p>\n\n<p><strong><mark style=\"background-color:#f9d563\" class=\"has-inline-color\">Temperaturer<\/mark><\/strong><br\/>Temperaturerna i Reykjavik varierar fr\u00e5n 0.6\u00b0C till 4.9\u00b0C p\u00e5 vintern. I norra delen av landet och p\u00e5 h\u00f6glandet \u00e4r det l\u00e4gre temperaturer, ner till -10\u00b0C.<\/p>\n\n<figure class=\"wp-block-image size-large\"><img decoding=\"async\" src=\"https:\/\/photos.smugmug.com\/Iceland\/Winter\/Snaefellsnes\/Kirkjufell\/i-PNs4gBm\/1\/CZtHfxZPX7KK7HJZLPWSbMqgCkHZCxSpvdCSX5NMR\/L\/Kirkjufell_Iceland-4177-L.jpg\" alt=\"Kirkjufell p&#xE5; vintern\"\/><figcaption class=\"wp-element-caption\">Kirkjufell, Snaefellsneshalv\u00f6n<\/figcaption><\/figure>\n\n<p><strong><mark style=\"background-color:#f9d563\" class=\"has-inline-color\">Vart ska du g\u00e5<\/mark><\/strong><br\/>V\u00e5ra favoritregioner f\u00f6r en vintersemester \u00e4r :<\/p>\n\n<ul class=\"wp-block-list\">\n<li>Den l\u00e4ttillg\u00e4ngliga <a href=\"https:\/\/iceland-lovers.com\/sv\/sevardheter-syd-island-vinter-attraktioner\/\" target=\"_blank\" rel=\"noreferrer noopener\">sydkusten<\/a>, en v\u00e4rld av vattenfall, isberg och isgrottor<\/li>\n\n\n\n<li><a href=\"https:\/\/iceland-lovers.com\/sv\/sevardheter-snaefellsnes-vinter\/\" target=\"_blank\" rel=\"noreferrer noopener\">Snaefellsnes-halv\u00f6n<\/a> f\u00f6r en m\u00e4ngd olika upplevelser<\/li>\n\n\n\n<li><a href=\"https:\/\/iceland-lovers.com\/sv\/sjon-myvatn-vinter-sevardheter\/\" target=\"_blank\" rel=\"noreferrer noopener\">Sj\u00f6n Myvatn<\/a> f\u00f6r en sp\u00e4nnande v\u00e4rld i svartvitt<\/li>\n<\/ul>\n\n<p><strong><mark style=\"background-color:#f9d563\" class=\"has-inline-color\">Hur man tar sig runt<\/mark><\/strong><br\/>Du har tre huvudalternativ:<\/p>\n\n<ul class=\"wp-block-list\">\n<li><a href=\"https:\/\/iceland-lovers.com\/sv\/hur-hyr-bil-island-tips-erfarenhet\/\" target=\"_blank\" rel=\"noreferrer noopener\">Hyr en vinterutrustad bil<\/a> (rekommenderas om du \u00e4r bekv\u00e4m)<\/li>\n\n\n\n<li>Deltagande i <a href=\"https:\/\/iceland-lovers.com\/sv\/basta-utflykter-fran-reykjavik-vintern\/\" target=\"_blank\" rel=\"noreferrer noopener\">organiserade utflykter<\/a> (s\u00e4kraste alternativet)<\/li>\n\n\n\n<li>Anv\u00e4nda kollektivtrafik (begr\u00e4nsat till st\u00f6rre st\u00e4der)<\/li>\n<\/ul>\n\n<p><strong><mark style=\"background-color:#f9d563\" class=\"has-inline-color\">V\u00e5ra 3 b\u00e4sta vinteraktiviteter<\/mark><\/strong><\/p>\n\n<ul class=\"wp-block-list\">\n<li>Titta p\u00e5 norrskenet<\/li>\n\n\n\n<li><a href=\"https:\/\/iceland-lovers.com\/sv\/basta-turerna-grottles-is-island\/\" target=\"_blank\" rel=\"noreferrer noopener\">Utforska isgrottorna<\/a><\/li>\n\n\n\n<li>Bada i geotermiska varma k\u00e4llor<\/li>\n<\/ul>\n\n<figure class=\"wp-block-image size-large\"><img decoding=\"async\" src=\"https:\/\/photos.smugmug.com\/Iceland\/Winter\/South-Coast-in-Winter\/Jokulsarlon\/Blue-ice-cave\/i-3r7NV3D\/1\/DD9vctGPkD4S3qk2BWzp7jKVdJsZvjTcBkZ2j8kPr\/L\/Jokulsarlon_ice_Caves_Iceland-3743-L.jpg\" alt=\"Isgrotta\"\/><\/figure>\n\n<h2 class=\"wp-block-heading\"><span class=\"ez-toc-section\" id=\"Karta_%E2%80%93_Hur_lange_kommer_du_att_vara_borta\"><\/span>Karta &#8211; Hur l\u00e4nge kommer du att vara borta?<span class=\"ez-toc-section-end\"><\/span><\/h2>\n\n<p>F\u00f6r att f\u00e5 ut det mesta av Island p\u00e5 vintern \u00e4r en vistelse p\u00e5 7 till 10 dagar idealisk.  <br\/>Det \u00e4r tillr\u00e4ckligt med tid f\u00f6r att utforska den gyllene cirkeln, f\u00f6lja en del av sydkusten till glaci\u00e4rerna och de svarta sandstr\u00e4nderna och l\u00e4mna n\u00e5gra kv\u00e4llar fria f\u00f6r att spana efter norrsken.  <\/p>\n\n<p>Om tiden \u00e4r mer begr\u00e4nsad r\u00e4cker det med 4 eller 5 dagar f\u00f6r att uppt\u00e4cka m\u00e5ste-sev\u00e4rdheterna runt Reykjavik och i sydv\u00e4st, men du m\u00e5ste g\u00f6ra n\u00e5gra val.  <\/p>\n\n<figure class=\"wp-block-image size-large\"><img decoding=\"async\" src=\"https:\/\/iceland-lovers.com\/wp-content\/uploads\/2024\/12\/karta-besok-Island-vintern-resvagar-10-dagar-1024x768.jpg\" alt=\"karta bes&#xF6;k island vinter 10-dagars resplan\" class=\"wp-image-2283\"\/><figcaption class=\"wp-element-caption\">Karta: 10 dagar p\u00e5 Island<\/figcaption><\/figure>\n\n<p>P\u00e5 vintern \u00e4r dagarna mycket korta &#8211; bara 4-5 timmars dagsljus i december &#8211; vilket g\u00f6r att resandet g\u00e5r betydligt l\u00e5ngsammare, och v\u00e4derf\u00f6rh\u00e5llandena g\u00f6r att avst\u00e5nden \u00e4r l\u00e4ngre \u00e4n p\u00e5 sommaren.  <\/p>\n\n<p>Observera ocks\u00e5 att \u00e4ndrade v\u00e4derf\u00f6rh\u00e5llanden ocks\u00e5 kan rubba planerna: en avst\u00e4ngd v\u00e4g eller en sn\u00f6storm inneb\u00e4r ibland att du m\u00e5ste stanna en extra dag p\u00e5 samma plats. S\u00e5 det \u00e4r b\u00e4ttre att l\u00e4mna en marginal i din resplan snarare \u00e4n att \u00f6verbelasta programmet, och kom ih\u00e5g att den isl\u00e4ndska vinterrytmen \u00e4r mer gynnsam f\u00f6r kontemplation \u00e4n f\u00f6r l\u00f6pning.<\/p>\n\n<h2 class=\"wp-block-heading\"><span class=\"ez-toc-section\" id=\"Nar_ska_man_aka_till_Island_pa_vintern\"><\/span>N\u00e4r ska man \u00e5ka till Island p\u00e5 vintern<span class=\"ez-toc-section-end\"><\/span><\/h2>\n\n<p>Den isl\u00e4ndska vintern varar fr\u00e5n november till mars, men varje m\u00e5nad bjuder p\u00e5 en unik upplevelse:<\/p>\n\n<ul class=\"wp-block-list\">\n<li>November: 5-8 timmar dagsljus, b\u00f6rjan av norrskenss\u00e4songen<\/li>\n\n\n\n<li><a href=\"https:\/\/iceland-lovers.com\/sv\/resa-island-december-vader-temperatur\/\" type=\"post\" id=\"1661\" target=\"_blank\" rel=\"noreferrer noopener\">December<\/a>: 4.30-5h under dagen, perioden med isl\u00e4ndska festivaler och traditioner<\/li>\n\n\n\n<li><a href=\"https:\/\/iceland-lovers.com\/sv\/resa-island-januari-vader-temperatur\/\" type=\"post\" id=\"737\" target=\"_blank\" rel=\"noreferrer noopener\">Januari<\/a>: 4h30-7h dagsljus, kallaste temperaturer<\/li>\n\n\n\n<li><a href=\"https:\/\/iceland-lovers.com\/sv\/resa-island-februari-vader-temperatur\/\" type=\"post\" id=\"1659\" target=\"_blank\" rel=\"noreferrer noopener\">Februari<\/a>: 7-10 timmar dagsljus, idealiska f\u00f6rh\u00e5llanden f\u00f6r isgrottor<\/li>\n\n\n\n<li><a href=\"https:\/\/iceland-lovers.com\/sv\/resa-island-mars-vader-temperatur\/\" type=\"post\" id=\"1660\" target=\"_blank\" rel=\"noreferrer noopener\">Mars<\/a>: 10-13,5 timmar dagsljus, bra balans mellan ljus och m\u00f6rker f\u00f6r norrsken<\/li>\n<\/ul>\n\n<figure class=\"wp-block-image size-large\"><img decoding=\"async\" src=\"https:\/\/photos.smugmug.com\/Iceland\/Winter\/South-Coast-in-Winter\/Hofn-sunrise\/i-SSq72nP\/1\/DMH6vNQJxLdXGqmJtSKLQJ3bBgFw7rH8NpsCWsfXd\/L\/sunrise_Hofn_Iceland-2902-L.jpg\" alt=\"Soluppg&#xE5;ng vid H&#xF6;fn p&#xE5; vintern\"\/><\/figure>\n\n<h2 class=\"wp-block-heading\"><span class=\"ez-toc-section\" id=\"Hur_man_tar_sig_till_Island_pa_vintern\"><\/span>Hur man tar sig till Island p\u00e5 vintern<span class=\"ez-toc-section-end\"><\/span><\/h2>\n\n<p>Det enda praktiska s\u00e4ttet att ta sig till Island p\u00e5 vintern \u00e4r med flyg. Keflavik International Airport (KEF) \u00e4r den viktigaste utg\u00e5ngspunkten, cirka 45 minuter fr\u00e5n Reykjavik.<\/p>\n\n<ul class=\"wp-block-list\">\n<li><strong>Direktflyg<\/strong> &#8211; Finns fr\u00e5n m\u00e5nga europeiska st\u00e4der: Paris, London, Amsterdam, Frankfurt etc.<\/li>\n\n\n\n<li><strong>Transfer till Reykjavik<\/strong> &#8211; Regelbunden pendeltrafik fr\u00e5n flygplatsen till stadens centrum<\/li>\n\n\n\n<li><strong>Visum<\/strong> &#8211; Island \u00e4r en del av Schengenomr\u00e5det, kontrollera visumkraven beroende p\u00e5 din nationalitet<\/li>\n<\/ul>\n\n<div style=\"background-color:#ffffff;margin-top:8%;margin-bottom:8%\" class=\"wp-block-genesis-blocks-gb-container box gb-block-container\"><div class=\"gb-container-inside\"><div class=\"gb-container-content\" style=\"max-width:700px\">\n<div class=\"wp-block-columns is-not-stacked-on-mobile texte_planif has-background is-layout-flex wp-container-core-columns-is-layout-9d6595d7 wp-block-columns-is-layout-flex\" style=\"background-color:#06aec417\">\n<div class=\"wp-block-column img_icone is-layout-flow wp-block-column-is-layout-flow\" style=\"flex-basis:25%\"><div class=\"wp-block-image image_icone\">\n<figure class=\"aligncenter size-full is-resized\"><img loading=\"lazy\" decoding=\"async\" width=\"400\" height=\"400\" src=\"https:\/\/iceland-lovers.com\/wp-content\/uploads\/2026\/01\/iceland-plane.png\" alt=\"Island plan\" class=\"wp-image-3771\" style=\"object-fit:cover;width:100px;height:100px\" srcset=\"https:\/\/iceland-lovers.com\/wp-content\/uploads\/2026\/01\/iceland-plane.png 400w, https:\/\/iceland-lovers.com\/wp-content\/uploads\/2026\/01\/iceland-plane-300x300.png 300w, https:\/\/iceland-lovers.com\/wp-content\/uploads\/2026\/01\/iceland-plane-150x150.png 150w, https:\/\/iceland-lovers.com\/wp-content\/uploads\/2026\/01\/iceland-plane-75x75.png 75w\" sizes=\"auto, (max-width: 400px) 100vw, 400px\" \/><\/figure>\n<\/div><\/div>\n\n\n\n<div class=\"wp-block-column is-vertically-aligned-center paragraphe_une is-layout-flow wp-block-column-is-layout-flow\" style=\"flex-basis:90%\">\n<p style=\"font-size:16px\">Det \u00e4r dags att boka!<br\/><a href=\"https:\/\/skyscanner.pxf.io\/dONaXy\" target=\"_blank\" rel=\"noreferrer noopener sponsored nofollow\"><strong>J\u00e4mf\u00f6r allt:<\/strong> bolag, priser, tidtabeller och tillg\u00e4nglighet.<\/a><\/p>\n<\/div>\n<\/div>\n<\/div><\/div><\/div>\n\n<h2 class=\"wp-block-heading\"><span class=\"ez-toc-section\" id=\"Att_ta_sig_runt_pa_Island_pa_vintern\"><\/span>Att ta sig runt p\u00e5 Island p\u00e5 vintern<span class=\"ez-toc-section-end\"><\/span><\/h2>\n\n<h3 class=\"wp-block-heading\">Hyrbil<\/h3>\n\n<p>Att hyra en bil ger dig stor frihet, men du m\u00e5ste vara ordentligt f\u00f6rberedd:<\/p>\n\n<ul class=\"wp-block-list\">\n<li>V\u00e4lj ett 4&#215;4-fordon utrustat med vinterd\u00e4ck<\/li>\n\n\n\n<li>Kontrollera v\u00e4dret och v\u00e4gf\u00f6rh\u00e5llandena dagligen p\u00e5 road.is<\/li>\n\n\n\n<li>H\u00e5ll dig till huvudv\u00e4garna (Ring Road) och undvik bergsv\u00e4gar<\/li>\n\n\n\n<li>Ha alltid en full tank med bensin och f\u00f6rn\u00f6denheter.<\/li>\n\n\n\n<li>R\u00e4kna med l\u00e4ngre restider \u00e4n p\u00e5 sommaren<\/li>\n\n\n\n<li><a href=\"https:\/\/iceland-lovers.com\/sv\/hur-hyr-bil-island-tips-erfarenhet\/\" target=\"_blank\" rel=\"noreferrer noopener\">Se alla v\u00e5ra tips f\u00f6r att hyra bil p\u00e5 Island.<\/a><\/li>\n<\/ul>\n\n<figure class=\"wp-block-image size-large\"><img decoding=\"async\" src=\"https:\/\/photos.smugmug.com\/Iceland\/Winter\/Driving\/i-q2wFFnJ\/1\/MpNL5hC5fwm8dPK4LSjbzrvHfH5mztQnvPnNF2zbV\/L\/drive_South_coast_Iceland-2-21-L.jpg\" alt=\"Route 1 klar p&#xE5; vintern\"\/><\/figure>\n\n<p>V\u00e5r f\u00f6rsta instinkt \u00e4r att kolla in erbjudandena p\u00e5 <a href=\"https:\/\/www.discovercars.com\/se\/iceland?a_aid=zigzag&amp;chan=iceland\" target=\"_blank\" rel=\"noreferrer noopener sponsored nofollow\">DiscoverCars<\/a>.<br\/>Denna plattform g\u00f6r det m\u00f6jligt f\u00f6r oss att enkelt j\u00e4mf\u00f6ra erbjudanden fr\u00e5n olika uthyrningsf\u00f6retag: priser och villkor. Och varje g\u00e5ng hittar vi bra erbjudanden. Dessutom \u00e4r f\u00f6rs\u00e4kringen attraktivt prissatt.<\/p>\n\n<p><a href=\"https:\/\/www.discovercars.com\/se\/iceland?a_aid=zigzag&amp;chan=iceland\" target=\"_blank\" rel=\"noreferrer noopener sponsored nofollow\"><strong>Se de senaste erbjudandena f\u00f6r biluthyrning<\/strong><\/a><\/p>\n\n<p>Och kolla sedan in <a href=\"https:\/\/iceland-lovers.com\/sv\/korning-island-vinter-tips\/\" target=\"_blank\" rel=\"noreferrer noopener\">v\u00e5r artikel om vinterk\u00f6rning.<\/a><\/p>\n\n<figure class=\"wp-block-image size-large\"><img decoding=\"async\" src=\"https:\/\/photos.smugmug.com\/Iceland\/Winter\/Driving\/i-Sm2hw64\/1\/CzN6bDjDwhwxknWKMzBXqvf6DwT36ff7TxDjfDKPN\/L\/Drive_Road_1_Iceland-4522-L.jpg\" alt=\"Att k&#xF6;ra bil p&#xE5; Island p&#xE5; vintern\"\/><\/figure>\n\n<h3 class=\"wp-block-heading\">Organiserade utflykter<\/h3>\n\n<p>Organiserade utflykter \u00e4r ett utm\u00e4rkt alternativ, som rekommenderas s\u00e4rskilt f\u00f6r :<\/p>\n\n<ul class=\"wp-block-list\">\n<li>Norrskenssk\u00e5dning &#8211; <a href=\"https:\/\/www.getyourguide.se\/reykjavik-l30\/islande-decouverte-en-bus-des-aurores-boreales-t67019\/?partner_id=R3GYW4V&amp;cmp=iceland\" target=\"_blank\" rel=\"noreferrer noopener sponsored nofollow\">se alternativ<\/a><\/li>\n\n\n\n<li>Bes\u00f6k i isgrottorna (minst 2 dagar fr\u00e5n Reykjavik)<\/li>\n\n\n\n<li>Golden Circle-turer som <a href=\"https:\/\/www.getyourguide.se\/reykjavik-l30\/journee-decouverte-du-cercle-d-or-depuis-reykjavik-t67012\/?partner_id=R3GYW4V&amp;cmp=iceland\" target=\"_blank\" rel=\"noreferrer noopener sponsored nofollow\">den h\u00e4r<\/a><\/li>\n\n\n\n<li>Vandringar p\u00e5 glaci\u00e4rer<\/li>\n\n\n\n<li>Blue Lagoon gillar <a href=\"https:\/\/www.getyourguide.se\/reykjavik-l30\/au-depart-de-reykjavik-admission-au-blue-lagoon-avec-transferts-t149408\/?partner_id=R3GYW4V&amp;cmp=iceland\" target=\"_blank\" rel=\"noreferrer noopener sponsored nofollow\">detta<\/a><\/li>\n<\/ul>\n\n<p>Dagsutflykter finns tillg\u00e4ngliga fr\u00e5n Reykjavik.<br\/>Eller flerdagarsturer, eller till och med guidade turer runt Island.<\/p>\n\n<p>Se v\u00e5r artikel om <a href=\"https:\/\/iceland-lovers.com\/sv\/basta-utflykter-fran-reykjavik-vintern\/\" target=\"_blank\" rel=\"noreferrer noopener\">v\u00e5ra favoritutflykter fr\u00e5n Reykjavik<\/a>.<\/p>\n\n<figure class=\"wp-block-image size-large\"><img decoding=\"async\" src=\"https:\/\/photos.smugmug.com\/Iceland\/Winter\/Snaefellsnes\/Saxholl\/i-9Hj6GMp\/1\/KVLxQGRWgfJ7vBgQVqbc3WnxGGvVK9Sr7GFxp3bQm\/L\/crater_Saxholl_Iceland-4941-L.jpg\" alt=\"utflyktsbuss till foten av vulkanen i sn&#xF6;n\"\/><\/figure>\n\n<h3 class=\"wp-block-heading\">Kollektivtrafik<\/h3>\n\n<p>Vi rekommenderar inte att man f\u00f6rs\u00f6ker ta sig runt med kollektivtrafik. De g\u00e5r bara till st\u00e4der med l\u00e5g turt\u00e4thet, medan n\u00e4stan alla attraktioner ligger utanf\u00f6r st\u00e4derna.<\/p>\n\n<div class=\"wp-block-genesis-blocks-gb-container box gb-block-container\"><div class=\"gb-container-inside\"><div class=\"gb-container-content\">\n<div class=\"wp-block-columns inverse is-layout-flex wp-container-core-columns-is-layout-9d6595d7 wp-block-columns-is-layout-flex\">\n<div class=\"wp-block-column texte_planif is-layout-flow wp-block-column-is-layout-flow\" style=\"flex-basis:58%\">\n<h5 class=\"titre_box\">V\u00c5R GUIDE TILL ATT PLANERA EN <span class=\"titre_box_manuscrit\">Dr\u00f6mresa<\/span><\/h5>\n\n\n\n<ul class=\"wp-block-list\">\n<li>6 kartor som g\u00f6r planeringen enklare<\/li>\n\n\n\n<li>+ 75 p\u00e5 f\u00f6rhand utvalda m\u00f6tesplatser  <\/li>\n\n\n\n<li>Praktiska r\u00e5d  <\/li>\n\n\n\n<li>+ 115 bilder som hj\u00e4lper dig att v\u00e4lja<\/li>\n<\/ul>\n\n\n\n<div class=\"wp-block-buttons is-layout-flex wp-block-buttons-is-layout-flex\">\n<div class=\"wp-block-button\"><a class=\"wp-block-button__link has-theme-primary-background-color has-background wp-element-button\" href=\"https:\/\/iceland-lovers.com\/sv\/ebook-guide-road-trip-island-vinter\/\">Ta reda p\u00e5 mer &gt;&gt;<\/a><\/div>\n<\/div>\n<\/div>\n\n\n\n<div class=\"wp-block-column is-layout-flow wp-block-column-is-layout-flow\" style=\"flex-basis:42%\">\n<div class=\"wp-block-genesis-blocks-gb-container ebook-radius-waitlist gb-block-container\"><div class=\"gb-container-inside\"><div class=\"gb-container-content\"><div class=\"wp-block-image ebook-image\">\n<figure class=\"aligncenter size-full\"><img decoding=\"async\" src=\"https:\/\/iceland-lovers.com\/wp-content\/uploads\/2024\/06\/Road-trip-guide-Iceland-Winter-eBook-cover-5.jpg\" alt=\"Road trip guide Island vinter eBook Omslag\" class=\"wp-image-1049\"\/><\/figure>\n<\/div><\/div><\/div><\/div>\n<\/div>\n<\/div>\n<\/div><\/div><\/div>\n\n<h2 class=\"wp-block-heading\"><span class=\"ez-toc-section\" id=\"Resplan_pa_Island_pa_vintern\"><\/span>Resplan p\u00e5 Island p\u00e5 vintern<span class=\"ez-toc-section-end\"><\/span><\/h2>\n\n<p>P\u00e5 v\u00e5r webbplats finns massor av information och bilder som hj\u00e4lper dig att planera en resa som passar just dig. Men m\u00e4ngden val som m\u00e5ste g\u00f6ras kan k\u00e4nnas som ett berg.<br\/>B\u00f6rja d\u00e5 med v\u00e5ra f\u00f6reslagna resv\u00e4gar:<\/p>\n\n<ul class=\"wp-block-list\">\n<li><a href=\"https:\/\/iceland-lovers.com\/sv\/besok-island-vinter-en-vecka-resvagar\/\" target=\"_blank\" rel=\"noreferrer noopener\">en vecka<\/a> <\/li>\n\n\n\n<li><a href=\"https:\/\/iceland-lovers.com\/sv\/visiter-islande-hiver-10-jours-itineraire-2\/\" target=\"_blank\" rel=\"noreferrer noopener\">10 dagar<\/a><\/li>\n<\/ul>\n\n<h2 class=\"wp-block-heading\"><span class=\"ez-toc-section\" id=\"Sevardheter_pa_Island_pa_vintern\"><\/span>Sev\u00e4rdheter p\u00e5 Island p\u00e5 vintern<span class=\"ez-toc-section-end\"><\/span><\/h2>\n\n<p>F\u00f6rutom att beundra de magnifika landskapen under sn\u00f6n erbjuder vintern unika upplevelser som \u00e4r om\u00f6jliga att njuta av p\u00e5 sommaren:<\/p>\n\n<ul class=\"wp-block-list\">\n<li><strong>Aurora borealis<\/strong> &#8211; B\u00e4sta m\u00f6jligheterna att se det fr\u00e5n september till mars<\/li>\n\n\n\n<li><strong>Isgrottor<\/strong> &#8211; Tillg\u00e4ngliga endast p\u00e5 vintern, s\u00e4rskilt p\u00e5 Vatnaj\u00f6kull-glaci\u00e4ren &#8211; <a href=\"https:\/\/iceland-lovers.com\/sv\/basta-turerna-grottles-is-island\/\" type=\"post\" id=\"1802\" target=\"_blank\" rel=\"noreferrer noopener\">se v\u00e5r artikel<\/a><\/li>\n\n\n\n<li><strong>Varma k\u00e4llor<\/strong> &#8211; \u00e4nnu mer magiska i vinterkylan (Blue Lagoon, Sky Lagoon, etc.)<\/li>\n<\/ul>\n\n<figure class=\"wp-block-image size-large\"><img decoding=\"async\" src=\"https:\/\/photos.smugmug.com\/Iceland\/Winter\/North-Iceland\/Myvatn\/Nature-Baths\/i-tZfRGNd\/1\/nLwzD9ZBbrR8xtMZ7tGJR92DpXT4qBDkMWn6ZCS5\/L\/Nature_Baths_Myvatn_Iceland-4258-L.jpg\" alt=\"Myvatn naturbad p&#xE5; vintern\"\/><\/figure>\n\n<ul class=\"wp-block-list\">\n<li><strong>Vinteraktiviteter<\/strong>:\n<ul class=\"wp-block-list\">\n<li>Glaci\u00e4rvandring<\/li>\n\n\n\n<li>Sn\u00f6skoter<\/li>\n\n\n\n<li>Skid\u00e5kning i Akureyri<\/li>\n\n\n\n<li>Valsk\u00e5dning (tillg\u00e4nglig \u00e5ret runt)<\/li>\n<\/ul>\n<\/li>\n\n\n\n<li><strong>Kulturella evenemang<\/strong>:\n<ul class=\"wp-block-list\">\n<li>Julfirande (13 isl\u00e4ndska jultomtar)<\/li>\n\n\n\n<li>Ett spektakul\u00e4rt ny\u00e5r i Reykjavik<\/li>\n\n\n\n<li>Vinterljusfestival i februari<\/li>\n<\/ul>\n<\/li>\n<\/ul>\n\n<p>Se v\u00e5r fullst\u00e4ndiga artikel om <a href=\"https:\/\/iceland-lovers.com\/sv\/sevardheter-island-vintern-attraktioner\/\" target=\"_blank\" rel=\"noreferrer noopener sponsored nofollow\">Islands vinterattraktioner<\/a>.<\/p>\n\n<figure class=\"wp-block-image size-large\"><img decoding=\"async\" src=\"https:\/\/photos.smugmug.com\/Iceland\/Winter\/South-Coast-in-Winter\/Solheimajokull\/i-7DpPWs9\/1\/JbkX5q87cZ8Gq68pvTZdSdKhcbN82MRrVBZJVBfF\/L\/Solheimajokull_glacier_walk__Iceland-1834-L.jpg\" alt=\"Vandring p&#xE5; en glaci&#xE4;r p&#xE5; vintern p&#xE5; Island\"\/><\/figure>\n\n<div style=\"margin-top:8%;margin-bottom:8%\" class=\"wp-block-genesis-blocks-gb-container box gb-block-container\"><div class=\"gb-container-inside\"><div class=\"gb-container-content\">\n<div class=\"wp-block-columns inverse is-layout-flex wp-container-core-columns-is-layout-9d6595d7 wp-block-columns-is-layout-flex\">\n<div class=\"wp-block-column texte_planif is-layout-flow wp-block-column-is-layout-flow\" style=\"flex-basis:58%\">\n<h5 class=\"titre_box\" style=\"padding-top:10px\">OF\u00d6RGL\u00d6MLIGA AKTIVITETER P\u00c5 <span class=\"titre_box_manuscrit\"> vintern<\/span> <\/h5>\n\n\n\n<ul class=\"wp-block-list\">\n<li><a href=\"https:\/\/www.getyourguide.se\/s\/?q=iceland+winter+ice+cave&amp;searchSource=3&amp;partner_id=R3GYW4V&amp;cmp=iceland\" target=\"_blank\" rel=\"noreferrer noopener sponsored nofollow\">Bes\u00f6k en isgrotta<\/a><\/li>\n\n\n\n<li><a href=\"https:\/\/www.getyourguide.se\/s\/?q=iceland+winter+glacier+hike&amp;searchSource=3&amp;partner_id=R3GYW4V&amp;cmp=iceland\" target=\"_blank\" rel=\"noreferrer noopener sponsored nofollow\">Vandring p\u00e5 en glaci\u00e4r<\/a><\/li>\n\n\n\n<li><a href=\"https:\/\/www.getyourguide.se\/s\/?q=iceland+whale+watching&amp;searchSource=3&amp;partner_id=R3GYW4V&amp;cmp=iceland\" target=\"_blank\" rel=\"noreferrer noopener sponsored nofollow\">Valsk\u00e5dning<\/a> (fr\u00e5n Reykjavik, Husavik eller Akureyri)<\/li>\n<\/ul>\n<\/div>\n\n\n\n<div class=\"wp-block-column ville-radius is-layout-flow wp-block-column-is-layout-flow\" style=\"flex-basis:42%\">\n<figure class=\"wp-block-image size-large img-portrait\"><img decoding=\"async\" src=\"https:\/\/photos.smugmug.com\/Iceland\/Winter\/South-Coast-in-Winter\/Jokulsarlon\/Blue-ice-cave\/i-46mXBBx\/1\/C87JBB8LhkDnd8m3CHST8wQkDNjkZL4xTSQ8RPfxp\/S\/Jokulsarlon_ice_Caves_Iceland-3750-S.jpg\" alt=\"Isgrotta p&#xE5; Island\" title=\"\"\/><\/figure>\n<\/div>\n<\/div>\n<\/div><\/div><\/div>\n\n<h2 class=\"wp-block-heading\"><span class=\"ez-toc-section\" id=\"Vilken_region_ska_man_besoka_och_var_ska_man_bo\"><\/span>Vilken region ska man bes\u00f6ka och var ska man bo?<span class=\"ez-toc-section-end\"><\/span><\/h2>\n\n<p>Ditt val av plats beror p\u00e5 dina resm\u00e5l.<br\/>Ta en titt p\u00e5 <a href=\"https:\/\/iceland-lovers.com\/sv\/var-man-ska-bo-island-vinter-basta-hotell\/\" target=\"_blank\" rel=\"noreferrer noopener\">hela v\u00e5r artikel<\/a> eller l\u00e4s sammanfattningen av v\u00e5ra rekommendationer per region nedan:<\/p>\n\n<h3 class=\"wp-block-heading\">Reykjavik<\/h3>\n\n<p>Huvudstaden <a href=\"https:\/\/iceland-lovers.com\/sv\/besok-reykjavik-vintern-sevardheter\/\" target=\"_blank\" rel=\"noreferrer noopener\">Reykjavik<\/a> \u00e4r en utm\u00e4rkt vinterbas:<\/p>\n\n<ul class=\"wp-block-list\">\n<li>M\u00e5nga boendealternativ som passar alla budgetar<\/li>\n\n\n\n<li>Restauranger och livligt nattliv<\/li>\n\n\n\n<li>Idealisk utg\u00e5ngspunkt f\u00f6r utflykter<\/li>\n\n\n\n<li>Enkel \u00e5tkomst till Bl\u00e5 lagunen och Gyllene cirkeln<\/li>\n\n\n\n<li>\u00d6verraskande och historiska museer<\/li>\n<\/ul>\n\n<figure class=\"wp-block-image size-large\"><img decoding=\"async\" src=\"https:\/\/photos.smugmug.com\/Iceland\/Winter\/Reykjavik\/Town\/i-9fd3DHW\/1\/C7xh2SsxZmG7gKQMd28NWKsCWMHP76MN5RmP46sZ8\/L\/Reykjavik_Iceland-4294-L.jpg\" alt=\"Reykjavik p&#xE5; vintern\"\/><\/figure>\n\n<p>Ett brett utbud av boende, inklusive hotell, l\u00e4genhetshotell och uthyrning.<br\/>Observera att turistbussarna inte k\u00f6r in i centrum, men det finns uppsamlingsplatser runtomkring.<\/p>\n\n<p>V\u00e5ra favorithotell:  <br\/><strong>Reykjavik Konsulat Hotel<\/strong> &#8211; <a href=\"https:\/\/www.booking.com\/hotel\/is\/consulate-reykjavik-curio-collection-by-hilton.html?aid=2421273\" target=\"_blank\" rel=\"noreferrer noopener sponsored nofollow\">Se foton och tillg\u00e4nglighet.<\/a><br\/><strong>Black Pearl Apartment Hotel<\/strong> &#8211; <a href=\"https:\/\/www.booking.com\/hotel\/is\/black-pearl-reykjavik-finest-apartments.html?aid=2421273\" target=\"_blank\" rel=\"noreferrer noopener sponsored nofollow\">Se foton och tillg\u00e4nglighet<\/a><\/p>\n\n<p><a href=\"https:\/\/www.booking.com\/searchresults.en.html?city=-2651804&amp;nflt=review_score%253D90%253Breview_score%253D80&amp;aid=2421273&amp;no_rooms=1&amp;group_adults=2\" target=\"_blank\" rel=\"noreferrer noopener sponsored nofollow\"><strong>Se det b\u00e4st betygsatta boendet i Reykjavik.<\/strong><\/a><\/p>\n\n<figure class=\"wp-block-image size-large\"><img decoding=\"async\" src=\"https:\/\/photos.smugmug.com\/Iceland\/Winter\/Reykjavik\/Hotels\/Hotels-facades\/i-q73px9T\/1\/MXzqbqD6R3s64CvCG9brRV3rGWxNQZM2x9f3Sf295\/L\/Reykjavik_Iceland-5592-L.jpghttps:\/\/photos.smugmug.com\/Iceland\/Winter\/Reykjavik\/Hotels\/Hotels-facades\/i-q73px9T\/1\/MXzqbqD6R3s64CvCG9brRV3rGWxNQZM2x9f3Sf295\/L\/Reykjavik_Iceland-5592-L.jpg\" alt=\"svart P&#xE4;rla\"\/><\/figure>\n\n<h3 class=\"wp-block-heading\">Islands sydkust<\/h3>\n\n<p><a href=\"https:\/\/iceland-lovers.com\/sv\/sevardheter-syd-island-vinter-attraktioner\/\" target=\"_blank\" rel=\"noreferrer noopener\">Sydkustregionen<\/a> \u00e4r den mest tillg\u00e4ngliga p\u00e5 vintern med :<\/p>\n\n<ul class=\"wp-block-list\">\n<li>De mangifera vattenfallen Seljalandsfoss och Sk\u00f3gafoss, som inte fryser till is helt och h\u00e5llet  <\/li>\n\n\n\n<li>Glaci\u00e4rlagunerna J\u00f6kuls\u00e1rl\u00f3n och Fjallsarlon<\/li>\n\n\n\n<li>De svarta sandstr\u00e4nderna i V\u00edk och Diamond Beach med sina iecbergs<\/li>\n\n\n\n<li>Isgrottorna<\/li>\n\n\n\n<li>Vandringar p\u00e5 glaci\u00e4rer<\/li>\n\n\n\n<li>Gott om m\u00f6jligheter att se norrsken<\/li>\n<\/ul>\n\n<figure class=\"wp-block-image size-large\"><img decoding=\"async\" src=\"https:\/\/photos.smugmug.com\/Iceland\/Winter\/South-Coast-in-Winter\/Jokulsarlon\/Diamond-beach\/i-w82tPzL\/1\/CQkkgfRGV4nKrq99fm37WL8BMd6Kkv8VW8JPtp8kp\/L\/Jokulsarlon_Diamond_Beach_Iceland-3698-L.jpg\" alt=\"Diamond Beach\"\/><\/figure>\n\n<p>P\u00e5 sydkusten hittar du boende i st\u00e4derna  <\/p>\n\n<ul class=\"wp-block-list\">\n<li>Selfoss, mellan Gyllene cirkeln och kusten<\/li>\n\n\n\n<li>Vik, i mitten av kusten<\/li>\n\n\n\n<li>H\u00f6fn i \u00f6ster, mellan sydkusten och de \u00f6stra fjordarna<\/li>\n<\/ul>\n\n<p>V\u00e5ra favorithotell:  <br\/><strong><strong>Hotell Kria<\/strong><\/strong> &#8211; Se foton och tillg\u00e4nglighet.<br\/><strong>Fosshotel Glacier Lagoon<\/strong> &#8211; <a href=\"https:\/\/www.booking.com\/hotel\/is\/fosshotel-glacier-lagoon.html?aid=2421273\" target=\"_blank\" rel=\"noreferrer noopener sponsored nofollow\">Se foton och tillg\u00e4nglighet<\/a><\/p>\n\n<p>Det finns ocks\u00e5 hotell och g\u00e4stg\u00e5rdar mellan st\u00e4derna, omgivna av natur.<\/p>\n\n<p><a href=\"https:\/\/www.booking.com\/searchresults.en.html?city=-2655902&amp;nflt=review_score%253D90%253Breview_score%253D80&amp;aid=2421273&amp;no_rooms=1&amp;group_adults=2\" target=\"_blank\" rel=\"noreferrer noopener sponsored nofollow\"><strong>Se de b\u00e4st rankade boendena runt Vik.<\/strong><\/a><br\/><a href=\"https:\/\/www.booking.com\/searchresults.en.html?city=-2646664&amp;nflt=review_score%253D90%253Breview_score%253D80&amp;aid=2421273&amp;no_rooms=1&amp;group_adults=2\" target=\"_blank\" rel=\"noreferrer noopener sponsored nofollow\"><strong>Se de boenden som har b\u00e4st betyg runt H\u00f6fn.<\/strong><\/a><\/p>\n\n<figure class=\"wp-block-image size-large\"><img decoding=\"async\" src=\"https:\/\/photos.smugmug.com\/Iceland\/Winter\/South-Coast-in-Winter\/Hotel-Katla-Vik\/i-RRMBdFj\/1\/MRgj2R5pwR2tTk5Km34FHbFLXgdkXSZMg7ZSsKzcM\/L\/Vik_Accommodation_Iceland-3648-L.jpg\" alt=\"\"\/><\/figure>\n\n<h3 class=\"wp-block-heading\">Den gyllene cirkeln<\/h3>\n\n<p>Den <a href=\"https:\/\/iceland-lovers.com\/sv\/sevardheter-gyllene-cirkeln-vintern-att-gora\/\" target=\"_blank\" rel=\"noreferrer noopener\">gyllene cirkeln<\/a>, en av Islands mest k\u00e4nda resv\u00e4gar, erbjuder en unik vinterupplevelse. Vi blev f\u00f6rbluffade \u00f6ver de vackra sn\u00f6t\u00e4ckta landskapen och gejsrarnas magi i vinterljuset. Att bo i denna region inneb\u00e4r att du kan f\u00e5 ut det mesta av ikoniska platser som Thingvellir, Geysir och Gullfoss.<\/p>\n\n<figure class=\"wp-block-image size-large\"><img decoding=\"async\" src=\"https:\/\/photos.smugmug.com\/Iceland\/Winter\/Golden-Circle\/Haukadalur\/i-kZMrQjX\/1\/FKv3tFTk3NkLRmL5Mx7C8Kh2Mbv2G7cFznN46Tfk\/L\/Strokkur_Geyser_Haukadalur_Iceland-1634-L.jpg\" alt=\"Gejser\"\/><\/figure>\n\n<p>Boendet, som ofta \u00e4r omgivet av natur, erbjuder total uppslukning av det isl\u00e4ndska landskapet.<br\/>Du kan hitta en sm\u00e5stadsanda i Fludir, eller bege dig till Selfoss f\u00f6r mycket fler alternativ, staden mellan den gyllene cirkeln och sydkusten.<\/p>\n\n<p>V\u00e5rt favorithotell: <strong>The Hill Hotel at Fludir<\/strong> &#8211; <a href=\"https:\/\/www.booking.com\/hotel\/is\/fludir.html?aid=2421273\" target=\"_blank\" rel=\"noreferrer noopener sponsored nofollow\">Se foton och tillg\u00e4nglighet<\/a><\/p>\n\n<p><a href=\"https:\/\/www.booking.com\/searchresults.en.html?region=14974&amp;nflt=review_score%253D90%253Breview_score%253D80&amp;aid=2421273&amp;no_rooms=1&amp;group_adults=2\" target=\"_blank\" rel=\"noreferrer noopener sponsored nofollow\"><strong>Se det h\u00f6gst rankade boendet p\u00e5 Cercle d&#8217;Or.<\/strong><\/a><\/p>\n\n<figure class=\"wp-block-image size-large\"><img decoding=\"async\" src=\"https:\/\/photos.smugmug.com\/Iceland\/Winter\/Golden-Circle\/Hotel-Fludir\/i-HHk4Hhc\/1\/Kvg4hxTQKMMW4cPCsD87VnQZqkXNvJK8gRrfkWbB5\/L\/hotel_Fludir_Iceland-3525-L.jpg\" alt=\"Hotell Fludir\"\/><\/figure>\n\n<h3 class=\"wp-block-heading\">Snaefellsnes-halv\u00f6n<\/h3>\n\n<p><a href=\"https:\/\/iceland-lovers.com\/sv\/sevardheter-snaefellsnes-vinter\/\" target=\"_blank\" rel=\"noreferrer noopener\">Snaefellsnes-halv\u00f6n<\/a> \u00e4r en av v\u00e5ra favoritregioner p\u00e5 Island, \u00e4ven p\u00e5 vintern.<br\/>Landskapet \u00e4r inte lika imponerande som p\u00e5 sydkusten eller i Gyllene cirkeln, men atmosf\u00e4ren \u00e4r enligt v\u00e5r mening mer magisk med str\u00e4nder, fjordar, vulkaner och lavaf\u00e4lt.<\/p>\n\n<p>Bland de viktigaste sev\u00e4rdheterna:<\/p>\n\n<ul class=\"wp-block-list\">\n<li>Fj\u00e4llet Kirfkjufell och dess vattenfall<\/li>\n\n\n\n<li>Lavaklipporna i Arnarstapi och Londrangar<\/li>\n\n\n\n<li>Den svarta kyrkan i Budakirkja \u00e4r \u00e4nnu mer \u00f6verraskande n\u00e4r den omges av vit sn\u00f6.<\/li>\n\n\n\n<li>Saxholls krater<\/li>\n<\/ul>\n\n<figure class=\"wp-block-image size-large\"><img decoding=\"async\" src=\"https:\/\/photos.smugmug.com\/Iceland\/Winter\/Snaefellsnes\/Londrangar\/i-rHghF5x\/1\/djHKWwvcdfKcdzpBzjksPQc844zBQcD63j6cxCpF\/L\/Londrangar_Iceland-4220-L.jpg\" alt=\"Londrangar\"\/><\/figure>\n\n<p>Oavsett om det \u00e4r sommar eller vinter \u00e4r platserna att bo p\u00e5 liknande, \u00e4ven om inte alla B&amp;B och pensionat \u00e4r \u00f6ppna.<br\/>De tv\u00e5 huvudalternativen \u00e4r:<\/p>\n\n<ul class=\"wp-block-list\">\n<li>Borgarnes, in\u00e5t landet vid korsningen mellan Route 1 och tillfartsv\u00e4gen till Snaefellsnes<\/li>\n\n\n\n<li>Grundarfjordur f\u00f6r att vara precis intill Kirkjufell och beundra norrskenet med lite tur.<\/li>\n<\/ul>\n\n<p>V\u00e5r favorit: <strong>Hotel Hamar i Borganes<\/strong> &#8211; <a href=\"https:\/\/www.booking.com\/hotel\/is\/hamar.html?aid=2421273\" target=\"_blank\" rel=\"noreferrer noopener\">Se foton och tillg\u00e4nglighet<\/a><\/p>\n\n<p><a href=\"https:\/\/www.booking.com\/searchresults.en.html?region=2742&amp;nflt=review_score%253D90%253Breview_score%253D80&amp;aid=2421273&amp;no_rooms=1&amp;group_adults=2\" target=\"_blank\" rel=\"noreferrer noopener sponsored nofollow\"><strong>Se det b\u00e4st rankade boendet p\u00e5 Snaefellsnes-halv\u00f6n<\/strong><\/a><\/p>\n\n<p>Se v\u00e5r artikel om <a href=\"https:\/\/iceland-lovers.com\/sv\/var-kan-bo-snaefellsnes-halvon-basta-hotellen\/\" target=\"_blank\" rel=\"noreferrer noopener\">var du kan bo p\u00e5 Snaefellsnes-halv\u00f6n<\/a>.<\/p>\n\n<figure class=\"wp-block-image size-large\"><img decoding=\"async\" src=\"https:\/\/photos.smugmug.com\/Iceland\/Winter\/Snaefellsnes\/Borgarnes\/i-QM7ZL68\/1\/CGcSzFJNxwP78wzn9g6mDSX4TKcQRVKmjhCKP7N2x\/L\/Borgarnes_Iceland-4142-L.jpg\" alt=\"\"\/><\/figure>\n\n<h3 class=\"wp-block-heading\">\u00d6stra fjordarna<\/h3>\n\n<p><a href=\"https:\/\/iceland-lovers.com\/sv\/island-ostra-fjordarna-vinter-sevardheter\/\" target=\"_blank\" rel=\"noreferrer noopener\">Islands \u00f6stra fjordar<\/a> \u00e4r mer av en transitregion. Det \u00e4r en enkel 1-dagars bilresa fr\u00e5n fjord till fjord.<br\/>Det \u00e4r h\u00e4r du har st\u00f6rst chans att f\u00e5 se renar och du kan njuta av traditionella fiskebyar.<\/p>\n\n<figure class=\"wp-block-image size-large\"><img decoding=\"async\" src=\"https:\/\/photos.smugmug.com\/Iceland\/Winter\/East-Fjords\/D-Berufjordur\/i-7rhTkCT\/1\/FRkVTPjVWfF24Mvf3xVRL3NddF8zp3rJShVd3XF2t\/L\/Djupivogur_Iceland-3200-L.jpg\" alt=\"&#xD6;stra fjordarna\"\/><\/figure>\n\n<p>Egilsstadir, huvudorten p\u00e5 \u00f6stra Island, \u00e4r ett strategiskt stopp om du reser runt p\u00e5 Island via Route 1. Det \u00e4r en idealisk plats att avsluta dagen p\u00e5 efter att ha utforskat de \u00f6stra fjordarna. P\u00e5 vintern erbjuder staden en bekv\u00e4m och v\u00e4lutrustad tillflyktsort med sina m\u00e5nga tj\u00e4nster och bekv\u00e4mligheter. Egilsstadir \u00e4r omgivet av en m\u00e4ngd olika landskap, fr\u00e5n skogar (s\u00e4llsynta p\u00e5 Island) till frusna sj\u00f6ar.<\/p>\n\n<p>V\u00e5r favorit: <strong>Gistihusid &#8211; Lake Hotel Egilsstadir<\/strong> &#8211; <a href=\"https:\/\/www.booking.com\/hotel\/is\/guesthouse-egilsstadir.html?aid=2421273\" target=\"_blank\" rel=\"noreferrer noopener sponsored nofollow\">Se foton och tillg\u00e4nglighet<\/a><\/p>\n\n<p><a href=\"https:\/\/www.booking.com\/searchresults.en.html?city=900039648&amp;nflt=review_score%253D90%253Breview_score%253D80&amp;aid=2421273&amp;no_rooms=1&amp;group_adults=2\" target=\"_blank\" rel=\"noreferrer noopener sponsored nofollow\"><strong>Se de boenden som har h\u00f6gst betyg i Egilsstadir.<\/strong><\/a><\/p>\n\n<figure class=\"wp-block-image size-large\"><img decoding=\"async\" src=\"https:\/\/photos.smugmug.com\/Iceland\/Winter\/East-Fjords\/G-Stodvarfjordur\/i-XSQJsB6\/1\/7cwH53WNk7DwMcmMTrZ9nW2rVVh2TfXGKKFGZCwM\/L\/Stodvarfjordur_Iceland-3365-L.jpg\" alt=\"Stodvarfjordur\"\/><\/figure>\n\n<h3 class=\"wp-block-heading\">Sj\u00f6n Myvatn<\/h3>\n\n<p>Regionen kring <a href=\"https:\/\/iceland-lovers.com\/sv\/sjon-myvatn-vinter-sevardheter\/\" target=\"_blank\" rel=\"noreferrer noopener\">sj\u00f6n Myvatn<\/a> erbjuder ett unikt svartvitt mellanspel under den isl\u00e4ndska vintern. Vi f\u00e4ngslades av m\u00e5nlandskapet och de vulkaniska formationerna som omger denna grunda sj\u00f6. P\u00e5 vintern skapar den geotermiska zonen Hverir, med sina fumaroler och bubblande lerp\u00f6lar, en sl\u00e5ende kontrast till den omgivande sn\u00f6n. Att bo n\u00e4ra sj\u00f6n Myvatn inneb\u00e4r att du kan utforska pseudokratrarna i Skutustadagir och lavaformationerna i <a href=\"https:\/\/iceland-lovers.com\/sv\/dimmuborgir-vinter\/\" target=\"_blank\" rel=\"noreferrer noopener\">Dimmuborgir<\/a> i din egen takt och koppla av i de naturliga baden.<\/p>\n\n<figure class=\"wp-block-image size-large\"><img decoding=\"async\" src=\"https:\/\/photos.smugmug.com\/Iceland\/Winter\/North-Iceland\/Myvatn\/Skutustadagigar\/i-wjtBxKb\/1\/MWW7P8GLVLX8LqqFCMLbqvgMp4k6fkgDpHXdQtBLr\/L\/pseudocraters_Skutustadagigar_Iceland-4168-L.jpg\" alt=\"Pseudokrater vid sj&#xF6;n Myvatn\"\/><\/figure>\n\n<p>Huvudorten \u00e4r Reykjalid men det finns boende runt hela sj\u00f6n (inte alla \u00e4r \u00f6ppna p\u00e5 vintern).<\/p>\n\n<p>V\u00e5r favorit: <strong>Fosshotel Myvatn<\/strong> &#8211; <a href=\"https:\/\/www.booking.com\/hotel\/is\/fosshotel-myvatn.html?aid=2421273\" target=\"_blank\" rel=\"noreferrer noopener\">Se foton och tillg\u00e4nglighet<\/a><\/p>\n\n<p><a href=\"https:\/\/www.booking.com\/searchresults.en.html?region=13636&amp;nflt=review_score%253D90%253Breview_score%253D80&amp;aid=2421273&amp;no_rooms=1&amp;group_adults=2\" target=\"_blank\" rel=\"noreferrer noopener sponsored nofollow\"><strong>Se de boenden som har f\u00e5tt b\u00e4st betyg runt Myvatnsj\u00f6n.<\/strong><\/a><\/p>\n\n<figure class=\"wp-block-image size-large\"><img decoding=\"async\" src=\"https:\/\/photos.smugmug.com\/Iceland\/Winter\/North-Iceland\/Myvatn\/Lake-Myvatn-area\/i-84g8TTK\/1\/MtRSHnF3zSqJxpjgQk2ZPv4RkmRntkCBQXZCTdnJ3\/L\/Myvatn_Iceland-4262-L.jpg\" alt=\"Reykjalid\"\/><\/figure>\n\n<h3 class=\"wp-block-heading\">Akureyri, huvudstad i norra delen av landet:<\/h3>\n\n<p>Norra Island erbjuder en unik och autentisk vinterupplevelse, \u00e4ven om f\u00f6rh\u00e5llandena \u00e4r mer extrema \u00e4n i s\u00f6der:<\/p>\n\n<ul class=\"wp-block-list\">\n<li>Den st\u00f6rsta staden i norr (ca 20.000 inv\u00e5nare)<\/li>\n\n\n\n<li>Idealisk utg\u00e5ngspunkt f\u00f6r att utforska regionen<\/li>\n\n\n\n<li>Skidorten Hl\u00ed\u00f0arfjall \u00e4r k\u00e4nd f\u00f6r sina utm\u00e4rkta f\u00f6rh\u00e5llanden<\/li>\n\n\n\n<li>Direktflyg fr\u00e5n Reykjavik f\u00f6r att undvika vinterk\u00f6rning<\/li>\n<\/ul>\n\n<p>S\u00e4rskilda verksamheter :<\/p>\n\n<ul class=\"wp-block-list\">\n<li>Skid\u00e5kning och snowboard\u00e5kning p\u00e5 Hl\u00ed\u00f0arfjall<\/li>\n\n\n\n<li>M\u00fdvatns geotermiska bad<\/li>\n\n\n\n<li>Valsk\u00e5dning fr\u00e5n H\u00fasav\u00edk (m\u00f6jligt \u00e4ven p\u00e5 vintern)<\/li>\n\n\n\n<li>Vandring med sn\u00f6skor<\/li>\n\n\n\n<li>Utflykter med sn\u00f6skoter<\/li>\n<\/ul>\n\n<figure class=\"wp-block-image size-large\"><img decoding=\"async\" src=\"https:\/\/photos.smugmug.com\/Iceland\/Winter\/North-Iceland\/Akureyri\/Akureyri\/i-gqcNHbv\/1\/MdWqqDKSK2jgwWjvHQKr9KVTqc7JSs8P4r49NQxzQ\/L\/Akureyri_Iceland-4397-L.jpg\" alt=\"Akureyri p&#xE5; vintern\"\/><\/figure>\n\n<p>I Akureyri hittar du ett brett utbud av boende, inklusive hotell, l\u00e4genhetshotell och uthyrning. Eftersom staden ligger vid en fjord kan boende utanf\u00f6r centrum erbjuda of\u00f6rgl\u00f6mliga vyer.<\/p>\n\n<p>V\u00e5r favorit: <strong>Akureyri Berjaya<\/strong> &#8211; <a href=\"https:\/\/www.booking.com\/hotel\/is\/icelandairhotel-akureyri.html?aid=2421273\" target=\"_blank\" rel=\"noreferrer noopener sponsored nofollow\">Se foton och tillg\u00e4nglighet<\/a><\/p>\n\n<p><a href=\"https:\/\/www.booking.com\/searchresults.en.html?city=-2641271&amp;nflt=review_score%253D90%253Breview_score%253D80&amp;aid=2421273&amp;no_rooms=1&amp;group_adults=2\" target=\"_blank\" rel=\"noreferrer noopener sponsored nofollow\"><strong>Se de boenden i Akureyri som har h\u00f6gst betyg.<\/strong><\/a><\/p>\n\n<figure class=\"wp-block-image size-large\"><img decoding=\"async\" src=\"https:\/\/photos.smugmug.com\/Iceland\/Winter\/North-Iceland\/Akureyri\/Hotel\/i-2Sd8MTm\/1\/NT68WL5fB2WzSLd6PFWKRFT6V7rwkmRTMMHrJPMtr\/L\/accommodation_Akureyri_Iceland-4042-L.jpg\" alt=\"Akureyri Berjaya\"\/><\/figure>\n\n<h3 class=\"wp-block-heading\">V\u00e4stfjordarna och H\u00f6glandet p\u00e5 vintern  <\/h3>\n\n<p>Dessa spektakul\u00e4ra regioner blir i stort sett otillg\u00e4ngliga p\u00e5 vintern. V\u00e4garna \u00e4r ofta avst\u00e4ngda p\u00e5 grund av extrema v\u00e4derf\u00f6rh\u00e5llanden och kraftigt sn\u00f6fall.  <\/p>\n\n<h2 class=\"wp-block-heading\"><span class=\"ez-toc-section\" id=\"Vad_man_ska_ha_pa_sig_pa_Island_pa_vintern\"><\/span>Vad man ska ha p\u00e5 sig p\u00e5 Island p\u00e5 vintern<span class=\"ez-toc-section-end\"><\/span><\/h2>\n\n<p>P\u00e5 Island p\u00e5 vintern \u00e4r valet av kl\u00e4der avg\u00f6rande f\u00f6r att f\u00e5 ut det mesta av din vistelse. Principen med tre lager \u00e4r mycket viktig:<\/p>\n\n<ul class=\"wp-block-list\">\n<li><strong>F\u00f6rsta lagret<\/strong> (mot huden) :\n<ul class=\"wp-block-list\">\n<li>Termounderkl\u00e4der i merinoull eller syntetiska material<\/li>\n\n\n\n<li>Undvik bomull, som beh\u00e5ller fukt<\/li>\n<\/ul>\n<\/li>\n\n\n\n<li><strong>Mellanskikt<\/strong> (isolering) :\n<ul class=\"wp-block-list\">\n<li>Tr\u00f6ja i ull eller fleece<\/li>\n\n\n\n<li>Varma skidbyxor<\/li>\n<\/ul>\n<\/li>\n\n\n\n<li><strong>Yttre lager<\/strong> (skydd) :\n<ul class=\"wp-block-list\">\n<li>Vatten- och vindt\u00e4t jacka med huva<\/li>\n\n\n\n<li>Vattent\u00e4ta skid- eller vandringsbyxor<\/li>\n<\/ul>\n<\/li>\n<\/ul>\n\n<figure class=\"wp-block-image size-large\"><img decoding=\"async\" src=\"https:\/\/photos.smugmug.com\/Iceland\/Winter\/Silver-Circle\/Ice-Tunnel\/i-F3kMD96\/1\/LxpH5p6s5dHHBSMzwLGBRZV2wRGgNxJZ7zsg4drsG\/L\/into_the_Glacier_ice_Tunnel_Iceland-4342-L.jpg\" alt=\"varma kl&#xE4;der i en isgrotta\"\/><\/figure>\n\n<p><strong>Viktiga tillbeh\u00f6r:<\/strong><\/p>\n\n<ul class=\"wp-block-list\">\n<li>Varm m\u00f6ssa<\/li>\n\n\n\n<li>Halsduk eller choker<\/li>\n\n\n\n<li>Vattent\u00e4ta handskar<\/li>\n\n\n\n<li>Termiska strumpor<\/li>\n\n\n\n<li>Vattent\u00e4ta och halkfria st\u00f6vlar<\/li>\n\n\n\n<li>Stegj\u00e4rn att f\u00e4sta p\u00e5 skorna<\/li>\n<\/ul>\n\n<p>Se v\u00e5r fullst\u00e4ndiga artikel om <a href=\"https:\/\/iceland-lovers.com\/sv\/ska-man-ta-med-sig-island-vintern-kompletta-guide\/\" target=\"_blank\" rel=\"noreferrer noopener sponsored nofollow\">vad du ska ta med dig till Island p\u00e5 vintern.<\/a><\/p>\n\n<figure class=\"wp-block-image size-large\"><img decoding=\"async\" src=\"https:\/\/photos.smugmug.com\/Iceland\/Winter\/Various\/i-qHCWjGg\/1\/MQTLHFscbRtVh5XWrRbVxVf55Fjhx2dS5htbxV9Wt\/L\/IMG_3556-L.jpg\" alt=\"dubbar  \"\/><\/figure>\n\n<h2 class=\"wp-block-heading\"><span class=\"ez-toc-section\" id=\"Vintersakerhet_pa_Island\"><\/span>Vinters\u00e4kerhet p\u00e5 Island<span class=\"ez-toc-section-end\"><\/span><\/h2>\n\n<h3 class=\"wp-block-heading\">V\u00e4derf\u00f6rh\u00e5llanden<\/h3>\n\n<p>V\u00e4dret kan v\u00e4xla snabbt p\u00e5 Island. H\u00e4r \u00e4r de viktigaste f\u00f6rsiktighets\u00e5tg\u00e4rderna:<\/p>\n\n<ul class=\"wp-block-list\">\n<li>Kolla v\u00e4dret varje dag p\u00e5 <a href=\"https:\/\/vedur.is\/\" target=\"_blank\" rel=\"noreferrer noopener nofollow\">vedur.is<\/a><\/li>\n\n\n\n<li>Den st\u00f6rsta faran \u00e4r inte n\u00f6dv\u00e4ndigtvis sn\u00f6n, utan vinden!<\/li>\n\n\n\n<li>F\u00f6lj Islands v\u00e4dervarningssystem:\n<ul class=\"wp-block-list\">\n<li>Gul: sv\u00e5ra f\u00f6rh\u00e5llanden<\/li>\n\n\n\n<li>Orange: potentiell fara<\/li>\n\n\n\n<li>R\u00f6d: extrem fara<\/li>\n<\/ul>\n<\/li>\n\n\n\n<li>Ladda ner 112 Islands n\u00f6dapplikation<\/li>\n\n\n\n<li>I en n\u00f6dsituation, ring 112<\/li>\n<\/ul>\n\n<figure class=\"wp-block-image size-large\"><img decoding=\"async\" src=\"https:\/\/photos.smugmug.com\/Iceland\/Winter\/Driving\/i-ctwh8HM\/1\/MHSh78Dm6pgZcGWNBvxjwz8xVTQdsTx7LdkVF5Vrd\/L\/driving_Iceland-1902-L.jpg\" alt=\"v&#xE4;gen f&#xF6;rsvinner under sn&#xF6;n\"\/><\/figure>\n\n<h3 class=\"wp-block-heading\">K\u00f6rning p\u00e5 vintern<\/h3>\n\n<ul class=\"wp-block-list\">\n<li>Ha den alltid med dig i bilen:\n<ul class=\"wp-block-list\">\n<li>Omslag<\/li>\n\n\n\n<li>Mat och vatten<\/li>\n\n\n\n<li>Fackla<\/li>\n\n\n\n<li>F\u00f6rsta hj\u00e4lpen-kit<\/li>\n\n\n\n<li>Laddad mobiltelefon<\/li>\n<\/ul>\n<\/li>\n\n\n\n<li>Stanna aldrig p\u00e5 v\u00e4gen till fotografering<\/li>\n\n\n\n<li>Respektera avst\u00e4ngda v\u00e4gar<\/li>\n<\/ul>\n\n<p><a href=\"https:\/\/iceland-lovers.com\/sv\/korning-island-vinter-tips\/\" target=\"_blank\" rel=\"noreferrer noopener\">Och l\u00e4s v\u00e5r artikel om vinterk\u00f6rning!<\/a><\/p>\n\n<h3 class=\"wp-block-heading\">Vatten<\/h3>\n\n<p>Kranvattnet p\u00e5 Island \u00e4r ett av de renaste i v\u00e4rlden och g\u00e5r utm\u00e4rkt att dricka. Den kommer direkt fr\u00e5n glaci\u00e4rk\u00e4llor och naturliga akviferer. Varmvatten kan ha en svag svavellukt p\u00e5 grund av sitt geotermiska ursprung, men den \u00e4r helt ofarlig.<\/p>\n\n<figure class=\"wp-block-image size-large\"><img decoding=\"async\" src=\"https:\/\/photos.smugmug.com\/Iceland\/Winter\/Driving\/i-WsJm3rt\/1\/Nc4dvnbjhNZmPnwkBPBGsmNqrfTKqbQDWM4HdNpqk\/L\/Drive_Road_1_Iceland-4567-L.jpg\" alt=\"Sol och sn&#xF6; p&#xE5; &#xF6;n p&#xE5; vintern\"\/><\/figure>\n\n<h2 class=\"wp-block-heading\"><span class=\"ez-toc-section\" id=\"Sa_ser_du_norrskenet_Borealis\"><\/span>S\u00e5 ser du norrskenet Borealis<span class=\"ez-toc-section-end\"><\/span><\/h2>\n\n<p>F\u00f6r att beundra norrskenet \u00e4r vintern den b\u00e4sta tiden att bes\u00f6ka Island. De l\u00e5nga, m\u00f6rka n\u00e4tterna ger perfekta f\u00f6ruts\u00e4ttningar f\u00f6r att observera detta unika himlask\u00e5despel. Men ingenting \u00e4r garanterat!<br\/>F\u00f6r b\u00e4sta chans beh\u00f6ver du klar himmel och h\u00f6g solaktivitet 18 timmar i f\u00f6rv\u00e4g.<br\/>Du m\u00e5ste ocks\u00e5 h\u00e5lla dig s\u00e5 l\u00e5ngt borta fr\u00e5n ljusk\u00e4llor som m\u00f6jligt.<br\/>M\u00e5nga hotell erbjuder v\u00e4ckning i h\u00e4ndelse av synlig gryning, s\u00e5 att du inte missar n\u00e5got.  <\/p>\n\n<p>Se de <a href=\"https:\/\/www.getyourguide.se\/s\/?q=Iceland+northern+lights&amp;searchSource=3&amp;partner_id=R3GYW4V&amp;cmp=iceland\" target=\"_blank\" rel=\"noreferrer noopener\">olika alternativen f\u00f6r tornet<\/a><\/p>\n\n<figure class=\"wp-block-image size-large\"><img decoding=\"async\" src=\"https:\/\/photos.smugmug.com\/Iceland\/Winter\/Northern-lights\/i-ZHvptgS\/0\/MXL2WdMKBHHwLvdrXXSJR4QRjV7j6SrGS5t6SSJXq\/L\/northern-lights-iceland-winter-L.jpg\" alt=\"norrsken\"\/><\/figure>\n\n<h2 class=\"wp-block-heading\"><span class=\"ez-toc-section\" id=\"Islandskt_djurliv_pa_vintern\"><\/span>Isl\u00e4ndskt djurliv p\u00e5 vintern<span class=\"ez-toc-section-end\"><\/span><\/h2>\n\n<p>Den isl\u00e4ndska vintern erbjuder unika m\u00f6jligheter att observera vilda djur som \u00e4r anpassade till de extrema f\u00f6rh\u00e5llandena:<\/p>\n\n<h3 class=\"wp-block-heading\">Fj\u00e4llr\u00e4var  <\/h3>\n\n<p>Fj\u00e4llr\u00e4ven \u00e4r det enda landlevande d\u00e4ggdjur som finns p\u00e5 Island och den byter f\u00e4rg p\u00e5 vintern till en vit p\u00e4ls som g\u00f6r att den sm\u00e4lter in i sn\u00f6n. Sv\u00e5rt att uppt\u00e4cka men fascinerande att observera. Vi s\u00e5g en som korsade v\u00e4gen, men hade inte tid att ta ett foto. Den f\u00f6rsvann snabbt in i den vita sn\u00f6n!<\/p>\n\n<h3 class=\"wp-block-heading\">Renar<\/h3>\n\n<p>De ses fr\u00e4mst p\u00e5 \u00f6stra Island och kommer ner fr\u00e5n h\u00f6glandet p\u00e5 vintern f\u00f6r att leta efter mat. De introducerades p\u00e5 1700-talet och har anpassat sig perfekt till det isl\u00e4ndska klimatet. Vi hade turen att f\u00e5 se en hel del p\u00e5 v\u00e4gkanten!<\/p>\n\n<figure class=\"wp-block-image size-large\"><img decoding=\"async\" src=\"https:\/\/photos.smugmug.com\/Iceland\/Winter\/East-Fjords\/C-up-to-Djupivogur\/i-XxRnGvL\/1\/CqpQMFTSxp3RCswFbC8WVLWBDwSP4RhCMgHr3hjCr\/L\/reindeer_east_Fjords_Iceland-2-17-L.jpg\" alt=\"renar p&#xE5; Island p&#xE5; vintern\"\/><\/figure>\n\n<h3 class=\"wp-block-heading\">Valar och marint liv  <\/h3>\n\n<p>Vintern \u00e4r en bra tid f\u00f6r att se vitn\u00e4bbade delfiner och tumlare. Om du har tur kan du till och med f\u00e5 en skymt av kn\u00f6lvalarna som finns kvar i de isl\u00e4ndska vattnen.<br\/><a href=\"https:\/\/www.getyourguide.se\/s\/?q=Baleines%20islande&amp;customerSearch=true&amp;partner_id=R3GYW4V&amp;cmp=iceland\" target=\"_blank\" rel=\"noreferrer noopener sponsored nofollow\">Se utflyktsalternativ<\/a><\/p>\n\n<h3 class=\"wp-block-heading\">Den isl\u00e4ndska h\u00e4sten  <\/h3>\n\n<p>Denna unika ras utvecklar en tjock vinterp\u00e4ls som g\u00f6r att den kan vistas utomhus \u00e5ret runt. Du kan titta p\u00e5 dem p\u00e5 de sn\u00f6t\u00e4ckta f\u00e4lten och till och med rida p\u00e5 vintern.<\/p>\n\n<p>Oavsett om du tittar p\u00e5 dem eller rider p\u00e5 dem erbjuder islandsh\u00e4star en autentisk och minnesv\u00e4rd upplevelse. &#8211; <a href=\"https:\/\/www.getyourguide.se\/s\/?q=chevaux%20islande&amp;customerSearch=true&amp;p=1&amp;partner_id=R3GYW4V&amp;cmp=iceland\" target=\"_blank\" rel=\"noreferrer noopener sponsored nofollow\">Visa alternativ och boka<\/a><\/p>\n\n<figure class=\"wp-block-image size-large\"><img decoding=\"async\" src=\"https:\/\/photos.smugmug.com\/Iceland\/Winter\/Golden-Circle\/Drive\/i-xXzq5mM\/1\/CqBHzGbFPhd55j2vmJN9xCnQJ8RRNdmvhnhLbnLcn\/L\/horses_Iceland-3494-L.jpg\" alt=\"Islandsh&#xE4;star\"\/><\/figure>\n\n<h3 class=\"wp-block-heading\">Lunnef\u00e5geln<\/h3>\n\n<p>Du kommer inte att se n\u00e5gra lunnef\u00e5glar p\u00e5 vintern. Under den h\u00e4r s\u00e4songen h\u00e5ller de sig huvudsakligen till havs. De \u00e5terv\u00e4nder bara till stranden p\u00e5 v\u00e5ren f\u00f6r att h\u00e4cka.<\/p>\n\n<h2 class=\"wp-block-heading\"><span class=\"ez-toc-section\" id=\"Julfirande\"><\/span>Julfirande<span class=\"ez-toc-section-end\"><\/span><\/h2>\n\n<h3 class=\"wp-block-heading\">Jul p\u00e5 Island<\/h3>\n\n<p>De isl\u00e4ndska jultraditionerna \u00e4r unika och str\u00e4cker sig \u00f6ver flera veckor. Det \u00e4r en kulturupplevelse som vi rekommenderar.<br\/>De 13 &#8221;Yule Lads&#8221; \u00e4r folkloristiska figurer som bes\u00f6ker barn 13 n\u00e4tter f\u00f6re jul och l\u00e4mnar sm\u00e5 g\u00e5vor i skor som placeras p\u00e5 f\u00f6nsterbr\u00e4dor. Deras mamma, Gryla, \u00e4r ett skr\u00e4mmande troll. Enligt legenden \u00e4ter den olydiga barn.  <\/p>\n\n<h3 class=\"wp-block-heading\">Nytt \u00e5r<\/h3>\n\n<p>Islands ny\u00e5rsafton \u00e4r mycket festlig.  <br\/>Till skillnad fr\u00e5n i andra l\u00e4nder kan privatpersoner k\u00f6pa och avfyra sina egna fyrverkerier, vilket skapar en landsomfattande pyroteknisk extravaganza.  <br\/>Kv\u00e4llen inleds traditionellt med gemensamma &#8221;brennur&#8221; (brasor) och vid midnatt lyser himlen upp av fyrverkerier \u00f6ver hela landet.<\/p>\n\n<h2 class=\"wp-block-heading\"><span class=\"ez-toc-section\" id=\"Praktiska_aspekter\"><\/span>Praktiska aspekter<span class=\"ez-toc-section-end\"><\/span><\/h2>\n\n<p>Island \u00e4r ett dyrt resm\u00e5l, s\u00e4rskilt p\u00e5 vintern, d\u00e5 viss utrustning \u00e4r n\u00f6dv\u00e4ndig. H\u00e4r \u00e4r vad du beh\u00f6ver veta:<\/p>\n\n<ul class=\"wp-block-list\">\n<li><strong>Valuta<\/strong>: isl\u00e4ndska kronor (ISK), men bankkort accepteras \u00f6verallt<\/li>\n\n\n\n<li><strong>Elektricitet<\/strong>: 230V europeiska uttag (typ C och F)<\/li>\n\n\n\n<li><strong>Internet<\/strong>: Wifi \u00e4r allm\u00e4nt tillg\u00e4ngligt, men kom ih\u00e5g att ta ett lokalt alternativ f\u00f6r att komma \u00e5t Internet mellan st\u00e4derna.<\/li>\n\n\n\n<li><strong>Spr\u00e5k<\/strong>: Engelska talas allm\u00e4nt<\/li>\n\n\n\n<li><strong>Butikernas \u00f6ppettider<\/strong>:\n<ul class=\"wp-block-list\">\n<li>Stormarknader: i allm\u00e4nhet 10.00-7.00<\/li>\n\n\n\n<li>Restauranger: kl. 11.30-22.00<\/li>\n\n\n\n<li>F\u00f6rkortade \u00f6ppettider under julhelgen<\/li>\n<\/ul>\n<\/li>\n<\/ul>\n\n<figure class=\"wp-block-image size-large\"><img decoding=\"async\" src=\"https:\/\/photos.smugmug.com\/Iceland\/Winter\/Driving\/i-W6CB3hq\/1\/LQQZgcJfsdd5m2sJxHfHvJWJPZ4kmdfwCbNZkX2Dw\/L\/Drive_Road_1_Iceland-4531-L.jpg\" alt=\"Bensinstation p&#xE5; vintern p&#xE5; Island\"\/><\/figure>\n\n<h2 class=\"wp-block-heading\"><span class=\"ez-toc-section\" id=\"Vanliga_fragor_om_Island_pa_vintern\"><\/span>Vanliga fr\u00e5gor om Island p\u00e5 vintern<span class=\"ez-toc-section-end\"><\/span><\/h2>\n\n<h3 class=\"wp-block-heading\">\u00c4r Island helt m\u00f6rkt p\u00e5 vintern?<\/h3>\n\n<p>Nej, \u00e4ven under den kortaste tiden p\u00e5 \u00e5ret (21 december) har Reykjavik cirka 4 timmars dagsljus. I november och mars har du mellan 8 och 10 timmars dagsljus.<\/p>\n\n<h3 class=\"wp-block-heading\">\u00c4r det m\u00f6jligt att campa p\u00e5 vintern?<\/h3>\n\n<p>\u00c4ven om det \u00e4r m\u00f6jligt rekommenderas inte camping p\u00e5 vintern. De flesta campingplatser \u00e4r st\u00e4ngda och v\u00e4derf\u00f6rh\u00e5llandena kan vara extrema. V\u00e4lj ett bra boende.<\/p>\n\n<h3 class=\"wp-block-heading\">Kan du se norrsken varje natt?<\/h3>\n\n<p>Nej, observationer av norrsken beror p\u00e5 flera faktorer: solaktivitet, molnt\u00e4cke och m\u00f6rker. De b\u00e4sta f\u00f6rh\u00e5llandena \u00e4r en Claire, kall natt, bort fr\u00e5n stadens ljus.<\/p>\n\n<h3 class=\"wp-block-heading\">\u00c4r alla attraktioner tillg\u00e4ngliga p\u00e5 vintern p\u00e5 Island?<\/h3>\n\n<p>Vissa attraktioner kan vara tillf\u00e4lligt otillg\u00e4ngliga p\u00e5 grund av ogynnsamma v\u00e4derf\u00f6rh\u00e5llanden eller st\u00e4ngda f\u00f6r s\u00e4songen. M\u00e5nga popul\u00e4ra platser, som den gyllene cirkeln, \u00e4r dock fortfarande \u00f6ppna. Detta g\u00e4ller s\u00e4rskilt f\u00f6r platser l\u00e4ngs Islands s\u00f6dra kust, d\u00e4r v\u00e4dret i allm\u00e4nhet \u00e4r mildare.<\/p>\n\n<h3 class=\"wp-block-heading\">Basera dig i Reykjavik eller ge dig ut p\u00e5 en roadtrip?<\/h3>\n\n<p>V\u00e5r rekommendation \u00e4r att \u00e5ka p\u00e5 en roadtrip f\u00f6r att verkligen njuta av detta exceptionella land. Men vi f\u00f6rst\u00e5r att stressen att k\u00f6ra p\u00e5 vintern \u00e4r verklig, och i det h\u00e4r fallet inneb\u00e4r det att g\u00f6ra utflykter fr\u00e5n Reykjavik att du redan kan se m\u00e5nga \u00f6verd\u00e5diga platser.<\/p>\n\n<div style=\"margin-top:8%;margin-bottom:8%\" class=\"wp-block-genesis-blocks-gb-container box gb-block-container\"><div class=\"gb-container-inside\"><div class=\"gb-container-content\" style=\"max-width:700px\">\n<div class=\"wp-block-genesis-blocks-gb-container box_titre gb-block-container\"><div class=\"gb-container-inside\"><div class=\"gb-container-content\">\n<h5 class=\"titre_box\"><span>PLANERA<\/span> DIN RESA TILL <span class=\"titre_box_manuscrit\">Island<\/span> P\u00c5 VINTERN<\/h5>\n<\/div><\/div><\/div>\n\n\n\n<hr class=\"wp-block-separator has-text-color has-alpha-channel-opacity has-background is-style-wide hr-box-planif\" style=\"background-color:#ccd3dd;color:#ccd3dd\"\/>\n\n\n\n<div class=\"wp-block-columns box_sans_border is-layout-flex wp-container-core-columns-is-layout-9d6595d7 wp-block-columns-is-layout-flex\">\n<div class=\"wp-block-column texte_planif is-layout-flow wp-block-column-is-layout-flow\" style=\"font-size:14px;flex-basis:60%\">\n<ul class=\"wp-block-list\">\n<li><strong>B\u00e4st av<\/strong><\/li>\n<\/ul>\n\n\n\n<p class=\"ul_box\" style=\"font-size:14px\"><a href=\"https:\/\/iceland-lovers.com\/sv\/landskap-island-vinter-panorama-tips\/\" target=\"_blank\" rel=\"noreferrer noopener\">Landskap p\u00e5 Island p\u00e5 vintern<\/a><br\/><a href=\"https:\/\/iceland-lovers.com\/sv\/sevardheter-island-vintern-attraktioner\/\" target=\"_blank\" rel=\"noreferrer noopener\">Sev\u00e4rdheter p\u00e5 Island p\u00e5 vintern<\/a><br\/><a href=\"https:\/\/iceland-lovers.com\/sv\/vattenfall-island-vinter\/\" target=\"_blank\" rel=\"noreferrer noopener\">De vackraste vattenfallen<\/a><br\/><a href=\"https:\/\/iceland-lovers.com\/sv\/basta-turerna-grottles-is-island\/\" target=\"_blank\" rel=\"noreferrer noopener\">Isgrottor<\/a><br\/><a href=\"https:\/\/iceland-lovers.com\/sv\/basta-utflykter-fran-reykjavik-vintern\/\" target=\"_blank\" rel=\"noreferrer noopener\">B\u00e4sta utflykterna fr\u00e5n Reykjavik<\/a><\/p>\n<\/div>\n\n\n\n<div class=\"wp-block-column is-vertically-aligned-top planif-radius is-layout-flow wp-block-column-is-layout-flow\" style=\"flex-basis:40%\">\n<figure class=\"wp-block-image size-large img-portrait\"><img decoding=\"async\" src=\"https:\/\/photos.smugmug.com\/Iceland\/Winter\/Snaefellsnes\/Arnarstapi\/i-NFX9vCN\/1\/FdwFVJfh4wdx6pTCBdg5vVLNBJf4xph6CrQjkvWvp\/S\/Arnarstapi_Iceland-5203-S.jpg\" alt=\"Island p&#xE5; vintern\" title=\"\"\/><\/figure>\n<\/div>\n<\/div>\n\n\n\n<hr class=\"wp-block-separator has-text-color has-alpha-channel-opacity has-background is-style-wide hr-box-planif\" style=\"background-color:#ccd3dd;color:#ccd3dd\"\/>\n\n\n\n<div class=\"wp-block-columns box_sans_border is-layout-flex wp-container-core-columns-is-layout-9d6595d7 wp-block-columns-is-layout-flex\">\n<div class=\"wp-block-column texte_planif is-layout-flow wp-block-column-is-layout-flow\" style=\"flex-basis:60%\">\n<ul class=\"wp-block-list\">\n<li><strong>Praktiska r\u00e5d<\/strong><\/li>\n<\/ul>\n\n\n\n<p style=\"font-size:14px\"><br\/>Att ta sig runt (kommer snart)<br\/><a href=\"https:\/\/iceland-lovers.com\/sv\/hur-hyr-bil-island-tips-erfarenhet\/\" target=\"_blank\" rel=\"noreferrer noopener\">Hur man hyr en bil p\u00e5 Island<\/a><br\/><a href=\"https:\/\/iceland-lovers.com\/sv\/korning-island-vinter-tips\/\" target=\"_blank\" rel=\"noreferrer noopener\">Tips f\u00f6r vinterk\u00f6rning<\/a><br\/><a href=\"https:\/\/iceland-lovers.com\/sv\/var-man-ska-bo-island-vinter-basta-hotell\/\" target=\"_blank\" rel=\"noreferrer noopener\">Var man kan bo p\u00e5 Island p\u00e5 vintern<\/a><br\/>Resplaner: 3 dagar &#8211; 4 dagar &#8211; 5 dagar &#8211; <a href=\"https:\/\/iceland-lovers.com\/sv\/besok-island-vinter-en-vecka-resvagar\/\" target=\"_blank\" rel=\"noreferrer noopener\">1 vecka<\/a> &#8211; 10 dagar (kommer snart)<br\/><\/p>\n<\/div>\n\n\n\n<div class=\"wp-block-column is-vertically-aligned-top planif-radius is-layout-flow wp-block-column-is-layout-flow\" style=\"flex-basis:40%\">\n<figure class=\"wp-block-image size-large img-portrait\"><img decoding=\"async\" src=\"https:\/\/photos.smugmug.com\/Iceland\/Winter\/Driving\/i-gNPz6JD\/1\/CGfmHQKPwKJcrdGBLqMjkqvmgRwW8fC8FGFKRWX3n\/S\/South_Coast_ring_road_Iceland-2099-S.jpg\" alt=\"Att k&#xF6;ra bil p&#xE5; Island p&#xE5; vintern\" title=\"\"\/><\/figure>\n<\/div>\n<\/div>\n\n\n\n<hr class=\"wp-block-separator has-text-color has-alpha-channel-opacity has-background is-style-wide hr-box-planif\" style=\"background-color:#ccd3dd;color:#ccd3dd\"\/>\n\n\n\n<div class=\"wp-block-columns box_sans_border is-layout-flex wp-container-core-columns-is-layout-9d6595d7 wp-block-columns-is-layout-flex\">\n<div class=\"wp-block-column texte_planif is-layout-flow wp-block-column-is-layout-flow\" style=\"flex-basis:60%\">\n<ul class=\"wp-block-list\">\n<li><strong>Det du m\u00e5ste ha<\/strong><\/li>\n<\/ul>\n\n\n\n<p style=\"font-size:14px\"><a href=\"https:\/\/iceland-lovers.com\/sv\/besok-reykjavik-vintern-sevardheter\/\" target=\"_blank\" rel=\"noreferrer noopener\">Reykjavik p\u00e5 vintern<\/a><br\/><a href=\"https:\/\/iceland-lovers.com\/sv\/sevardheter-gyllene-cirkeln-vintern-att-gora\/\" target=\"_blank\" rel=\"noreferrer noopener\">Gyllene cirkeln p\u00e5 vintern<\/a><br\/><a href=\"https:\/\/iceland-lovers.com\/sv\/sevardheter-syd-island-vinter-attraktioner\/\" target=\"_blank\" rel=\"noreferrer noopener\">Sydkusten p\u00e5 vintern<\/a><a href=\"https:\/\/iceland-lovers.com\/sv\/island-ostra-fjordarna-vinter-sevardheter\/\"><br\/><\/a><a href=\"https:\/\/iceland-lovers.com\/sv\/sevardheter-snaefellsnes-vinter\/\" target=\"_blank\" rel=\"noreferrer noopener\">Snaefellsnes p\u00e5 vintern<\/a><br\/>Silver Circle p\u00e5 vintern (kommer snart)<br\/><a href=\"https:\/\/iceland-lovers.com\/sv\/sjon-myvatn-vinter-sevardheter\/\" target=\"_blank\" rel=\"noreferrer noopener\">Sj\u00f6n Myvatn p\u00e5 vintern<\/a><br\/><a href=\"https:\/\/iceland-lovers.com\/sv\/island-ostra-fjordarna-vinter-sevardheter\/\">\u00d6stra fjordarna p\u00e5 vintern<\/a><br\/><a href=\"https:\/\/iceland-lovers.com\/sv\/vattenfall-seljalandsfoss-vintern\/\" target=\"_blank\" rel=\"noreferrer noopener\">Seljalandsfoss p\u00e5 vintern<\/a><br\/><a href=\"https:\/\/iceland-lovers.com\/sv\/jokulsarlon-vintern\/\" target=\"_blank\" rel=\"noreferrer noopener\">Jokulsarlon p\u00e5 vintern<\/a><br\/><br\/><\/p>\n<\/div>\n\n\n\n<div class=\"wp-block-column is-vertically-aligned-top planif-radius is-layout-flow wp-block-column-is-layout-flow\" style=\"flex-basis:40%\">\n<figure class=\"wp-block-image size-large img-portrait\"><img decoding=\"async\" src=\"https:\/\/photos.smugmug.com\/Iceland\/Winter\/South-Coast-in-Winter\/Skogafoss-Winter\/i-DnzSqr9\/1\/CCWLWFQzNvbCRFMCHkPxzrqHGtsv2GGdfgBrm6thq\/S\/Waterfall_Skogafoss_Iceland-3620-S.jpg\" alt=\"Skogafoss p&#xE5; vintern\" title=\"\"\/><\/figure>\n<\/div>\n<\/div>\n\n\n\n<div style=\"height:30px\" aria-hidden=\"true\" class=\"wp-block-spacer\"><\/div>\n<\/div><\/div><\/div>\n\n<div class=\"wp-block-genesis-blocks-gb-container box_auteur_voyage gb-block-container\"><div class=\"gb-container-inside\"><div class=\"gb-container-content\">\n<figure class=\"wp-block-image size-large img_auteur_voyage img_provisoire\"><img decoding=\"async\" src=\"https:\/\/photos.smugmug.com\/Region-Lovers\/Equipe\/i-nsNF6C6\/0\/Cs2F5n96pkt9xFD9D3SVqmQspMhrKgN75nHgBqmjG\/L\/Claire-L.png\" alt=\"\"\/><\/figure>\n\n\n\n<h5 class=\"titre_auteur_voyage\"><span>HON GJORDE RESAN OCH SKREV ARTIKELN \n <\/span><span class=\"titre_box_manuscrit\">Claire<\/span><\/h5>\n<\/div><\/div><\/div>\n","protected":false},"excerpt":{"rendered":"<p>H\u00e4r \u00e4r v\u00e5r kompletta guide till hur du planerar din resa till Island p\u00e5 vintern, med alla v\u00e5ra r\u00e5d p\u00e5 ett och samma st\u00e4lle f\u00f6r att g\u00f6ra val och f\u00f6rbereda dig: Det viktigaste f\u00f6r en lyckad resa till Island p\u00e5 vintern Om du inte vill l\u00e4sa hela artikeln kommer h\u00e4r en sammanfattning av v\u00e5ra svar. [&hellip;]<\/p>\n","protected":false},"author":1,"featured_media":3828,"comment_status":"closed","ping_status":"closed","sticky":false,"template":"","format":"standard","meta":{"_genesis_hide_title":false,"_genesis_hide_breadcrumbs":false,"_genesis_hide_singular_image":false,"_genesis_hide_footer_widgets":false,"_genesis_custom_body_class":"","_genesis_custom_post_class":"","_genesis_layout":"","footnotes":""},"categories":[44],"tags":[],"class_list":{"0":"post-3832","1":"post","2":"type-post","3":"status-publish","4":"format-standard","5":"has-post-thumbnail","7":"category-vintern","8":"entry"},"yoast_head":"<!-- This site is optimized with the Yoast SEO plugin v27.2 - https:\/\/yoast.com\/product\/yoast-seo-wordpress\/ -->\n<title>Resa till Island p\u00e5 vintern: v\u00e5r kompletta guide! (+ foton)<\/title>\n<meta name=\"description\" content=\"V\u00e5r kompletta guide till att planera en resa till Island p\u00e5 vintern: karta, vart man ska \u00e5ka, var man ska sova, vad man ska ta med, k\u00f6rning...\" \/>\n<meta name=\"robots\" content=\"index, follow, max-snippet:-1, max-image-preview:large, max-video-preview:-1\" \/>\n<link rel=\"canonical\" href=\"https:\/\/iceland-lovers.com\/sv\/resa-island-vintern-guide\/\" \/>\n<meta property=\"og:locale\" content=\"sv_SE\" \/>\n<meta property=\"og:type\" content=\"article\" \/>\n<meta property=\"og:title\" content=\"Resa till Island p\u00e5 vintern: v\u00e5r kompletta guide! (+ foton)\" \/>\n<meta property=\"og:description\" content=\"V\u00e5r kompletta guide till att planera en resa till Island p\u00e5 vintern: karta, vart man ska \u00e5ka, var man ska sova, vad man ska ta med, k\u00f6rning...\" \/>\n<meta property=\"og:url\" content=\"https:\/\/iceland-lovers.com\/sv\/resa-island-vintern-guide\/\" \/>\n<meta property=\"og:site_name\" content=\"Iceland Lovers\" \/>\n<meta property=\"article:published_time\" content=\"2026-03-20T09:58:51+00:00\" \/>\n<meta property=\"article:modified_time\" content=\"2026-03-20T10:21:26+00:00\" \/>\n<meta property=\"og:image\" content=\"https:\/\/iceland-lovers.com\/wp-content\/uploads\/2026\/03\/Reseguide-Island-vintern.jpg\" \/>\n\t<meta property=\"og:image:width\" content=\"800\" \/>\n\t<meta property=\"og:image:height\" content=\"600\" \/>\n\t<meta property=\"og:image:type\" content=\"image\/jpeg\" \/>\n<meta name=\"author\" content=\"Claire\" \/>\n<meta name=\"twitter:card\" content=\"summary_large_image\" \/>\n<meta name=\"twitter:label1\" content=\"Skriven av\" \/>\n\t<meta name=\"twitter:data1\" content=\"Claire\" \/>\n\t<meta name=\"twitter:label2\" content=\"Ber\u00e4knad l\u00e4stid\" \/>\n\t<meta name=\"twitter:data2\" content=\"16 minuter\" \/>\n<script type=\"application\/ld+json\" class=\"yoast-schema-graph\">{\"@context\":\"https:\/\/schema.org\",\"@graph\":[{\"@type\":\"Article\",\"@id\":\"https:\/\/iceland-lovers.com\/sv\/resa-island-vintern-guide\/#article\",\"isPartOf\":{\"@id\":\"https:\/\/iceland-lovers.com\/sv\/resa-island-vintern-guide\/\"},\"author\":{\"name\":\"Claire\",\"@id\":\"https:\/\/iceland-lovers.com\/sv\/#\/schema\/person\/99f50c0c6981832bc8c168071e92df44\"},\"headline\":\"Resa till Island p\u00e5 vintern: v\u00e5r kompletta guide! (+ foton)\",\"datePublished\":\"2026-03-20T09:58:51+00:00\",\"dateModified\":\"2026-03-20T10:21:26+00:00\",\"mainEntityOfPage\":{\"@id\":\"https:\/\/iceland-lovers.com\/sv\/resa-island-vintern-guide\/\"},\"wordCount\":3286,\"publisher\":{\"@id\":\"https:\/\/iceland-lovers.com\/sv\/#organization\"},\"image\":{\"@id\":\"https:\/\/iceland-lovers.com\/sv\/resa-island-vintern-guide\/#primaryimage\"},\"thumbnailUrl\":\"https:\/\/iceland-lovers.com\/wp-content\/uploads\/2026\/03\/Reseguide-Island-vintern.jpg\",\"articleSection\":[\"Island p\u00e5 vintern\"],\"inLanguage\":\"sv-SE\"},{\"@type\":\"WebPage\",\"@id\":\"https:\/\/iceland-lovers.com\/sv\/resa-island-vintern-guide\/\",\"url\":\"https:\/\/iceland-lovers.com\/sv\/resa-island-vintern-guide\/\",\"name\":\"Resa till Island p\u00e5 vintern: v\u00e5r kompletta guide! (+ foton)\",\"isPartOf\":{\"@id\":\"https:\/\/iceland-lovers.com\/sv\/#website\"},\"primaryImageOfPage\":{\"@id\":\"https:\/\/iceland-lovers.com\/sv\/resa-island-vintern-guide\/#primaryimage\"},\"image\":{\"@id\":\"https:\/\/iceland-lovers.com\/sv\/resa-island-vintern-guide\/#primaryimage\"},\"thumbnailUrl\":\"https:\/\/iceland-lovers.com\/wp-content\/uploads\/2026\/03\/Reseguide-Island-vintern.jpg\",\"datePublished\":\"2026-03-20T09:58:51+00:00\",\"dateModified\":\"2026-03-20T10:21:26+00:00\",\"description\":\"V\u00e5r kompletta guide till att planera en resa till Island p\u00e5 vintern: karta, vart man ska \u00e5ka, var man ska sova, vad man ska ta med, k\u00f6rning...\",\"breadcrumb\":{\"@id\":\"https:\/\/iceland-lovers.com\/sv\/resa-island-vintern-guide\/#breadcrumb\"},\"inLanguage\":\"sv-SE\",\"potentialAction\":[{\"@type\":\"ReadAction\",\"target\":[\"https:\/\/iceland-lovers.com\/sv\/resa-island-vintern-guide\/\"]}]},{\"@type\":\"ImageObject\",\"inLanguage\":\"sv-SE\",\"@id\":\"https:\/\/iceland-lovers.com\/sv\/resa-island-vintern-guide\/#primaryimage\",\"url\":\"https:\/\/iceland-lovers.com\/wp-content\/uploads\/2026\/03\/Reseguide-Island-vintern.jpg\",\"contentUrl\":\"https:\/\/iceland-lovers.com\/wp-content\/uploads\/2026\/03\/Reseguide-Island-vintern.jpg\",\"width\":800,\"height\":600,\"caption\":\"Reseguide f\u00f6r Island p\u00e5 vintern\"},{\"@type\":\"BreadcrumbList\",\"@id\":\"https:\/\/iceland-lovers.com\/sv\/resa-island-vintern-guide\/#breadcrumb\",\"itemListElement\":[{\"@type\":\"ListItem\",\"position\":1,\"name\":\"Accueil\",\"item\":\"https:\/\/iceland-lovers.com\/sv\/\"},{\"@type\":\"ListItem\",\"position\":2,\"name\":\"Island p\u00e5 vintern\",\"item\":\"https:\/\/iceland-lovers.com\/sv\/vintern\/\"},{\"@type\":\"ListItem\",\"position\":3,\"name\":\"Resa till Island p\u00e5 vintern: v\u00e5r kompletta guide! (+ foton)\"}]},{\"@type\":\"WebSite\",\"@id\":\"https:\/\/iceland-lovers.com\/sv\/#website\",\"url\":\"https:\/\/iceland-lovers.com\/sv\/\",\"name\":\"Iceland Lovers\",\"description\":\"Le Blog de Claire et Manu\",\"publisher\":{\"@id\":\"https:\/\/iceland-lovers.com\/sv\/#organization\"},\"potentialAction\":[{\"@type\":\"SearchAction\",\"target\":{\"@type\":\"EntryPoint\",\"urlTemplate\":\"https:\/\/iceland-lovers.com\/sv\/?s={search_term_string}\"},\"query-input\":{\"@type\":\"PropertyValueSpecification\",\"valueRequired\":true,\"valueName\":\"search_term_string\"}}],\"inLanguage\":\"sv-SE\"},{\"@type\":\"Organization\",\"@id\":\"https:\/\/iceland-lovers.com\/sv\/#organization\",\"name\":\"Iceland Lovers\",\"url\":\"https:\/\/iceland-lovers.com\/sv\/\",\"logo\":{\"@type\":\"ImageObject\",\"inLanguage\":\"sv-SE\",\"@id\":\"https:\/\/iceland-lovers.com\/sv\/#\/schema\/logo\/image\/\",\"url\":\"https:\/\/iceland-lovers.com\/wp-content\/uploads\/2024\/05\/cropped-Iceland-Lovers-Logos-RVB_Principal-bicolore.png\",\"contentUrl\":\"https:\/\/iceland-lovers.com\/wp-content\/uploads\/2024\/05\/cropped-Iceland-Lovers-Logos-RVB_Principal-bicolore.png\",\"width\":2326,\"height\":501,\"caption\":\"Iceland Lovers\"},\"image\":{\"@id\":\"https:\/\/iceland-lovers.com\/sv\/#\/schema\/logo\/image\/\"}},{\"@type\":\"Person\",\"@id\":\"https:\/\/iceland-lovers.com\/sv\/#\/schema\/person\/99f50c0c6981832bc8c168071e92df44\",\"name\":\"Claire\",\"image\":{\"@type\":\"ImageObject\",\"inLanguage\":\"sv-SE\",\"@id\":\"https:\/\/secure.gravatar.com\/avatar\/e3566233826c32de8d7c9ef726a1087654b12cadb092acc17ee1d357687192ff?s=96&d=mm&r=g\",\"url\":\"https:\/\/secure.gravatar.com\/avatar\/e3566233826c32de8d7c9ef726a1087654b12cadb092acc17ee1d357687192ff?s=96&d=mm&r=g\",\"contentUrl\":\"https:\/\/secure.gravatar.com\/avatar\/e3566233826c32de8d7c9ef726a1087654b12cadb092acc17ee1d357687192ff?s=96&d=mm&r=g\",\"caption\":\"Claire\"},\"sameAs\":[\"https:\/\/iceland-lovers.com\/claire-robinson\/\"],\"url\":\"https:\/\/iceland-lovers.com\/sv\/author\/icelandlovers\/\"}]}<\/script>\n<!-- \/ Yoast SEO plugin. -->","yoast_head_json":{"title":"Resa till Island p\u00e5 vintern: v\u00e5r kompletta guide! (+ foton)","description":"V\u00e5r kompletta guide till att planera en resa till Island p\u00e5 vintern: karta, vart man ska \u00e5ka, var man ska sova, vad man ska ta med, k\u00f6rning...","robots":{"index":"index","follow":"follow","max-snippet":"max-snippet:-1","max-image-preview":"max-image-preview:large","max-video-preview":"max-video-preview:-1"},"canonical":"https:\/\/iceland-lovers.com\/sv\/resa-island-vintern-guide\/","og_locale":"sv_SE","og_type":"article","og_title":"Resa till Island p\u00e5 vintern: v\u00e5r kompletta guide! (+ foton)","og_description":"V\u00e5r kompletta guide till att planera en resa till Island p\u00e5 vintern: karta, vart man ska \u00e5ka, var man ska sova, vad man ska ta med, k\u00f6rning...","og_url":"https:\/\/iceland-lovers.com\/sv\/resa-island-vintern-guide\/","og_site_name":"Iceland Lovers","article_published_time":"2026-03-20T09:58:51+00:00","article_modified_time":"2026-03-20T10:21:26+00:00","og_image":[{"width":800,"height":600,"url":"https:\/\/iceland-lovers.com\/wp-content\/uploads\/2026\/03\/Reseguide-Island-vintern.jpg","type":"image\/jpeg"}],"author":"Claire","twitter_card":"summary_large_image","twitter_misc":{"Skriven av":"Claire","Ber\u00e4knad l\u00e4stid":"16 minuter"},"schema":{"@context":"https:\/\/schema.org","@graph":[{"@type":"Article","@id":"https:\/\/iceland-lovers.com\/sv\/resa-island-vintern-guide\/#article","isPartOf":{"@id":"https:\/\/iceland-lovers.com\/sv\/resa-island-vintern-guide\/"},"author":{"name":"Claire","@id":"https:\/\/iceland-lovers.com\/sv\/#\/schema\/person\/99f50c0c6981832bc8c168071e92df44"},"headline":"Resa till Island p\u00e5 vintern: v\u00e5r kompletta guide! (+ foton)","datePublished":"2026-03-20T09:58:51+00:00","dateModified":"2026-03-20T10:21:26+00:00","mainEntityOfPage":{"@id":"https:\/\/iceland-lovers.com\/sv\/resa-island-vintern-guide\/"},"wordCount":3286,"publisher":{"@id":"https:\/\/iceland-lovers.com\/sv\/#organization"},"image":{"@id":"https:\/\/iceland-lovers.com\/sv\/resa-island-vintern-guide\/#primaryimage"},"thumbnailUrl":"https:\/\/iceland-lovers.com\/wp-content\/uploads\/2026\/03\/Reseguide-Island-vintern.jpg","articleSection":["Island p\u00e5 vintern"],"inLanguage":"sv-SE"},{"@type":"WebPage","@id":"https:\/\/iceland-lovers.com\/sv\/resa-island-vintern-guide\/","url":"https:\/\/iceland-lovers.com\/sv\/resa-island-vintern-guide\/","name":"Resa till Island p\u00e5 vintern: v\u00e5r kompletta guide! (+ foton)","isPartOf":{"@id":"https:\/\/iceland-lovers.com\/sv\/#website"},"primaryImageOfPage":{"@id":"https:\/\/iceland-lovers.com\/sv\/resa-island-vintern-guide\/#primaryimage"},"image":{"@id":"https:\/\/iceland-lovers.com\/sv\/resa-island-vintern-guide\/#primaryimage"},"thumbnailUrl":"https:\/\/iceland-lovers.com\/wp-content\/uploads\/2026\/03\/Reseguide-Island-vintern.jpg","datePublished":"2026-03-20T09:58:51+00:00","dateModified":"2026-03-20T10:21:26+00:00","description":"V\u00e5r kompletta guide till att planera en resa till Island p\u00e5 vintern: karta, vart man ska \u00e5ka, var man ska sova, vad man ska ta med, k\u00f6rning...","breadcrumb":{"@id":"https:\/\/iceland-lovers.com\/sv\/resa-island-vintern-guide\/#breadcrumb"},"inLanguage":"sv-SE","potentialAction":[{"@type":"ReadAction","target":["https:\/\/iceland-lovers.com\/sv\/resa-island-vintern-guide\/"]}]},{"@type":"ImageObject","inLanguage":"sv-SE","@id":"https:\/\/iceland-lovers.com\/sv\/resa-island-vintern-guide\/#primaryimage","url":"https:\/\/iceland-lovers.com\/wp-content\/uploads\/2026\/03\/Reseguide-Island-vintern.jpg","contentUrl":"https:\/\/iceland-lovers.com\/wp-content\/uploads\/2026\/03\/Reseguide-Island-vintern.jpg","width":800,"height":600,"caption":"Reseguide f\u00f6r Island p\u00e5 vintern"},{"@type":"BreadcrumbList","@id":"https:\/\/iceland-lovers.com\/sv\/resa-island-vintern-guide\/#breadcrumb","itemListElement":[{"@type":"ListItem","position":1,"name":"Accueil","item":"https:\/\/iceland-lovers.com\/sv\/"},{"@type":"ListItem","position":2,"name":"Island p\u00e5 vintern","item":"https:\/\/iceland-lovers.com\/sv\/vintern\/"},{"@type":"ListItem","position":3,"name":"Resa till Island p\u00e5 vintern: v\u00e5r kompletta guide! (+ foton)"}]},{"@type":"WebSite","@id":"https:\/\/iceland-lovers.com\/sv\/#website","url":"https:\/\/iceland-lovers.com\/sv\/","name":"Iceland Lovers","description":"Le Blog de Claire et Manu","publisher":{"@id":"https:\/\/iceland-lovers.com\/sv\/#organization"},"potentialAction":[{"@type":"SearchAction","target":{"@type":"EntryPoint","urlTemplate":"https:\/\/iceland-lovers.com\/sv\/?s={search_term_string}"},"query-input":{"@type":"PropertyValueSpecification","valueRequired":true,"valueName":"search_term_string"}}],"inLanguage":"sv-SE"},{"@type":"Organization","@id":"https:\/\/iceland-lovers.com\/sv\/#organization","name":"Iceland Lovers","url":"https:\/\/iceland-lovers.com\/sv\/","logo":{"@type":"ImageObject","inLanguage":"sv-SE","@id":"https:\/\/iceland-lovers.com\/sv\/#\/schema\/logo\/image\/","url":"https:\/\/iceland-lovers.com\/wp-content\/uploads\/2024\/05\/cropped-Iceland-Lovers-Logos-RVB_Principal-bicolore.png","contentUrl":"https:\/\/iceland-lovers.com\/wp-content\/uploads\/2024\/05\/cropped-Iceland-Lovers-Logos-RVB_Principal-bicolore.png","width":2326,"height":501,"caption":"Iceland Lovers"},"image":{"@id":"https:\/\/iceland-lovers.com\/sv\/#\/schema\/logo\/image\/"}},{"@type":"Person","@id":"https:\/\/iceland-lovers.com\/sv\/#\/schema\/person\/99f50c0c6981832bc8c168071e92df44","name":"Claire","image":{"@type":"ImageObject","inLanguage":"sv-SE","@id":"https:\/\/secure.gravatar.com\/avatar\/e3566233826c32de8d7c9ef726a1087654b12cadb092acc17ee1d357687192ff?s=96&d=mm&r=g","url":"https:\/\/secure.gravatar.com\/avatar\/e3566233826c32de8d7c9ef726a1087654b12cadb092acc17ee1d357687192ff?s=96&d=mm&r=g","contentUrl":"https:\/\/secure.gravatar.com\/avatar\/e3566233826c32de8d7c9ef726a1087654b12cadb092acc17ee1d357687192ff?s=96&d=mm&r=g","caption":"Claire"},"sameAs":["https:\/\/iceland-lovers.com\/claire-robinson\/"],"url":"https:\/\/iceland-lovers.com\/sv\/author\/icelandlovers\/"}]}},"featured_image_src":"https:\/\/iceland-lovers.com\/wp-content\/uploads\/2026\/03\/Reseguide-Island-vintern-600x400.jpg","featured_image_src_square":"https:\/\/iceland-lovers.com\/wp-content\/uploads\/2026\/03\/Reseguide-Island-vintern-600x600.jpg","author_info":{"display_name":"Claire","author_link":"https:\/\/iceland-lovers.com\/sv\/author\/icelandlovers\/"},"_links":{"self":[{"href":"https:\/\/iceland-lovers.com\/sv\/wp-json\/wp\/v2\/posts\/3832","targetHints":{"allow":["GET"]}}],"collection":[{"href":"https:\/\/iceland-lovers.com\/sv\/wp-json\/wp\/v2\/posts"}],"about":[{"href":"https:\/\/iceland-lovers.com\/sv\/wp-json\/wp\/v2\/types\/post"}],"author":[{"embeddable":true,"href":"https:\/\/iceland-lovers.com\/sv\/wp-json\/wp\/v2\/users\/1"}],"replies":[{"embeddable":true,"href":"https:\/\/iceland-lovers.com\/sv\/wp-json\/wp\/v2\/comments?post=3832"}],"version-history":[{"count":0,"href":"https:\/\/iceland-lovers.com\/sv\/wp-json\/wp\/v2\/posts\/3832\/revisions"}],"wp:featuredmedia":[{"embeddable":true,"href":"https:\/\/iceland-lovers.com\/sv\/wp-json\/wp\/v2\/media\/3828"}],"wp:attachment":[{"href":"https:\/\/iceland-lovers.com\/sv\/wp-json\/wp\/v2\/media?parent=3832"}],"wp:term":[{"taxonomy":"category","embeddable":true,"href":"https:\/\/iceland-lovers.com\/sv\/wp-json\/wp\/v2\/categories?post=3832"},{"taxonomy":"post_tag","embeddable":true,"href":"https:\/\/iceland-lovers.com\/sv\/wp-json\/wp\/v2\/tags?post=3832"}],"curies":[{"name":"wp","href":"https:\/\/api.w.org\/{rel}","templated":true}]}}