{"id":3738,"date":"2025-12-16T15:54:27","date_gmt":"2025-12-16T14:54:27","guid":{"rendered":"https:\/\/iceland-lovers.com\/seydisfjordur-hiver\/"},"modified":"2025-12-16T16:17:06","modified_gmt":"2025-12-16T15:17:06","slug":"seydisfjordur-vintern","status":"publish","type":"post","link":"https:\/\/iceland-lovers.com\/sv\/seydisfjordur-vintern\/","title":{"rendered":"Seydisfjordur p\u00e5 vintern (tips + foton)"},"content":{"rendered":"\n<p>Uppt\u00e4ck Seydisfjordur p\u00e5 vintern, en pittoresk by som ligger inb\u00e4ddad i slutet av en spektakul\u00e4r fjord i de \u00f6stra fjordarna. Denna dolda p\u00e4rla erbjuder ett majest\u00e4tiskt landskap med sn\u00f6t\u00e4ckta berg och f\u00e4rgglada hus.<br\/>H\u00e4r \u00e4r n\u00e5gra <strong>anv\u00e4ndbara tips<\/strong> som hj\u00e4lper dig att f\u00f6rbereda dig inf\u00f6r ditt bes\u00f6k och f\u00e5 en underbar tid!<\/p>\n\n<figure class=\"wp-block-image size-full\"><img decoding=\"async\" src=\"https:\/\/iceland-lovers.com\/wp-content\/uploads\/2025\/12\/Seydisfjordur-pa-vintern.jpg\" alt=\"Seydisfjordur p&#xE5; vintern\" class=\"wp-image-3749\"\/><\/figure>\n\n<p>Detta \u00e4r en helt <strong>oberoende<\/strong> \u00e5sikt, baserad p\u00e5 v\u00e5r egen erfarenhet. Vi bes\u00f6kte regionen anonymt, gjorde v\u00e5ra egna val och betalade v\u00e5ra r\u00e4kningar till fullo.<\/p>\n\n<div style=\"padding-left:5%\" class=\"wp-block-genesis-blocks-gb-container box gb-block-container\"><div class=\"gb-container-inside\"><div class=\"gb-container-content\">\n<p class=\"titre_box_manuscrit\">Inneh\u00e5ll<\/p>\n\n\n\n<div class=\"wp-block-genesis-blocks-gb-container gb-block-container\"><div class=\"gb-container-inside\"><div class=\"gb-container-content\"><div id=\"ez-toc-container\" class=\"ez-toc-v2_0_82_1 counter-hierarchy ez-toc-counter ez-toc-custom ez-toc-container-direction\">\n<div class=\"ez-toc-title-container\">\n<span class=\"ez-toc-title-toggle\"><\/span><\/div>\n<nav><ul class='ez-toc-list ez-toc-list-level-1 ' ><li class='ez-toc-page-1 ez-toc-heading-level-2'><a class=\"ez-toc-link ez-toc-heading-1\" href=\"https:\/\/iceland-lovers.com\/sv\/seydisfjordur-vintern\/#Varfor_besoka_Seydisfjordur_pa_vintern\" >Varf\u00f6r bes\u00f6ka Seydisfjordur p\u00e5 vintern<\/a><\/li><li class='ez-toc-page-1 ez-toc-heading-level-2'><a class=\"ez-toc-link ez-toc-heading-2\" href=\"https:\/\/iceland-lovers.com\/sv\/seydisfjordur-vintern\/#Hur_man_tar_sig_till_Seydisfjordur_pa_vintern_tillgang_och_karta\" >Hur man tar sig till Seydisfjordur p\u00e5 vintern: tillg\u00e5ng och karta<\/a><\/li><li class='ez-toc-page-1 ez-toc-heading-level-2'><a class=\"ez-toc-link ez-toc-heading-3\" href=\"https:\/\/iceland-lovers.com\/sv\/seydisfjordur-vintern\/#Anvandbara_tips_varaktighet_tidtabeller_svarigheter_etc\" >Anv\u00e4ndbara tips: varaktighet, tidtabeller, sv\u00e5righeter etc.<\/a><\/li><li class='ez-toc-page-1 ez-toc-heading-level-2'><a class=\"ez-toc-link ez-toc-heading-4\" href=\"https:\/\/iceland-lovers.com\/sv\/seydisfjordur-vintern\/#Den_naturskona_vagen_%E2%80%93_Spektakular_nedfart\" >Den natursk\u00f6na v\u00e4gen &#8211; Spektakul\u00e4r nedfart<\/a><\/li><li class='ez-toc-page-1 ez-toc-heading-level-2'><a class=\"ez-toc-link ez-toc-heading-5\" href=\"https:\/\/iceland-lovers.com\/sv\/seydisfjordur-vintern\/#Den_bla_kyrkan_%E2%80%93_Blaa_Kirkjan\" >Den bl\u00e5 kyrkan &#8211; Bl\u00e1a Kirkjan<\/a><\/li><li class='ez-toc-page-1 ez-toc-heading-level-2'><a class=\"ez-toc-link ez-toc-heading-6\" href=\"https:\/\/iceland-lovers.com\/sv\/seydisfjordur-vintern\/#Norges_fargglada_hus\" >Norges f\u00e4rgglada hus<\/a><\/li><li class='ez-toc-page-1 ez-toc-heading-level-2'><a class=\"ez-toc-link ez-toc-heading-7\" href=\"https:\/\/iceland-lovers.com\/sv\/seydisfjordur-vintern\/#Fjorden_Seydisfjordur\" >Fjorden Seydisfjordur<\/a><\/li><li class='ez-toc-page-1 ez-toc-heading-level-2'><a class=\"ez-toc-link ez-toc-heading-8\" href=\"https:\/\/iceland-lovers.com\/sv\/seydisfjordur-vintern\/#Konst-_och_kulturscenen\" >Konst- och kulturscenen<\/a><\/li><li class='ez-toc-page-1 ez-toc-heading-level-2'><a class=\"ez-toc-link ez-toc-heading-9\" href=\"https:\/\/iceland-lovers.com\/sv\/seydisfjordur-vintern\/#De_omgivande_vattenfallen\" >De omgivande vattenfallen<\/a><\/li><li class='ez-toc-page-1 ez-toc-heading-level-2'><a class=\"ez-toc-link ez-toc-heading-10\" href=\"https:\/\/iceland-lovers.com\/sv\/seydisfjordur-vintern\/#Vanliga_fragor_och_svar\" >Vanliga fr\u00e5gor och svar<\/a><\/li><\/ul><\/nav><\/div>\n\n<\/div><\/div><\/div>\n<\/div><\/div><\/div>\n\n<p><\/p>\n\n<h2 class=\"wp-block-heading\"><span class=\"ez-toc-section\" id=\"Varfor_besoka_Seydisfjordur_pa_vintern\"><\/span>Varf\u00f6r bes\u00f6ka Seydisfjordur p\u00e5 vintern<span class=\"ez-toc-section-end\"><\/span><\/h2>\n\n<h3 class=\"wp-block-heading\">\u00c4r Seydisfjordur v\u00e4rt ett bes\u00f6k p\u00e5 vintern? V\u00e5r \u00e5sikt:<\/h3>\n\n<p>Ja, Seydisfjordur \u00e4r v\u00e4l v\u00e4rt ett bes\u00f6k p\u00e5 vintern. Denna konstn\u00e4rliga by med cirka 700 inv\u00e5nare har en unik atmosf\u00e4r med sina f\u00e4rgglada tr\u00e4hus som kontrasterar mot de sn\u00f6t\u00e4ckta bergen. Panoramav\u00e4gen dit g\u00e5r genom spektakul\u00e4ra landskap, \u00e4ven om den kan vara kr\u00e4vande under vinterf\u00f6rh\u00e5llanden.  <\/p>\n\n<p>Vi \u00e4lskade lugnet p\u00e5 platsen och \u00e4ktheten i denna by bevarad fr\u00e5n massturism. Den ikoniska bl\u00e5 kyrkan, den fridfulla fjorden och den lokala konstscenen g\u00f6r Seydisfjordur till ett minnesv\u00e4rt stopp i Eastern Fjords.<\/p>\n\n<p>Detta \u00e4r en av de sev\u00e4rdheter som man m\u00e5ste se i <a href=\"https:\/\/iceland-lovers.com\/sv\/island-ostra-fjordarna-vinter-sevardheter\/\" target=\"_blank\" rel=\"noreferrer noopener\">Islands \u00f6stra fjordar<\/a>.<\/p>\n\n<figure class=\"wp-block-image size-large\"><img decoding=\"async\" src=\"https:\/\/photos.smugmug.com\/Iceland\/Winter\/East-Fjords\/J-Seydisfjordur\/i-tmpMxKf\/1\/LWtm4p3xp5DfSDnCsQMTn57hq7VqWb2W43d6dKN6K\/L\/Seydisfjordur_Iceland-3528-L.jpg\" alt=\"Byn Seydisfjordur p&#xE5; vintern\"\/><\/figure>\n\n<h3 class=\"wp-block-heading\">V\u00e5ra favorit\u00f6gonblick<\/h3>\n\n<p>I Seydisfjordur bjuder varje gath\u00f6rn p\u00e5 en visuell \u00f6verraskning. Vi tyckte s\u00e4rskilt mycket om det:<\/p>\n\n<ul class=\"wp-block-list\">\n<li>Den spektakul\u00e4ra nedstigningen l\u00e4ngs v\u00e4g 93 med sina frusna vattenfall<\/li>\n\n\n\n<li>Den bl\u00e5 kyrkan Bl\u00e1a Kirkjan och dess regnb\u00e5gsstig<\/li>\n\n\n\n<li>De f\u00e4rgglada norska husen fr\u00e5n 1800-talet<\/li>\n\n\n\n<li>En fridfull fjord omgiven av majest\u00e4tiska berg<\/li>\n\n\n\n<li>Den unika konstn\u00e4rliga atmosf\u00e4ren i byn<\/li>\n<\/ul>\n\n<figure class=\"wp-block-image size-large\"><img decoding=\"async\" src=\"https:\/\/photos.smugmug.com\/Iceland\/Winter\/East-Fjords\/J-Seydisfjordur\/i-CDb48ZR\/1\/Lm3vVpWH9DQWF4bDbgTMqnkC5rNP5bRVw7h3j5rWv\/L\/road_Seydisfjordur_Iceland-3520-L.jpg\" alt=\"Nedstigning till Seydisfjordur\"\/><\/figure>\n\n<h2 class=\"wp-block-heading\"><span class=\"ez-toc-section\" id=\"Hur_man_tar_sig_till_Seydisfjordur_pa_vintern_tillgang_och_karta\"><\/span>Hur man tar sig till Seydisfjordur p\u00e5 vintern: tillg\u00e5ng och karta<span class=\"ez-toc-section-end\"><\/span><\/h2>\n\n<h3 class=\"wp-block-heading\">Var ligger Seydisfjordur p\u00e5 Island?<\/h3>\n\n<ul class=\"wp-block-list\">\n<li>I fjordarna p\u00e5 \u00f6stra Island<\/li>\n\n\n\n<li>P\u00e5 botten av en djup, smal fjord<\/li>\n\n\n\n<li>Tillfart via v\u00e4g 93 fr\u00e5n Egilsstadir<\/li>\n\n\n\n<li>Fr\u00e5n Egilsstadir = 30 minuters bilresa i fint v\u00e4der (dubbelt s\u00e5 l\u00e5ng tid i sn\u00f6)<\/li>\n\n\n\n<li>H\u00e4r \u00e4r en karta som hj\u00e4lper dig att hitta r\u00e4tt:<\/li>\n<\/ul>\n\n<figure class=\"wp-block-image size-large\"><img decoding=\"async\" src=\"https:\/\/iceland-lovers.com\/wp-content\/uploads\/2024\/08\/karta-ostra-fjordarna-Island-1024x683.jpg\" alt=\"karta &#xF6;stra fjordarna island\" class=\"wp-image-2054\"\/><figcaption class=\"wp-element-caption\">Karta: Seydisfjordyr norr om de \u00f6stra fjordarna<\/figcaption><\/figure>\n\n<h3 class=\"wp-block-heading\">Hur kommer jag dit? Tillfartsv\u00e4g vintertid<\/h3>\n\n<p>V\u00e4g 93 till Seydisfjordur \u00e4r en av de mest spektakul\u00e4ra p\u00e5 Island, men ocks\u00e5 en av de mest kr\u00e4vande p\u00e5 vintern. Den korsar Fjardarheidi-passet p\u00e5 630 meters h\u00f6jd med m\u00e5nga h\u00e5rn\u00e5lskurvor. V\u00e4derf\u00f6rh\u00e5llandena kan f\u00f6r\u00e4ndras snabbt, med ofta dimma, sn\u00f6 och is. Vi rekommenderar att du kontrollerar v\u00e4gf\u00f6rh\u00e5llandena innan du ger dig ut p\u00e5 v\u00e4garna. I h\u00e4ndelse av storm kan v\u00e4gen st\u00e4ngas av tillf\u00e4lligt.<\/p>\n\n<figure class=\"wp-block-image size-large\"><img decoding=\"async\" src=\"https:\/\/photos.smugmug.com\/Iceland\/Winter\/East-Fjords\/J-Seydisfjordur\/i-hR4PV4h\/1\/Lwthh8TDtTSmSh8jWFpdqwq4v2SxBbxdvwN2qTfg9\/L\/road_Seydisfjordur_Iceland-3463-L.jpg\" alt=\"hals&#xF6;ppning\"\/><figcaption class=\"wp-element-caption\">\u00d6ppen krage<\/figcaption><\/figure>\n\n<p>Passet var \u00f6ppet, s\u00e5 vi \u00e5kte iv\u00e4g.<br\/>Och h\u00e4r \u00e4r ett foto av f\u00f6rh\u00e5llandena!<br\/>K\u00f6r f\u00f6rsiktigt och ta god tid p\u00e5 dig i kurvorna.<\/p>\n\n<figure class=\"wp-block-image size-large\"><img decoding=\"async\" src=\"https:\/\/photos.smugmug.com\/Iceland\/Winter\/East-Fjords\/J-Seydisfjordur\/i-MFMkw7r\/1\/KSmNjvXQT34Qg2g9pSPZfMnw5FWpjmqv6wQXc3Mpr\/L\/road_Seydisfjordur_Iceland-3480-L.jpg\" alt=\"Fjardarheidipasset p&#xE5; vintern\"\/><\/figure>\n\n<h3 class=\"wp-block-heading\">Parkeringsplats<\/h3>\n\n<p>Det finns flera gratis parkeringsplatser i byn. Du kan parkera n\u00e4ra den bl\u00e5 kyrkan, l\u00e4ngs hamnen eller i byns centrum. P\u00e5 vintern finns det i allm\u00e4nhet lediga platser eftersom det \u00e4r f\u00e4rre bes\u00f6kare. Var uppm\u00e4rksam p\u00e5 sn\u00f6t\u00e4ckta omr\u00e5den d\u00e4r parkering kan vara f\u00f6rbjuden.<\/p>\n\n<div style=\"background-color:#e4f3f6;margin-top:8%;margin-bottom:8%\" class=\"wp-block-genesis-blocks-gb-container box gb-block-container\"><div class=\"gb-container-inside\"><div class=\"gb-container-content\">\n<div class=\"wp-block-columns inverse box_planif is-layout-flex wp-container-core-columns-is-layout-9d6595d7 wp-block-columns-is-layout-flex\">\n<div class=\"wp-block-column texte_planif is-layout-flow wp-block-column-is-layout-flow\" style=\"flex-basis:60%\">\n<h5 class=\"titre_box\" style=\"padding-top:10px;\">HYR EN BIL P\u00c5 <span class=\"titre_box_manuscrit\">Island<\/span><\/h5>\n\n\n\n<p style=\"font-size:16px\">Uppt\u00e4ck de b\u00e4sta erbjudandena p\u00e5 <a href=\"https:\/\/www.discovercars.com\/se\/iceland?a_aid=zigzag&amp;chan=iceland\" target=\"_blank\" rel=\"noreferrer noopener sponsored nofollow\">Discovercars<\/a>, v\u00e5r f\u00f6redragna plattform!<br\/>P\u00e5 Route 1 kr\u00e4vs ingen 4&#215;4, utanf\u00f6r Route 1 beror det p\u00e5 dina planer.<\/p>\n<\/div>\n\n\n\n<div class=\"wp-block-column planif-radius-2 is-layout-flow wp-block-column-is-layout-flow\">\n<figure class=\"wp-block-image size-large voiture_image\"><img decoding=\"async\" src=\"https:\/\/photos.smugmug.com\/Iceland\/Winter\/Driving\/i-q2wFFnJ\/1\/Dn4qbSGkrKhZgHBNz2hWXrPc3VdddRQZ7cdj3FpVX\/S\/drive_South_coast_Iceland-2-21-S.jpg\" alt=\"k&#xF6;ra bil p&#xE5; Island\"\/><\/figure>\n<\/div>\n<\/div>\n\n\n\n<div class=\"wp-block-columns planif_bouton is-layout-flex wp-container-core-columns-is-layout-9d6595d7 wp-block-columns-is-layout-flex\">\n<div class=\"wp-block-column is-vertically-aligned-top is-layout-flow wp-block-column-is-layout-flow\">\n<div class=\"wp-block-buttons is-content-justification-center is-layout-flex wp-container-core-buttons-is-layout-16018d1d wp-block-buttons-is-layout-flex\">\n<div class=\"wp-block-button\"><a class=\"wp-block-button__link has-white-color has-text-color wp-element-button\" href=\"https:\/\/www.discovercars.com\/fr\/iceland?a_aid=zigzag&amp;chan=iceland\" target=\"_blank\" rel=\"noreferrer noopener nofollow\">Se tillg\u00e4ngliga bilar &gt;&gt;<\/a><\/div>\n<\/div>\n<\/div>\n\n\n\n<div class=\"wp-block-column is-vertically-aligned-center is-layout-flow wp-block-column-is-layout-flow\">\n<p class=\"has-text-align-center\" style=\"font-size:16px\"><a href=\"https:\/\/iceland-lovers.com\/sv\/hur-hyr-bil-island-tips-erfarenhet\/\" target=\"_blank\" rel=\"noreferrer noopener\">L\u00e4s alla v\u00e5ra r\u00e5d<\/a><\/p>\n<\/div>\n<\/div>\n<\/div><\/div><\/div>\n\n<h2 class=\"wp-block-heading\"><span class=\"ez-toc-section\" id=\"Anvandbara_tips_varaktighet_tidtabeller_svarigheter_etc\"><\/span>Anv\u00e4ndbara tips: varaktighet, tidtabeller, sv\u00e5righeter etc.<span class=\"ez-toc-section-end\"><\/span><\/h2>\n\n<h3 class=\"wp-block-heading\">B\u00e4sta tiden att bes\u00f6ka, \u00f6ppettider och priser<\/h3>\n\n<p>Seydisfjordur \u00e4r alltid tillg\u00e4nglig utan kostnad. Byn \u00e4r s\u00e4rskilt fotogenisk p\u00e5 morgonen n\u00e4r det l\u00e5gvinklade ljuset lyser upp de f\u00e4rgglada fasaderna. I slutet av dagen f\u00e5r bergen vid fjorden magnifika gyllene nyanser. Vi rekommenderar att du avs\u00e4tter minst en halv dag f\u00f6r att utforska byn p\u00e5 egen hand. Om m\u00f6jligt kan du tillbringa en natt h\u00e4r f\u00f6r att njuta av den lugnande atmosf\u00e4ren och kanske se norrskenet fr\u00e5n fjorden.<\/p>\n\n<figure class=\"wp-block-image size-large\"><img decoding=\"async\" src=\"https:\/\/photos.smugmug.com\/Iceland\/Winter\/East-Fjords\/J-Seydisfjordur\/i-FQgtxcT\/1\/NjcRzSGSBsLBNVBRjdPLc4C7pGv34JXL3TvLDBc7R\/L\/Seydisfjordur_Iceland-3913-L.jpg\" alt=\"Solen i Seydisfjordur\"\/><\/figure>\n\n<h3 class=\"wp-block-heading\">De st\u00f6rsta sv\u00e5righeterna<\/h3>\n\n<p>Sj\u00e4lva byn \u00e4r l\u00e4tt att utforska till fots, med platta gator som l\u00f6per l\u00e4ngs med fjorden. Den st\u00f6rsta sv\u00e5righeten ligger i tillfarten via Route 93, s\u00e4rskilt under vinterf\u00f6rh\u00e5llanden.  <\/p>\n\n<p>Var f\u00f6rsiktig, med sn\u00f6 och is p\u00e5 marken kan det vara halt. Vi rekommenderar att du alltid har med dig klossar s\u00e5 att du kan l\u00e4gga till dem i dina skor.  <a href=\"https:\/\/iceland-lovers.com\/sv\/ska-man-ta-med-sig-island-vintern-kompletta-guide\/\" target=\"_blank\" rel=\"noreferrer noopener\">Se v\u00e5r artikel om att packa f\u00f6r vintern.<\/a><\/p>\n\n<h3 class=\"wp-block-heading\">Bes\u00f6kstid och faciliteter<\/h3>\n\n<p>R\u00e4kna med minst 2 timmar f\u00f6r att utforska byn, mer om du vill ta dig tid att bes\u00f6ka konstgallerierna och insupa atmosf\u00e4ren. I byn finns flera kaf\u00e9er och restauranger samt en mini-market f\u00f6r dina matvaror. Det finns offentliga toaletter i n\u00e4rheten av hamnen. F\u00f6r den som vill f\u00f6rl\u00e4nga sin vistelse finns ett antal boendealternativ, fr\u00e5n pensionat till hotell.<\/p>\n\n<p>Du kan \u00e4ven v\u00e4lja bland ett antal hotell i Egilsstatir, som till exempel <strong>Gistihusid &#8211; Lake Hotel <\/strong> <br\/><a href=\"https:\/\/www.booking.com\/hotel\/is\/guesthouse-egilsstadir.html?aid=2421273\" target=\"_blank\" rel=\"noreferrer noopener sponsored nofollow\">(Se foton ochtillg\u00e4nglighet<\/a>) eller <strong>H\u00e9rad &#8211; Berjaya Iceland Hotels<\/strong><a href=\"https:\/\/www.booking.com\/hotel\/is\/herad.html?aid=2421273\" target=\"_blank\" rel=\"noreferrer noopener sponsored nofollow\">(Se foton och tillg\u00e4nglighet)<\/a><\/p>\n\n<div style=\"background-color:#e4f8fb;margin-top:8%;margin-bottom:8%\" class=\"wp-block-genesis-blocks-gb-container box gb-block-container\"><div class=\"gb-container-inside\"><div class=\"gb-container-content\" style=\"max-width:700px\">\n<div style=\"background-color:#e4f8fb\" class=\"wp-block-genesis-blocks-gb-container box_titre gb-block-container\"><div class=\"gb-container-inside\"><div class=\"gb-container-content\">\n<h5 class=\"titre_box\" style=\"padding-top:10px;\">VAR KAN MAN BO P\u00c5 <span class=\"titre_box_manuscrit\">Island<\/span><\/h5>\n<\/div><\/div><\/div>\n\n\n\n<div class=\"wp-block-columns box_sans_border is-layout-flex wp-container-core-columns-is-layout-9d6595d7 wp-block-columns-is-layout-flex\">\n<div class=\"wp-block-column texte_planif is-layout-flow wp-block-column-is-layout-flow\" style=\"font-size:14px;flex-basis:60%\">\n<p class=\"option_titre2\">V\u00e5ra oberoende urval hj\u00e4lper dig att hitta ditt <strong>dr\u00f6mboende<\/strong>:<\/p>\n\n\n\n<ul class=\"wp-block-list\">\n<li>Var du ska bo p\u00e5 Island (kommer snart)<\/li>\n\n\n\n<li>Var man kan bo i Reykjavik (kommer snart)<\/li>\n\n\n\n<li>B\u00e4sta 5-stj\u00e4rniga hotell (kommer snart)<\/li>\n\n\n\n<li>Var man kan bo p\u00e5 sydkusten (kommer snart)<\/li>\n\n\n\n<li>Var man kan bo p\u00e5 Gyllene cirkeln (kommer snart)<\/li>\n\n\n\n<li><a href=\"https:\/\/iceland-lovers.com\/sv\/var-kan-bo-snaefellsnes-halvon-basta-hotellen\/\" target=\"_blank\" rel=\"noreferrer noopener\">Var man kan bo p\u00e5 Snaefellsnes-halv\u00f6n<\/a><\/li>\n<\/ul>\n\n\n\n<ul class=\"wp-block-list\">\n<li><a href=\"https:\/\/iceland-lovers.com\/sv\/var-man-ska-bo-island-vinter-basta-hotell\/\" data-type=\"post\" data-id=\"736\" target=\"_blank\" rel=\"noreferrer noopener\">Var man kan bo p\u00e5 \u00f6n p\u00e5 vintern<\/a><\/li>\n<\/ul>\n<\/div>\n\n\n\n<div class=\"wp-block-column is-vertically-aligned-top planif-radius is-layout-flow wp-block-column-is-layout-flow\" style=\"flex-basis:40%\">\n<figure class=\"wp-block-image size-large img-portrait\"><img decoding=\"async\" src=\"https:\/\/photos.smugmug.com\/Iceland\/South-Coast\/Hotel-Katla\/i-pJBMTRw\/0\/ZQQMRNz8xHstZq28JL5M6NFJtTCctQHbgMHVzVLz\/S\/Vik_Accommodation_Iceland-3648-S.jpg\" alt=\"Hotell Katla n&#xE4;ra Vik\" title=\"\"\/><\/figure>\n<\/div>\n<\/div>\n<\/div><\/div><\/div>\n\n<h2 class=\"wp-block-heading\"><span class=\"ez-toc-section\" id=\"Den_naturskona_vagen_%E2%80%93_Spektakular_nedfart\"><\/span>Den natursk\u00f6na v\u00e4gen &#8211; Spektakul\u00e4r nedfart<span class=\"ez-toc-section-end\"><\/span><\/h2>\n\n<p>Route 93 erbjuder en av Islands mest imponerande nedfarter. Fr\u00e5n Fjardarheidi-passet \u00f6ppnar sig landskapet mot fjorden Seydisfjordur, inramad av branta berg. P\u00e5 vintern g\u00e5r rutten genom ett sagolikt landskap med sn\u00f6t\u00e4ckta berg, och du kan se flera frusna vattenfall l\u00e4ngs v\u00e4gen.<\/p>\n\n<p>H\u00e5rn\u00e5lskurvor kr\u00e4ver st\u00e4ndig uppm\u00e4rksamhet, s\u00e4rskilt under vinterf\u00f6rh\u00e5llanden. Ta god tid p\u00e5 dig och njut av det sk\u00e5despel som utspelar sig vid varje v\u00e4ndning.<\/p>\n\n<figure class=\"wp-block-image size-large\"><img decoding=\"async\" src=\"https:\/\/photos.smugmug.com\/Iceland\/Winter\/East-Fjords\/J-Seydisfjordur\/i-gRLkxb9\/1\/LP9MprWFBvtb8wmDpMvKt9kJhV9qSF3xh5rBkrC6D\/L\/road_Seydisfjordur_Iceland-3510-L.jpg\" alt=\"\"\/><\/figure>\n\n<h2 class=\"wp-block-heading\"><span class=\"ez-toc-section\" id=\"Den_bla_kyrkan_%E2%80%93_Blaa_Kirkjan\"><\/span>Den bl\u00e5 kyrkan &#8211; Bl\u00e1a Kirkjan<span class=\"ez-toc-section-end\"><\/span><\/h2>\n\n<p>Den bl\u00e5 kyrkan Bl\u00e1a Kirkjan \u00e4r utan tvekan Seydisfjordurs landm\u00e4rke. Denna lutherska tr\u00e4kyrka, som byggdes 1922 och \u00e4r m\u00e5lad i en lysande bl\u00e5 f\u00e4rg, st\u00e5r i en fantastisk kontrast till det vita och gr\u00e5 vinterlandskapet.  <\/p>\n\n<p>Den typiskt norska arkitekturen och det smala klocktornet g\u00f6r den till en av Islands mest fotograferade religi\u00f6sa byggnader. Vi gillade s\u00e4rskilt regnb\u00e5gsstigen som leder till entr\u00e9n och som skapades 2016 av konstn\u00e4ren Randi Samundsdottir, trots att den \u00e4r n\u00e4stan helt t\u00e4ckt av sn\u00f6. Detta konstverk symboliserar m\u00e5ngfald och inkludering och \u00e5terspeglar byns progressiva anda.<\/p>\n\n<p>Kyrkans interi\u00f6r \u00e4r enkel men varm, med b\u00e4nkar i tr\u00e4 och en typiskt skandinavisk inredning. Jag \u00e4r dock inte s\u00e4ker p\u00e5 om det \u00e4r \u00f6ppet.<\/p>\n\n<figure class=\"wp-block-image size-large\"><img decoding=\"async\" src=\"https:\/\/photos.smugmug.com\/Iceland\/Winter\/East-Fjords\/J-Seydisfjordur\/i-qQPrMXW\/1\/L4WMwJTQxLnbbftG33Hjm7rw52fpVgT6zb4CS3zC7\/L\/Seydisfjordur_Iceland-3915-L.jpg\" alt=\"bl&#xE5; kyrka - Bl&#xE1;a Kirkjan\"\/><\/figure>\n\n<h2 class=\"wp-block-heading\"><span class=\"ez-toc-section\" id=\"Norges_fargglada_hus\"><\/span>Norges f\u00e4rgglada hus<span class=\"ez-toc-section-end\"><\/span><\/h2>\n\n<p>I centrum av Seydisfjordur finns en anm\u00e4rkningsv\u00e4rd samling tr\u00e4hus fr\u00e5n slutet av 1800-talet och b\u00f6rjan av 1900-talet. Dessa f\u00f6r sin tid ganska \u00f6verd\u00e5diga byggnader vittnar om byns blomstrande kommersiella f\u00f6rflutna som en viktig fiskehamn.  <\/p>\n\n<p>M\u00e5lade i livfulla nyanser av bl\u00e5tt, r\u00f6tt, gult, gr\u00f6nt och orange skapar dessa hus en sl\u00e5ende kontrast till de sn\u00f6t\u00e4ckta bergen i bakgrunden. Vi \u00e4lskade att vandra runt p\u00e5 de smala gatorna f\u00f6r att uppt\u00e4cka dem.<\/p>\n\n<p>M\u00e5nga av dessa gamla herrg\u00e5rdar \u00e4r nu hem f\u00f6r konstgallerier, konstn\u00e4rsatelj\u00e9er, kaf\u00e9er och hantverksbutiker. Denna omvandling har gjort det m\u00f6jligt att bevara det unika arkitektoniska arvet och samtidigt bl\u00e5sa nytt liv i byn.<\/p>\n\n<p>Det \u00e4r dock inte allt som \u00e4r \u00f6ppet p\u00e5 vintern.<\/p>\n\n<figure class=\"wp-block-image size-large\"><img decoding=\"async\" src=\"https:\/\/photos.smugmug.com\/Iceland\/Winter\/East-Fjords\/J-Seydisfjordur\/i-vqswc3t\/1\/KSNbzCfxGd4KNxsjtv59tFwF52xZbfbcZmH9tvTNc\/L\/Seydisfjordur_Iceland-3537-L.jpg\" alt=\"Norges f&#xE4;rgglada hus\"\/><\/figure>\n\n<h2 class=\"wp-block-heading\"><span class=\"ez-toc-section\" id=\"Fjorden_Seydisfjordur\"><\/span>Fjorden Seydisfjordur<span class=\"ez-toc-section-end\"><\/span><\/h2>\n\n<p>Fjorden Seydisfjordur str\u00e4cker sig ca 17 km fr\u00e5n byn till Atlanten. Denna smala fjord ramas in av branta berg som stiger till \u00f6ver 1000 meter och erbjuder ett fantastiskt vackert landskap. P\u00e5 vintern speglar sig de sn\u00f6t\u00e4ckta bergen i fjordens vatten (n\u00e4r det \u00e4r lugnt). Vi rekommenderar att du promenerar l\u00e4ngs hamnen f\u00f6r att njuta av de olika vyerna \u00f6ver fjorden.  <\/p>\n\n<p>Hamnen \u00e4r fortfarande aktiv p\u00e5 vintern, med f\u00e4rjeterminalen och ett antal fiskeb\u00e5tar f\u00f6rt\u00f6jda d\u00e4r. Det \u00e4r en idealisk plats f\u00f6r att observera det lokala livet och f\u00f6rst\u00e5 fiskets historiska betydelse i detta isolerade samh\u00e4lle.<\/p>\n\n<figure class=\"wp-block-image size-large\"><img decoding=\"async\" src=\"https:\/\/photos.smugmug.com\/Iceland\/Winter\/East-Fjords\/J-Seydisfjordur\/i-JwpssQT\/1\/NLtw9sVrDkTScs9Fzv6qBBcQf8vCNj2j3VRrsPGFv\/L\/Seydisfjordur_Iceland-3530-L.jpg\" alt=\"\"\/><\/figure>\n\n<h2 class=\"wp-block-heading\"><span class=\"ez-toc-section\" id=\"Konst-_och_kulturscenen\"><\/span>Konst- och kulturscenen<span class=\"ez-toc-section-end\"><\/span><\/h2>\n\n<p>Seydisfjordur har etablerat sig som ett stort konstn\u00e4rligt centrum p\u00e5 Island och lockar till sig konstn\u00e4rer, musiker och designers fr\u00e5n hela v\u00e4rlden. Skaftfell Art Centre erbjuder utst\u00e4llningar av samtida konst och residens f\u00f6r konstn\u00e4rer (dock endast p\u00e5 sommaren).  <\/p>\n\n<figure class=\"wp-block-image size-large\"><img decoding=\"async\" src=\"https:\/\/photos.smugmug.com\/Iceland\/Winter\/East-Fjords\/J-Seydisfjordur\/i-5ZFsTTp\/1\/KwQdHqhLQBjV6GdftgZ2QfJ8XmGssmV5fk9HFGhSV\/L\/Seydisfjordur_Iceland-3551-L.jpg\" alt=\"\"\/><\/figure>\n\n<h2 class=\"wp-block-heading\"><span class=\"ez-toc-section\" id=\"De_omgivande_vattenfallen\"><\/span>De omgivande vattenfallen<span class=\"ez-toc-section-end\"><\/span><\/h2>\n\n<p>Flera spektakul\u00e4ra vattenfall omger Seydisfjordur, synliga fr\u00e5n tillfartsv\u00e4gen eller tillg\u00e4ngliga genom korta vandringar. Vattenfallet Gufufoss, som ligger bara n\u00e5gra kilometer fr\u00e5n byn, \u00e4r ett av de mest imponerande med sina 27 meter. P\u00e5 vintern \u00e4r vattenfallen en magisk syn med sina isformationer och gnistrande stalaktiter.  <\/p>\n\n<p>Var dock uppm\u00e4rksam p\u00e5 att det kan vara sv\u00e5rt att ta sig till n\u00e5gra av vattenfallen p\u00e5 vintern p\u00e5 grund av sn\u00f6 och is. Ta reda p\u00e5 vad du beh\u00f6ver veta lokalt innan du ger dig ut p\u00e5 din vandring och utrusta dig d\u00e4refter.<\/p>\n\n<figure class=\"wp-block-image size-large\"><img decoding=\"async\" src=\"https:\/\/photos.smugmug.com\/Iceland\/Winter\/East-Fjords\/J-Seydisfjordur\/i-nGQ2ZZR\/1\/LFtNGFCXcp6tHGt6JzS9Tdkpb5LsBvjnshZNn5BbR\/L\/eoad_Seydisfjordur_Iceland-3563-L.jpg\" alt=\"cascade gel&#xE9;e route 93\"\/><\/figure>\n\n<h2 class=\"wp-block-heading\"><span class=\"ez-toc-section\" id=\"Vanliga_fragor_och_svar\"><\/span>Vanliga fr\u00e5gor och svar<span class=\"ez-toc-section-end\"><\/span><\/h2>\n\n<h3 class=\"wp-block-heading\">\u00c4r v\u00e4g 93 farbar p\u00e5 vintern?<\/h3>\n\n<p>Route 93 \u00e4r i allm\u00e4nhet \u00f6ppen p\u00e5 vintern, men f\u00f6rh\u00e5llandena kan vara sv\u00e5ra p\u00e5 grund av sn\u00f6, vind, is och dimma. Det \u00e4r viktigt att kontrollera v\u00e4gf\u00f6rh\u00e5llandena innan man ger sig iv\u00e4g och att ha ett l\u00e4mpligt fordon med bra vinterd\u00e4ck. I h\u00e4ndelse av storm kan v\u00e4gen st\u00e4ngas av tillf\u00e4lligt. En skylt anger situationen innan du tar v\u00e4gen.<\/p>\n\n<h3 class=\"wp-block-heading\">Hur l\u00e5ng tid tar det att bes\u00f6ka Seydisfjordur?<\/h3>\n\n<p>Ett snabbt bes\u00f6k i byn tar 1 timme, men vi rekommenderar att du l\u00e4gger 2 till 3 timmar p\u00e5 att njuta av atmosf\u00e4ren och utforska omgivningarna. Om du tillbringar en natt h\u00e4r kan du njuta av lugnet och tystnaden i byn och kanske till och med se norrskenet.<\/p>\n\n<h3 class=\"wp-block-heading\">\u00c4r Seydisfjordur l\u00e4mpligt f\u00f6r familjer med barn?<\/h3>\n\n<p>Ja, byn \u00e4r familjev\u00e4nlig. Gatorna \u00e4r lugna och l\u00e4tta att navigera. Barn kommer att \u00e4lska de f\u00e4rgglada husen och regnb\u00e5gsstigen till den bl\u00e5 kyrkan. Var dock uppm\u00e4rksam p\u00e5 v\u00e4gf\u00f6rh\u00e5llandena f\u00f6r att komma dit och de potentiellt hala trottoarerna p\u00e5 vintern.<\/p>\n\n<div style=\"margin-top:8%;margin-bottom:8%\" class=\"wp-block-genesis-blocks-gb-container box gb-block-container\"><div class=\"gb-container-inside\"><div class=\"gb-container-content\" style=\"max-width:700px\">\n<div class=\"wp-block-genesis-blocks-gb-container box_titre gb-block-container\"><div class=\"gb-container-inside\"><div class=\"gb-container-content\">\n<h5 class=\"titre_box\"><span>PLANERA<\/span> DIN RESA TILL <span class=\"titre_box_manuscrit\">Island<\/span> P\u00c5 VINTERN<\/h5>\n<\/div><\/div><\/div>\n\n\n\n<hr class=\"wp-block-separator has-text-color has-alpha-channel-opacity has-background is-style-wide hr-box-planif\" style=\"background-color:#ccd3dd;color:#ccd3dd\"\/>\n\n\n\n<div class=\"wp-block-columns box_sans_border is-layout-flex wp-container-core-columns-is-layout-9d6595d7 wp-block-columns-is-layout-flex\">\n<div class=\"wp-block-column texte_planif is-layout-flow wp-block-column-is-layout-flow\" style=\"font-size:14px;flex-basis:60%\">\n<ul class=\"wp-block-list\">\n<li><strong>B\u00e4st av<\/strong><\/li>\n<\/ul>\n\n\n\n<p class=\"ul_box\" style=\"font-size:14px\"><a href=\"https:\/\/iceland-lovers.com\/sv\/landskap-island-vinter-panorama-tips\/\" target=\"_blank\" rel=\"noreferrer noopener\">Landskap p\u00e5 Island p\u00e5 vintern<\/a><br\/><a href=\"https:\/\/iceland-lovers.com\/sv\/sevardheter-island-vintern-attraktioner\/\" target=\"_blank\" rel=\"noreferrer noopener\">Sev\u00e4rdheter p\u00e5 Island p\u00e5 vintern<\/a><br\/><a href=\"https:\/\/iceland-lovers.com\/sv\/vattenfall-island-vinter\/\" target=\"_blank\" rel=\"noreferrer noopener\">De vackraste vattenfallen<\/a><br\/><a href=\"https:\/\/iceland-lovers.com\/sv\/basta-turerna-grottles-is-island\/\" target=\"_blank\" rel=\"noreferrer noopener\">Isgrottor<\/a><br\/><a href=\"https:\/\/iceland-lovers.com\/sv\/basta-utflykter-fran-reykjavik-vintern\/\" target=\"_blank\" rel=\"noreferrer noopener\">B\u00e4sta utflykterna fr\u00e5n Reykjavik<\/a><\/p>\n<\/div>\n\n\n\n<div class=\"wp-block-column is-vertically-aligned-top planif-radius is-layout-flow wp-block-column-is-layout-flow\" style=\"flex-basis:40%\">\n<figure class=\"wp-block-image size-large img-portrait\"><img decoding=\"async\" src=\"https:\/\/photos.smugmug.com\/Iceland\/Winter\/Snaefellsnes\/Arnarstapi\/i-NFX9vCN\/1\/FdwFVJfh4wdx6pTCBdg5vVLNBJf4xph6CrQjkvWvp\/S\/Arnarstapi_Iceland-5203-S.jpg\" alt=\"Island p&#xE5; vintern\" title=\"\"\/><\/figure>\n<\/div>\n<\/div>\n\n\n\n<hr class=\"wp-block-separator has-text-color has-alpha-channel-opacity has-background is-style-wide hr-box-planif\" style=\"background-color:#ccd3dd;color:#ccd3dd\"\/>\n\n\n\n<div class=\"wp-block-columns box_sans_border is-layout-flex wp-container-core-columns-is-layout-9d6595d7 wp-block-columns-is-layout-flex\">\n<div class=\"wp-block-column texte_planif is-layout-flow wp-block-column-is-layout-flow\" style=\"flex-basis:60%\">\n<ul class=\"wp-block-list\">\n<li><strong>Praktiska r\u00e5d<\/strong><\/li>\n<\/ul>\n\n\n\n<p style=\"font-size:14px\"><br\/>Att ta sig runt (kommer snart)<br\/><a href=\"https:\/\/iceland-lovers.com\/sv\/hur-hyr-bil-island-tips-erfarenhet\/\" target=\"_blank\" rel=\"noreferrer noopener\">Hur man hyr en bil p\u00e5 Island<\/a><br\/><a href=\"https:\/\/iceland-lovers.com\/sv\/korning-island-vinter-tips\/\" target=\"_blank\" rel=\"noreferrer noopener\">Tips f\u00f6r vinterk\u00f6rning<\/a><br\/><a href=\"https:\/\/iceland-lovers.com\/sv\/var-man-ska-bo-island-vinter-basta-hotell\/\" target=\"_blank\" rel=\"noreferrer noopener\">Var man kan bo p\u00e5 Island p\u00e5 vintern<\/a><br\/>Resplaner: 3 dagar &#8211; 4 dagar &#8211; 5 dagar &#8211; <a href=\"https:\/\/iceland-lovers.com\/sv\/besok-island-vinter-en-vecka-resvagar\/\" target=\"_blank\" rel=\"noreferrer noopener\">1 vecka<\/a> &#8211; 10 dagar (kommer snart)<br\/><\/p>\n<\/div>\n\n\n\n<div class=\"wp-block-column is-vertically-aligned-top planif-radius is-layout-flow wp-block-column-is-layout-flow\" style=\"flex-basis:40%\">\n<figure class=\"wp-block-image size-large img-portrait\"><img decoding=\"async\" src=\"https:\/\/photos.smugmug.com\/Iceland\/Winter\/Driving\/i-gNPz6JD\/1\/CGfmHQKPwKJcrdGBLqMjkqvmgRwW8fC8FGFKRWX3n\/S\/South_Coast_ring_road_Iceland-2099-S.jpg\" alt=\"Att k&#xF6;ra bil p&#xE5; Island p&#xE5; vintern\" title=\"\"\/><\/figure>\n<\/div>\n<\/div>\n\n\n\n<hr class=\"wp-block-separator has-text-color has-alpha-channel-opacity has-background is-style-wide hr-box-planif\" style=\"background-color:#ccd3dd;color:#ccd3dd\"\/>\n\n\n\n<div class=\"wp-block-columns box_sans_border is-layout-flex wp-container-core-columns-is-layout-9d6595d7 wp-block-columns-is-layout-flex\">\n<div class=\"wp-block-column texte_planif is-layout-flow wp-block-column-is-layout-flow\" style=\"flex-basis:60%\">\n<ul class=\"wp-block-list\">\n<li><strong>Det du m\u00e5ste ha<\/strong><\/li>\n<\/ul>\n\n\n\n<p style=\"font-size:14px\"><a href=\"https:\/\/iceland-lovers.com\/sv\/besok-reykjavik-vintern-sevardheter\/\" target=\"_blank\" rel=\"noreferrer noopener\">Reykjavik p\u00e5 vintern<\/a><br\/><a href=\"https:\/\/iceland-lovers.com\/sv\/sevardheter-gyllene-cirkeln-vintern-att-gora\/\" target=\"_blank\" rel=\"noreferrer noopener\">Gyllene cirkeln p\u00e5 vintern<\/a><br\/><a href=\"https:\/\/iceland-lovers.com\/sv\/sevardheter-syd-island-vinter-attraktioner\/\" target=\"_blank\" rel=\"noreferrer noopener\">Sydkusten p\u00e5 vintern<\/a><a href=\"https:\/\/iceland-lovers.com\/sv\/island-ostra-fjordarna-vinter-sevardheter\/\"><br\/><\/a><a href=\"https:\/\/iceland-lovers.com\/sv\/sevardheter-snaefellsnes-vinter\/\" target=\"_blank\" rel=\"noreferrer noopener\">Snaefellsnes p\u00e5 vintern<\/a><br\/>Silver Circle p\u00e5 vintern (kommer snart)<br\/><a href=\"https:\/\/iceland-lovers.com\/sv\/sjon-myvatn-vinter-sevardheter\/\" target=\"_blank\" rel=\"noreferrer noopener\">Sj\u00f6n Myvatn p\u00e5 vintern<\/a><br\/><a href=\"https:\/\/iceland-lovers.com\/sv\/island-ostra-fjordarna-vinter-sevardheter\/\">\u00d6stra fjordarna p\u00e5 vintern<\/a><br\/><a href=\"https:\/\/iceland-lovers.com\/sv\/vattenfall-seljalandsfoss-vintern\/\" target=\"_blank\" rel=\"noreferrer noopener\">Seljalandsfoss p\u00e5 vintern<\/a><br\/><a href=\"https:\/\/iceland-lovers.com\/sv\/jokulsarlon-vintern\/\" target=\"_blank\" rel=\"noreferrer noopener\">Jokulsarlon p\u00e5 vintern<\/a><br\/><br\/><\/p>\n<\/div>\n\n\n\n<div class=\"wp-block-column is-vertically-aligned-top planif-radius is-layout-flow wp-block-column-is-layout-flow\" style=\"flex-basis:40%\">\n<figure class=\"wp-block-image size-large img-portrait\"><img decoding=\"async\" src=\"https:\/\/photos.smugmug.com\/Iceland\/Winter\/South-Coast-in-Winter\/Skogafoss-Winter\/i-DnzSqr9\/1\/CCWLWFQzNvbCRFMCHkPxzrqHGtsv2GGdfgBrm6thq\/S\/Waterfall_Skogafoss_Iceland-3620-S.jpg\" alt=\"Skogafoss p&#xE5; vintern\" title=\"\"\/><\/figure>\n<\/div>\n<\/div>\n\n\n\n<div style=\"height:30px\" aria-hidden=\"true\" class=\"wp-block-spacer\"><\/div>\n<\/div><\/div><\/div>\n\n<div class=\"wp-block-genesis-blocks-gb-container box_auteur_voyage gb-block-container\"><div class=\"gb-container-inside\"><div class=\"gb-container-content\">\n<figure class=\"wp-block-image size-large img_auteur_voyage img_provisoire\"><img decoding=\"async\" src=\"https:\/\/photos.smugmug.com\/Region-Lovers\/Equipe\/i-nsNF6C6\/0\/Cs2F5n96pkt9xFD9D3SVqmQspMhrKgN75nHgBqmjG\/L\/Claire-L.png\" alt=\"\"\/><\/figure>\n\n\n\n<h5 class=\"titre_auteur_voyage\"><span>HON GJORDE RESAN OCH SKREV ARTIKELN \n <\/span><span class=\"titre_box_manuscrit\">Claire<\/span><\/h5>\n<\/div><\/div><\/div>\n","protected":false},"excerpt":{"rendered":"<p>Uppt\u00e4ck Seydisfjordur p\u00e5 vintern, en pittoresk by som ligger inb\u00e4ddad i slutet av en spektakul\u00e4r fjord i de \u00f6stra fjordarna. Denna dolda p\u00e4rla erbjuder ett majest\u00e4tiskt landskap med sn\u00f6t\u00e4ckta berg och f\u00e4rgglada hus.H\u00e4r \u00e4r n\u00e5gra anv\u00e4ndbara tips som hj\u00e4lper dig att f\u00f6rbereda dig inf\u00f6r ditt bes\u00f6k och f\u00e5 en underbar tid! Varf\u00f6r bes\u00f6ka Seydisfjordur p\u00e5 [&hellip;]<\/p>\n","protected":false},"author":1,"featured_media":3757,"comment_status":"closed","ping_status":"closed","sticky":false,"template":"","format":"standard","meta":{"_genesis_hide_title":false,"_genesis_hide_breadcrumbs":false,"_genesis_hide_singular_image":false,"_genesis_hide_footer_widgets":false,"_genesis_custom_body_class":"","_genesis_custom_post_class":"","_genesis_layout":"","footnotes":""},"categories":[44],"tags":[],"class_list":{"0":"post-3738","1":"post","2":"type-post","3":"status-publish","4":"format-standard","5":"has-post-thumbnail","7":"category-vintern","8":"entry"},"yoast_head":"<!-- This site is optimized with the Yoast SEO plugin v27.2 - https:\/\/yoast.com\/product\/yoast-seo-wordpress\/ -->\n<title>Seydisfjordur p\u00e5 vintern (tips + foton)<\/title>\n<meta name=\"description\" content=\"Alla v\u00e5ra tips f\u00f6r att bes\u00f6ka Seydisfjordur p\u00e5 vintern: tillg\u00e5ng, fjordar, byar, f\u00e4rgglada hus ... i sn\u00f6n!\" \/>\n<meta name=\"robots\" content=\"index, follow, max-snippet:-1, max-image-preview:large, max-video-preview:-1\" \/>\n<link rel=\"canonical\" href=\"https:\/\/iceland-lovers.com\/sv\/seydisfjordur-vintern\/\" \/>\n<meta property=\"og:locale\" content=\"sv_SE\" \/>\n<meta property=\"og:type\" content=\"article\" \/>\n<meta property=\"og:title\" content=\"Seydisfjordur p\u00e5 vintern (tips + foton)\" \/>\n<meta property=\"og:description\" content=\"Alla v\u00e5ra tips f\u00f6r att bes\u00f6ka Seydisfjordur p\u00e5 vintern: tillg\u00e5ng, fjordar, byar, f\u00e4rgglada hus ... i sn\u00f6n!\" \/>\n<meta property=\"og:url\" content=\"https:\/\/iceland-lovers.com\/sv\/seydisfjordur-vintern\/\" \/>\n<meta property=\"og:site_name\" content=\"Iceland Lovers\" \/>\n<meta property=\"article:published_time\" content=\"2025-12-16T14:54:27+00:00\" \/>\n<meta property=\"article:modified_time\" content=\"2025-12-16T15:17:06+00:00\" \/>\n<meta property=\"og:image\" content=\"https:\/\/iceland-lovers.com\/wp-content\/uploads\/2025\/12\/Seydisfjordur-pa-vintern.jpg\" \/>\n\t<meta property=\"og:image:width\" content=\"800\" \/>\n\t<meta property=\"og:image:height\" content=\"533\" \/>\n\t<meta property=\"og:image:type\" content=\"image\/jpeg\" \/>\n<meta name=\"author\" content=\"Claire\" \/>\n<meta name=\"twitter:card\" content=\"summary_large_image\" \/>\n<meta name=\"twitter:label1\" content=\"Skriven av\" \/>\n\t<meta name=\"twitter:data1\" content=\"Claire\" \/>\n\t<meta name=\"twitter:label2\" content=\"Ber\u00e4knad l\u00e4stid\" \/>\n\t<meta name=\"twitter:data2\" content=\"8 minuter\" \/>\n<script type=\"application\/ld+json\" class=\"yoast-schema-graph\">{\"@context\":\"https:\/\/schema.org\",\"@graph\":[{\"@type\":\"Article\",\"@id\":\"https:\/\/iceland-lovers.com\/sv\/seydisfjordur-vintern\/#article\",\"isPartOf\":{\"@id\":\"https:\/\/iceland-lovers.com\/sv\/seydisfjordur-vintern\/\"},\"author\":{\"name\":\"Claire\",\"@id\":\"https:\/\/iceland-lovers.com\/sv\/#\/schema\/person\/99f50c0c6981832bc8c168071e92df44\"},\"headline\":\"Seydisfjordur p\u00e5 vintern (tips + foton)\",\"datePublished\":\"2025-12-16T14:54:27+00:00\",\"dateModified\":\"2025-12-16T15:17:06+00:00\",\"mainEntityOfPage\":{\"@id\":\"https:\/\/iceland-lovers.com\/sv\/seydisfjordur-vintern\/\"},\"wordCount\":1589,\"publisher\":{\"@id\":\"https:\/\/iceland-lovers.com\/sv\/#organization\"},\"image\":{\"@id\":\"https:\/\/iceland-lovers.com\/sv\/seydisfjordur-vintern\/#primaryimage\"},\"thumbnailUrl\":\"https:\/\/iceland-lovers.com\/wp-content\/uploads\/2025\/12\/Seydisfjordur-pa-vintern.jpg\",\"articleSection\":[\"Island p\u00e5 vintern\"],\"inLanguage\":\"sv-SE\"},{\"@type\":\"WebPage\",\"@id\":\"https:\/\/iceland-lovers.com\/sv\/seydisfjordur-vintern\/\",\"url\":\"https:\/\/iceland-lovers.com\/sv\/seydisfjordur-vintern\/\",\"name\":\"Seydisfjordur p\u00e5 vintern (tips + foton)\",\"isPartOf\":{\"@id\":\"https:\/\/iceland-lovers.com\/sv\/#website\"},\"primaryImageOfPage\":{\"@id\":\"https:\/\/iceland-lovers.com\/sv\/seydisfjordur-vintern\/#primaryimage\"},\"image\":{\"@id\":\"https:\/\/iceland-lovers.com\/sv\/seydisfjordur-vintern\/#primaryimage\"},\"thumbnailUrl\":\"https:\/\/iceland-lovers.com\/wp-content\/uploads\/2025\/12\/Seydisfjordur-pa-vintern.jpg\",\"datePublished\":\"2025-12-16T14:54:27+00:00\",\"dateModified\":\"2025-12-16T15:17:06+00:00\",\"description\":\"Alla v\u00e5ra tips f\u00f6r att bes\u00f6ka Seydisfjordur p\u00e5 vintern: tillg\u00e5ng, fjordar, byar, f\u00e4rgglada hus ... i sn\u00f6n!\",\"breadcrumb\":{\"@id\":\"https:\/\/iceland-lovers.com\/sv\/seydisfjordur-vintern\/#breadcrumb\"},\"inLanguage\":\"sv-SE\",\"potentialAction\":[{\"@type\":\"ReadAction\",\"target\":[\"https:\/\/iceland-lovers.com\/sv\/seydisfjordur-vintern\/\"]}]},{\"@type\":\"ImageObject\",\"inLanguage\":\"sv-SE\",\"@id\":\"https:\/\/iceland-lovers.com\/sv\/seydisfjordur-vintern\/#primaryimage\",\"url\":\"https:\/\/iceland-lovers.com\/wp-content\/uploads\/2025\/12\/Seydisfjordur-pa-vintern.jpg\",\"contentUrl\":\"https:\/\/iceland-lovers.com\/wp-content\/uploads\/2025\/12\/Seydisfjordur-pa-vintern.jpg\",\"width\":800,\"height\":533,\"caption\":\"Seydisfjordur p\u00e5 vintern\"},{\"@type\":\"BreadcrumbList\",\"@id\":\"https:\/\/iceland-lovers.com\/sv\/seydisfjordur-vintern\/#breadcrumb\",\"itemListElement\":[{\"@type\":\"ListItem\",\"position\":1,\"name\":\"Accueil\",\"item\":\"https:\/\/iceland-lovers.com\/sv\/\"},{\"@type\":\"ListItem\",\"position\":2,\"name\":\"Island p\u00e5 vintern\",\"item\":\"https:\/\/iceland-lovers.com\/sv\/vintern\/\"},{\"@type\":\"ListItem\",\"position\":3,\"name\":\"Seydisfjordur p\u00e5 vintern (tips + foton)\"}]},{\"@type\":\"WebSite\",\"@id\":\"https:\/\/iceland-lovers.com\/sv\/#website\",\"url\":\"https:\/\/iceland-lovers.com\/sv\/\",\"name\":\"Iceland Lovers\",\"description\":\"Le Blog de Claire et Manu\",\"publisher\":{\"@id\":\"https:\/\/iceland-lovers.com\/sv\/#organization\"},\"potentialAction\":[{\"@type\":\"SearchAction\",\"target\":{\"@type\":\"EntryPoint\",\"urlTemplate\":\"https:\/\/iceland-lovers.com\/sv\/?s={search_term_string}\"},\"query-input\":{\"@type\":\"PropertyValueSpecification\",\"valueRequired\":true,\"valueName\":\"search_term_string\"}}],\"inLanguage\":\"sv-SE\"},{\"@type\":\"Organization\",\"@id\":\"https:\/\/iceland-lovers.com\/sv\/#organization\",\"name\":\"Iceland Lovers\",\"url\":\"https:\/\/iceland-lovers.com\/sv\/\",\"logo\":{\"@type\":\"ImageObject\",\"inLanguage\":\"sv-SE\",\"@id\":\"https:\/\/iceland-lovers.com\/sv\/#\/schema\/logo\/image\/\",\"url\":\"https:\/\/iceland-lovers.com\/wp-content\/uploads\/2024\/05\/cropped-Iceland-Lovers-Logos-RVB_Principal-bicolore.png\",\"contentUrl\":\"https:\/\/iceland-lovers.com\/wp-content\/uploads\/2024\/05\/cropped-Iceland-Lovers-Logos-RVB_Principal-bicolore.png\",\"width\":2326,\"height\":501,\"caption\":\"Iceland Lovers\"},\"image\":{\"@id\":\"https:\/\/iceland-lovers.com\/sv\/#\/schema\/logo\/image\/\"}},{\"@type\":\"Person\",\"@id\":\"https:\/\/iceland-lovers.com\/sv\/#\/schema\/person\/99f50c0c6981832bc8c168071e92df44\",\"name\":\"Claire\",\"image\":{\"@type\":\"ImageObject\",\"inLanguage\":\"sv-SE\",\"@id\":\"https:\/\/secure.gravatar.com\/avatar\/e3566233826c32de8d7c9ef726a1087654b12cadb092acc17ee1d357687192ff?s=96&d=mm&r=g\",\"url\":\"https:\/\/secure.gravatar.com\/avatar\/e3566233826c32de8d7c9ef726a1087654b12cadb092acc17ee1d357687192ff?s=96&d=mm&r=g\",\"contentUrl\":\"https:\/\/secure.gravatar.com\/avatar\/e3566233826c32de8d7c9ef726a1087654b12cadb092acc17ee1d357687192ff?s=96&d=mm&r=g\",\"caption\":\"Claire\"},\"sameAs\":[\"https:\/\/iceland-lovers.com\/claire-robinson\/\"],\"url\":\"https:\/\/iceland-lovers.com\/sv\/author\/icelandlovers\/\"}]}<\/script>\n<!-- \/ Yoast SEO plugin. -->","yoast_head_json":{"title":"Seydisfjordur p\u00e5 vintern (tips + foton)","description":"Alla v\u00e5ra tips f\u00f6r att bes\u00f6ka Seydisfjordur p\u00e5 vintern: tillg\u00e5ng, fjordar, byar, f\u00e4rgglada hus ... i sn\u00f6n!","robots":{"index":"index","follow":"follow","max-snippet":"max-snippet:-1","max-image-preview":"max-image-preview:large","max-video-preview":"max-video-preview:-1"},"canonical":"https:\/\/iceland-lovers.com\/sv\/seydisfjordur-vintern\/","og_locale":"sv_SE","og_type":"article","og_title":"Seydisfjordur p\u00e5 vintern (tips + foton)","og_description":"Alla v\u00e5ra tips f\u00f6r att bes\u00f6ka Seydisfjordur p\u00e5 vintern: tillg\u00e5ng, fjordar, byar, f\u00e4rgglada hus ... i sn\u00f6n!","og_url":"https:\/\/iceland-lovers.com\/sv\/seydisfjordur-vintern\/","og_site_name":"Iceland Lovers","article_published_time":"2025-12-16T14:54:27+00:00","article_modified_time":"2025-12-16T15:17:06+00:00","og_image":[{"width":800,"height":533,"url":"https:\/\/iceland-lovers.com\/wp-content\/uploads\/2025\/12\/Seydisfjordur-pa-vintern.jpg","type":"image\/jpeg"}],"author":"Claire","twitter_card":"summary_large_image","twitter_misc":{"Skriven av":"Claire","Ber\u00e4knad l\u00e4stid":"8 minuter"},"schema":{"@context":"https:\/\/schema.org","@graph":[{"@type":"Article","@id":"https:\/\/iceland-lovers.com\/sv\/seydisfjordur-vintern\/#article","isPartOf":{"@id":"https:\/\/iceland-lovers.com\/sv\/seydisfjordur-vintern\/"},"author":{"name":"Claire","@id":"https:\/\/iceland-lovers.com\/sv\/#\/schema\/person\/99f50c0c6981832bc8c168071e92df44"},"headline":"Seydisfjordur p\u00e5 vintern (tips + foton)","datePublished":"2025-12-16T14:54:27+00:00","dateModified":"2025-12-16T15:17:06+00:00","mainEntityOfPage":{"@id":"https:\/\/iceland-lovers.com\/sv\/seydisfjordur-vintern\/"},"wordCount":1589,"publisher":{"@id":"https:\/\/iceland-lovers.com\/sv\/#organization"},"image":{"@id":"https:\/\/iceland-lovers.com\/sv\/seydisfjordur-vintern\/#primaryimage"},"thumbnailUrl":"https:\/\/iceland-lovers.com\/wp-content\/uploads\/2025\/12\/Seydisfjordur-pa-vintern.jpg","articleSection":["Island p\u00e5 vintern"],"inLanguage":"sv-SE"},{"@type":"WebPage","@id":"https:\/\/iceland-lovers.com\/sv\/seydisfjordur-vintern\/","url":"https:\/\/iceland-lovers.com\/sv\/seydisfjordur-vintern\/","name":"Seydisfjordur p\u00e5 vintern (tips + foton)","isPartOf":{"@id":"https:\/\/iceland-lovers.com\/sv\/#website"},"primaryImageOfPage":{"@id":"https:\/\/iceland-lovers.com\/sv\/seydisfjordur-vintern\/#primaryimage"},"image":{"@id":"https:\/\/iceland-lovers.com\/sv\/seydisfjordur-vintern\/#primaryimage"},"thumbnailUrl":"https:\/\/iceland-lovers.com\/wp-content\/uploads\/2025\/12\/Seydisfjordur-pa-vintern.jpg","datePublished":"2025-12-16T14:54:27+00:00","dateModified":"2025-12-16T15:17:06+00:00","description":"Alla v\u00e5ra tips f\u00f6r att bes\u00f6ka Seydisfjordur p\u00e5 vintern: tillg\u00e5ng, fjordar, byar, f\u00e4rgglada hus ... i sn\u00f6n!","breadcrumb":{"@id":"https:\/\/iceland-lovers.com\/sv\/seydisfjordur-vintern\/#breadcrumb"},"inLanguage":"sv-SE","potentialAction":[{"@type":"ReadAction","target":["https:\/\/iceland-lovers.com\/sv\/seydisfjordur-vintern\/"]}]},{"@type":"ImageObject","inLanguage":"sv-SE","@id":"https:\/\/iceland-lovers.com\/sv\/seydisfjordur-vintern\/#primaryimage","url":"https:\/\/iceland-lovers.com\/wp-content\/uploads\/2025\/12\/Seydisfjordur-pa-vintern.jpg","contentUrl":"https:\/\/iceland-lovers.com\/wp-content\/uploads\/2025\/12\/Seydisfjordur-pa-vintern.jpg","width":800,"height":533,"caption":"Seydisfjordur p\u00e5 vintern"},{"@type":"BreadcrumbList","@id":"https:\/\/iceland-lovers.com\/sv\/seydisfjordur-vintern\/#breadcrumb","itemListElement":[{"@type":"ListItem","position":1,"name":"Accueil","item":"https:\/\/iceland-lovers.com\/sv\/"},{"@type":"ListItem","position":2,"name":"Island p\u00e5 vintern","item":"https:\/\/iceland-lovers.com\/sv\/vintern\/"},{"@type":"ListItem","position":3,"name":"Seydisfjordur p\u00e5 vintern (tips + foton)"}]},{"@type":"WebSite","@id":"https:\/\/iceland-lovers.com\/sv\/#website","url":"https:\/\/iceland-lovers.com\/sv\/","name":"Iceland Lovers","description":"Le Blog de Claire et Manu","publisher":{"@id":"https:\/\/iceland-lovers.com\/sv\/#organization"},"potentialAction":[{"@type":"SearchAction","target":{"@type":"EntryPoint","urlTemplate":"https:\/\/iceland-lovers.com\/sv\/?s={search_term_string}"},"query-input":{"@type":"PropertyValueSpecification","valueRequired":true,"valueName":"search_term_string"}}],"inLanguage":"sv-SE"},{"@type":"Organization","@id":"https:\/\/iceland-lovers.com\/sv\/#organization","name":"Iceland Lovers","url":"https:\/\/iceland-lovers.com\/sv\/","logo":{"@type":"ImageObject","inLanguage":"sv-SE","@id":"https:\/\/iceland-lovers.com\/sv\/#\/schema\/logo\/image\/","url":"https:\/\/iceland-lovers.com\/wp-content\/uploads\/2024\/05\/cropped-Iceland-Lovers-Logos-RVB_Principal-bicolore.png","contentUrl":"https:\/\/iceland-lovers.com\/wp-content\/uploads\/2024\/05\/cropped-Iceland-Lovers-Logos-RVB_Principal-bicolore.png","width":2326,"height":501,"caption":"Iceland Lovers"},"image":{"@id":"https:\/\/iceland-lovers.com\/sv\/#\/schema\/logo\/image\/"}},{"@type":"Person","@id":"https:\/\/iceland-lovers.com\/sv\/#\/schema\/person\/99f50c0c6981832bc8c168071e92df44","name":"Claire","image":{"@type":"ImageObject","inLanguage":"sv-SE","@id":"https:\/\/secure.gravatar.com\/avatar\/e3566233826c32de8d7c9ef726a1087654b12cadb092acc17ee1d357687192ff?s=96&d=mm&r=g","url":"https:\/\/secure.gravatar.com\/avatar\/e3566233826c32de8d7c9ef726a1087654b12cadb092acc17ee1d357687192ff?s=96&d=mm&r=g","contentUrl":"https:\/\/secure.gravatar.com\/avatar\/e3566233826c32de8d7c9ef726a1087654b12cadb092acc17ee1d357687192ff?s=96&d=mm&r=g","caption":"Claire"},"sameAs":["https:\/\/iceland-lovers.com\/claire-robinson\/"],"url":"https:\/\/iceland-lovers.com\/sv\/author\/icelandlovers\/"}]}},"featured_image_src":"https:\/\/iceland-lovers.com\/wp-content\/uploads\/2025\/12\/Seydisfjordur-pa-vintern-600x400.jpg","featured_image_src_square":"https:\/\/iceland-lovers.com\/wp-content\/uploads\/2025\/12\/Seydisfjordur-pa-vintern-600x533.jpg","author_info":{"display_name":"Claire","author_link":"https:\/\/iceland-lovers.com\/sv\/author\/icelandlovers\/"},"_links":{"self":[{"href":"https:\/\/iceland-lovers.com\/sv\/wp-json\/wp\/v2\/posts\/3738","targetHints":{"allow":["GET"]}}],"collection":[{"href":"https:\/\/iceland-lovers.com\/sv\/wp-json\/wp\/v2\/posts"}],"about":[{"href":"https:\/\/iceland-lovers.com\/sv\/wp-json\/wp\/v2\/types\/post"}],"author":[{"embeddable":true,"href":"https:\/\/iceland-lovers.com\/sv\/wp-json\/wp\/v2\/users\/1"}],"replies":[{"embeddable":true,"href":"https:\/\/iceland-lovers.com\/sv\/wp-json\/wp\/v2\/comments?post=3738"}],"version-history":[{"count":0,"href":"https:\/\/iceland-lovers.com\/sv\/wp-json\/wp\/v2\/posts\/3738\/revisions"}],"wp:featuredmedia":[{"embeddable":true,"href":"https:\/\/iceland-lovers.com\/sv\/wp-json\/wp\/v2\/media\/3757"}],"wp:attachment":[{"href":"https:\/\/iceland-lovers.com\/sv\/wp-json\/wp\/v2\/media?parent=3738"}],"wp:term":[{"taxonomy":"category","embeddable":true,"href":"https:\/\/iceland-lovers.com\/sv\/wp-json\/wp\/v2\/categories?post=3738"},{"taxonomy":"post_tag","embeddable":true,"href":"https:\/\/iceland-lovers.com\/sv\/wp-json\/wp\/v2\/tags?post=3738"}],"curies":[{"name":"wp","href":"https:\/\/api.w.org\/{rel}","templated":true}]}}