{"id":3906,"date":"2026-03-30T11:59:49","date_gmt":"2026-03-30T09:59:49","guid":{"rendered":"https:\/\/iceland-lovers.com\/voyager-islande-ete-guide\/"},"modified":"2026-03-30T12:10:25","modified_gmt":"2026-03-30T10:10:25","slug":"viajar-islandia-verao-guia","status":"publish","type":"post","link":"https:\/\/iceland-lovers.com\/pt-pt\/viajar-islandia-verao-guia\/","title":{"rendered":"Viajar para a Isl\u00e2ndia no ver\u00e3o: o nosso guia completo! (+ fotos)"},"content":{"rendered":"\n<p>Aqui est\u00e1 o nosso guia completo para planear a sua viagem \u00e0 Isl\u00e2ndia no ver\u00e3o, com todos os nossos conselhos num s\u00f3 local para fazer escolhas e preparar-se:<\/p>\n\n<ul class=\"wp-block-list\">\n<li>Onde ir e como<\/li>\n\n\n\n<li>Onde dormir<\/li>\n\n\n\n<li>Mapa e itiner\u00e1rios<\/li>\n\n\n\n<li>O que deve trazer<\/li>\n\n\n\n<li>O que deve ter em aten\u00e7\u00e3o<\/li>\n\n\n\n<li>&#8230;<\/li>\n<\/ul>\n\n<figure class=\"wp-block-image size-full\"><img decoding=\"async\" src=\"https:\/\/iceland-lovers.com\/wp-content\/uploads\/2026\/03\/viagem-Islandia-no-verao-guia-dicas.jpg\" alt=\"viajar Isl&#xE2;ndia guia de ver&#xE3;o\" class=\"wp-image-3861\"\/><\/figure>\n\n<p>Esta \u00e9 uma opini\u00e3o completamente <strong>independente<\/strong>, baseada na nossa pr\u00f3pria experi\u00eancia. Visit\u00e1mos a regi\u00e3o de forma an\u00f3nima, fazendo as nossas pr\u00f3prias escolhas e pagando as nossas contas na totalidade.<\/p>\n\n<div style=\"padding-left:5%\" class=\"wp-block-genesis-blocks-gb-container box gb-block-container\"><div class=\"gb-container-inside\"><div class=\"gb-container-content\">\n<p class=\"titre_box_manuscrit\">Conte\u00fado<\/p>\n\n\n\n<div class=\"wp-block-genesis-blocks-gb-container gb-block-container\"><div class=\"gb-container-inside\"><div class=\"gb-container-content\"><div id=\"ez-toc-container\" class=\"ez-toc-v2_0_82_1 counter-hierarchy ez-toc-counter ez-toc-custom ez-toc-container-direction\">\n<div class=\"ez-toc-title-container\">\n<span class=\"ez-toc-title-toggle\"><\/span><\/div>\n<nav><ul class='ez-toc-list ez-toc-list-level-1 ' ><li class='ez-toc-page-1 ez-toc-heading-level-2'><a class=\"ez-toc-link ez-toc-heading-1\" href=\"https:\/\/iceland-lovers.com\/pt-pt\/viajar-islandia-verao-guia\/#Os_elementos_essenciais_para_uma_viagem_bem_sucedida_a_Islandia_no_verao\" >Os elementos essenciais para uma viagem bem sucedida \u00e0 Isl\u00e2ndia no ver\u00e3o<\/a><\/li><li class='ez-toc-page-1 ez-toc-heading-level-2'><a class=\"ez-toc-link ez-toc-heading-2\" href=\"https:\/\/iceland-lovers.com\/pt-pt\/viajar-islandia-verao-guia\/#Mapa_%E2%80%93_Quanto_tempo_vai_estar_ausente\" >Mapa &#8211; Quanto tempo vai estar ausente?<\/a><\/li><li class='ez-toc-page-1 ez-toc-heading-level-2'><a class=\"ez-toc-link ez-toc-heading-3\" href=\"https:\/\/iceland-lovers.com\/pt-pt\/viajar-islandia-verao-guia\/#Quando_ir_a_Islandia_no_verao\" >Quando ir \u00e0 Isl\u00e2ndia no ver\u00e3o<\/a><\/li><li class='ez-toc-page-1 ez-toc-heading-level-2'><a class=\"ez-toc-link ez-toc-heading-4\" href=\"https:\/\/iceland-lovers.com\/pt-pt\/viajar-islandia-verao-guia\/#Como_chegar_a_Islandia_no_verao\" >Como chegar \u00e0 Isl\u00e2ndia no ver\u00e3o<\/a><\/li><li class='ez-toc-page-1 ez-toc-heading-level-2'><a class=\"ez-toc-link ez-toc-heading-5\" href=\"https:\/\/iceland-lovers.com\/pt-pt\/viajar-islandia-verao-guia\/#Viajar_pela_Islandia_no_verao\" >Viajar pela Isl\u00e2ndia no ver\u00e3o<\/a><\/li><li class='ez-toc-page-1 ez-toc-heading-level-2'><a class=\"ez-toc-link ez-toc-heading-6\" href=\"https:\/\/iceland-lovers.com\/pt-pt\/viajar-islandia-verao-guia\/#Itinerario_na_Islandia_no_verao\" >Itiner\u00e1rio na Isl\u00e2ndia no ver\u00e3o<\/a><\/li><li class='ez-toc-page-1 ez-toc-heading-level-2'><a class=\"ez-toc-link ez-toc-heading-7\" href=\"https:\/\/iceland-lovers.com\/pt-pt\/viajar-islandia-verao-guia\/#O_que_fazer_na_Islandia_no_verao\" >O que fazer na Isl\u00e2ndia no ver\u00e3o<\/a><\/li><li class='ez-toc-page-1 ez-toc-heading-level-2'><a class=\"ez-toc-link ez-toc-heading-8\" href=\"https:\/\/iceland-lovers.com\/pt-pt\/viajar-islandia-verao-guia\/#Que_regiao_visitar_e_onde_ficar\" >Que regi\u00e3o visitar e onde ficar?<\/a><\/li><li class='ez-toc-page-1 ez-toc-heading-level-2'><a class=\"ez-toc-link ez-toc-heading-9\" href=\"https:\/\/iceland-lovers.com\/pt-pt\/viajar-islandia-verao-guia\/#O_que_vestir_na_Islandia_no_verao\" >O que vestir na Isl\u00e2ndia no ver\u00e3o<\/a><\/li><li class='ez-toc-page-1 ez-toc-heading-level-2'><a class=\"ez-toc-link ez-toc-heading-10\" href=\"https:\/\/iceland-lovers.com\/pt-pt\/viajar-islandia-verao-guia\/#Seguranca_no_verao_na_Islandia\" >Seguran\u00e7a no ver\u00e3o na Isl\u00e2ndia<\/a><\/li><li class='ez-toc-page-1 ez-toc-heading-level-2'><a class=\"ez-toc-link ez-toc-heading-11\" href=\"https:\/\/iceland-lovers.com\/pt-pt\/viajar-islandia-verao-guia\/#O_sol_da_meia-noite\" >O sol da meia-noite<\/a><\/li><li class='ez-toc-page-1 ez-toc-heading-level-2'><a class=\"ez-toc-link ez-toc-heading-12\" href=\"https:\/\/iceland-lovers.com\/pt-pt\/viajar-islandia-verao-guia\/#Vida_selvagem_islandesa_no_verao\" >Vida selvagem islandesa no ver\u00e3o<\/a><\/li><li class='ez-toc-page-1 ez-toc-heading-level-2'><a class=\"ez-toc-link ez-toc-heading-13\" href=\"https:\/\/iceland-lovers.com\/pt-pt\/viajar-islandia-verao-guia\/#Acampar_na_Islandia_no_verao\" >Acampar na Isl\u00e2ndia no ver\u00e3o<\/a><\/li><li class='ez-toc-page-1 ez-toc-heading-level-2'><a class=\"ez-toc-link ez-toc-heading-14\" href=\"https:\/\/iceland-lovers.com\/pt-pt\/viajar-islandia-verao-guia\/#Aspectos_praticos\" >Aspectos pr\u00e1ticos<\/a><\/li><li class='ez-toc-page-1 ez-toc-heading-level-2'><a class=\"ez-toc-link ez-toc-heading-15\" href=\"https:\/\/iceland-lovers.com\/pt-pt\/viajar-islandia-verao-guia\/#Perguntas_frequentes_sobre_a_Islandia_no_verao\" >Perguntas frequentes sobre a Isl\u00e2ndia no ver\u00e3o<\/a><\/li><\/ul><\/nav><\/div>\n\n<\/div><\/div><\/div>\n<\/div><\/div><\/div>\n\n<p><\/p>\n\n<h2 class=\"wp-block-heading\"><span class=\"ez-toc-section\" id=\"Os_elementos_essenciais_para_uma_viagem_bem_sucedida_a_Islandia_no_verao\"><\/span>Os elementos essenciais para uma viagem bem sucedida \u00e0 Isl\u00e2ndia no ver\u00e3o<span class=\"ez-toc-section-end\"><\/span><\/h2>\n\n<p>Se n\u00e3o quiser ler o artigo todo, aqui est\u00e1 um resumo das nossas respostas. Mas encontrar\u00e1 informa\u00e7\u00f5es mais detalhadas em cada sec\u00e7\u00e3o abaixo.<\/p>\n\n<p><strong><mark style=\"background-color:#f9d563\" class=\"has-inline-color\">Quando ir<\/mark><\/strong><br\/>O ver\u00e3o na Isl\u00e2ndia decorre de junho a agosto. Para desfrutar do sol da meia-noite, recomendamos-lhe o per\u00edodo do solst\u00edcio, entre meados de junho e princ\u00edpios de julho. Os meses de maio e setembro s\u00e3o meses de transi\u00e7\u00e3o, oferecendo um bom compromisso entre um n\u00famero reduzido de turistas e condi\u00e7\u00f5es favor\u00e1veis.<\/p>\n\n<p><strong><mark style=\"background-color:#f9d563\" class=\"has-inline-color\">Temperaturas<\/mark><\/strong><br\/>Em Reykjavik, as temperaturas no ver\u00e3o oscilam entre os 9\u00b0C e os 14\u00b0C, em m\u00e9dia. O norte do pa\u00eds regista temperaturas semelhantes, enquanto as zonas do interior podem ser mais frias e ventosas. Mas n\u00e3o se esque\u00e7a de trazer roupa quente: o ver\u00e3o island\u00eas \u00e9 tudo menos tropical.<\/p>\n\n<figure class=\"wp-block-image size-large\"><img decoding=\"async\" src=\"https:\/\/photos.smugmug.com\/Iceland\/Snaefellsnes\/Kirkjufellsfoss\/i-L44PWk3\/0\/M4MGK6TZRxTm3t3M5kNWvpTjBSTfzrWj6BGwW5HPw\/L\/Kirkjufell-141-L.jpg\" alt=\"paisagem Isl&#xE2;ndia ver&#xE3;o\"\/><\/figure>\n\n<p><strong><mark style=\"background-color:#f9d563\" class=\"has-inline-color\">Onde ir<\/mark><\/strong><br\/>O ver\u00e3o \u00e9 a \u00fanica altura em que toda a ilha est\u00e1 acess\u00edvel. As nossas regi\u00f5es preferidas s\u00e3o:<\/p>\n\n<ul class=\"wp-block-list\">\n<li>A costa sul pelas suas cascatas, glaciares e praias de areia preta<\/li>\n\n\n\n<li>A pen\u00ednsula de Snaefellsnes, com a sua diversidade concentrada de paisagens<\/li>\n\n\n\n<li>Os fiordes ocidentais, acess\u00edveis apenas no ver\u00e3o, pelo seu isolamento e natureza bruta<\/li>\n\n\n\n<li>As Terras Altas, abertas apenas de finais de junho a setembro<\/li>\n<\/ul>\n\n<p><strong><mark style=\"background-color:#f9d563\" class=\"has-inline-color\">Como se deslocar<\/mark><\/strong><br\/>Tem tr\u00eas op\u00e7\u00f5es principais:<\/p>\n\n<ul class=\"wp-block-list\">\n<li><a href=\"https:\/\/iceland-lovers.com\/pt-pt\/como-alugar-carro-islandia-dicas-experiencia\/\" target=\"_blank\" rel=\"noreferrer noopener\">Alugue um carro<\/a> (a melhor op\u00e7\u00e3o no ver\u00e3o, com estradas limpas e dias longos)<\/li>\n\n\n\n<li>Participe em excurs\u00f5es organizadas (ideal se n\u00e3o quiser conduzir)<\/li>\n\n\n\n<li>Combine autocarro e caminhada (pode utilizar a rede de autocarros de longa dist\u00e2ncia no ver\u00e3o) &#8211; mas isto limita os locais que pode visitar<\/li>\n<\/ul>\n\n<p><strong><mark style=\"background-color:#f9d563\" class=\"has-inline-color\">As nossas 3 principais actividades de ver\u00e3o<\/mark><\/strong><\/p>\n\n<ul class=\"wp-block-list\">\n<li><a href=\"https:\/\/www.getyourguide.com\/s\/?q=silfra&amp;searchSource=3&amp;partner_id=R3GYW4V&amp;cmp=iceland\" target=\"_blank\" rel=\"noreferrer noopener sponsored nofollow\">Nadar na fissura de Silfra  <\/a><\/li>\n\n\n\n<li><a href=\"https:\/\/www.getyourguide.com\/s\/?q=randonn%C3%A9e+cheval+islande&amp;searchSource=3&amp;partner_id=R3GYW4V&amp;cmp=iceland\" target=\"_blank\" rel=\"noreferrer noopener sponsored nofollow\">Excurs\u00f5es a cavalo<\/a><\/li>\n\n\n\n<li><a href=\"https:\/\/www.getyourguide.com\/fr-fr\/s\/?q=randonnee+glacier+islande&amp;partner_id=R3GYW4V&amp;cmp=iceland\" target=\"_blank\" rel=\"noreferrer noopener sponsored nofollow\">Caminhada num glaciar<\/a><\/li>\n\n\n\n<li><a href=\"https:\/\/www.getyourguide.pt\/s\/?q=iceland+whale+watching&amp;searchSource=3&amp;partner_id=R3GYW4V&amp;cmp=iceland\" target=\"_blank\" rel=\"noreferrer noopener sponsored nofollow\">Observa\u00e7\u00e3o de baleias<\/a> (a partir de Reiquiavique, Husavik ou Akureyri)<\/li>\n<\/ul>\n\n<figure class=\"wp-block-image size-large\"><img decoding=\"async\" src=\"https:\/\/photos.smugmug.com\/Iceland\/Horses\/i-2jPdK6K\/0\/MtcvmfCgVBxCJQdmhzMDwR2wbcSFwmp2fcRsKMFPC\/L\/horse-1-L.jpg\" alt=\"passeios a cavalo na isl&#xE2;ndia\"\/><\/figure>\n\n<h2 class=\"wp-block-heading\"><span class=\"ez-toc-section\" id=\"Mapa_%E2%80%93_Quanto_tempo_vai_estar_ausente\"><\/span>Mapa &#8211; Quanto tempo vai estar ausente?<span class=\"ez-toc-section-end\"><\/span><\/h2>\n\n<p>Para descobrir a Isl\u00e2ndia no ver\u00e3o em boas condi\u00e7\u00f5es, recomendamos-lhe uma estadia de 10 a 14 dias. Isto permite-lhe percorrer toda a estrada circular, parando nos principais locais e deixando alguns dias para desvios, como os fiordes ocidentais ou as Highlands.<\/p>\n\n<p>Se o seu tempo for mais limitado, 7 dias s\u00e3o suficientes para explorar o sul, o C\u00edrculo Dourado e a pen\u00ednsula de Snaefellsnes. Fizemos este tipo de passeio na nossa primeira viagem e recordamo-lo com muito carinho.<\/p>\n\n<figure class=\"wp-block-image size-full\"><img decoding=\"async\" src=\"https:\/\/iceland-lovers.com\/wp-content\/uploads\/2026\/03\/mapa-islandia-tempo-de-viagem.jpg\" alt=\"mapa da isl&#xE2;ndia tempo de viagem\" class=\"wp-image-3890\"\/><figcaption class=\"wp-element-caption\">Mapa: Tempo de viagem na Isl\u00e2ndia<\/figcaption><\/figure>\n\n<p>No ver\u00e3o, os dias longos &#8211; com at\u00e9 24 horas de luz do dia por volta do solst\u00edcio &#8211; significam que pode percorrer maiores dist\u00e2ncias e visitar mais s\u00edtios do que no inverno. As estradas est\u00e3o quase todas abertas e as condi\u00e7\u00f5es de condu\u00e7\u00e3o s\u00e3o muito mais simples.<\/p>\n\n<p>No entanto, tenha em conta que o ver\u00e3o \u00e9 a \u00e9poca alta do turismo na Isl\u00e2ndia. Os alojamentos enchem-se rapidamente e os s\u00edtios populares podem estar muito ocupados a meio do dia. Aconselhamo-lo a reservar o seu alojamento com v\u00e1rios meses de anteced\u00eancia, especialmente para julho e agosto.<\/p>\n\n<div style=\"background-color:#e4f3f6;margin-top:8%;margin-bottom:8%\" class=\"wp-block-genesis-blocks-gb-container box gb-block-container\"><div class=\"gb-container-inside\"><div class=\"gb-container-content\">\n<div class=\"wp-block-columns inverse box_planif is-layout-flex wp-container-core-columns-is-layout-9d6595d7 wp-block-columns-is-layout-flex\">\n<div class=\"wp-block-column texte_planif is-layout-flow wp-block-column-is-layout-flow\" style=\"flex-basis:60%\">\n<h5 class=\"titre_box\" style=\"padding-top:10px;\">ALUGAR UM CARRO NA <span class=\"titre_box_manuscrit\">Isl\u00e2ndia<\/span><\/h5>\n\n\n\n<p style=\"font-size:16px\">Descubra as melhores ofertas na <a href=\"https:\/\/www.discovercars.com\/pt\/iceland?a_aid=zigzag&amp;chan=iceland\" target=\"_blank\" rel=\"noreferrer noopener sponsored nofollow\">Discovercars<\/a>, a nossa plataforma preferida!<br\/>Na estrada 1, n\u00e3o \u00e9 necess\u00e1rio 4&#215;4, fora da estrada 1, depende dos seus planos.<\/p>\n<\/div>\n\n\n\n<div class=\"wp-block-column planif-radius-2 is-layout-flow wp-block-column-is-layout-flow\">\n<figure class=\"wp-block-image size-large voiture_image\"><img decoding=\"async\" src=\"https:\/\/photos.smugmug.com\/Iceland\/Winter\/Driving\/i-q2wFFnJ\/1\/Dn4qbSGkrKhZgHBNz2hWXrPc3VdddRQZ7cdj3FpVX\/S\/drive_South_coast_Iceland-2-21-S.jpg\" alt=\"conduzir na Isl&#xE2;ndia\"\/><\/figure>\n<\/div>\n<\/div>\n\n\n\n<div class=\"wp-block-columns planif_bouton is-layout-flex wp-container-core-columns-is-layout-9d6595d7 wp-block-columns-is-layout-flex\">\n<div class=\"wp-block-column is-vertically-aligned-top is-layout-flow wp-block-column-is-layout-flow\">\n<div class=\"wp-block-buttons is-content-justification-center is-layout-flex wp-container-core-buttons-is-layout-16018d1d wp-block-buttons-is-layout-flex\">\n<div class=\"wp-block-button\"><a class=\"wp-block-button__link has-white-color has-text-color wp-element-button\" href=\"https:\/\/www.discovercars.com\/fr\/iceland?a_aid=zigzag&amp;chan=iceland\" target=\"_blank\" rel=\"noreferrer noopener nofollow\">Veja os autom\u00f3veis dispon\u00edveis &gt;&gt;<\/a><\/div>\n<\/div>\n<\/div>\n\n\n\n<div class=\"wp-block-column is-vertically-aligned-center is-layout-flow wp-block-column-is-layout-flow\">\n<p class=\"has-text-align-center\" style=\"font-size:16px\"><a href=\"https:\/\/iceland-lovers.com\/pt-pt\/como-alugar-carro-islandia-dicas-experiencia\/\" target=\"_blank\" rel=\"noreferrer noopener\">Leia todos os nossos conselhos<\/a><\/p>\n<\/div>\n<\/div>\n<\/div><\/div><\/div>\n\n<h2 class=\"wp-block-heading\"><span class=\"ez-toc-section\" id=\"Quando_ir_a_Islandia_no_verao\"><\/span>Quando ir \u00e0 Isl\u00e2ndia no ver\u00e3o<span class=\"ez-toc-section-end\"><\/span><\/h2>\n\n<p>O ver\u00e3o island\u00eas decorre de junho a agosto, mas os meses de transi\u00e7\u00e3o tamb\u00e9m oferecem algumas oportunidades fant\u00e1sticas:<\/p>\n\n<ul class=\"wp-block-list\">\n<li>maio: 17-21h de luz do dia, despertar da natureza, menos turistas, algumas estradas de montanha ainda fechadas<\/li>\n\n\n\n<li>junho: 20-24h de luz do dia, sol da meia-noite, in\u00edcio da \u00e9poca dos papagaios-do-mar, campos de tremo\u00e7os, abertura gradual das Terras Altas<\/li>\n\n\n\n<li>julho: luz do dia quase permanente, todas as estradas abertas, \u00e9poca alta do turismo<\/li>\n\n\n\n<li>agosto: 16-20 horas de luz do dia, temperaturas ainda agrad\u00e1veis, in\u00edcio da \u00e9poca dos frutos silvestres<\/li>\n\n\n\n<li>setembro: 12-15 horas de luz do dia, cores de outono, possibilidade de ver a primeira aurora boreal<\/li>\n<\/ul>\n\n<figure class=\"wp-block-image size-large\"><img decoding=\"async\" src=\"https:\/\/photos.smugmug.com\/Iceland\/South-Coast\/Jokulsarlon\/i-kpp4mrM\/0\/LdmQTvrLztXdGmtNv35dMJh6Z2XVh97X3CdwDgpWb\/L\/Jokusarlon-036-L.jpg\" alt=\"Sol da meia-noite na Isl&#xE2;ndia\"\/><\/figure>\n\n<h2 class=\"wp-block-heading\"><span class=\"ez-toc-section\" id=\"Como_chegar_a_Islandia_no_verao\"><\/span>Como chegar \u00e0 Isl\u00e2ndia no ver\u00e3o<span class=\"ez-toc-section-end\"><\/span><\/h2>\n\n<p>O Aeroporto Internacional de Keflavik (KEF) \u00e9 o principal ponto de entrada, a cerca de 45 minutos de Reykjavik. No ver\u00e3o, o n\u00famero de liga\u00e7\u00f5es a\u00e9reas aumenta consideravelmente em rela\u00e7\u00e3o ao inverno.<\/p>\n\n<ul class=\"wp-block-list\">\n<li><strong>Voos diretos<\/strong> &#8211; Dispon\u00edveis a partir de muitas cidades europeias e norte-americanas. A Icelandair e a PLAY oferecem voos diretos a partir de Paris, Genebra, Londres, Amesterd\u00e3o, Nova Iorque, etc.<\/li>\n<\/ul>\n\n<figure class=\"wp-block-image size-large\"><img decoding=\"async\" src=\"https:\/\/photos.smugmug.com\/Iceland\/Flight\/i-Qb8fK8D\/0\/KvBq35GKWfhH4rDSCb8kgkqBRfPFWwqqNkN86xzvt\/L\/IMG_3405-L.jpg\" alt=\"Voos da Iceland Air\"\/><\/figure>\n\n<ul class=\"wp-block-list\">\n<li><strong>Ferry<\/strong> &#8211; No ver\u00e3o, o ferry da Smyril Line liga a Dinamarca (Hirtshals) a Sey\u00f0isfj\u00f6r\u00f0ur, nos fiordes orientais, atrav\u00e9s das Ilhas Faro\u00e9. A viagem dura cerca de 2 dias. Esta \u00e9 uma \u00f3ptima op\u00e7\u00e3o se quiser viajar pela Isl\u00e2ndia no seu pr\u00f3prio ve\u00edculo.<\/li>\n\n\n\n<li><strong>Transfer para Reykjavik<\/strong> &#8211; Servi\u00e7o regular de autocarro do aeroporto para o centro da cidade, tempo de viagem de cerca de 45 minutos.<\/li>\n\n\n\n<li><strong>Visto<\/strong> &#8211; A Isl\u00e2ndia faz parte do espa\u00e7o Schengen, verifique os requisitos de visto de acordo com a sua nacionalidade<\/li>\n<\/ul>\n\n<div style=\"background-color:#ffffff;margin-top:8%;margin-bottom:8%\" class=\"wp-block-genesis-blocks-gb-container box gb-block-container\"><div class=\"gb-container-inside\"><div class=\"gb-container-content\" style=\"max-width:700px\">\n<div class=\"wp-block-columns is-not-stacked-on-mobile texte_planif has-background is-layout-flex wp-container-core-columns-is-layout-9d6595d7 wp-block-columns-is-layout-flex\" style=\"background-color:#06aec417\">\n<div class=\"wp-block-column img_icone is-layout-flow wp-block-column-is-layout-flow\" style=\"flex-basis:25%\"><div class=\"wp-block-image image_icone\">\n<figure class=\"aligncenter size-full is-resized\"><img loading=\"lazy\" decoding=\"async\" width=\"400\" height=\"400\" src=\"https:\/\/iceland-lovers.com\/wp-content\/uploads\/2026\/01\/iceland-plane.png\" alt=\"avi&#xE3;o da isl&#xE2;ndia\" class=\"wp-image-3771\" style=\"object-fit:cover;width:100px;height:100px\" srcset=\"https:\/\/iceland-lovers.com\/wp-content\/uploads\/2026\/01\/iceland-plane.png 400w, https:\/\/iceland-lovers.com\/wp-content\/uploads\/2026\/01\/iceland-plane-300x300.png 300w, https:\/\/iceland-lovers.com\/wp-content\/uploads\/2026\/01\/iceland-plane-150x150.png 150w, https:\/\/iceland-lovers.com\/wp-content\/uploads\/2026\/01\/iceland-plane-75x75.png 75w\" sizes=\"auto, (max-width: 400px) 100vw, 400px\" \/><\/figure>\n<\/div><\/div>\n\n\n\n<div class=\"wp-block-column is-vertically-aligned-center paragraphe_une is-layout-flow wp-block-column-is-layout-flow\" style=\"flex-basis:90%\">\n<p style=\"font-size:16px\">Est\u00e1 na altura de reservar!<br\/><a href=\"https:\/\/skyscanner.pxf.io\/dONaXy\" target=\"_blank\" rel=\"noreferrer noopener sponsored nofollow\"><strong>Compare tudo:<\/strong> companhias, pre\u00e7os, hor\u00e1rios e disponibilidade.<\/a><\/p>\n<\/div>\n<\/div>\n<\/div><\/div><\/div>\n\n<h2 class=\"wp-block-heading\"><span class=\"ez-toc-section\" id=\"Viajar_pela_Islandia_no_verao\"><\/span>Viajar pela Isl\u00e2ndia no ver\u00e3o<span class=\"ez-toc-section-end\"><\/span><\/h2>\n\n<h3 class=\"wp-block-heading\">Aluguer de autom\u00f3veis<\/h3>\n\n<figure class=\"wp-block-image size-large\"><img decoding=\"async\" src=\"https:\/\/photos.smugmug.com\/Iceland\/Driving-car\/i-vPtvXQq\/0\/J5vLKjLXCPn3thxDS67PM9g9PWWkj7ZzgCdJXxkL\/L\/driving_iceland-L.jpg\" alt=\"aluguer de autom&#xF3;veis em Isl&#xE2;ndia\"\/><\/figure>\n\n<p>O ver\u00e3o \u00e9 a melhor altura para alugar um carro na Isl\u00e2ndia. As condi\u00e7\u00f5es de condu\u00e7\u00e3o s\u00e3o muito mais simples do que no inverno e os dias longos permitem-lhe conduzir sem press\u00f5es de tempo. Percorremos toda a estrada circular de carro, que consideramos ser a forma mais agrad\u00e1vel de descobrir o pa\u00eds.<\/p>\n\n<ul class=\"wp-block-list\">\n<li>Um carro normal (2WD) \u00e9 suficiente para a estrada circular e para a maioria dos locais tur\u00edsticos<\/li>\n\n\n\n<li>Um 4&#215;4 \u00e9 essencial para as estradas F (Highlands) e algumas estradas n\u00e3o pavimentadas<\/li>\n\n\n\n<li>As estradas F est\u00e3o fechadas a ve\u00edculos n\u00e3o 4&#215;4 e, por vezes, requerem a travessia de rios &#8211; e precisa de um 4&#215;4 suficientemente alto para as terras altas.<\/li>\n\n\n\n<li>Reserve o seu autom\u00f3vel o mais cedo poss\u00edvel: a procura aumenta no ver\u00e3o e os pre\u00e7os tamb\u00e9m<\/li>\n\n\n\n<li><a href=\"https:\/\/iceland-lovers.com\/pt-pt\/como-alugar-carro-islandia-dicas-experiencia\/\" target=\"_blank\" rel=\"noreferrer noopener\">Veja todas as nossas dicas para alugar um carro na Isl\u00e2ndia<\/a><\/li>\n<\/ul>\n\n<figure class=\"wp-block-image size-large\"><img decoding=\"async\" src=\"https:\/\/photos.smugmug.com\/Iceland\/Driving-car\/i-4GFhf6L\/0\/CzqTKqH9LCs6DdsGNwzn6k4hFSGBm3s399knmd6Fj\/L\/driving_iceland_road-1-L.jpg\" alt=\"perto da estrada 1 em iceland\"\/><\/figure>\n\n<p>O nosso primeiro instinto \u00e9 verificar as ofertas no <a href=\"https:\/\/www.discovercars.com\/pt\/iceland?a_aid=zigzag&amp;chan=iceland\" target=\"_blank\" rel=\"noreferrer noopener sponsored nofollow\">DiscoverCars<\/a>.<br\/>Esta plataforma permite-lhe comparar facilmente as ofertas de diferentes empresas de aluguer: pre\u00e7os e condi\u00e7\u00f5es. E sempre encontramos bons neg\u00f3cios. Al\u00e9m disso, o seguro tem um pre\u00e7o atrativo.<\/p>\n\n<p><a href=\"https:\/\/www.discovercars.com\/pt\/iceland?a_aid=zigzag&amp;chan=iceland\" target=\"_blank\" rel=\"noreferrer noopener sponsored nofollow\"><strong>Veja as \u00faltimas ofertas de aluguer de autom\u00f3veis<\/strong><\/a><\/p>\n\n<figure class=\"wp-block-image size-large\"><img decoding=\"async\" src=\"https:\/\/photos.smugmug.com\/Iceland\/Driving-car\/i-JJTjpmT\/0\/MFL9QqVg7VCf6CV8xmCgTxZRbkhLK7RmfXhwtn599\/L\/iceland_river_crossing-L.jpg\" alt=\"Planalto central com rio\"\/><\/figure>\n\n<h3 class=\"wp-block-heading\">Excurs\u00f5es organizadas<\/h3>\n\n<p>Mesmo no ver\u00e3o, as excurs\u00f5es organizadas continuam a ser uma op\u00e7\u00e3o pr\u00e1tica para certas actividades espec\u00edficas:<\/p>\n\n<ul class=\"wp-block-list\">\n<li>Caminhadas nos glaciares (visitas guiadas obrigat\u00f3rias por raz\u00f5es de seguran\u00e7a)<\/li>\n\n\n\n<li>Observa\u00e7\u00e3o de baleias a partir de H\u00fasav\u00edk ou Reykjavik<\/li>\n\n\n\n<li>Passeios de barco na lagoa glaciar de J\u00f6kuls\u00e1rl\u00f3n<\/li>\n\n\n\n<li>Excurs\u00f5es ao C\u00edrculo Dourado<\/li>\n\n\n\n<li>Mergulhar ou fazer snorkelling na falha de Silfra<\/li>\n<\/ul>\n\n<p>Pode fazer excurs\u00f5es de um dia a partir de Reykjavik, bem como excurs\u00f5es de v\u00e1rios dias para aqueles que preferem n\u00e3o conduzir. Gost\u00e1mos particularmente dos passeios de barco na lagoa glaciar, uma experi\u00eancia que de outra forma seria dif\u00edcil.<\/p>\n\n<figure class=\"wp-block-image size-large\"><img decoding=\"async\" src=\"https:\/\/photos.smugmug.com\/Iceland\/South-Coast\/Diamond-Beach\/i-sQJf4sN\/0\/Kb3gC4g4Vt7w26X36Vj8F8frGtv5gFcGJJH8pVNpW\/L\/Diamond_beach-146-L.jpg\" alt=\"A lagoa do glaciar J&#xF6;kuls&#xE1;rl&#xF3;n no ver&#xE3;o\"\/><\/figure>\n\n<h3 class=\"wp-block-heading\">Autocarros de longo curso<\/h3>\n\n<p>Ao contr\u00e1rio do inverno, a rede de autocarros de longo curso funciona durante o ver\u00e3o. Empresas como a Str\u00e6t\u00f3 e a Reykjavik Excursions prop\u00f5em-lhe percursos que ligam as principais cidades do pa\u00eds a certos locais das terras altas (Landmannalaugar, \u00de\u00f3rsm\u00f6rk). No entanto, as frequ\u00eancias continuam a ser limitadas. Se optar por esta solu\u00e7\u00e3o, planeie cuidadosamente as suas liga\u00e7\u00f5es.<\/p>\n\n<div class=\"wp-block-genesis-blocks-gb-container box gb-block-container\"><div class=\"gb-container-inside\"><div class=\"gb-container-content\">\n<div class=\"wp-block-columns inverse is-layout-flex wp-container-core-columns-is-layout-9d6595d7 wp-block-columns-is-layout-flex\">\n<div class=\"wp-block-column texte_planif is-layout-flow wp-block-column-is-layout-flow\" style=\"flex-basis:58%\">\n<h5 class=\"titre_box\">O NOSSO GUIA PARA PLANEAR UMA VIAGEM <span class=\"titre_box_manuscrit\">DE SONHO<\/span><\/h5>\n\n\n\n<ul class=\"wp-block-list\">\n<li>6 mapas para facilitar o planeamento<\/li>\n\n\n\n<li>+ 75 locais pr\u00e9-seleccionados  <\/li>\n\n\n\n<li>Conselhos pr\u00e1ticos  <\/li>\n\n\n\n<li>+ 115 fotografias para o ajudar a escolher<\/li>\n<\/ul>\n\n\n\n<div class=\"wp-block-buttons is-layout-flex wp-block-buttons-is-layout-flex\">\n<div class=\"wp-block-button\"><a class=\"wp-block-button__link has-theme-primary-background-color has-background wp-element-button\" href=\"https:\/\/iceland-lovers.com\/pt-pt\/ebook-guia-road-trip-islandia-inverno\/\">Saiba mais &gt;&gt;<\/a><\/div>\n<\/div>\n<\/div>\n\n\n\n<div class=\"wp-block-column is-layout-flow wp-block-column-is-layout-flow\" style=\"flex-basis:42%\">\n<div class=\"wp-block-genesis-blocks-gb-container ebook-radius-waitlist gb-block-container\"><div class=\"gb-container-inside\"><div class=\"gb-container-content\"><div class=\"wp-block-image ebook-image\">\n<figure class=\"aligncenter size-full\"><img decoding=\"async\" src=\"https:\/\/iceland-lovers.com\/wp-content\/uploads\/2024\/06\/Road-trip-guide-Iceland-Winter-eBook-cover-4.jpg\" alt=\"Guia de viagem de inverno da Isl&#xE2;ndia Capa do livro eletr&#xF3;nico\" class=\"wp-image-1049\"\/><\/figure>\n<\/div><\/div><\/div><\/div>\n<\/div>\n<\/div>\n<\/div><\/div><\/div>\n\n<h2 class=\"wp-block-heading\"><span class=\"ez-toc-section\" id=\"Itinerario_na_Islandia_no_verao\"><\/span>Itiner\u00e1rio na Isl\u00e2ndia no ver\u00e3o<span class=\"ez-toc-section-end\"><\/span><\/h2>\n\n<p>O ver\u00e3o abre possibilidades que o inverno n\u00e3o abre. Recomendamos que aproveite esta \u00e9poca para explorar regi\u00f5es de outro modo inacess\u00edveis. Eis as nossas sugest\u00f5es de itiner\u00e1rios:<\/p>\n\n<ul class=\"wp-block-list\">\n<li>7 dias: Sul + C\u00edrculo Dourado + Snaefellsnes (em breve)<\/li>\n\n\n\n<li>10 dias: Circunvala\u00e7\u00e3o completa (brevemente)<\/li>\n\n\n\n<li>14 dias: Estrada circular + Fiordes Ocidentais ou Terras Altas (em breve)<\/li>\n<\/ul>\n\n<figure class=\"wp-block-image size-large\"><img decoding=\"async\" src=\"https:\/\/photos.smugmug.com\/Iceland\/South-Coast\/Diamond-Beach\/i-bDFPgtL\/0\/LfMGRNQtCmjL9N62czMTGx8xXHDVpxVcP3CZhqmtw\/L\/Diamond_beach-122-L.jpg\" alt=\"Praia do Diamante\"\/><\/figure>\n\n<h2 class=\"wp-block-heading\"><span class=\"ez-toc-section\" id=\"O_que_fazer_na_Islandia_no_verao\"><\/span>O que fazer na Isl\u00e2ndia no ver\u00e3o<span class=\"ez-toc-section-end\"><\/span><\/h2>\n\n<p>O ver\u00e3o transforma a Isl\u00e2ndia. A vegeta\u00e7\u00e3o verde, o sol da meia-noite e o acesso \u00e0s terras altas oferecem-lhe uma vis\u00e3o completamente diferente da ilha. Fic\u00e1mos impressionados com o contraste entre as nossas estadias de inverno e de ver\u00e3o: \u00e9 como descobrir um pa\u00eds diferente.<\/p>\n\n<ul class=\"wp-block-list\">\n<li>Percorra a <strong>estrada circular<\/strong> &#8211; cascatas, fiordes, campos de lava, lagoas, crateras vulc\u00e2nicas, zonas geot\u00e9rmicas&#8230; \u00c9 a atividade principal!<\/li>\n\n\n\n<li><strong>Sol da meia-noite<\/strong> &#8211; De meados de junho a princ\u00edpios de julho, o sol quase n\u00e3o se p\u00f5e. Uma experi\u00eancia \u00fanica que projecta uma luz dourada permanente sobre a paisagem<\/li>\n\n\n\n<li><strong>Caminhadas<\/strong> &#8211; O ver\u00e3o \u00e9 a \u00e9poca ideal para fazer caminhadas na Isl\u00e2ndia: Landmannalaugar, \u00de\u00f3rsm\u00f6rk, Hornstrandir, Skaftafell e muitos outros trilhos s\u00e3o acess\u00edveis.<\/li>\n\n\n\n<li><strong>Observa\u00e7\u00e3o de<\/strong> papagaios-do-mar &#8211; Os papagaios-do-mar regressam \u00e0s costas da Isl\u00e2ndia de maio a agosto para nidificar. Os melhores locais de observa\u00e7\u00e3o s\u00e3o as ilhas Vestmann, L\u00e1trabjarg (Westfjords) e Borgarfj\u00f6r\u00f0ur Eystri (leste).<\/li>\n<\/ul>\n\n<figure class=\"wp-block-image size-large\"><img decoding=\"async\" src=\"https:\/\/photos.smugmug.com\/Iceland\/North-Iceland\/Hverir-Namajfall\/i-3R2TwfR\/0\/LWtfbHQFwgF7gZ7Jt9ktCcnrm27Frkxk35FHqs7Fk\/L\/Hverir-47-L.jpg\" alt=\"Zona geot&#xE9;rmica de Hverir\"\/><\/figure>\n\n<ul class=\"wp-block-list\">\n<li><strong>Actividades de ver\u00e3o<\/strong>:\n<ul class=\"wp-block-list\">\n<li>Caminhadas nos glaciares (Skaftafell, S\u00f3lheimaj\u00f6kull)<\/li>\n\n\n\n<li>Snorkelling ou mergulho em Silfra (visibilidade excecional durante todo o ano)<\/li>\n\n\n\n<li>Observa\u00e7\u00e3o de baleias (melhor per\u00edodo: junho a agosto)<\/li>\n\n\n\n<li>Caiaque nos fiordes<\/li>\n\n\n\n<li>Andar de bicicleta nas estradas costeiras<\/li>\n<\/ul>\n<\/li>\n<\/ul>\n\n<p>Veja o nosso artigo completo sobre as atrac\u00e7\u00f5es da Isl\u00e2ndia (em breve).<\/p>\n\n<figure class=\"wp-block-image size-large\"><img decoding=\"async\" src=\"https:\/\/photos.smugmug.com\/Iceland\/North-Iceland\/Dimmuborgir\/i-dx7WX7F\/0\/K637rqD497M9JBBcT8PrhTwLxT9ZPgqC8wqQJCfq4\/L\/Dimmuborgir-08-L.jpg\" alt=\"Campo de lava de Dimmuborgir\"\/><\/figure>\n\n<div style=\"margin-top:8%;margin-bottom:8%\" class=\"wp-block-genesis-blocks-gb-container box gb-block-container\"><div class=\"gb-container-inside\"><div class=\"gb-container-content\">\n<div class=\"wp-block-columns inverse is-layout-flex wp-container-core-columns-is-layout-9d6595d7 wp-block-columns-is-layout-flex\">\n<div class=\"wp-block-column texte_planif is-layout-flow wp-block-column-is-layout-flow\" style=\"flex-basis:58%\">\n<h5 class=\"titre_box\" style=\"padding-top:10px\">ACTIVIDADES INESQUEC\u00cdVEIS NO <span class=\"titre_box_manuscrit\"> inverno<\/span> <\/h5>\n\n\n\n<ul class=\"wp-block-list\">\n<li><a href=\"https:\/\/www.getyourguide.pt\/s\/?q=iceland+winter+ice+cave&amp;searchSource=3&amp;partner_id=R3GYW4V&amp;cmp=iceland\" target=\"_blank\" rel=\"noreferrer noopener sponsored nofollow\">Visite uma gruta de gelo<\/a><\/li>\n\n\n\n<li><a href=\"https:\/\/www.getyourguide.pt\/s\/?q=iceland+winter+glacier+hike&amp;searchSource=3&amp;partner_id=R3GYW4V&amp;cmp=iceland\" target=\"_blank\" rel=\"noreferrer noopener sponsored nofollow\">Caminhada num glaciar<\/a><\/li>\n\n\n\n<li><a href=\"https:\/\/www.getyourguide.pt\/s\/?q=iceland+whale+watching&amp;searchSource=3&amp;partner_id=R3GYW4V&amp;cmp=iceland\" target=\"_blank\" rel=\"noreferrer noopener sponsored nofollow\">Observa\u00e7\u00e3o de baleias<\/a> (a partir de Reiquiavique, Husavik ou Akureyri)<\/li>\n<\/ul>\n<\/div>\n\n\n\n<div class=\"wp-block-column ville-radius is-layout-flow wp-block-column-is-layout-flow\" style=\"flex-basis:42%\">\n<figure class=\"wp-block-image size-large img-portrait\"><img decoding=\"async\" src=\"https:\/\/photos.smugmug.com\/Iceland\/Winter\/South-Coast-in-Winter\/Jokulsarlon\/Blue-ice-cave\/i-46mXBBx\/1\/C87JBB8LhkDnd8m3CHST8wQkDNjkZL4xTSQ8RPfxp\/S\/Jokulsarlon_ice_Caves_Iceland-3750-S.jpg\" alt=\"Gruta de gelo na Isl&#xE2;ndia\" title=\"\"\/><\/figure>\n<\/div>\n<\/div>\n<\/div><\/div><\/div>\n\n<h2 class=\"wp-block-heading\"><span class=\"ez-toc-section\" id=\"Que_regiao_visitar_e_onde_ficar\"><\/span>Que regi\u00e3o visitar e onde ficar?<span class=\"ez-toc-section-end\"><\/span><\/h2>\n\n<p>No ver\u00e3o, todas as regi\u00f5es da Isl\u00e2ndia s\u00e3o acess\u00edveis, o que alarga consideravelmente as suas possibilidades. A escolha do local depender\u00e1 dos seus interesses e da dura\u00e7\u00e3o da sua viagem.<\/p>\n\n<h3 class=\"wp-block-heading\">Reykjavik<\/h3>\n\n<p>A capital Reykjavik \u00e9 um ponto de partida natural e uma cidade agrad\u00e1vel para explorar, especialmente no ver\u00e3o, quando a vida \u00e9 mais ao ar livre:<\/p>\n\n<ul class=\"wp-block-list\">\n<li>Animadas esplanadas de caf\u00e9 no centro, \u00e0 volta de Laugavegur<\/li>\n\n\n\n<li>Concertos e festivais ao ar livre<\/li>\n\n\n\n<li>O colorido porto de Kolaporti\u00f0 e a feira da ladra ao fim de semana<\/li>\n\n\n\n<li>Ponto de partida para excurs\u00f5es ao C\u00edrculo Dourado e \u00e0 costa sul<\/li>\n\n\n\n<li>Acesso \u00e0 Lagoa Azul<\/li>\n<\/ul>\n\n<figure class=\"wp-block-image size-large\"><img decoding=\"async\" src=\"https:\/\/photos.smugmug.com\/Iceland\/Reykjavik\/Sun-Voyager\/i-nBVBpcP\/0\/KMQ7SP7wfxjbRLgMsHDQSBTmNkdFCt29CHr2bhNXb\/L\/sun_voyager-01-L.jpg\" alt=\"Reykjavik no ver&#xE3;o - Sun voyager\"\/><\/figure>\n\n<p>No ver\u00e3o, a oferta de alojamento \u00e9 mais vasta do que no inverno, mas a procura tamb\u00e9m o \u00e9. Recomendamos que reserve com pelo menos 3 meses de anteced\u00eancia para julho e agosto.<\/p>\n\n<p>Os nossos hot\u00e9is preferidos:<br\/><strong>Reykjavik Konsulat Hotel<\/strong> &#8211; <a href=\"https:\/\/www.booking.com\/hotel\/is\/consulate-reykjavik-curio-collection-by-hilton.html?aid=2421273\" target=\"_blank\" rel=\"noreferrer noopener sponsored nofollow\">Veja fotos e disponibilidade<\/a>.<br\/><strong>Black Pearl Apartment Hotel<\/strong> &#8211; <a href=\"https:\/\/www.booking.com\/hotel\/is\/black-pearl-reykjavik-finest-apartments.html?aid=2421273\" target=\"_blank\" rel=\"noreferrer noopener sponsored nofollow\">Ver fotos e disponibilidade<\/a><\/p>\n\n<p><a href=\"https:\/\/www.booking.com\/searchresults.en.html?city=-2651804&amp;nflt=review_score%253D90%253Breview_score%253D80&amp;aid=2421273&amp;no_rooms=1&amp;group_adults=2\" target=\"_blank\" rel=\"noreferrer noopener sponsored nofollow\"><strong>Veja as acomoda\u00e7\u00f5es mais bem avaliadas em Reykjavik.<\/strong><\/a><\/p>\n\n<h3 class=\"wp-block-heading\">Costa sul da Isl\u00e2ndia<\/h3>\n\n<p>A costa sul continua a ser um destino obrigat\u00f3rio no ver\u00e3o, especialmente porque os dias longos permitem-lhe apreciar os locais sem pressas. Pudemos ver as cascatas de um \u00e2ngulo completamente diferente, rodeadas de musgo verde e tremo\u00e7os roxos.<\/p>\n\n<ul class=\"wp-block-list\">\n<li>As cascatas de Seljalandsfoss (pode caminhar atr\u00e1s dela) e Sk\u00f3gafoss<\/li>\n\n\n\n<li>As lagoas glaciares de J\u00f6kuls\u00e1rl\u00f3n e Fjalls\u00e1rl\u00f3n, por vezes com um sol glorioso<\/li>\n\n\n\n<li>Diamond Beach e os seus icebergues na areia negra<\/li>\n\n\n\n<li>Caminhadas nos glaciares Skaftafell e S\u00f3lheimaj\u00f6kull<\/li>\n\n\n\n<li>As praias de areia preta de V\u00edk e a forma\u00e7\u00e3o rochosa de Dyrh\u00f3laey<\/li>\n\n\n\n<li>Col\u00f3nias de papagaios-do-mar nas fal\u00e9sias de Dyrh\u00f3laey e nas ilhas Vestmann<\/li>\n<\/ul>\n\n<figure class=\"wp-block-image size-large\"><img decoding=\"async\" src=\"https:\/\/photos.smugmug.com\/Iceland\/South-Coast\/Seljalandsfoss\/i-DXGp8Tk\/0\/KhFMxBbshFzSDTqJqqxN7hhB7Wr8Zcbxfg6wXwzzm\/L\/Seljalandsfoss-21-L.jpg\" alt=\"Cascata Seljalandsfoss no ver&#xE3;o\"\/><\/figure>\n\n<p>Na costa sul, o alojamento est\u00e1 distribu\u00eddo por v\u00e1rios locais:<\/p>\n\n<ul class=\"wp-block-list\">\n<li>Selfoss, entre o C\u00edrculo Dourado e a costa<\/li>\n\n\n\n<li><a href=\"https:\/\/www.booking.com\/searchresults.en.html?city=-2655902&amp;nflt=review_score%253D90%253Breview_score%253D80&amp;aid=2421273&amp;no_rooms=1&amp;group_adults=2\" target=\"_blank\" rel=\"noreferrer noopener sponsored nofollow\">V\u00edk<\/a>, no centro da costa sul<\/li>\n\n\n\n<li><a href=\"https:\/\/www.booking.com\/searchresults.en.html?city=-2646664&amp;nflt=review_score%253D90%253Breview_score%253D80&amp;aid=2421273&amp;no_rooms=1&amp;group_adults=2\" target=\"_blank\" rel=\"noreferrer noopener sponsored nofollow\">H\u00f6fn<\/a>, a leste, porta de entrada para o glaciar Vatnaj\u00f6kull<\/li>\n<\/ul>\n\n<p>Os nossos hot\u00e9is preferidos:<br\/><strong>H\u00f4tel Kria<\/strong> &#8211; <a href=\"https:\/\/www.booking.com\/hotel\/is\/kria.html?aid=2421273\" target=\"_blank\" rel=\"noreferrer noopener sponsored nofollow\">Veja fotos e disponibilidade<\/a>.<br\/><strong>Fosshotel Glacier Lagoon<\/strong> &#8211; <a href=\"https:\/\/www.booking.com\/hotel\/is\/fosshotel-glacier-lagoon.html?aid=2421273\" target=\"_blank\" rel=\"noreferrer noopener sponsored nofollow\">Ver fotos e disponibilidade<\/a><\/p>\n\n<p>No ver\u00e3o, muitas casas de h\u00f3spedes e quintas abrem as suas portas ao longo da costa, oferecendo-lhe uma imers\u00e3o na vida rural islandesa. J\u00e1 fic\u00e1mos em v\u00e1rios deles e \u00e9 uma experi\u00eancia que recomendamos.<\/p>\n\n<h3 class=\"wp-block-heading\">O C\u00edrculo Dourado<\/h3>\n\n<p>O C\u00edrculo Dourado \u00e9 a rota mais famosa da Isl\u00e2ndia. No ver\u00e3o, os locais est\u00e3o rodeados de vegeta\u00e7\u00e3o e a cascata de Gullfoss \u00e9 alimentada pela neve derretida, o que a torna ainda mais poderosa. Fic\u00e1mos impressionados com o volume de \u00e1gua em julho, em compara\u00e7\u00e3o com a nossa visita de inverno. Os tr\u00eas s\u00edtios principais s\u00e3o:<\/p>\n\n<ul class=\"wp-block-list\">\n<li>Thingvellir, local hist\u00f3rico do primeiro parlamento viking (930 d.C.) e falha tect\u00f3nica entre as placas da Am\u00e9rica do Norte e da Eur\u00e1sia<\/li>\n\n\n\n<li>A zona geot\u00e9rmica de Geysir e o g\u00e9iser Strokkur, que jorra a cada 5 a 10 minutos<\/li>\n\n\n\n<li>A cascata de Gullfoss, cujo caudal \u00e9 m\u00e1ximo no ver\u00e3o<\/li>\n<\/ul>\n\n<figure class=\"wp-block-image size-large\"><img decoding=\"async\" src=\"https:\/\/photos.smugmug.com\/Iceland\/Golden-Circle\/Gullfoss\/i-gscb4xf\/0\/NH5d5d8P59bkmhhVgznk3swfBwsGnfKnPBs84rGb3\/L\/Gullfoss-01-L.jpg\" alt=\"Cascata de Gullfoss no ver&#xE3;o\"\/><\/figure>\n\n<p>No ver\u00e3o, o C\u00edrculo Dourado \u00e9 o circuito mais movimentado da Isl\u00e2ndia. Para evitar as multid\u00f5es, recomendamos que parta de manh\u00e3 cedo ou ao fim da tarde &#8211; a luz \u00e9 muito mais bonita nessas alturas.<\/p>\n\n<p>O nosso hotel preferido: <strong>The Hill Hotel at Fl\u00fa\u00f0ir<\/strong> &#8211; <a href=\"https:\/\/www.booking.com\/hotel\/is\/fludir.html?aid=2421273\" target=\"_blank\" rel=\"noreferrer noopener sponsored nofollow\">Ver fotos e disponibilidade<\/a><\/p>\n\n<p><a href=\"https:\/\/www.booking.com\/searchresults.en.html?region=14974&amp;nflt=review_score%253D90%253Breview_score%253D80&amp;aid=2421273&amp;no_rooms=1&amp;group_adults=2\" target=\"_blank\" rel=\"noreferrer noopener sponsored nofollow\"><strong>Veja os alojamentos com melhor classifica\u00e7\u00e3o no Cercle d&#8217;Or.<\/strong><\/a><\/p>\n\n<h3 class=\"wp-block-heading\">A Pen\u00ednsula de Snaefellsnes<\/h3>\n\n<p><a href=\"https:\/\/iceland-lovers.com\/pt-pt\/o-que-fazer-snaefellsnes-inverno-atraccoes\/\" target=\"_blank\" rel=\"noreferrer noopener\">A pen\u00ednsula de Snaefellsnes<\/a> continua a ser uma das nossas regi\u00f5es preferidas, tanto no ver\u00e3o como no inverno. No ver\u00e3o, a vegeta\u00e7\u00e3o cobre os campos de lava e o glaciar Sn\u00e6fellsj\u00f6kull destaca-se contra o c\u00e9u frequentemente limpo. Encontr\u00e1mos aqui um ambiente mais calmo do que na costa sul.<\/p>\n\n<p>Entre as visitas obrigat\u00f3rias:<\/p>\n\n<ul class=\"wp-block-list\">\n<li>A montanha Kirkjufell e as suas cascatas, fotografadas de todos os \u00e2ngulos<\/li>\n\n\n\n<li>As fal\u00e9sias de lava de Arnarstapi e o caminho costeiro para Hellnar<\/li>\n\n\n\n<li>A igreja negra de B\u00fa\u00f0akirkja, rodeada de campos de lava verdejantes no ver\u00e3o<\/li>\n\n\n\n<li>A cratera de Saxh\u00f6ll, com a sua vista panor\u00e2mica do glaciar e da costa<\/li>\n\n\n\n<li>A praia de Dj\u00fapal\u00f3nssandur e as suas forma\u00e7\u00f5es rochosas<\/li>\n<\/ul>\n\n<figure class=\"wp-block-image size-large\"><img decoding=\"async\" src=\"https:\/\/photos.smugmug.com\/Iceland\/Snaefellsnes\/Londrangar\/i-2T3KK6J\/0\/LvgwVDFZhRcd3qsRmNXkDFfzdsSz2MmkS3bXPVdJT\/L\/londrangar%20l-L.jpg\" alt=\"Londrangar no ver&#xE3;o\"\/><\/figure>\n\n<p>No ver\u00e3o, abrem mais B&amp;Bs e pens\u00f5es na pen\u00ednsula, o que lhe d\u00e1 mais op\u00e7\u00f5es para a sua estadia. As duas principais cidades permanecem:<\/p>\n\n<ul class=\"wp-block-list\">\n<li>Grundarfj\u00f6r\u00f0ur, no sop\u00e9 de Kirkjufell<\/li>\n\n\n\n<li>Stykkish\u00f3lmur, um movimentado porto de pesca que tamb\u00e9m serve de ponto de partida para o ferry para os fiordes ocidentais<\/li>\n<\/ul>\n\n<p>O nosso favorito: <strong>Hotel Hamar em Borgarnes<\/strong> &#8211; <a href=\"https:\/\/www.booking.com\/hotel\/is\/hamar.html?aid=2421273\" target=\"_blank\" rel=\"noreferrer noopener\">Ver fotos e disponibilidade<\/a><\/p>\n\n<p><a href=\"https:\/\/www.booking.com\/searchresults.en.html?region=2742&amp;nflt=review_score%253D90%253Breview_score%253D80&amp;aid=2421273&amp;no_rooms=1&amp;group_adults=2\" target=\"_blank\" rel=\"noreferrer noopener sponsored nofollow\"><strong>Veja os alojamentos mais bem classificados na pen\u00ednsula de Snaefellsnes<\/strong><\/a><\/p>\n\n<p>Veja o nosso artigo sobre <a href=\"https:\/\/iceland-lovers.com\/pt-pt\/onde-ficar-snaefellsnes-peninsula-melhores-hoteis\/\" target=\"_blank\" rel=\"noreferrer noopener\">onde ficar na pen\u00ednsula de Snaefellsnes<\/a>.<\/p>\n\n<h3 class=\"wp-block-heading\">Fiordes Orientais<\/h3>\n\n<p>No ver\u00e3o, os fiordes orientais revelam uma beleza que o inverno apenas sugere. As encostas verdes mergulham em \u00e1guas calmas, e a estrada serpenteia de um fiorde para o outro. Ach\u00e1mos esta parte da viagem particularmente relaxante depois da az\u00e1fama da costa sul.<\/p>\n\n<figure class=\"wp-block-image size-large\"><img decoding=\"async\" src=\"https:\/\/photos.smugmug.com\/Iceland\/Z-extra\/i-dW236rS\/0\/NKWSLfJJvsKFbPWCVvrbWwr4NV8Jwx3msGcZxFC2Z\/L\/East_Fjords_iceland_DP_443926904_XL-L.jpg\" alt=\"Fiordes orientais Isl&#xE2;ndia no ver&#xE3;o\"\/><\/figure>\n\n<p>A regi\u00e3o destaca-se por:<\/p>\n\n<ul class=\"wp-block-list\">\n<li>Aldeias piscat\u00f3rias aut\u00eanticas, como Sey\u00f0isfj\u00f6r\u00f0ur, Dj\u00fapivogur e F\u00e1skr\u00fa\u00f0sfj\u00f6r\u00f0ur<\/li>\n\n\n\n<li>Renas selvagens vis\u00edveis nas bermas das estradas<\/li>\n\n\n\n<li>Percursos pedestres pouco utilizados nos vales<\/li>\n\n\n\n<li>A aldeia de Sey\u00f0isfj\u00f6r\u00f0ur, o terminal de ferries da Dinamarca, onde vive uma comunidade art\u00edstica ativa<\/li>\n<\/ul>\n\n<p>Egilssta\u00f0ir continua a ser a principal cidade da regi\u00e3o e um ponto de paragem se estiver a percorrer a ilha atrav\u00e9s da Rota 1. A cidade oferece uma grande variedade de servi\u00e7os e lojas, o que a torna um bom local para passar a noite.<\/p>\n\n<p>O nosso favorito: <strong>Gistih\u00fasi\u00f0 &#8211; Lake Hotel Egilssta\u00f0ir<\/strong> &#8211; <a href=\"https:\/\/www.booking.com\/hotel\/is\/guesthouse-egilsstadir.html?aid=2421273\" target=\"_blank\" rel=\"noreferrer noopener sponsored nofollow\">Ver fotos e disponibilidade<\/a><\/p>\n\n<p><a href=\"https:\/\/www.booking.com\/searchresults.html?city=900039648&amp;nflt=review_score%253D90%253Breview_score%253D80&amp;aid=2421273&amp;no_rooms=1&amp;group_adults=2\" target=\"_blank\" rel=\"noreferrer noopener sponsored nofollow\"><strong>Veja os alojamentos mais bem classificados em Egilssta\u00f0ir.<\/strong><\/a><\/p>\n\n<h3 class=\"wp-block-heading\">Lago Myvatn  <\/h3>\n\n<p>A regi\u00e3o do Lago Myvatn assume uma dimens\u00e3o totalmente nova no ver\u00e3o. As pseudo-crateras est\u00e3o cobertas de vegeta\u00e7\u00e3o esparsa, as forma\u00e7\u00f5es de lava de Dimmuborgir est\u00e3o adornadas com musgo verde e o lago alberga muitas esp\u00e9cies de aves. Vimos dezenas de patos arlequim, uma esp\u00e9cie rara na Europa.<\/p>\n\n<p>Mas tenha cuidado: o nome &#8220;Myvatn&#8221; significa &#8220;lago das moscas&#8221; em island\u00eas. No ver\u00e3o, h\u00e1 um grande n\u00famero de pequenos mosquitos \u00e0 volta do lago. N\u00e3o picam, mas podem ser inc\u00f3modas. Recomendamos que leve um mosquiteiro para o seu rosto.<\/p>\n\n<figure class=\"wp-block-image size-large\"><img decoding=\"async\" src=\"https:\/\/photos.smugmug.com\/Iceland\/North-Iceland\/Stukustadir\/i-Td8khHt\/0\/L7SLSnSSXG8jfDVx82hjMzGsPbtf7DRGPfz4Dgt9X\/L\/Stukustadir-08-L.jpg\" alt=\"Lago Myvatn no final do ver&#xE3;o\"\/><\/figure>\n\n<p>A n\u00e3o perder na regi\u00e3o:<\/p>\n\n<ul class=\"wp-block-list\">\n<li>As pseudo-crateras de Sk\u00fatusta\u00f0ag\u00edgar<\/li>\n\n\n\n<li>As forma\u00e7\u00f5es l\u00e1vicas de Dimmuborgir<\/li>\n\n\n\n<li>A zona geot\u00e9rmica de Hverir e as suas fumarolas<\/li>\n\n\n\n<li>O vulc\u00e3o Krafla e a cratera V\u00edti<\/li>\n\n\n\n<li>As Termas Naturais de Myvatn, uma alternativa mais calma e menos dispendiosa \u00e0 Lagoa Azul<\/li>\n<\/ul>\n\n<p>O nosso favorito: <strong>Fosshotel Myvatn<\/strong> &#8211; <a href=\"https:\/\/www.booking.com\/hotel\/is\/fosshotel-myvatn.html?aid=2421273\" target=\"_blank\" rel=\"noreferrer noopener\">Ver fotos e disponibilidade<\/a><\/p>\n\n<p><a href=\"https:\/\/www.booking.com\/searchresults.en.html?region=13636&amp;nflt=review_score%253D90%253Breview_score%253D80&amp;aid=2421273&amp;no_rooms=1&amp;group_adults=2\" target=\"_blank\" rel=\"noreferrer noopener sponsored nofollow\"><strong>Veja as acomoda\u00e7\u00f5es mais bem avaliadas em torno do Lago Myvatn.<\/strong><\/a><\/p>\n\n<h3 class=\"wp-block-heading\">Akureyri, capital do Norte<\/h3>\n\n<p>Akureyri \u00e9 a segunda maior cidade da Isl\u00e2ndia (cerca de 20.000 habitantes) e \u00e9 particularmente animada no ver\u00e3o. Situada no fundo de um longo fiorde, goza de um microclima mais ameno do que o resto do norte. Fic\u00e1mos surpreendidos ao encontrar um jardim bot\u00e2nico com flores que n\u00e3o crescem em mais nenhum lugar da Isl\u00e2ndia.<\/p>\n\n<ul class=\"wp-block-list\">\n<li>O Jardim Bot\u00e2nico de Akureyri, um dos mais setentrionais do mundo, de visita livre<\/li>\n\n\n\n<li>Ponto de partida para excurs\u00f5es de observa\u00e7\u00e3o de baleias a partir de H\u00fasav\u00edk (45 minutos de carro)<\/li>\n\n\n\n<li>Excurs\u00f5es \u00e0 cascata de Go\u00f0afoss, uma das mais famosas do pa\u00eds<\/li>\n\n\n\n<li>Base para explorar o C\u00edrculo de Diamantes: H\u00fasav\u00edk, \u00c1sbyrgi, Dettifoss<\/li>\n\n\n\n<li>Vida nocturna animada no ver\u00e3o para uma cidade da sua dimens\u00e3o<\/li>\n<\/ul>\n\n<figure class=\"wp-block-image size-large\"><img decoding=\"async\" src=\"https:\/\/photos.smugmug.com\/Iceland\/Z-extra\/i-Whx73n5\/0\/NK5W5LcPvJ7FgDWndjHHtDgSQJ3qz87Jkv8Nfb6D6\/L\/Akureyri_botanical_garden_DP_564496002_XL-L.jpg\" alt=\"Jardim Bot&#xE2;nico de Akureyri\"\/><\/figure>\n\n<p>A cidade tem uma grande variedade de alojamentos. As op\u00e7\u00f5es fora do centro, nas margens do fiorde, oferecem vistas not\u00e1veis sobre as montanhas circundantes.<\/p>\n\n<p>O nosso favorito: <strong>Akureyri Berjaya<\/strong> &#8211; <a href=\"https:\/\/www.booking.com\/hotel\/is\/icelandairhotel-akureyri.html?aid=2421273\" target=\"_blank\" rel=\"noreferrer noopener sponsored nofollow\">Ver fotos e disponibilidade<\/a><\/p>\n\n<p><a href=\"https:\/\/www.booking.com\/searchresults.en.html?city=-2641271&amp;nflt=review_score%253D90%253Breview_score%253D80&amp;aid=2421273&amp;no_rooms=1&amp;group_adults=2\" target=\"_blank\" rel=\"noreferrer noopener sponsored nofollow\"><strong>Veja as acomoda\u00e7\u00f5es mais bem avaliadas em Akureyri.<\/strong><\/a><\/p>\n\n<h3 class=\"wp-block-heading\">Os fiordes ocidentais<\/h3>\n\n<p>Os fiordes ocidentais s\u00e3o a regi\u00e3o mais remota e menos visitada da Isl\u00e2ndia. Inacess\u00edveis no inverno, estes fiordes profundos s\u00f3 est\u00e3o abertos aos visitantes de junho a setembro. Pass\u00e1mos l\u00e1 3 dias e foi uma das nossas experi\u00eancias mais memor\u00e1veis na Isl\u00e2ndia: muito poucas pessoas, natureza selvagem intacta e uma rara sensa\u00e7\u00e3o de isolamento.<\/p>\n\n<p>As estradas nos fiordes ocidentais s\u00e3o frequentemente de terra batida e sinuosas. Permita tempos de desloca\u00e7\u00e3o mais longos do que os indicados pelo GPS. Recomenda-se um 4&#215;4, embora algumas sec\u00e7\u00f5es sejam acess\u00edveis de carro normal.<\/p>\n\n<figure class=\"wp-block-image size-large\"><img decoding=\"async\" src=\"https:\/\/photos.smugmug.com\/Iceland\/Z-extra\/i-G7mKz4L\/0\/KtGfhrcfswM2JnBbHrL9VJjVktcXrtpWF2VMkQPhJ\/L\/Isafjordur_DP_301557432_XL-L.jpg\" alt=\"Isafjordur\"\/><\/figure>\n\n<ul class=\"wp-block-list\">\n<li>As fal\u00e9sias de L\u00e1trabjarg, o ponto mais ocidental da Europa, lar de milhares de papagaios-do-mar<\/li>\n\n\n\n<li>A praia de Rau\u00f0asandur e a sua areia vermelho-alaranjada<\/li>\n\n\n\n<li>A monumental cascata de Dynjandi, acess\u00edvel ap\u00f3s uma curta caminhada<\/li>\n\n\n\n<li>Reserva natural de Hornstrandir, apenas acess\u00edvel por barco, para caminhantes experientes<\/li>\n<\/ul>\n\n<p>Os alojamentos nos fiordes ocidentais s\u00e3o limitados: \u00e9 essencial reservar com anteced\u00eancia. \u00cdsafj\u00f6r\u00f0ur \u00e9 a principal cidade da regi\u00e3o e tem uma s\u00e9rie de op\u00e7\u00f5es, incluindo hot\u00e9is, pens\u00f5es e restaurantes.<\/p>\n\n<h3 class=\"wp-block-heading\">As Terras Altas<\/h3>\n\n<p>As Terras Altas s\u00e3o o cora\u00e7\u00e3o desabitado da Isl\u00e2ndia: um imenso planalto vulc\u00e2nico acess\u00edvel apenas de finais de junho a setembro por estradas de terra batida. \u00c9 essencial um ve\u00edculo 4&#215;4 robusto, uma vez que as estradas atravessam rios a vau e caminhos pedregosos. Fizemos Landmannalaugar em 4&#215;4 e atravessar os vaus requer uma certa experi\u00eancia.<\/p>\n\n<figure class=\"wp-block-image size-large\"><img decoding=\"async\" src=\"https:\/\/photos.smugmug.com\/Iceland\/Central-Highlands\/Landmannalaugar\/i-M2kdkt6\/0\/LhT78Wk6DNNTkXqLZ6sP9q2VdzGknnG2Qdnw8rVcJ\/L\/landmannalaugar-L.jpg\" alt=\"Landmannalaugar Highlands Isl&#xE2;ndia\"\/><\/figure>\n\n<p>Os principais s\u00edtios nas Terras Altas s\u00e3o:<\/p>\n\n<ul class=\"wp-block-list\">\n<li>Landmannalaugar e as suas montanhas de riolito de muitas cores &#8211; vermelho, amarelo, verde e azul<\/li>\n\n\n\n<li>\u00de\u00f3rsm\u00f6rk, um vale verdejante encravado entre tr\u00eas glaciares<\/li>\n\n\n\n<li>A caminhada Laugavegur, um dos percursos pedestres mais famosos do mundo (55 km em 4 dias entre Landmannalaugar e \u00de\u00f3rsm\u00f6rk)<\/li>\n\n\n\n<li>O vulc\u00e3o Askja e o seu lago da cratera V\u00edti<\/li>\n\n\n\n<li>As fontes termais naturais de Landmannalaugar, gratuitas e ao ar livre<\/li>\n<\/ul>\n\n<p>O alojamento nas Highlands limita-se \u00e0s cabanas de montanha e ao campismo. As cabanas devem ser reservadas com bastante anteced\u00eancia, especialmente na caminhada de Laugavegur. N\u00e3o existem hot\u00e9is dispon\u00edveis nesta zona.<\/p>\n\n<h2 class=\"wp-block-heading\"><span class=\"ez-toc-section\" id=\"O_que_vestir_na_Islandia_no_verao\"><\/span>O que vestir na Isl\u00e2ndia no ver\u00e3o<span class=\"ez-toc-section-end\"><\/span><\/h2>\n\n<p>O ver\u00e3o island\u00eas pode ser enganador. As temperaturas raramente ultrapassam os 15\u00b0C e o tempo muda muito rapidamente: pode apanhar sol, chuva, vento e nevoeiro no mesmo dia. Pass\u00e1mos por tardes de 18\u00b0C com as nossas t-shirts, seguidas de rajadas de vento gelado no dia seguinte. O princ\u00edpio da estratifica\u00e7\u00e3o continua a ser a melhor abordagem:<\/p>\n\n<ul class=\"wp-block-list\">\n<li><strong>Primeira camada<\/strong> (contra a pele):\n<ul class=\"wp-block-list\">\n<li>T-shirt de l\u00e3 merino ou t\u00e9cnica<\/li>\n\n\n\n<li>Leggings leves para dias frios ou caminhadas em altitude<\/li>\n<\/ul>\n<\/li>\n\n\n\n<li><strong>Camada interm\u00e9dia<\/strong> (isolamento):\n<ul class=\"wp-block-list\">\n<li>Camisola leve de l\u00e3 ou de l\u00e3<\/li>\n\n\n\n<li>Casaco de penas compacto para as noites ou dias ventosos<\/li>\n<\/ul>\n<\/li>\n\n\n\n<li><strong>Camada exterior<\/strong> (prote\u00e7\u00e3o):\n<ul class=\"wp-block-list\">\n<li>Casaco imperme\u00e1vel e \u00e0 prova de vento &#8211; essencial mesmo no ver\u00e3o<\/li>\n\n\n\n<li>Cal\u00e7as leves e imperme\u00e1veis para caminhadas<\/li>\n<\/ul>\n<\/li>\n<\/ul>\n\n<figure class=\"wp-block-image size-large\"><img decoding=\"async\" src=\"https:\/\/photos.smugmug.com\/Iceland\/Golden-Circle\/Gullfoss\/i-XxCVKKd\/0\/MDcXNFt3nDwG5rXBhQj86KmgL86NzJJPpX8vThJQg\/L\/Gullfoss-21-L.jpg\" alt=\"fatos para caminhadas na Isl&#xE2;ndia no ver&#xE3;o\"\/><figcaption class=\"wp-element-caption\">N\u00e3o, n\u00e3o \u00e9 uma fotografia de inverno&#8230;<\/figcaption><\/figure>\n\n<p><strong>Acess\u00f3rios necess\u00e1rios:<\/strong><\/p>\n\n<ul class=\"wp-block-list\">\n<li>Chap\u00e9u leve e luvas finas (para caminhadas em altitude ou passeios de barco)<\/li>\n\n\n\n<li>\u00d3culos de sol (o sol pode estar baixo e a brilhar durante muitas horas)<\/li>\n\n\n\n<li>Creme solar (os raios UV podem ser surpreendentemente fortes apesar das temperaturas frescas)<\/li>\n\n\n\n<li>Botas de caminhada imperme\u00e1veis e confort\u00e1veis<\/li>\n\n\n\n<li>Fato de banho (para fontes termais e piscinas geot\u00e9rmicas)<\/li>\n\n\n\n<li>M\u00e1scara anti-moscas se planeia visitar o Lago Myvatn<\/li>\n<\/ul>\n\n<h2 class=\"wp-block-heading\"><span class=\"ez-toc-section\" id=\"Seguranca_no_verao_na_Islandia\"><\/span>Seguran\u00e7a no ver\u00e3o na Isl\u00e2ndia<span class=\"ez-toc-section-end\"><\/span><\/h2>\n\n<h3 class=\"wp-block-heading\">Condi\u00e7\u00f5es climat\u00e9ricas<\/h3>\n\n<p>Mesmo no ver\u00e3o, o clima da Isl\u00e2ndia continua a ser imprevis\u00edvel. O vento pode aumentar repentinamente e as temperaturas descerem em poucas horas. Eis as precau\u00e7\u00f5es essenciais:<\/p>\n\n<ul class=\"wp-block-list\">\n<li>Consulte a meteorologia todos os dias em <a href=\"https:\/\/vedur.is\/\" target=\"_blank\" rel=\"noreferrer noopener nofollow\">vedur.is<\/a><\/li>\n\n\n\n<li>O vento continua a ser o principal perigo, sobretudo junto a fal\u00e9sias e em estradas expostas.<\/li>\n\n\n\n<li>O nevoeiro pode reduzir consideravelmente a visibilidade, especialmente nas terras altas<\/li>\n\n\n\n<li>Descarregue a aplica\u00e7\u00e3o de emerg\u00eancia 112 Isl\u00e2ndia<\/li>\n\n\n\n<li>Em caso de emerg\u00eancia, marque 112<\/li>\n<\/ul>\n\n<figure class=\"wp-block-image size-large\"><img decoding=\"async\" src=\"https:\/\/photos.smugmug.com\/Iceland\/Driving-car\/i-QxCGQX4\/0\/MW8WqzQ3JTV2bNBgZTZMLQt8nb9ddFtpFDZmcWMms\/L\/driving_iceland_road-L.jpg\" alt=\"altera&#xE7;&#xF5;es clim&#xE1;ticas\"\/><\/figure>\n\n<h3 class=\"wp-block-heading\">Caminhadas e natureza<\/h3>\n\n<p>O ver\u00e3o abre uma s\u00e9rie de trilhos para caminhadas, mas \u00e9 preciso ter cuidado:<\/p>\n\n<ul class=\"wp-block-list\">\n<li>Mantenha-se nos caminhos marcados para proteger a vegeta\u00e7\u00e3o fr\u00e1gil (o musgo island\u00eas demora d\u00e9cadas a regenerar-se)<\/li>\n\n\n\n<li>N\u00e3o se aproxime demasiado das fal\u00e9sias: a eros\u00e3o torna as margens inst\u00e1veis<\/li>\n\n\n\n<li>Siga os sinais de aviso nas zonas geot\u00e9rmicas &#8211; o solo pode estar quente a poucos cent\u00edmetros da superf\u00edcie<\/li>\n\n\n\n<li>A pesca nos rios das Terras Altas \u00e9 arriscada: informe-se sobre as condi\u00e7\u00f5es antes de partir<\/li>\n\n\n\n<li>Publique o seu itiner\u00e1rio em <a href=\"https:\/\/safetravel.is\/\" target=\"_blank\" rel=\"noreferrer noopener nofollow\">safetravel.is<\/a><\/li>\n<\/ul>\n\n<figure class=\"wp-block-image size-large\"><img decoding=\"async\" src=\"https:\/\/photos.smugmug.com\/Iceland\/South-Coast\/Skogafoss\/i-j6xsQ4Z\/0\/KwfcF25v44WfsVGsV8fTWFbN9PCNkT9ZZwCq5fRmg\/L\/Skogafoss-climb-L.jpg\" alt=\"trilho para caminhadas na Isl&#xE2;ndia no ver&#xE3;o\"\/><\/figure>\n\n<h3 class=\"wp-block-heading\">Condu\u00e7\u00e3o no ver\u00e3o<\/h3>\n\n<p>Conduzir no ver\u00e3o \u00e9 muito mais f\u00e1cil do que no inverno. No entanto, h\u00e1 alguns pontos que merecem a sua aten\u00e7\u00e3o:<\/p>\n\n<ul class=\"wp-block-list\">\n<li>As ovelhas andam livremente pelas estradas de junho a setembro: abrande nas zonas rurais<\/li>\n\n\n\n<li>As estradas F (Highlands) s\u00f3 podem ser utilizadas por 4&#215;4 e est\u00e3o interditas aos ve\u00edculos normais.<\/li>\n\n\n\n<li>A poeira e a gravilha em estradas n\u00e3o pavimentadas reduzem a ader\u00eancia<\/li>\n\n\n\n<li>As pontes de via \u00fanica s\u00e3o comuns: a prioridade \u00e9 dada ao ve\u00edculo que chega primeiro.<\/li>\n\n\n\n<li>Nunca conduza fora de estrada &#8211; \u00e9 proibido e causa danos permanentes \u00e0 natureza<\/li>\n<\/ul>\n\n<figure class=\"wp-block-image size-large\"><img decoding=\"async\" src=\"https:\/\/photos.smugmug.com\/Iceland\/Driving-car\/i-jHtMcJ4\/0\/KmLRFFGKtfMNndTDXsKgjqX83hPmV2nVCv2QkvFMt\/L\/sheep%20on%20road-L.jpg\" alt=\"ovelhas na estrada\"\/><\/figure>\n\n<h3 class=\"wp-block-heading\">\u00c1gua<\/h3>\n\n<p>A \u00e1gua da torneira na Isl\u00e2ndia \u00e9 uma das mais puras do mundo e \u00e9 perfeitamente pot\u00e1vel. Prov\u00e9m diretamente de nascentes glaciares e de aqu\u00edferos naturais. A \u00e1gua quente pode ter um ligeiro cheiro a enxofre, devido \u00e0 sua origem geot\u00e9rmica, mas \u00e9 completamente inofensivo. Leve consigo uma garrafa de \u00e1gua reutiliz\u00e1vel: poupar\u00e1 dinheiro e reduzir\u00e1 os res\u00edduos de pl\u00e1stico.<\/p>\n\n<h2 class=\"wp-block-heading\"><span class=\"ez-toc-section\" id=\"O_sol_da_meia-noite\"><\/span>O sol da meia-noite<span class=\"ez-toc-section-end\"><\/span><\/h2>\n\n<p>O sol da meia-noite \u00e9 um dos fen\u00f3menos mais marcantes do ver\u00e3o island\u00eas. Por volta do solst\u00edcio de ver\u00e3o (21 de junho), o sol apenas desce brevemente abaixo do horizonte em Reykjavik, criando um crep\u00fasculo luminoso que dura toda a noite. No norte do pa\u00eds, acima do C\u00edrculo Polar \u00c1rtico (na ilha de Gr\u00edmsey), o sol n\u00e3o se p\u00f5e durante alguns dias.<\/p>\n\n<p>Esta luz permanente tem implica\u00e7\u00f5es pr\u00e1ticas para a sua viagem. Verific\u00e1mos que o sono pode ser perturbado: uma m\u00e1scara de noite \u00e9 essencial. Al\u00e9m disso, a luz dourada do entardecer (que dura horas) \u00e9 ideal para a fotografia de paisagens.<\/p>\n\n<h2 class=\"wp-block-heading\"><span class=\"ez-toc-section\" id=\"Vida_selvagem_islandesa_no_verao\"><\/span>Vida selvagem islandesa no ver\u00e3o<span class=\"ez-toc-section-end\"><\/span><\/h2>\n\n<p>O ver\u00e3o \u00e9 a melhor esta\u00e7\u00e3o para observar a vida selvagem na Isl\u00e2ndia. As aves migrat\u00f3rias regressam, as baleias frequentam as \u00e1guas costeiras e as ovelhas pastam livremente no campo.<\/p>\n\n<figure class=\"wp-block-image size-large\"><img decoding=\"async\" src=\"https:\/\/photos.smugmug.com\/Iceland\/Practical\/i-V73KnkS\/0\/KqLPTd4TsKCVKt2dwxxwKxVRjw2x8rJ5HkDz7DfSz\/L\/artic_fox-L.jpg\" alt=\"Raposa do &#xC1;rtico\"\/><\/figure>\n\n<h3 class=\"wp-block-heading\">A raposa do \u00c1rtico<\/h3>\n\n<p>A raposa abandona o seu pelo branco de inverno por um pelo mais colorido.<\/p>\n\n<h3 class=\"wp-block-heading\">Puffins<\/h3>\n\n<p>Os papagaios-do-mar s\u00e3o provavelmente as aves mais emblem\u00e1ticas da Isl\u00e2ndia. Regressam \u00e0 costa de maio a agosto para nidificar. A Isl\u00e2ndia alberga cerca de 60% da popula\u00e7\u00e3o mundial de papagaios-do-mar. Tivemos a sorte de os observar de perto nas fal\u00e9sias de L\u00e1trabjarg: n\u00e3o s\u00e3o t\u00edmidos e podem aproximar-se a poucos metros de dist\u00e2ncia.<\/p>\n\n<p>Os melhores locais de observa\u00e7\u00e3o s\u00e3o:<\/p>\n\n<ul class=\"wp-block-list\">\n<li>As fal\u00e9sias de L\u00e1trabjarg (Westfjords)<\/li>\n\n\n\n<li>As ilhas Vestmann (acess\u00edveis por ferry a partir da costa sul)<\/li>\n\n\n\n<li>Borgarfj\u00f6r\u00f0ur Eystri (Isl\u00e2ndia Oriental)<\/li>\n\n\n\n<li>As fal\u00e9sias de Dyrh\u00f3laey (costa sul), acess\u00edveis entre maio e meados de junho, antes de fecharem para a nidifica\u00e7\u00e3o.<\/li>\n<\/ul>\n\n<p><a href=\"https:\/\/www.getyourguide.com\/fr-fr\/islande-l169030\/observation-des-macareux-tc307\/?adults=1&amp;searchSource=8&amp;partner_id=R3GYW4V&amp;cmp=iceland\" target=\"_blank\" rel=\"noreferrer noopener sponsored nofollow\">Consulte as op\u00e7\u00f5es de excurs\u00f5es.<\/a><\/p>\n\n<figure class=\"wp-block-image size-large\"><img decoding=\"async\" src=\"https:\/\/photos.smugmug.com\/Iceland\/Practical\/i-BvLHWQS\/0\/KPBBGVQcZdnr5hktcWBXjVzSrDBJn6HCmbSJxVbN5\/L\/Puffin_DP_291178894_XL-L.jpg\" alt=\"puffins na Isl&#xE2;ndia\"\/><\/figure>\n\n<h3 class=\"wp-block-heading\">Baleias e vida marinha<\/h3>\n\n<p>O ver\u00e3o \u00e9 a \u00e9poca alta para a observa\u00e7\u00e3o de baleias. H\u00fasav\u00edk, no norte, \u00e9 considerada a capital europeia da observa\u00e7\u00e3o de baleias. Pode observar baleias jubarte, baleias minke e, mais raramente, baleias azuis. Tamb\u00e9m pode fazer excurs\u00f5es a partir de Reykjavik e Akureyri.<br\/><a href=\"https:\/\/www.getyourguide.pt\/s\/?q=Baleines%20islande&amp;customerSearch=true&amp;partner_id=R3GYW4V&amp;cmp=iceland\" target=\"_blank\" rel=\"noreferrer noopener sponsored nofollow\">Veja as op\u00e7\u00f5es de excurs\u00f5es<\/a><\/p>\n\n<h3 class=\"wp-block-heading\">As ovelhas<\/h3>\n\n<p>De junho a setembro, as ovelhas islandesas pastam livremente nas zonas rurais e montanhosas. S\u00e3o descendentes dos que foram trazidos pelos Vikings no s\u00e9culo IX. Em setembro, o R\u00e9ttir (encontro de ovelhas) \u00e9 um evento comunit\u00e1rio importante: os agricultores percorrem as terras altas a cavalo para trazer os seus rebanhos de volta aos vales antes do inverno.<\/p>\n\n<figure class=\"wp-block-image size-large\"><img decoding=\"async\" src=\"https:\/\/photos.smugmug.com\/Iceland\/Driving-car\/i-QT3kcRT\/0\/MR9TDfrWtPCWn9b3NdTGzkGmptP5Ld6mrFx7Wdc5W\/L\/P1030806-L.jpg\" alt=\"ovelhas na Isl&#xE2;ndia\"\/><\/figure>\n\n<h3 class=\"wp-block-heading\">O cavalo island\u00eas<\/h3>\n\n<p>O ver\u00e3o \u00e9 a melhor esta\u00e7\u00e3o para andar a cavalo. O cavalo island\u00eas, uma ra\u00e7a pura h\u00e1 mais de 1000 anos, \u00e9 conhecido pelo seu &#8220;t\u00f6lt&#8221;, um andar particularmente confort\u00e1vel. Muitas quintas oferecem passeios que podem durar de algumas horas a v\u00e1rios dias numa variedade de paisagens. &#8211; <a href=\"https:\/\/www.getyourguide.pt\/s\/?q=chevaux%20islande&amp;customerSearch=true&amp;p=1&amp;partner_id=R3GYW4V&amp;cmp=iceland\" target=\"_blank\" rel=\"noreferrer noopener sponsored nofollow\">Ver op\u00e7\u00f5es e reservar<\/a><\/p>\n\n<figure class=\"wp-block-image size-large\"><img decoding=\"async\" src=\"https:\/\/photos.smugmug.com\/Iceland\/Horses\/i-3sxB5Dr\/0\/LsC5jKTLXkTJtmhX2xz4J2GnbQr6CF7tFtGK9WdcQ\/L\/IMG_1571-L.jpg\" alt=\"Cavalo island&#xEA;s no ver&#xE3;o\"\/><\/figure>\n\n<h3 class=\"wp-block-heading\">Aves migrat\u00f3rias<\/h3>\n\n<p>Para al\u00e9m dos papagaios-do-mar, a Isl\u00e2ndia \u00e9 o habitat de muitas esp\u00e9cies de aves migrat\u00f3rias no ver\u00e3o: andorinhas-do-mar \u00e1rcticas, tarambolas douradas, ma\u00e7aricos-das-rochas e eiders. O lago Myvatn \u00e9 um dos melhores locais da Europa para observar patos, que se re\u00fanem aqui em grande n\u00famero para nidificar.<\/p>\n\n<h2 class=\"wp-block-heading\"><span class=\"ez-toc-section\" id=\"Acampar_na_Islandia_no_verao\"><\/span>Acampar na Isl\u00e2ndia no ver\u00e3o<span class=\"ez-toc-section-end\"><\/span><\/h2>\n\n<p>O campismo \u00e9 uma op\u00e7\u00e3o popular e econ\u00f3mica no ver\u00e3o. A Isl\u00e2ndia tem um grande n\u00famero de parques de campismo em todo o pa\u00eds, a maioria dos quais s\u00f3 abre de junho a setembro.<\/p>\n\n<p>Algumas informa\u00e7\u00f5es pr\u00e1ticas:<\/p>\n\n<ul class=\"wp-block-list\">\n<li>O cart\u00e3o de campismo d\u00e1-lhe acesso a cerca de trinta parques de campismo durante 28 noites.<\/li>\n\n\n\n<li>A maioria dos parques de campismo tem chuveiros quentes, instala\u00e7\u00f5es sanit\u00e1rias e, por vezes, cozinhas comuns.<\/li>\n\n\n\n<li>O campismo selvagem \u00e9 regulamentado: \u00e9 proibido acampar em terrenos cultivados ou privados sem autoriza\u00e7\u00e3o.<\/li>\n\n\n\n<li>Certifique-se de que tem o equipamento adequado para o vento: sardinhas compridas, tenda resistente \u00e0s rajadas, etc.<\/li>\n<\/ul>\n\n<h2 class=\"wp-block-heading\"><span class=\"ez-toc-section\" id=\"Aspectos_praticos\"><\/span>Aspectos pr\u00e1ticos<span class=\"ez-toc-section-end\"><\/span><\/h2>\n\n<p>A Isl\u00e2ndia continua a ser um destino caro no ver\u00e3o, especialmente porque a \u00e9poca alta faz subir o pre\u00e7o do alojamento e do aluguer de autom\u00f3veis. Eis o que precisa de saber:<\/p>\n\n<ul class=\"wp-block-list\">\n<li><strong>Moeda<\/strong>: coroa islandesa (ISK), mas os cart\u00f5es banc\u00e1rios s\u00e3o aceites em todo o lado, mesmo nas zonas mais remotas.<\/li>\n\n\n\n<li><strong>Eletricidade<\/strong>: tomadas europeias de 230V (tipo C e F)<\/li>\n\n\n\n<li><strong>Internet<\/strong>: Wifi amplamente dispon\u00edvel nos alojamentos. N\u00e3o se esque\u00e7a de utilizar uma op\u00e7\u00e3o local para aceder \u00e0 Internet entre cidades, nomeadamente para verificar o estado do tempo e das estradas.<\/li>\n\n\n\n<li><strong>L\u00edngua<\/strong>: O ingl\u00eas \u00e9 amplamente falado<\/li>\n\n\n\n<li><strong>Hor\u00e1rio de abertura da loja<\/strong>:\n<ul class=\"wp-block-list\">\n<li>Supermercados: geralmente das 10h \u00e0s 20h (hor\u00e1rio alargado no ver\u00e3o)<\/li>\n\n\n\n<li>Restaurantes: 11.30h-10h<\/li>\n\n\n\n<li>As esta\u00e7\u00f5es de servi\u00e7o Olis e N1 s\u00e3o as lojas mais fi\u00e1veis nas zonas rurais (combust\u00edvel, snacks, casas de banho).<\/li>\n<\/ul>\n<\/li>\n<\/ul>\n\n<figure class=\"wp-block-image size-large\"><img decoding=\"async\" src=\"https:\/\/photos.smugmug.com\/Iceland\/Practical\/i-mcJCGZd\/0\/LScMrkWPg8JHskkK3BMW3TMvxZvC5hMVpSd4gCc6m\/L\/hotdog_iceland-L.jpg\" alt=\"cachorro-quente na Isl&#xE2;ndia\"\/><\/figure>\n\n<h2 class=\"wp-block-heading\"><span class=\"ez-toc-section\" id=\"Perguntas_frequentes_sobre_a_Islandia_no_verao\"><\/span>Perguntas frequentes sobre a Isl\u00e2ndia no ver\u00e3o<span class=\"ez-toc-section-end\"><\/span><\/h2>\n\n<h3 class=\"wp-block-heading\">Faz calor na Isl\u00e2ndia no ver\u00e3o?<\/h3>\n\n<p>N\u00e3o, as temperaturas de ver\u00e3o oscilam entre 10\u00b0C e 15\u00b0C em m\u00e9dia, raramente ultrapassando os 20\u00b0C. O vento pode fazer com que sinta ainda mais frio. Traga roupa quente e imperme\u00e1vel, mesmo em julho.<\/p>\n\n<h3 class=\"wp-block-heading\">Consegue ver a aurora boreal no ver\u00e3o?<\/h3>\n\n<p>De um modo geral, n\u00e3o. O sol da meia-noite impede a observa\u00e7\u00e3o da aurora boreal de maio a agosto. Para as ver, o c\u00e9u tem de estar suficientemente escuro, o que s\u00f3 \u00e9 poss\u00edvel a partir do final de agosto e, sobretudo, de setembro a mar\u00e7o.<\/p>\n\n<h3 class=\"wp-block-heading\">Precisa de um 4&#215;4 para visitar a Isl\u00e2ndia no ver\u00e3o?<\/h3>\n\n<p>N\u00e3o necessariamente. Um autom\u00f3vel normal \u00e9 suficiente para percorrer a circular e a grande maioria dos locais tur\u00edsticos. Por outro lado, um 4&#215;4 \u00e9 indispens\u00e1vel para as estradas F (Highlands), os Westfjords e certos caminhos secund\u00e1rios.<\/p>\n\n<h3 class=\"wp-block-heading\">\u00c9 poss\u00edvel efetuar uma volta completa \u00e0 ilha?<\/h3>\n\n<p>Sim, o ver\u00e3o \u00e9 a \u00fanica esta\u00e7\u00e3o em que \u00e9 realmente confort\u00e1vel percorrer toda a Estrada Circular (cerca de 1320 km). Reserve pelo menos 7 dias para fazer a volta completa e 10 dias para fazer paragens e explorar cada regi\u00e3o.<\/p>\n\n<h3 class=\"wp-block-heading\">As grutas de gelo s\u00e3o acess\u00edveis no ver\u00e3o?<\/h3>\n\n<p>As grutas de gelo naturais no glaciar Vatnaj\u00f6kull s\u00f3 s\u00e3o acess\u00edveis no inverno (novembro a mar\u00e7o). No ver\u00e3o, as temperaturas provocam a fus\u00e3o das estruturas glaciares e as grutas tornam-se inst\u00e1veis. Existem, no entanto, t\u00faneis de gelo artificiais, como o Langj\u00f6kull, que podem ser visitados durante todo o ano.<\/p>\n\n<h3 class=\"wp-block-heading\">H\u00e1 muitos turistas no ver\u00e3o?<\/h3>\n\n<p>Sim, o ver\u00e3o \u00e9 claramente a \u00e9poca alta na Isl\u00e2ndia. Os locais mais populares, como o C\u00edrculo Dourado, J\u00f6kuls\u00e1rl\u00f3n e Sk\u00f3gafoss, podem ser muito concorridos a meio do dia. Para uma experi\u00eancia mais descontra\u00edda, recomendamos que visite os locais de manh\u00e3 cedo ou \u00e0 noite (se a luz o permitir) e que explore as zonas menos populares, como os Fiordes do Oeste, os Fiordes do Leste ou as Terras Altas.<\/p>\n\n<div style=\"margin-top:8%;margin-bottom:8%\" class=\"wp-block-genesis-blocks-gb-container box gb-block-container\"><div class=\"gb-container-inside\"><div class=\"gb-container-content\" style=\"max-width:700px\">\n<div class=\"wp-block-genesis-blocks-gb-container box_titre gb-block-container\"><div class=\"gb-container-inside\"><div class=\"gb-container-content\">\n<h5 class=\"titre_box\"><span>PLANEIE A SUA VIAGEM DE VERAO \u00c0<\/span> <span class=\"titre_box_manuscrit\">Isl\u00e2ndia<\/span><\/h5>\n<\/div><\/div><\/div>\n\n\n\n<hr class=\"wp-block-separator has-text-color has-alpha-channel-opacity has-background is-style-wide hr-box-planif\" style=\"background-color:#ccd3dd;color:#ccd3dd\"\/>\n\n\n\n<div class=\"wp-block-columns box_sans_border is-layout-flex wp-container-core-columns-is-layout-9d6595d7 wp-block-columns-is-layout-flex\">\n<div class=\"wp-block-column texte_planif is-layout-flow wp-block-column-is-layout-flow\" style=\"font-size:14px;flex-basis:60%\">\n<ul class=\"wp-block-list\">\n<li><strong>Best-of<\/strong><\/li>\n<\/ul>\n\n\n\n<p class=\"ul_box\" style=\"font-size:14px\">O que fazer na Isl\u00e2ndia (em breve)<br\/>As cascatas mais bonitas (em breve)<br\/>As mais belas praias de areia preta (em breve)<br\/><a href=\"https:\/\/iceland-lovers.com\/pt-pt\/melhores-crateras-vulcanicas-islandia\/\" type=\"post\" id=\"3913\" target=\"_blank\" rel=\"noreferrer noopener\">Crateras vulc\u00e2nicas para escalar<\/a><br\/><a href=\"https:\/\/iceland-lovers.com\/pt-pt\/grutas-lava-islandia\/\" type=\"post\" id=\"3912\" target=\"_blank\" rel=\"noreferrer noopener\">Grutas de lava para visitar<\/a><br\/>Melhores excurs\u00f5es a partir de Reiquiavique (em breve)<br\/><\/p>\n<\/div>\n\n\n\n<div class=\"wp-block-column is-vertically-aligned-top planif-radius is-layout-flow wp-block-column-is-layout-flow\" style=\"flex-basis:40%\">\n<figure class=\"wp-block-image size-large img-portrait\"><img decoding=\"async\" src=\"https:\/\/photos.smugmug.com\/Iceland\/North-Iceland\/Stukustadir\/i-cM679v9\/0\/pjq48bR8wtrM7q7fhmPKtVcFZh9jPzQ8sJQh7H4x\/S\/Stukustadir-S.jpg\" alt=\"Stukustadir\" title=\"\"\/><\/figure>\n<\/div>\n<\/div>\n\n\n\n<hr class=\"wp-block-separator has-text-color has-alpha-channel-opacity has-background is-style-wide hr-box-planif\" style=\"background-color:#ccd3dd;color:#ccd3dd\"\/>\n\n\n\n<div class=\"wp-block-columns box_sans_border is-layout-flex wp-container-core-columns-is-layout-9d6595d7 wp-block-columns-is-layout-flex\">\n<div class=\"wp-block-column texte_planif is-layout-flow wp-block-column-is-layout-flow\" style=\"flex-basis:60%\">\n<ul class=\"wp-block-list\">\n<li><strong>Conselhos pr\u00e1ticos<\/strong><\/li>\n<\/ul>\n\n\n\n<p style=\"font-size:14px\"><br\/><a href=\"https:\/\/iceland-lovers.com\/pt-pt\/viajar-islandia-verao-guia\/\" type=\"post\" id=\"3860\" target=\"_blank\" rel=\"noreferrer noopener\">Dicas de viagem para o ver\u00e3o<\/a><br\/>Como se deslocar (brevemente)<br\/><a href=\"https:\/\/iceland-lovers.com\/pt-pt\/como-alugar-carro-islandia-dicas-experiencia\/\" type=\"post\" id=\"1202\" target=\"_blank\" rel=\"noreferrer noopener\">Como alugar um carro na Isl\u00e2ndia<\/a><br\/>Conselhos de condu\u00e7\u00e3o (brevemente)<br\/>Onde ficar na Isl\u00e2ndia (em breve)<br\/>Itiner\u00e1rios: 3 dias &#8211; 4 dias &#8211; 5 dias &#8211; 1 semana &#8211; 10 dias (em breve)<\/p>\n<\/div>\n\n\n\n<div class=\"wp-block-column is-vertically-aligned-top planif-radius is-layout-flow wp-block-column-is-layout-flow\" style=\"flex-basis:40%\">\n<figure class=\"wp-block-image size-large img-portrait\"><img decoding=\"async\" src=\"https:\/\/photos.smugmug.com\/Iceland\/Driving-car\/i-vPtvXQq\/0\/tq6rx2CTKV4njqg4RvvJSGW5KtNLh5jJFTTsWHFQ\/S\/driving_iceland-S.jpg\" alt=\"Percurso na Isl&#xE2;ndia  \" title=\"\"\/><\/figure>\n<\/div>\n<\/div>\n\n\n\n<hr class=\"wp-block-separator has-text-color has-alpha-channel-opacity has-background is-style-wide hr-box-planif\" style=\"background-color:#ccd3dd;color:#ccd3dd\"\/>\n\n\n\n<div class=\"wp-block-columns box_sans_border is-layout-flex wp-container-core-columns-is-layout-9d6595d7 wp-block-columns-is-layout-flex\">\n<div class=\"wp-block-column texte_planif is-layout-flow wp-block-column-is-layout-flow\" style=\"flex-basis:60%\">\n<ul class=\"wp-block-list\">\n<li><strong>O que n\u00e3o pode faltar<\/strong><\/li>\n<\/ul>\n\n\n\n<p style=\"font-size:14px\">O que fazer em Reiquiavique (em breve)<br\/>Principais atrac\u00e7\u00f5es do C\u00edrculo Dourado (em breve)<br\/>Atrac\u00e7\u00f5es da costa sul (em breve)<br\/><a href=\"https:\/\/iceland-lovers.com\/pt-pt\/o-que-fazer-snaefellsnes-atracoes\/\" type=\"post\" id=\"3951\" target=\"_blank\" rel=\"noreferrer noopener\">Pen\u00ednsula de Snaefellsnes<\/a><br\/>C\u00edrculo de prata (brevemente)<br\/>Atrac\u00e7\u00f5es do Lago Myvatn (em breve)<br\/><\/p>\n<\/div>\n\n\n\n<div class=\"wp-block-column is-vertically-aligned-top planif-radius is-layout-flow wp-block-column-is-layout-flow\" style=\"flex-basis:40%\">\n<figure class=\"wp-block-image size-large img-portrait\"><img decoding=\"async\" src=\"https:\/\/photos.smugmug.com\/Iceland\/South-Coast\/Skogafoss\/i-PN35d7d\/0\/CTQRVft2tgj5rkrQb5BrqVpxcpWh9fCmxkG9h55NW\/S\/Skogafoss-S.jpg\" alt=\"Skogafoss\" title=\"\"\/><\/figure>\n<\/div>\n<\/div>\n\n\n\n<div style=\"height:30px\" aria-hidden=\"true\" class=\"wp-block-spacer\"><\/div>\n<\/div><\/div><\/div>\n\n<div class=\"wp-block-genesis-blocks-gb-container box_auteur_voyage gb-block-container\"><div class=\"gb-container-inside\"><div class=\"gb-container-content\">\n<figure class=\"wp-block-image size-large img_auteur_voyage img_provisoire\"><img decoding=\"async\" src=\"https:\/\/photos.smugmug.com\/Region-Lovers\/Equipe\/i-nsNF6C6\/0\/Cs2F5n96pkt9xFD9D3SVqmQspMhrKgN75nHgBqmjG\/L\/Claire-L.png\" alt=\"\"\/><\/figure>\n\n\n\n<h5 class=\"titre_auteur_voyage\"><span>ELA FEZ A VIAGEM E ESCREVEU O ARTIGO \n <\/span><span class=\"titre_box_manuscrit\">Claire<\/span><\/h5>\n<\/div><\/div><\/div>\n","protected":false},"excerpt":{"rendered":"<p>Aqui est\u00e1 o nosso guia completo para planear a sua viagem \u00e0 Isl\u00e2ndia no ver\u00e3o, com todos os nossos conselhos num s\u00f3 local para fazer escolhas e preparar-se: Os elementos essenciais para uma viagem bem sucedida \u00e0 Isl\u00e2ndia no ver\u00e3o Se n\u00e3o quiser ler o artigo todo, aqui est\u00e1 um resumo das nossas respostas. Mas [&hellip;]<\/p>\n","protected":false},"author":1,"featured_media":3867,"comment_status":"closed","ping_status":"closed","sticky":false,"template":"","format":"standard","meta":{"_genesis_hide_title":false,"_genesis_hide_breadcrumbs":false,"_genesis_hide_singular_image":false,"_genesis_hide_footer_widgets":false,"_genesis_custom_body_class":"","_genesis_custom_post_class":"","_genesis_layout":"","footnotes":""},"categories":[70],"tags":[],"class_list":{"0":"post-3906","1":"post","2":"type-post","3":"status-publish","4":"format-standard","5":"has-post-thumbnail","7":"category-dicas-de-viagem","8":"entry"},"yoast_head":"<!-- This site is optimized with the Yoast SEO plugin v27.2 - https:\/\/yoast.com\/product\/yoast-seo-wordpress\/ -->\n<title>Viajar para a Isl\u00e2ndia no ver\u00e3o: o nosso guia completo! (+ fotos)<\/title>\n<meta name=\"description\" content=\"O nosso guia completo para planear uma viagem \u00e0 Isl\u00e2ndia no ver\u00e3o: mapa, onde ir, onde dormir, o que levar, condu\u00e7\u00e3o...\" \/>\n<meta name=\"robots\" content=\"index, follow, max-snippet:-1, max-image-preview:large, max-video-preview:-1\" \/>\n<link rel=\"canonical\" href=\"https:\/\/iceland-lovers.com\/pt-pt\/viajar-islandia-verao-guia\/\" \/>\n<meta property=\"og:locale\" content=\"pt_PT\" \/>\n<meta property=\"og:type\" content=\"article\" \/>\n<meta property=\"og:title\" content=\"Viajar para a Isl\u00e2ndia no ver\u00e3o: o nosso guia completo! (+ fotos)\" \/>\n<meta property=\"og:description\" content=\"O nosso guia completo para planear uma viagem \u00e0 Isl\u00e2ndia no ver\u00e3o: mapa, onde ir, onde dormir, o que levar, condu\u00e7\u00e3o...\" \/>\n<meta property=\"og:url\" content=\"https:\/\/iceland-lovers.com\/pt-pt\/viajar-islandia-verao-guia\/\" \/>\n<meta property=\"og:site_name\" content=\"Iceland Lovers\" \/>\n<meta property=\"article:published_time\" content=\"2026-03-30T09:59:49+00:00\" \/>\n<meta property=\"article:modified_time\" content=\"2026-03-30T10:10:25+00:00\" \/>\n<meta property=\"og:image\" content=\"https:\/\/iceland-lovers.com\/wp-content\/uploads\/2026\/03\/viagem-Islandia-no-verao-guia-dicas.jpg\" \/>\n\t<meta property=\"og:image:width\" content=\"800\" \/>\n\t<meta property=\"og:image:height\" content=\"600\" \/>\n\t<meta property=\"og:image:type\" content=\"image\/jpeg\" \/>\n<meta name=\"author\" content=\"Claire\" \/>\n<meta name=\"twitter:card\" content=\"summary_large_image\" \/>\n<meta name=\"twitter:label1\" content=\"Escrito por\" \/>\n\t<meta name=\"twitter:data1\" content=\"Claire\" \/>\n\t<meta name=\"twitter:label2\" content=\"Tempo estimado de leitura\" \/>\n\t<meta name=\"twitter:data2\" content=\"25 minutos\" \/>\n<script type=\"application\/ld+json\" class=\"yoast-schema-graph\">{\"@context\":\"https:\/\/schema.org\",\"@graph\":[{\"@type\":\"Article\",\"@id\":\"https:\/\/iceland-lovers.com\/pt-pt\/viajar-islandia-verao-guia\/#article\",\"isPartOf\":{\"@id\":\"https:\/\/iceland-lovers.com\/pt-pt\/viajar-islandia-verao-guia\/\"},\"author\":{\"name\":\"Claire\",\"@id\":\"https:\/\/iceland-lovers.com\/pt-pt\/#\/schema\/person\/99f50c0c6981832bc8c168071e92df44\"},\"headline\":\"Viajar para a Isl\u00e2ndia no ver\u00e3o: o nosso guia completo! (+ fotos)\",\"datePublished\":\"2026-03-30T09:59:49+00:00\",\"dateModified\":\"2026-03-30T10:10:25+00:00\",\"mainEntityOfPage\":{\"@id\":\"https:\/\/iceland-lovers.com\/pt-pt\/viajar-islandia-verao-guia\/\"},\"wordCount\":5067,\"publisher\":{\"@id\":\"https:\/\/iceland-lovers.com\/pt-pt\/#organization\"},\"image\":{\"@id\":\"https:\/\/iceland-lovers.com\/pt-pt\/viajar-islandia-verao-guia\/#primaryimage\"},\"thumbnailUrl\":\"https:\/\/iceland-lovers.com\/wp-content\/uploads\/2026\/03\/viagem-Islandia-no-verao-guia-dicas.jpg\",\"articleSection\":[\"Dicas de viagem\"],\"inLanguage\":\"pt-PT\"},{\"@type\":\"WebPage\",\"@id\":\"https:\/\/iceland-lovers.com\/pt-pt\/viajar-islandia-verao-guia\/\",\"url\":\"https:\/\/iceland-lovers.com\/pt-pt\/viajar-islandia-verao-guia\/\",\"name\":\"Viajar para a Isl\u00e2ndia no ver\u00e3o: o nosso guia completo! (+ fotos)\",\"isPartOf\":{\"@id\":\"https:\/\/iceland-lovers.com\/pt-pt\/#website\"},\"primaryImageOfPage\":{\"@id\":\"https:\/\/iceland-lovers.com\/pt-pt\/viajar-islandia-verao-guia\/#primaryimage\"},\"image\":{\"@id\":\"https:\/\/iceland-lovers.com\/pt-pt\/viajar-islandia-verao-guia\/#primaryimage\"},\"thumbnailUrl\":\"https:\/\/iceland-lovers.com\/wp-content\/uploads\/2026\/03\/viagem-Islandia-no-verao-guia-dicas.jpg\",\"datePublished\":\"2026-03-30T09:59:49+00:00\",\"dateModified\":\"2026-03-30T10:10:25+00:00\",\"description\":\"O nosso guia completo para planear uma viagem \u00e0 Isl\u00e2ndia no ver\u00e3o: mapa, onde ir, onde dormir, o que levar, condu\u00e7\u00e3o...\",\"breadcrumb\":{\"@id\":\"https:\/\/iceland-lovers.com\/pt-pt\/viajar-islandia-verao-guia\/#breadcrumb\"},\"inLanguage\":\"pt-PT\",\"potentialAction\":[{\"@type\":\"ReadAction\",\"target\":[\"https:\/\/iceland-lovers.com\/pt-pt\/viajar-islandia-verao-guia\/\"]}]},{\"@type\":\"ImageObject\",\"inLanguage\":\"pt-PT\",\"@id\":\"https:\/\/iceland-lovers.com\/pt-pt\/viajar-islandia-verao-guia\/#primaryimage\",\"url\":\"https:\/\/iceland-lovers.com\/wp-content\/uploads\/2026\/03\/viagem-Islandia-no-verao-guia-dicas.jpg\",\"contentUrl\":\"https:\/\/iceland-lovers.com\/wp-content\/uploads\/2026\/03\/viagem-Islandia-no-verao-guia-dicas.jpg\",\"width\":800,\"height\":600,\"caption\":\"viagem \u00e0 Isl\u00e2ndia no ver\u00e3o: guia e dicas\"},{\"@type\":\"BreadcrumbList\",\"@id\":\"https:\/\/iceland-lovers.com\/pt-pt\/viajar-islandia-verao-guia\/#breadcrumb\",\"itemListElement\":[{\"@type\":\"ListItem\",\"position\":1,\"name\":\"Accueil\",\"item\":\"https:\/\/iceland-lovers.com\/pt-pt\/\"},{\"@type\":\"ListItem\",\"position\":2,\"name\":\"Dicas de viagem\",\"item\":\"https:\/\/iceland-lovers.com\/pt-pt\/dicas-de-viagem\/\"},{\"@type\":\"ListItem\",\"position\":3,\"name\":\"Viajar para a Isl\u00e2ndia no ver\u00e3o: o nosso guia completo! (+ fotos)\"}]},{\"@type\":\"WebSite\",\"@id\":\"https:\/\/iceland-lovers.com\/pt-pt\/#website\",\"url\":\"https:\/\/iceland-lovers.com\/pt-pt\/\",\"name\":\"Iceland Lovers\",\"description\":\"Le Blog de Claire et Manu\",\"publisher\":{\"@id\":\"https:\/\/iceland-lovers.com\/pt-pt\/#organization\"},\"potentialAction\":[{\"@type\":\"SearchAction\",\"target\":{\"@type\":\"EntryPoint\",\"urlTemplate\":\"https:\/\/iceland-lovers.com\/pt-pt\/?s={search_term_string}\"},\"query-input\":{\"@type\":\"PropertyValueSpecification\",\"valueRequired\":true,\"valueName\":\"search_term_string\"}}],\"inLanguage\":\"pt-PT\"},{\"@type\":\"Organization\",\"@id\":\"https:\/\/iceland-lovers.com\/pt-pt\/#organization\",\"name\":\"Iceland Lovers\",\"url\":\"https:\/\/iceland-lovers.com\/pt-pt\/\",\"logo\":{\"@type\":\"ImageObject\",\"inLanguage\":\"pt-PT\",\"@id\":\"https:\/\/iceland-lovers.com\/pt-pt\/#\/schema\/logo\/image\/\",\"url\":\"https:\/\/iceland-lovers.com\/wp-content\/uploads\/2024\/05\/cropped-Iceland-Lovers-Logos-RVB_Principal-bicolore.png\",\"contentUrl\":\"https:\/\/iceland-lovers.com\/wp-content\/uploads\/2024\/05\/cropped-Iceland-Lovers-Logos-RVB_Principal-bicolore.png\",\"width\":2326,\"height\":501,\"caption\":\"Iceland Lovers\"},\"image\":{\"@id\":\"https:\/\/iceland-lovers.com\/pt-pt\/#\/schema\/logo\/image\/\"}},{\"@type\":\"Person\",\"@id\":\"https:\/\/iceland-lovers.com\/pt-pt\/#\/schema\/person\/99f50c0c6981832bc8c168071e92df44\",\"name\":\"Claire\",\"image\":{\"@type\":\"ImageObject\",\"inLanguage\":\"pt-PT\",\"@id\":\"https:\/\/secure.gravatar.com\/avatar\/e3566233826c32de8d7c9ef726a1087654b12cadb092acc17ee1d357687192ff?s=96&d=mm&r=g\",\"url\":\"https:\/\/secure.gravatar.com\/avatar\/e3566233826c32de8d7c9ef726a1087654b12cadb092acc17ee1d357687192ff?s=96&d=mm&r=g\",\"contentUrl\":\"https:\/\/secure.gravatar.com\/avatar\/e3566233826c32de8d7c9ef726a1087654b12cadb092acc17ee1d357687192ff?s=96&d=mm&r=g\",\"caption\":\"Claire\"},\"sameAs\":[\"https:\/\/iceland-lovers.com\/claire-robinson\/\"],\"url\":\"https:\/\/iceland-lovers.com\/pt-pt\/author\/icelandlovers\/\"}]}<\/script>\n<!-- \/ Yoast SEO plugin. -->","yoast_head_json":{"title":"Viajar para a Isl\u00e2ndia no ver\u00e3o: o nosso guia completo! (+ fotos)","description":"O nosso guia completo para planear uma viagem \u00e0 Isl\u00e2ndia no ver\u00e3o: mapa, onde ir, onde dormir, o que levar, condu\u00e7\u00e3o...","robots":{"index":"index","follow":"follow","max-snippet":"max-snippet:-1","max-image-preview":"max-image-preview:large","max-video-preview":"max-video-preview:-1"},"canonical":"https:\/\/iceland-lovers.com\/pt-pt\/viajar-islandia-verao-guia\/","og_locale":"pt_PT","og_type":"article","og_title":"Viajar para a Isl\u00e2ndia no ver\u00e3o: o nosso guia completo! (+ fotos)","og_description":"O nosso guia completo para planear uma viagem \u00e0 Isl\u00e2ndia no ver\u00e3o: mapa, onde ir, onde dormir, o que levar, condu\u00e7\u00e3o...","og_url":"https:\/\/iceland-lovers.com\/pt-pt\/viajar-islandia-verao-guia\/","og_site_name":"Iceland Lovers","article_published_time":"2026-03-30T09:59:49+00:00","article_modified_time":"2026-03-30T10:10:25+00:00","og_image":[{"width":800,"height":600,"url":"https:\/\/iceland-lovers.com\/wp-content\/uploads\/2026\/03\/viagem-Islandia-no-verao-guia-dicas.jpg","type":"image\/jpeg"}],"author":"Claire","twitter_card":"summary_large_image","twitter_misc":{"Escrito por":"Claire","Tempo estimado de leitura":"25 minutos"},"schema":{"@context":"https:\/\/schema.org","@graph":[{"@type":"Article","@id":"https:\/\/iceland-lovers.com\/pt-pt\/viajar-islandia-verao-guia\/#article","isPartOf":{"@id":"https:\/\/iceland-lovers.com\/pt-pt\/viajar-islandia-verao-guia\/"},"author":{"name":"Claire","@id":"https:\/\/iceland-lovers.com\/pt-pt\/#\/schema\/person\/99f50c0c6981832bc8c168071e92df44"},"headline":"Viajar para a Isl\u00e2ndia no ver\u00e3o: o nosso guia completo! (+ fotos)","datePublished":"2026-03-30T09:59:49+00:00","dateModified":"2026-03-30T10:10:25+00:00","mainEntityOfPage":{"@id":"https:\/\/iceland-lovers.com\/pt-pt\/viajar-islandia-verao-guia\/"},"wordCount":5067,"publisher":{"@id":"https:\/\/iceland-lovers.com\/pt-pt\/#organization"},"image":{"@id":"https:\/\/iceland-lovers.com\/pt-pt\/viajar-islandia-verao-guia\/#primaryimage"},"thumbnailUrl":"https:\/\/iceland-lovers.com\/wp-content\/uploads\/2026\/03\/viagem-Islandia-no-verao-guia-dicas.jpg","articleSection":["Dicas de viagem"],"inLanguage":"pt-PT"},{"@type":"WebPage","@id":"https:\/\/iceland-lovers.com\/pt-pt\/viajar-islandia-verao-guia\/","url":"https:\/\/iceland-lovers.com\/pt-pt\/viajar-islandia-verao-guia\/","name":"Viajar para a Isl\u00e2ndia no ver\u00e3o: o nosso guia completo! (+ fotos)","isPartOf":{"@id":"https:\/\/iceland-lovers.com\/pt-pt\/#website"},"primaryImageOfPage":{"@id":"https:\/\/iceland-lovers.com\/pt-pt\/viajar-islandia-verao-guia\/#primaryimage"},"image":{"@id":"https:\/\/iceland-lovers.com\/pt-pt\/viajar-islandia-verao-guia\/#primaryimage"},"thumbnailUrl":"https:\/\/iceland-lovers.com\/wp-content\/uploads\/2026\/03\/viagem-Islandia-no-verao-guia-dicas.jpg","datePublished":"2026-03-30T09:59:49+00:00","dateModified":"2026-03-30T10:10:25+00:00","description":"O nosso guia completo para planear uma viagem \u00e0 Isl\u00e2ndia no ver\u00e3o: mapa, onde ir, onde dormir, o que levar, condu\u00e7\u00e3o...","breadcrumb":{"@id":"https:\/\/iceland-lovers.com\/pt-pt\/viajar-islandia-verao-guia\/#breadcrumb"},"inLanguage":"pt-PT","potentialAction":[{"@type":"ReadAction","target":["https:\/\/iceland-lovers.com\/pt-pt\/viajar-islandia-verao-guia\/"]}]},{"@type":"ImageObject","inLanguage":"pt-PT","@id":"https:\/\/iceland-lovers.com\/pt-pt\/viajar-islandia-verao-guia\/#primaryimage","url":"https:\/\/iceland-lovers.com\/wp-content\/uploads\/2026\/03\/viagem-Islandia-no-verao-guia-dicas.jpg","contentUrl":"https:\/\/iceland-lovers.com\/wp-content\/uploads\/2026\/03\/viagem-Islandia-no-verao-guia-dicas.jpg","width":800,"height":600,"caption":"viagem \u00e0 Isl\u00e2ndia no ver\u00e3o: guia e dicas"},{"@type":"BreadcrumbList","@id":"https:\/\/iceland-lovers.com\/pt-pt\/viajar-islandia-verao-guia\/#breadcrumb","itemListElement":[{"@type":"ListItem","position":1,"name":"Accueil","item":"https:\/\/iceland-lovers.com\/pt-pt\/"},{"@type":"ListItem","position":2,"name":"Dicas de viagem","item":"https:\/\/iceland-lovers.com\/pt-pt\/dicas-de-viagem\/"},{"@type":"ListItem","position":3,"name":"Viajar para a Isl\u00e2ndia no ver\u00e3o: o nosso guia completo! (+ fotos)"}]},{"@type":"WebSite","@id":"https:\/\/iceland-lovers.com\/pt-pt\/#website","url":"https:\/\/iceland-lovers.com\/pt-pt\/","name":"Iceland Lovers","description":"Le Blog de Claire et Manu","publisher":{"@id":"https:\/\/iceland-lovers.com\/pt-pt\/#organization"},"potentialAction":[{"@type":"SearchAction","target":{"@type":"EntryPoint","urlTemplate":"https:\/\/iceland-lovers.com\/pt-pt\/?s={search_term_string}"},"query-input":{"@type":"PropertyValueSpecification","valueRequired":true,"valueName":"search_term_string"}}],"inLanguage":"pt-PT"},{"@type":"Organization","@id":"https:\/\/iceland-lovers.com\/pt-pt\/#organization","name":"Iceland Lovers","url":"https:\/\/iceland-lovers.com\/pt-pt\/","logo":{"@type":"ImageObject","inLanguage":"pt-PT","@id":"https:\/\/iceland-lovers.com\/pt-pt\/#\/schema\/logo\/image\/","url":"https:\/\/iceland-lovers.com\/wp-content\/uploads\/2024\/05\/cropped-Iceland-Lovers-Logos-RVB_Principal-bicolore.png","contentUrl":"https:\/\/iceland-lovers.com\/wp-content\/uploads\/2024\/05\/cropped-Iceland-Lovers-Logos-RVB_Principal-bicolore.png","width":2326,"height":501,"caption":"Iceland Lovers"},"image":{"@id":"https:\/\/iceland-lovers.com\/pt-pt\/#\/schema\/logo\/image\/"}},{"@type":"Person","@id":"https:\/\/iceland-lovers.com\/pt-pt\/#\/schema\/person\/99f50c0c6981832bc8c168071e92df44","name":"Claire","image":{"@type":"ImageObject","inLanguage":"pt-PT","@id":"https:\/\/secure.gravatar.com\/avatar\/e3566233826c32de8d7c9ef726a1087654b12cadb092acc17ee1d357687192ff?s=96&d=mm&r=g","url":"https:\/\/secure.gravatar.com\/avatar\/e3566233826c32de8d7c9ef726a1087654b12cadb092acc17ee1d357687192ff?s=96&d=mm&r=g","contentUrl":"https:\/\/secure.gravatar.com\/avatar\/e3566233826c32de8d7c9ef726a1087654b12cadb092acc17ee1d357687192ff?s=96&d=mm&r=g","caption":"Claire"},"sameAs":["https:\/\/iceland-lovers.com\/claire-robinson\/"],"url":"https:\/\/iceland-lovers.com\/pt-pt\/author\/icelandlovers\/"}]}},"featured_image_src":"https:\/\/iceland-lovers.com\/wp-content\/uploads\/2026\/03\/viagem-Islandia-no-verao-guia-dicas-600x400.jpg","featured_image_src_square":"https:\/\/iceland-lovers.com\/wp-content\/uploads\/2026\/03\/viagem-Islandia-no-verao-guia-dicas-600x600.jpg","author_info":{"display_name":"Claire","author_link":"https:\/\/iceland-lovers.com\/pt-pt\/author\/icelandlovers\/"},"_links":{"self":[{"href":"https:\/\/iceland-lovers.com\/pt-pt\/wp-json\/wp\/v2\/posts\/3906","targetHints":{"allow":["GET"]}}],"collection":[{"href":"https:\/\/iceland-lovers.com\/pt-pt\/wp-json\/wp\/v2\/posts"}],"about":[{"href":"https:\/\/iceland-lovers.com\/pt-pt\/wp-json\/wp\/v2\/types\/post"}],"author":[{"embeddable":true,"href":"https:\/\/iceland-lovers.com\/pt-pt\/wp-json\/wp\/v2\/users\/1"}],"replies":[{"embeddable":true,"href":"https:\/\/iceland-lovers.com\/pt-pt\/wp-json\/wp\/v2\/comments?post=3906"}],"version-history":[{"count":0,"href":"https:\/\/iceland-lovers.com\/pt-pt\/wp-json\/wp\/v2\/posts\/3906\/revisions"}],"wp:featuredmedia":[{"embeddable":true,"href":"https:\/\/iceland-lovers.com\/pt-pt\/wp-json\/wp\/v2\/media\/3867"}],"wp:attachment":[{"href":"https:\/\/iceland-lovers.com\/pt-pt\/wp-json\/wp\/v2\/media?parent=3906"}],"wp:term":[{"taxonomy":"category","embeddable":true,"href":"https:\/\/iceland-lovers.com\/pt-pt\/wp-json\/wp\/v2\/categories?post=3906"},{"taxonomy":"post_tag","embeddable":true,"href":"https:\/\/iceland-lovers.com\/pt-pt\/wp-json\/wp\/v2\/tags?post=3906"}],"curies":[{"name":"wp","href":"https:\/\/api.w.org\/{rel}","templated":true}]}}