{"id":1162,"date":"2024-06-18T14:27:31","date_gmt":"2024-06-18T12:27:31","guid":{"rendered":"https:\/\/iceland-lovers.com\/faro-malarrif-inverno\/"},"modified":"2024-06-18T15:53:16","modified_gmt":"2024-06-18T13:53:16","slug":"faro-malarrif-inverno","status":"publish","type":"post","link":"https:\/\/iceland-lovers.com\/it\/faro-malarrif-inverno\/","title":{"rendered":"Faro di Malarrif in inverno (Snaefellsnes): consigli + foto"},"content":{"rendered":"\n<p>Durante il tour della penisola di Snafellsnes, faccia una breve deviazione per ammirare il faro di Malarrif in inverno, circondato dalla neve, e visiti il piccolo museo per saperne di pi\u00f9 sulla regione. Ecco tutti i nostri consigli per il suo passaggio.<\/p>\n\n<figure class=\"wp-block-image size-full\"><img decoding=\"async\" src=\"https:\/\/iceland-lovers.com\/wp-content\/uploads\/2024\/06\/Malarrif-in-inverno-Snaefellsnes.jpeg\" alt=\"Malarrif inverno Snaefellsnes\" class=\"wp-image-954\"\/><\/figure>\n\n<p>Si tratta di un&#8217;opinione completamente <strong>indipendente<\/strong>, basata sulle nostre esperienze. Abbiamo visitato la regione in modo anonimo, facendo le nostre scelte e pagando interamente le nostre fatture.<\/p>\n\n<div style=\"padding-left:5%\" class=\"wp-block-genesis-blocks-gb-container box gb-block-container\"><div class=\"gb-container-inside\"><div class=\"gb-container-content\">\n<p class=\"titre_box_manuscrit\">Contenuti<\/p>\n\n\n\n<div class=\"wp-block-genesis-blocks-gb-container gb-block-container\"><div class=\"gb-container-inside\"><div class=\"gb-container-content\"><div id=\"ez-toc-container\" class=\"ez-toc-v2_0_82_1 counter-hierarchy ez-toc-counter ez-toc-custom ez-toc-container-direction\">\n<div class=\"ez-toc-title-container\">\n<span class=\"ez-toc-title-toggle\"><\/span><\/div>\n<nav><ul class='ez-toc-list ez-toc-list-level-1 ' ><li class='ez-toc-page-1 ez-toc-heading-level-2'><a class=\"ez-toc-link ez-toc-heading-1\" href=\"https:\/\/iceland-lovers.com\/it\/faro-malarrif-inverno\/#Il_faro_di_Malarrif_merita_una_visita_in_inverno_La_nostra_opinione\" >Il faro di Malarrif merita una visita in inverno? La nostra opinione:<\/a><\/li><li class='ez-toc-page-1 ez-toc-heading-level-2'><a class=\"ez-toc-link ez-toc-heading-2\" href=\"https:\/\/iceland-lovers.com\/it\/faro-malarrif-inverno\/#Come_arrivare_a_Malarrif_in_inverno_accesso_e_mappa\" >Come arrivare a Malarrif in inverno: accesso e mappa<\/a><\/li><li class='ez-toc-page-1 ez-toc-heading-level-2'><a class=\"ez-toc-link ez-toc-heading-3\" href=\"https:\/\/iceland-lovers.com\/it\/faro-malarrif-inverno\/#Consigli_utili_durata_orari_difficolta_ecc\" >Consigli utili: durata, orari, difficolt\u00e0, ecc.<\/a><\/li><li class='ez-toc-page-1 ez-toc-heading-level-2'><a class=\"ez-toc-link ez-toc-heading-4\" href=\"https:\/\/iceland-lovers.com\/it\/faro-malarrif-inverno\/#Faro_di_Malarrif\" >Faro di Malarrif<\/a><\/li><li class='ez-toc-page-1 ez-toc-heading-level-2'><a class=\"ez-toc-link ez-toc-heading-5\" href=\"https:\/\/iceland-lovers.com\/it\/faro-malarrif-inverno\/#Parco_Nazionale_Snaefellsjokull_%E2%80%93_Centro_Visitatori_e_Museo\" >Parco Nazionale Snaefellsjokull &#8211; Centro Visitatori e Museo<\/a><\/li><li class='ez-toc-page-1 ez-toc-heading-level-2'><a class=\"ez-toc-link ez-toc-heading-6\" href=\"https:\/\/iceland-lovers.com\/it\/faro-malarrif-inverno\/#Vista_sulle_cime_di_Londrangar\" >Vista sulle cime di Londrangar<\/a><\/li><li class='ez-toc-page-1 ez-toc-heading-level-2'><a class=\"ez-toc-link ez-toc-heading-7\" href=\"https:\/\/iceland-lovers.com\/it\/faro-malarrif-inverno\/#Vista_verso_il_ghiacciaio_Snaefellsnjokull\" >Vista verso il ghiacciaio Snaefellsnj\u00f6kull<\/a><\/li><\/ul><\/nav><\/div>\n\n<\/div><\/div><\/div>\n<\/div><\/div><\/div>\n\n<p><\/p>\n\n<h2 class=\"wp-block-heading\"><span class=\"ez-toc-section\" id=\"Il_faro_di_Malarrif_merita_una_visita_in_inverno_La_nostra_opinione\"><\/span>Il faro di Malarrif merita una visita in inverno? La nostra opinione:<span class=\"ez-toc-section-end\"><\/span><\/h2>\n\n<p>S\u00ec, visitare il faro di Malarrif in inverno \u00e8 un&#8217;esperienza che consigliamo. L&#8217;iconica torre sovrasta il paesaggio ghiacciato, circondata da campi di lava innevati e da imponenti scogliere di basalto.<br\/>Inoltre, il piccolo museo\/ufficio turistico pu\u00f2 offrirle una piacevole pausa in caso di maltempo!<\/p>\n\n<p>Questa \u00e8 una delle <a href=\"https:\/\/iceland-lovers.com\/it\/cosa-vedere-snaefellsnes-attrazioni-invernali\/\" target=\"_blank\" rel=\"noreferrer noopener\">attrazioni della penisola di Snaefellsnes<\/a>.<\/p>\n\n<p>Nota: secondo la segnaletica stradale, l&#8217;ortografia \u00e8 Malarrif, anche se a volte si vede la parola Malariff su internet.<\/p>\n\n<figure class=\"wp-block-image size-large\"><img decoding=\"async\" src=\"https:\/\/photos.smugmug.com\/Iceland\/Winter\/Snaefellsnes\/Malarrif\/i-pkQGdXT\/1\/CrP9L5mq5gGVn9H9dhqtpkhqQ5Mkb5wJwVBn9NNVT\/L\/Malarrif_Iceland-4969-L.jpg\" alt=\"Vista del faro di Malarrif in inverno\"\/><\/figure>\n\n<div class=\"wp-block-genesis-blocks-gb-container box gb-block-container\"><div class=\"gb-container-inside\"><div class=\"gb-container-content\">\n<div class=\"wp-block-columns inverse is-layout-flex wp-container-core-columns-is-layout-9d6595d7 wp-block-columns-is-layout-flex\">\n<div class=\"wp-block-column texte_planif is-layout-flow wp-block-column-is-layout-flow\" style=\"flex-basis:58%\">\n<h5 class=\"titre_box\">LA NOSTRA GUIDA PER ORGANIZZARE UN VIAGGIO DA <span class=\"titre_box_manuscrit\">sogno<\/span><\/h5>\n\n\n\n<ul class=\"wp-block-list\">\n<li>6 mappe per facilitare la pianificazione<\/li>\n\n\n\n<li>+ 75 sedi preselezionate  <\/li>\n\n\n\n<li>Consigli pratici  <\/li>\n\n\n\n<li>+ 115 foto per aiutarla a scegliere<\/li>\n<\/ul>\n\n\n\n<div class=\"wp-block-buttons is-layout-flex wp-block-buttons-is-layout-flex\">\n<div class=\"wp-block-button\"><a class=\"wp-block-button__link has-theme-primary-background-color has-background wp-element-button\" href=\"https:\/\/iceland-lovers.com\/it\/ebook-guida-road-trip-islanda-inverno\/\">Scopri di pi\u00f9 &gt;&gt;<\/a><\/div>\n<\/div>\n<\/div>\n\n\n\n<div class=\"wp-block-column is-layout-flow wp-block-column-is-layout-flow\" style=\"flex-basis:42%\">\n<div class=\"wp-block-genesis-blocks-gb-container ebook-radius-waitlist gb-block-container\"><div class=\"gb-container-inside\"><div class=\"gb-container-content\"><div class=\"wp-block-image ebook-image\">\n<figure class=\"aligncenter size-full\"><img decoding=\"async\" src=\"https:\/\/iceland-lovers.com\/wp-content\/uploads\/2024\/06\/Road-trip-guide-Iceland-Winter-eBook-cover-3.jpg\" alt=\"Guida al viaggio in Islanda in inverno Copertina dell'eBook\" class=\"wp-image-1049\"\/><\/figure>\n<\/div><\/div><\/div><\/div>\n<\/div>\n<\/div>\n<\/div><\/div><\/div>\n\n<h2 class=\"wp-block-heading\"><span class=\"ez-toc-section\" id=\"Come_arrivare_a_Malarrif_in_inverno_accesso_e_mappa\"><\/span>Come arrivare a Malarrif in inverno: accesso e mappa<span class=\"ez-toc-section-end\"><\/span><\/h2>\n\n<h3 class=\"wp-block-heading\">Dove si trova Malarrif?<\/h3>\n\n<ul class=\"wp-block-list\">\n<li>Sulla costa sud-occidentale della penisola di Snaefellsnes<\/li>\n\n\n\n<li>Parcheggio lungo la strada fino alla fine della penisola<\/li>\n\n\n\n<li>Vicino a Londgrangar<\/li>\n\n\n\n<li>Da Grundarfjordur = 50 minuti in auto<\/li>\n\n\n\n<li>Da Borgarnes = 1h35 in auto<\/li>\n\n\n\n<li>Da Reykjavik = 2 ore e 50 di auto.<\/li>\n\n\n\n<li>Ecco una mappa per aiutarla a trovare la strada:<\/li>\n<\/ul>\n\n<figure class=\"wp-block-image size-large\"><img decoding=\"async\" src=\"https:\/\/iceland-lovers.com\/wp-content\/uploads\/2024\/06\/Mappa-Faro-Malarrif-Islanda-1024x683.png\" alt=\"Mappa del faro di Malarrif Islanda\" class=\"wp-image-981\"\/><figcaption class=\"wp-element-caption\">Mappa: Faro di Malarrif sulla penisola di Snaefellsnes<\/figcaption><\/figure>\n\n<div style=\"background-color:#e4f3f6;margin-top:8%;margin-bottom:8%\" class=\"wp-block-genesis-blocks-gb-container box gb-block-container\"><div class=\"gb-container-inside\"><div class=\"gb-container-content\">\n<div class=\"wp-block-columns inverse box_planif is-layout-flex wp-container-core-columns-is-layout-9d6595d7 wp-block-columns-is-layout-flex\">\n<div class=\"wp-block-column texte_planif is-layout-flow wp-block-column-is-layout-flow\" style=\"flex-basis:60%\">\n<h5 class=\"titre_box\" style=\"padding-top:10px;\">NOLEGGIA UN&#8217;AUTO IN <span class=\"titre_box_manuscrit\">Islanda<\/span><\/h5>\n\n\n\n<p style=\"font-size:16px\">Scopra le migliori offerte su <a href=\"https:\/\/www.discovercars.com\/it\/iceland?a_aid=zigzag&amp;chan=iceland\" target=\"_blank\" rel=\"noreferrer noopener sponsored nofollow\">Discovercars<\/a>, la nostra piattaforma preferita!<br\/>Sulla Route 1, non \u00e8 necessario un 4&#215;4, fuori dalla Route 1, dipende dai suoi piani.<\/p>\n<\/div>\n\n\n\n<div class=\"wp-block-column planif-radius-2 is-layout-flow wp-block-column-is-layout-flow\">\n<figure class=\"wp-block-image size-large voiture_image\"><img decoding=\"async\" src=\"https:\/\/photos.smugmug.com\/Iceland\/Winter\/Driving\/i-q2wFFnJ\/1\/Dn4qbSGkrKhZgHBNz2hWXrPc3VdddRQZ7cdj3FpVX\/S\/drive_South_coast_Iceland-2-21-S.jpg\" alt=\"guidare in Islanda\"\/><\/figure>\n<\/div>\n<\/div>\n\n\n\n<div class=\"wp-block-columns planif_bouton is-layout-flex wp-container-core-columns-is-layout-9d6595d7 wp-block-columns-is-layout-flex\">\n<div class=\"wp-block-column is-vertically-aligned-top is-layout-flow wp-block-column-is-layout-flow\">\n<div class=\"wp-block-buttons is-content-justification-center is-layout-flex wp-container-core-buttons-is-layout-16018d1d wp-block-buttons-is-layout-flex\">\n<div class=\"wp-block-button\"><a class=\"wp-block-button__link has-white-color has-text-color wp-element-button\" href=\"https:\/\/www.discovercars.com\/fr\/iceland?a_aid=zigzag&amp;chan=iceland\" target=\"_blank\" rel=\"noreferrer noopener nofollow\">Vedere le auto disponibili &gt;&gt;<\/a><\/div>\n<\/div>\n<\/div>\n\n\n\n<div class=\"wp-block-column is-vertically-aligned-center is-layout-flow wp-block-column-is-layout-flow\">\n<p class=\"has-text-align-center\" style=\"font-size:16px\"><a href=\"https:\/\/iceland-lovers.com\/it\/come-noleggiare-auto-islanda-consigli-esperienze\/\" target=\"_blank\" rel=\"noreferrer noopener\">Legga tutti i nostri consigli<\/a><\/p>\n<\/div>\n<\/div>\n<\/div><\/div><\/div>\n\n<h3 class=\"wp-block-heading\">Come arrivarci? Strada di accesso invernale<\/h3>\n\n<p>Il faro \u00e8 accessibile in inverno.<br\/>Si tratta di una breve deviazione di meno di 500 metri dalla strada principale che circonda la penisola.<\/p>\n\n<p>Normalmente, le strade vengono liberate abbastanza rapidamente per l&#8217;accesso. Tuttavia, durante le tempeste di neve, le strade possono essere chiuse all&#8217;ultimo minuto &#8211; controlli sempre lo stato delle strade su <a href=\"https:\/\/umferdin.is\/en\" target=\"_blank\" rel=\"noreferrer noopener nofollow\">Umferdin<\/a>.<\/p>\n\n<figure class=\"wp-block-image size-large\"><img decoding=\"async\" src=\"https:\/\/photos.smugmug.com\/Iceland\/Winter\/Snaefellsnes\/Malarrif\/i-SjwkVPk\/1\/kbBKH3QnVrFwVhrzkBF5Bgvs2z4VmFhzjZbZSNmx\/L\/Malarrif_Iceland-4964-L.jpg\" alt=\"strada di accesso a Malarrif\"\/><\/figure>\n\n<h3 class=\"wp-block-heading\">Parcheggio<\/h3>\n\n<p>Alla fine della strada trover\u00e0 un parcheggio gratuito, che normalmente \u00e8 libero e abbastanza grande.<br\/>\u00c8 vicino al faro e all&#8217;edificio dell&#8217;ufficio turistico.<\/p>\n\n<figure class=\"wp-block-image size-large\"><img decoding=\"async\" src=\"https:\/\/photos.smugmug.com\/Iceland\/Winter\/Snaefellsnes\/Malarrif\/i-LGhccdK\/1\/CnbQSsmRHQksv7SgWvwtLCvjchxbRWTxtmfMpGmdp\/L\/Malarrif_Iceland-4966-L.jpg\" alt=\"Parcheggio Malarrif\"\/><\/figure>\n\n<div style=\"background-color:#e4f8fb;margin-top:8%;margin-bottom:8%\" class=\"wp-block-genesis-blocks-gb-container box gb-block-container\"><div class=\"gb-container-inside\"><div class=\"gb-container-content\" style=\"max-width:700px\">\n<div style=\"background-color:#e4f8fb\" class=\"wp-block-genesis-blocks-gb-container box_titre gb-block-container\"><div class=\"gb-container-inside\"><div class=\"gb-container-content\">\n<h5 class=\"titre_box\" style=\"padding-top:10px;\">DOVE ALLOGGIARE IN <span class=\"titre_box_manuscrit\">Islanda<\/span><\/h5>\n<\/div><\/div><\/div>\n\n\n\n<div class=\"wp-block-columns box_sans_border is-layout-flex wp-container-core-columns-is-layout-9d6595d7 wp-block-columns-is-layout-flex\">\n<div class=\"wp-block-column texte_planif is-layout-flow wp-block-column-is-layout-flow\" style=\"font-size:14px;flex-basis:60%\">\n<p class=\"option_titre2\">Le nostre selezioni indipendenti per aiutarti a trovare <strong>l&#8217;alloggio dei tuoi sogni<\/strong>:<\/p>\n\n\n\n<ul class=\"wp-block-list\">\n<li>Dove alloggiare in Islanda (prossimamente)<\/li>\n\n\n\n<li>Dove alloggiare a Reykjavik (in arrivo)<\/li>\n\n\n\n<li>I migliori hotel a 5 stelle (in arrivo)<\/li>\n\n\n\n<li>Dove alloggiare sulla costa meridionale (prossimamente)<\/li>\n\n\n\n<li>Dove alloggiare al Circolo d&#8217;Oro (prossimamente)<\/li>\n\n\n\n<li><a href=\"https:\/\/iceland-lovers.com\/it\/dove-alloggiare-snaefellsnes-penisola-migliori-hotel\/\" target=\"_blank\" rel=\"noreferrer noopener\">Dove alloggiare nella penisola di Snaefellsnes<\/a><\/li>\n<\/ul>\n\n\n\n<ul class=\"wp-block-list\">\n<li><a href=\"https:\/\/iceland-lovers.com\/it\/dove-alloggiare-islanda-inverno-best-hotels\/\" data-type=\"post\" data-id=\"736\" target=\"_blank\" rel=\"noreferrer noopener\">Dove alloggiare sull&#8217;Isola in inverno<\/a><\/li>\n<\/ul>\n<\/div>\n\n\n\n<div class=\"wp-block-column is-vertically-aligned-top planif-radius is-layout-flow wp-block-column-is-layout-flow\" style=\"flex-basis:40%\">\n<figure class=\"wp-block-image size-large img-portrait\"><img decoding=\"async\" src=\"https:\/\/photos.smugmug.com\/Iceland\/South-Coast\/Hotel-Katla\/i-pJBMTRw\/0\/ZQQMRNz8xHstZq28JL5M6NFJtTCctQHbgMHVzVLz\/S\/Vik_Accommodation_Iceland-3648-S.jpg\" alt=\"Hotel Katla vicino a Vik\" title=\"\"\/><\/figure>\n<\/div>\n<\/div>\n<\/div><\/div><\/div>\n\n<h2 class=\"wp-block-heading\"><span class=\"ez-toc-section\" id=\"Consigli_utili_durata_orari_difficolta_ecc\"><\/span>Consigli utili: durata, orari, difficolt\u00e0, ecc.<span class=\"ez-toc-section-end\"><\/span><\/h2>\n\n<h3 class=\"wp-block-heading\">Il momento migliore per visitarla, gli orari di apertura e i prezzi<\/h3>\n\n<p>L&#8217;accesso all&#8217;esterno del faro e all&#8217;ufficio turistico \u00e8 gratuito.<br\/>Pu\u00f2 vedere il faro a qualsiasi ora del giorno e della notte. Pu\u00f2 anche essere un ottimo primo piano per gli scatti sotto l&#8217;aurora boreale.<br\/>\u00c8 esposta a sud, quindi pu\u00f2 anche godere di splendide albe e tramonti.<\/p>\n\n<p>L&#8217;ufficio turistico e il suo piccolo museo hanno orari di apertura limitati. Normalmente dalle 11.00 alle 16.00 tutti i giorni.<\/p>\n\n<h3 class=\"wp-block-heading\">Durata della visita e principali difficolt\u00e0<\/h3>\n\n<p>Attenda 20-30 minuti.<br\/>Facile accesso al Centro Visitatori.<\/p>\n\n<div style=\"margin-top:8%;margin-bottom:8%\" class=\"wp-block-genesis-blocks-gb-container box gb-block-container\"><div class=\"gb-container-inside\"><div class=\"gb-container-content\">\n<div class=\"wp-block-columns inverse is-layout-flex wp-container-core-columns-is-layout-9d6595d7 wp-block-columns-is-layout-flex\">\n<div class=\"wp-block-column texte_planif is-layout-flow wp-block-column-is-layout-flow\" style=\"flex-basis:58%\">\n<h5 class=\"titre_box\" style=\"padding-top:10px\">ATTIVIT\u00c0 INDIMENTICABILI IN <span class=\"titre_box_manuscrit\"> inverno<\/span> <\/h5>\n\n\n\n<ul class=\"wp-block-list\">\n<li><a href=\"https:\/\/www.getyourguide.it\/s\/?q=iceland+winter+ice+cave&amp;searchSource=3&amp;partner_id=R3GYW4V&amp;cmp=iceland\" target=\"_blank\" rel=\"noreferrer noopener sponsored nofollow\">Visitare una grotta di ghiaccio<\/a><\/li>\n\n\n\n<li><a href=\"https:\/\/www.getyourguide.it\/s\/?q=iceland+winter+glacier+hike&amp;searchSource=3&amp;partner_id=R3GYW4V&amp;cmp=iceland\" target=\"_blank\" rel=\"noreferrer noopener sponsored nofollow\">Escursione su un ghiacciaio<\/a><\/li>\n\n\n\n<li><a href=\"https:\/\/www.getyourguide.it\/s\/?q=iceland+whale+watching&amp;searchSource=3&amp;partner_id=R3GYW4V&amp;cmp=iceland\" target=\"_blank\" rel=\"noreferrer noopener sponsored nofollow\">Osservazione delle balene<\/a> (da Reykjavik, Husavik o Akureyri)<\/li>\n<\/ul>\n<\/div>\n\n\n\n<div class=\"wp-block-column ville-radius is-layout-flow wp-block-column-is-layout-flow\" style=\"flex-basis:42%\">\n<figure class=\"wp-block-image size-large img-portrait\"><img decoding=\"async\" src=\"https:\/\/photos.smugmug.com\/Iceland\/Winter\/South-Coast-in-Winter\/Jokulsarlon\/Blue-ice-cave\/i-46mXBBx\/1\/C87JBB8LhkDnd8m3CHST8wQkDNjkZL4xTSQ8RPfxp\/S\/Jokulsarlon_ice_Caves_Iceland-3750-S.jpg\" alt=\"Grotta di ghiaccio in Islanda\" title=\"\"\/><\/figure>\n<\/div>\n<\/div>\n<\/div><\/div><\/div>\n\n<h2 class=\"wp-block-heading\"><span class=\"ez-toc-section\" id=\"Faro_di_Malarrif\"><\/span>Faro di Malarrif<span class=\"ez-toc-section-end\"><\/span><\/h2>\n\n<figure class=\"wp-block-image size-large\"><img decoding=\"async\" src=\"https:\/\/photos.smugmug.com\/Iceland\/Winter\/Snaefellsnes\/Malarrif\/i-pkQGdXT\/1\/CrP9L5mq5gGVn9H9dhqtpkhqQ5Mkb5wJwVBn9NNVT\/L\/Malarrif_Iceland-4969-L.jpg\" alt=\"Faro di Malarriff\"\/><\/figure>\n\n<p>Il faro di Malariff si erge come una sentinella incrollabile lungo la costa frastagliata della penisola.<br\/>La sua torre emblematica, tutta bianca con una calotta rossa, \u00e8 impressionante.<\/p>\n\n<p>Il primo faro di Malariff fu costruito nel 1917, ma era relativamente piccolo. Fu sostituito dall&#8217;attuale faro nel 1946. \u00c8 alto 20,2 metri (66 piedi). La sua luce ha una portata di circa 11 miglia nautiche (circa 18 km) &#8211; ma non abbiamo le fonti per confermare questa informazione.<\/p>\n\n<p>La sua forma \u00e8 spesso descritta come quella di un razzo. Non lo troviamo troppo&#8230;<\/p>\n\n<h2 class=\"wp-block-heading\"><span class=\"ez-toc-section\" id=\"Parco_Nazionale_Snaefellsjokull_%E2%80%93_Centro_Visitatori_e_Museo\"><\/span>Parco Nazionale Snaefellsjokull &#8211; Centro Visitatori e Museo<span class=\"ez-toc-section-end\"><\/span><\/h2>\n\n<figure class=\"wp-block-image size-large\"><img decoding=\"async\" src=\"https:\/\/photos.smugmug.com\/Iceland\/Winter\/Snaefellsnes\/Malarrif\/i-LtkWDmX\/1\/CGnZtmnBGMRgzHskscKL5g35cX2H9CWsmSh2ZzTF8\/L\/Malarrif_Iceland-4972-L.jpg\" alt=\"Centro visitatori - museo\"\/><\/figure>\n\n<p>Proprio accanto al faro si trova il centro visitatori: la &#8220;Gestastofa&#8221;.<br\/>I ranger sono a disposizione per rispondere a qualsiasi domanda.<br\/>C&#8217;\u00e8 anche una piccola mostra sulla storia del parco e sulla natura.<\/p>\n\n<p>La mostra si concentra in particolare sulla vita degli ex pescatori che vivevano e lavoravano intorno al ghiacciaio, e sul loro uso della natura come mezzo di sussistenza.<\/p>\n\n<p>Si tratta di una mostra interattiva dove si pu\u00f2 toccare, annusare e ascoltare&#8230;<\/p>\n\n<h2 class=\"wp-block-heading\"><span class=\"ez-toc-section\" id=\"Vista_sulle_cime_di_Londrangar\"><\/span>Vista sulle cime di Londrangar<span class=\"ez-toc-section-end\"><\/span><\/h2>\n\n<figure class=\"wp-block-image size-large\"><img decoding=\"async\" src=\"https:\/\/photos.smugmug.com\/Iceland\/Winter\/Snaefellsnes\/Malarrif\/i-qfTpmw3\/1\/FKZtK2WP63P5JmfmbwVrLdtsJwPjW87gCngJhCsVZ\/L\/Malarrif_Iceland-4975-L.jpg\" alt=\"Campi nella vena di Londrangar\"\/><\/figure>\n\n<p>Dalla zona, si pu\u00f2 anche vedere una grande formazione rocciosa che sporge dalla fine del campo di lava. Si tratta infatti delle cime delle due formazioni di basalto di Londrangar, alte 75 metri e 61 metri. Sono a livello della scogliera e si pu\u00f2 vedere solo la parte superiore. Questo \u00e8 abbastanza sorprendente.<\/p>\n\n<p>Scopra di pi\u00f9 nel <a href=\"https:\/\/iceland-lovers.com\/it\/londrangar-inverno\/\" target=\"_blank\" rel=\"noreferrer noopener\">nostro articolo su Londrangar<\/a>.<\/p>\n\n<figure class=\"wp-block-image size-large\"><img decoding=\"async\" src=\"https:\/\/photos.smugmug.com\/Iceland\/Winter\/Snaefellsnes\/Londrangar\/i-nSpgmzs\/1\/Nncm4C3M26b5CgwD79GdHkc8nDp69jW943vQg9rX\/L\/Londrangar_Iceland-4988-L.jpg\" alt=\"\"\/><\/figure>\n\n<p>A proposito, ecco una foto di Londrangar in cui si vede il piccolo faro bianco sullo sfondo. La vista \u00e8 incredibile, una volta vista la torre da vicino!<\/p>\n\n<div style=\"background-color:#fefefe;margin-top:6%;margin-bottom:6%\" class=\"wp-block-genesis-blocks-gb-container box gb-block-container\"><div class=\"gb-container-inside\"><div class=\"gb-container-content\" style=\"max-width:700px\">\n<div class=\"wp-block-columns inverse is-layout-flex wp-container-core-columns-is-layout-9d6595d7 wp-block-columns-is-layout-flex\">\n<div class=\"wp-block-column texte_planif is-layout-flow wp-block-column-is-layout-flow\" style=\"flex-basis:58%\">\n<h5 class=\"titre_box\">Riceva la nostra <span class=\"titre_box_manuscrit\">Newsletter<\/span><\/h5>\n\n\n\n<ul class=\"wp-block-list\">\n<li>Una boccata d&#8217;aria fresca nella sua vita quotidiana nelle bellissime destinazioni di Region Lovers!<\/li>\n\n\n\n<li>Una volta al mese<\/li>\n\n\n\n<li>Senza pubblicit\u00e0<\/li>\n<\/ul>\n\n\n<script>\nvar gform;gform||(document.addEventListener(\"gform_main_scripts_loaded\",function(){gform.scriptsLoaded=!0}),document.addEventListener(\"gform\/theme\/scripts_loaded\",function(){gform.themeScriptsLoaded=!0}),window.addEventListener(\"DOMContentLoaded\",function(){gform.domLoaded=!0}),gform={domLoaded:!1,scriptsLoaded:!1,themeScriptsLoaded:!1,isFormEditor:()=>\"function\"==typeof InitializeEditor,callIfLoaded:function(o){return!(!gform.domLoaded||!gform.scriptsLoaded||!gform.themeScriptsLoaded&&!gform.isFormEditor()||(gform.isFormEditor()&&console.warn(\"The use of gform.initializeOnLoaded() is deprecated in the form editor context and will be removed in Gravity Forms 3.1.\"),o(),0))},initializeOnLoaded:function(o){gform.callIfLoaded(o)||(document.addEventListener(\"gform_main_scripts_loaded\",()=>{gform.scriptsLoaded=!0,gform.callIfLoaded(o)}),document.addEventListener(\"gform\/theme\/scripts_loaded\",()=>{gform.themeScriptsLoaded=!0,gform.callIfLoaded(o)}),window.addEventListener(\"DOMContentLoaded\",()=>{gform.domLoaded=!0,gform.callIfLoaded(o)}))},hooks:{action:{},filter:{}},addAction:function(o,r,e,t){gform.addHook(\"action\",o,r,e,t)},addFilter:function(o,r,e,t){gform.addHook(\"filter\",o,r,e,t)},doAction:function(o){gform.doHook(\"action\",o,arguments)},applyFilters:function(o){return gform.doHook(\"filter\",o,arguments)},removeAction:function(o,r){gform.removeHook(\"action\",o,r)},removeFilter:function(o,r,e){gform.removeHook(\"filter\",o,r,e)},addHook:function(o,r,e,t,n){null==gform.hooks[o][r]&&(gform.hooks[o][r]=[]);var d=gform.hooks[o][r];null==n&&(n=r+\"_\"+d.length),gform.hooks[o][r].push({tag:n,callable:e,priority:t=null==t?10:t})},doHook:function(r,o,e){var t;if(e=Array.prototype.slice.call(e,1),null!=gform.hooks[r][o]&&((o=gform.hooks[r][o]).sort(function(o,r){return o.priority-r.priority}),o.forEach(function(o){\"function\"!=typeof(t=o.callable)&&(t=window[t]),\"action\"==r?t.apply(null,e):e[0]=t.apply(null,e)})),\"filter\"==r)return e[0]},removeHook:function(o,r,t,n){var e;null!=gform.hooks[o][r]&&(e=(e=gform.hooks[o][r]).filter(function(o,r,e){return!!(null!=n&&n!=o.tag||null!=t&&t!=o.priority)}),gform.hooks[o][r]=e)}});\n<\/script>\n\n                <div class='gf_browser_gecko gform_wrapper gform-theme gform-theme--foundation gform-theme--framework gform-theme--orbital' data-form-theme='orbital' data-form-index='0' id='gform_wrapper_2' ><style>#gform_wrapper_2[data-form-index=\"0\"].gform-theme,[data-parent-form=\"2_0\"]{--gf-color-primary: #204ce5;--gf-color-primary-rgb: 32, 76, 229;--gf-color-primary-contrast: #fff;--gf-color-primary-contrast-rgb: 255, 255, 255;--gf-color-primary-darker: #001AB3;--gf-color-primary-lighter: #527EFF;--gf-color-secondary: #fff;--gf-color-secondary-rgb: 255, 255, 255;--gf-color-secondary-contrast: #112337;--gf-color-secondary-contrast-rgb: 17, 35, 55;--gf-color-secondary-darker: #F5F5F5;--gf-color-secondary-lighter: #FFFFFF;--gf-color-out-ctrl-light: rgba(17, 35, 55, 0.1);--gf-color-out-ctrl-light-rgb: 17, 35, 55;--gf-color-out-ctrl-light-darker: rgba(104, 110, 119, 0.35);--gf-color-out-ctrl-light-lighter: #F5F5F5;--gf-color-out-ctrl-dark: #585e6a;--gf-color-out-ctrl-dark-rgb: 88, 94, 106;--gf-color-out-ctrl-dark-darker: #112337;--gf-color-out-ctrl-dark-lighter: rgba(17, 35, 55, 0.65);--gf-color-in-ctrl: #fff;--gf-color-in-ctrl-rgb: 255, 255, 255;--gf-color-in-ctrl-contrast: #112337;--gf-color-in-ctrl-contrast-rgb: 17, 35, 55;--gf-color-in-ctrl-darker: #F5F5F5;--gf-color-in-ctrl-lighter: #FFFFFF;--gf-color-in-ctrl-primary: #204ce5;--gf-color-in-ctrl-primary-rgb: 32, 76, 229;--gf-color-in-ctrl-primary-contrast: #fff;--gf-color-in-ctrl-primary-contrast-rgb: 255, 255, 255;--gf-color-in-ctrl-primary-darker: #001AB3;--gf-color-in-ctrl-primary-lighter: #527EFF;--gf-color-in-ctrl-light: rgba(17, 35, 55, 0.1);--gf-color-in-ctrl-light-rgb: 17, 35, 55;--gf-color-in-ctrl-light-darker: rgba(104, 110, 119, 0.35);--gf-color-in-ctrl-light-lighter: #F5F5F5;--gf-color-in-ctrl-dark: #585e6a;--gf-color-in-ctrl-dark-rgb: 88, 94, 106;--gf-color-in-ctrl-dark-darker: #112337;--gf-color-in-ctrl-dark-lighter: rgba(17, 35, 55, 0.65);--gf-radius: 3px;--gf-font-size-secondary: 14px;--gf-font-size-tertiary: 13px;--gf-icon-ctrl-number: url(\"data:image\/svg+xml,%3Csvg width='8' height='14' viewBox='0 0 8 14' fill='none' xmlns='http:\/\/www.w3.org\/2000\/svg'%3E%3Cpath fill-rule='evenodd' clip-rule='evenodd' d='M4 0C4.26522 5.96046e-08 4.51957 0.105357 4.70711 0.292893L7.70711 3.29289C8.09763 3.68342 8.09763 4.31658 7.70711 4.70711C7.31658 5.09763 6.68342 5.09763 6.29289 4.70711L4 2.41421L1.70711 4.70711C1.31658 5.09763 0.683417 5.09763 0.292893 4.70711C-0.0976311 4.31658 -0.097631 3.68342 0.292893 3.29289L3.29289 0.292893C3.48043 0.105357 3.73478 0 4 0ZM0.292893 9.29289C0.683417 8.90237 1.31658 8.90237 1.70711 9.29289L4 11.5858L6.29289 9.29289C6.68342 8.90237 7.31658 8.90237 7.70711 9.29289C8.09763 9.68342 8.09763 10.3166 7.70711 10.7071L4.70711 13.7071C4.31658 14.0976 3.68342 14.0976 3.29289 13.7071L0.292893 10.7071C-0.0976311 10.3166 -0.0976311 9.68342 0.292893 9.29289Z' fill='rgba(17, 35, 55, 0.65)'\/%3E%3C\/svg%3E\");--gf-icon-ctrl-select: url(\"data:image\/svg+xml,%3Csvg width='10' height='6' viewBox='0 0 10 6' fill='none' xmlns='http:\/\/www.w3.org\/2000\/svg'%3E%3Cpath fill-rule='evenodd' clip-rule='evenodd' d='M0.292893 0.292893C0.683417 -0.097631 1.31658 -0.097631 1.70711 0.292893L5 3.58579L8.29289 0.292893C8.68342 -0.0976311 9.31658 -0.0976311 9.70711 0.292893C10.0976 0.683417 10.0976 1.31658 9.70711 1.70711L5.70711 5.70711C5.31658 6.09763 4.68342 6.09763 4.29289 5.70711L0.292893 1.70711C-0.0976311 1.31658 -0.0976311 0.683418 0.292893 0.292893Z' fill='rgba(17, 35, 55, 0.65)'\/%3E%3C\/svg%3E\");--gf-icon-ctrl-search: url(\"data:image\/svg+xml,%3Csvg width='640' height='640' xmlns='http:\/\/www.w3.org\/2000\/svg'%3E%3Cpath d='M256 128c-70.692 0-128 57.308-128 128 0 70.691 57.308 128 128 128 70.691 0 128-57.309 128-128 0-70.692-57.309-128-128-128zM64 256c0-106.039 85.961-192 192-192s192 85.961 192 192c0 41.466-13.146 79.863-35.498 111.248l154.125 154.125c12.496 12.496 12.496 32.758 0 45.254s-32.758 12.496-45.254 0L367.248 412.502C335.862 434.854 297.467 448 256 448c-106.039 0-192-85.962-192-192z' fill='rgba(17, 35, 55, 0.65)'\/%3E%3C\/svg%3E\");--gf-label-space-y-secondary: var(--gf-label-space-y-md-secondary);--gf-ctrl-border-color: #686e77;--gf-ctrl-size: var(--gf-ctrl-size-md);--gf-ctrl-label-color-primary: #112337;--gf-ctrl-label-color-secondary: #112337;--gf-ctrl-choice-size: var(--gf-ctrl-choice-size-md);--gf-ctrl-checkbox-check-size: var(--gf-ctrl-checkbox-check-size-md);--gf-ctrl-radio-check-size: var(--gf-ctrl-radio-check-size-md);--gf-ctrl-btn-font-size: var(--gf-ctrl-btn-font-size-md);--gf-ctrl-btn-padding-x: var(--gf-ctrl-btn-padding-x-md);--gf-ctrl-btn-size: var(--gf-ctrl-btn-size-md);--gf-ctrl-btn-border-color-secondary: #686e77;--gf-ctrl-file-btn-bg-color-hover: #EBEBEB;--gf-field-img-choice-size: var(--gf-field-img-choice-size-md);--gf-field-img-choice-card-space: var(--gf-field-img-choice-card-space-md);--gf-field-img-choice-check-ind-size: var(--gf-field-img-choice-check-ind-size-md);--gf-field-img-choice-check-ind-icon-size: var(--gf-field-img-choice-check-ind-icon-size-md);--gf-field-pg-steps-number-color: rgba(17, 35, 55, 0.8);}<\/style>\n                        <div class='gform_heading'>\n                            <p class='gform_description'><\/p>\n                        <\/div><form method='post' enctype='multipart\/form-data'  id='gform_2'  action='\/it\/wp-json\/wp\/v2\/posts\/1162' data-formid='2' novalidate> \r\n <input type='hidden' class='gforms-pum' value='{\"closepopup\":false,\"closedelay\":0,\"openpopup\":false,\"openpopup_id\":0}' \/>\n                        <div class='gform-body gform_body'><div id='gform_fields_2' class='gform_fields top_label form_sublabel_below description_below validation_below'><div id=\"field_2_5\" class=\"gfield gfield--type-honeypot gform_validation_container field_sublabel_below gfield--has-description field_description_below field_validation_below gfield_visibility_visible\"  ><label class='gfield_label gform-field-label' for='input_2_5'>Comments<\/label><div class='ginput_container'><input name='input_5' id='input_2_5' type='text' value='' autocomplete='new-password'\/><\/div><div class='gfield_description' id='gfield_description_2_5'>Questo campo serve per la convalida e dovrebbe essere lasciato inalterato.<\/div><\/div><div id=\"field_2_3\" class=\"gfield gfield--type-email gfield--input-type-email gfield--width-full gfield_contains_required field_sublabel_below gfield--no-description field_description_below hidden_label field_validation_below gfield_visibility_visible\"  ><label class='gfield_label gform-field-label' for='input_2_3'>E-mail<span class=\"gfield_required\"><span class=\"gfield_required gfield_required_text\">(Obbligatorio)<\/span><\/span><\/label><div class='ginput_container ginput_container_email'>\n                            <input name='input_3' id='input_2_3' type='email' value='' class='large'    aria-required=\"true\" aria-invalid=\"false\"  \/>\n                        <\/div><\/div><fieldset id=\"field_2_4\" class=\"gfield gfield--type-consent gfield--type-choice gfield--input-type-consent gfield--width-full gfield_contains_required field_sublabel_below gfield--no-description field_description_below hidden_label field_validation_below gfield_visibility_visible\"  ><legend class='gfield_label gform-field-label gfield_label_before_complex' >RGPD<span class=\"gfield_required\"><span class=\"gfield_required gfield_required_text\">(Obbligatorio)<\/span><\/span><\/legend><div class='ginput_container ginput_container_consent'><input name='input_4.1' id='input_2_4_1' type='checkbox' value='1'   aria-required=\"true\" aria-invalid=\"false\"   \/> <label class=\"gform-field-label gform-field-label--type-inline gfield_consent_label\" for='input_2_4_1' >S\u00ec, desidero abbonarmi alla newsletter mensile<span class=\"gfield_required gfield_required_text\">(Obbligatorio)<\/span><\/label><input type='hidden' name='input_4.2' value='S\u00ec, desidero abbonarmi alla newsletter mensile' class='gform_hidden' \/><input type='hidden' name='input_4.3' value='1' class='gform_hidden' \/><\/div><\/fieldset><div id=\"field_2_1\" class=\"gfield gfield--type-website gfield--input-type-website field_sublabel_below gfield--no-description field_description_below field_validation_below gfield_visibility_hidden\"  ><div class=\"admin-hidden-markup\"><i class=\"gform-icon gform-icon--hidden\" aria-hidden=\"true\" title=\"Questo campo \u00e8 nascosto quando si visualizza il modulo\"><\/i><span>Questo campo \u00e8 nascosto quando si visualizza il modulo<\/span><\/div><label class='gfield_label gform-field-label' for='input_2_1'>Site Web<\/label><div class='ginput_container ginput_container_website'>\n                    <input name='input_1' id='input_2_1' type='url' value='https:\/\/iceland-lovers.com\/it\/wp-json\/wp\/v2\/posts\/1162' class='large'    placeholder='https:\/\/'  aria-invalid=\"false\" \/>\n                <\/div><\/div><\/div><\/div>\n        <div class='gform-footer gform_footer top_label'> <input type='submit' id='gform_submit_button_2' class='gform_button button' onclick='gform.submission.handleButtonClick(this);' data-submission-type='submit' value='Abbonarsi'  \/> \n            <input type='hidden' class='gform_hidden' name='gform_submission_method' data-js='gform_submission_method_2' value='postback' \/>\n            <input type='hidden' class='gform_hidden' name='gform_theme' data-js='gform_theme_2' id='gform_theme_2' value='orbital' \/>\n            <input type='hidden' class='gform_hidden' name='gform_style_settings' data-js='gform_style_settings_2' id='gform_style_settings_2' value='{&quot;inputPrimaryColor&quot;:&quot;#204ce5&quot;}' \/>\n            <input type='hidden' class='gform_hidden' name='is_submit_2' value='1' \/>\n            <input type='hidden' class='gform_hidden' name='gform_submit' value='2' \/>\n            \n            <input type='hidden' class='gform_hidden' name='gform_currency' data-currency='EUR' value='PMNyjzSujhPEiLVz5xLnO1OgazwNqoRdbKZ\/AFzaEjLRGlwpUJtohPo7X6v9SbE9Z2TRs4zZddJiMds8pdufpi0gxPma+wFQnMKgoCAQu3x7DHU=' \/>\n            <input type='hidden' class='gform_hidden' name='gform_unique_id' value='' \/>\n            <input type='hidden' class='gform_hidden' name='state_2' value='WyJ7XCI0LjFcIjpcIjRmYTFmZTUyMDE4NGE2OTE0MzhlNTMyY2QxYzNkY2Y0XCIsXCI0LjJcIjpcIjdiZjhkMGRkMDU1ODAyMWQ4MzAwYzJhYWFhN2JkNjAyXCIsXCI0LjNcIjpcIjRmYTFmZTUyMDE4NGE2OTE0MzhlNTMyY2QxYzNkY2Y0XCJ9IiwiM2FhMWQ0NDM3ZWY1NzNmNTUwYTU4Y2QzNDZiOGUxNTciXQ==' \/>\n            <input type='hidden' autocomplete='off' class='gform_hidden' name='gform_target_page_number_2' id='gform_target_page_number_2' value='0' \/>\n            <input type='hidden' autocomplete='off' class='gform_hidden' name='gform_source_page_number_2' id='gform_source_page_number_2' value='1' \/>\n            <input type='hidden' name='gform_field_values' value='' \/>\n            \n        <\/div>\n                        <\/form>\n                        <\/div><script>\ngform.initializeOnLoaded( function() {gformInitSpinner( 2, 'https:\/\/iceland-lovers.com\/wp-content\/plugins\/gravityforms\/images\/spinner.svg', false );jQuery('#gform_ajax_frame_2').on('load',function(){var contents = jQuery(this).contents().find('*').html();var is_postback = contents.indexOf('GF_AJAX_POSTBACK') >= 0;if(!is_postback){return;}var form_content = jQuery(this).contents().find('#gform_wrapper_2');var is_confirmation = jQuery(this).contents().find('#gform_confirmation_wrapper_2').length > 0;var is_redirect = contents.indexOf('gformRedirect(){') >= 0;var is_form = form_content.length > 0 && ! is_redirect && ! is_confirmation;var mt = parseInt(jQuery('html').css('margin-top'), 10) + parseInt(jQuery('body').css('margin-top'), 10) + 100;if(is_form){jQuery('#gform_wrapper_2').html(form_content.html());if(form_content.hasClass('gform_validation_error')){jQuery('#gform_wrapper_2').addClass('gform_validation_error');} else {jQuery('#gform_wrapper_2').removeClass('gform_validation_error');}setTimeout( function() { \/* delay the scroll by 50 milliseconds to fix a bug in chrome *\/  }, 50 );if(window['gformInitDatepicker']) {gformInitDatepicker();}if(window['gformInitPriceFields']) {gformInitPriceFields();}var current_page = jQuery('#gform_source_page_number_2').val();gformInitSpinner( 2, 'https:\/\/iceland-lovers.com\/wp-content\/plugins\/gravityforms\/images\/spinner.svg', false );jQuery(document).trigger('gform_page_loaded', [2, current_page]);window['gf_submitting_2'] = false;}else if(!is_redirect){var confirmation_content = jQuery(this).contents().find('.GF_AJAX_POSTBACK').html();if(!confirmation_content){confirmation_content = contents;}jQuery('#gform_wrapper_2').replaceWith(confirmation_content);jQuery(document).trigger('gform_confirmation_loaded', [2]);window['gf_submitting_2'] = false;wp.a11y.speak(jQuery('#gform_confirmation_message_2').text());}else{jQuery('#gform_2').append(contents);if(window['gformRedirect']) {gformRedirect();}}jQuery(document).trigger(\"gform_pre_post_render\", [{ formId: \"2\", currentPage: \"current_page\", abort: function() { this.preventDefault(); } }]);        if (event && event.defaultPrevented) {                return;        }        const gformWrapperDiv = document.getElementById( \"gform_wrapper_2\" );        if ( gformWrapperDiv ) {            const visibilitySpan = document.createElement( \"span\" );            visibilitySpan.id = \"gform_visibility_test_2\";            gformWrapperDiv.insertAdjacentElement( \"afterend\", visibilitySpan );        }        const visibilityTestDiv = document.getElementById( \"gform_visibility_test_2\" );        let postRenderFired = false;        function triggerPostRender() {            if ( postRenderFired ) {                return;            }            postRenderFired = true;            gform.core.triggerPostRenderEvents( 2, current_page );            if ( visibilityTestDiv ) {                visibilityTestDiv.parentNode.removeChild( visibilityTestDiv );            }        }        function debounce( func, wait, immediate ) {            var timeout;            return function() {                var context = this, args = arguments;                var later = function() {                    timeout = null;                    if ( !immediate ) func.apply( context, args );                };                var callNow = immediate && !timeout;                clearTimeout( timeout );                timeout = setTimeout( later, wait );                if ( callNow ) func.apply( context, args );            };        }        const debouncedTriggerPostRender = debounce( function() {            triggerPostRender();        }, 200 );        if ( visibilityTestDiv && visibilityTestDiv.offsetParent === null ) {            const observer = new MutationObserver( ( mutations ) => {                mutations.forEach( ( mutation ) => {                    if ( mutation.type === 'attributes' && visibilityTestDiv.offsetParent !== null ) {                        debouncedTriggerPostRender();                        observer.disconnect();                    }                });            });            observer.observe( document.body, {                attributes: true,                childList: false,                subtree: true,                attributeFilter: [ 'style', 'class' ],            });        } else {            triggerPostRender();        }    } );} );\n<\/script>\n<\/div>\n\n\n\n<div class=\"wp-block-column is-layout-flow wp-block-column-is-layout-flow\" style=\"flex-basis:42%\">\n<div class=\"wp-block-genesis-blocks-gb-container aligncenter newsletter-radius gb-block-container\"><div class=\"gb-container-inside\"><div class=\"gb-container-content\"><div class=\"wp-block-image newsletter-image\">\n<figure class=\"aligncenter size-full\"><img loading=\"lazy\" decoding=\"async\" width=\"729\" height=\"792\" src=\"https:\/\/iceland-lovers.com\/wp-content\/uploads\/2024\/06\/newsletter.png\" alt=\"newsletter\" class=\"wp-image-443\" srcset=\"https:\/\/iceland-lovers.com\/wp-content\/uploads\/2024\/06\/newsletter.png 729w, https:\/\/iceland-lovers.com\/wp-content\/uploads\/2024\/06\/newsletter-276x300.png 276w\" sizes=\"auto, (max-width: 729px) 100vw, 729px\" \/><\/figure>\n<\/div><\/div><\/div><\/div>\n<\/div>\n<\/div>\n<\/div><\/div><\/div>\n\n<h2 class=\"wp-block-heading\"><span class=\"ez-toc-section\" id=\"Vista_verso_il_ghiacciaio_Snaefellsnjokull\"><\/span>Vista verso il ghiacciaio Snaefellsnj\u00f6kull<span class=\"ez-toc-section-end\"><\/span><\/h2>\n\n<figure class=\"wp-block-image size-large\"><img decoding=\"async\" src=\"https:\/\/photos.smugmug.com\/Iceland\/Winter\/Snaefellsnes\/Malarrif\/i-Vcxfpx4\/1\/wkr4cTjWTQ4dB8ZvnHqCV5VJXfgC4FjWHb5rpWdj\/L\/Malarrif_Iceland-4973-L.jpg\" alt=\"Vista sul ghiacciaio\"\/><\/figure>\n\n<p>E se guarda all&#8217;interno, pu\u00f2 ammirare il ghiacciaio Sn\u00e6fellsj\u00f6kull, nel cuore della penisola. Sale a un&#8217;altitudine di 1446 metri ed \u00e8 famosa per essere stata il punto di partenza del Viaggio sulla Terra di Jules Verne.<\/p>\n\n<div style=\"margin-top:8%;margin-bottom:8%\" class=\"wp-block-genesis-blocks-gb-container box gb-block-container\"><div class=\"gb-container-inside\"><div class=\"gb-container-content\" style=\"max-width:700px\">\n<div class=\"wp-block-genesis-blocks-gb-container box_titre gb-block-container\"><div class=\"gb-container-inside\"><div class=\"gb-container-content\">\n<h5 class=\"titre_box\"><span>PIANIFICHI IL<\/span> SUO VIAGGIO IN <span class=\"titre_box_manuscrit\">Islanda<\/span> IN INVERNO<\/h5>\n<\/div><\/div><\/div>\n\n\n\n<hr class=\"wp-block-separator has-text-color has-alpha-channel-opacity has-background is-style-wide hr-box-planif\" style=\"background-color:#ccd3dd;color:#ccd3dd\"\/>\n\n\n\n<div class=\"wp-block-columns box_sans_border is-layout-flex wp-container-core-columns-is-layout-9d6595d7 wp-block-columns-is-layout-flex\">\n<div class=\"wp-block-column texte_planif is-layout-flow wp-block-column-is-layout-flow\" style=\"font-size:14px;flex-basis:60%\">\n<ul class=\"wp-block-list\">\n<li><strong>Il meglio di<\/strong><\/li>\n<\/ul>\n\n\n\n<p class=\"ul_box\" style=\"font-size:14px\"><a href=\"https:\/\/iceland-lovers.com\/it\/paesaggio-islanda-inverno-panorama-consigli\/\" target=\"_blank\" rel=\"noreferrer noopener\">Paesaggi dell&#8217;Islanda in inverno<\/a><br\/><a href=\"https:\/\/iceland-lovers.com\/it\/cosa-vedere-islanda-inverno-attrazioni\/\" target=\"_blank\" rel=\"noreferrer noopener\">Cosa fare in Islanda in inverno<\/a><br\/><a href=\"https:\/\/iceland-lovers.com\/it\/cascate-islanda-inverno\/\" target=\"_blank\" rel=\"noreferrer noopener\">Le cascate pi\u00f9 belle<\/a><br\/><a href=\"https:\/\/iceland-lovers.com\/it\/migliori-tour-grotte-ghiaccio-islanda\/\" target=\"_blank\" rel=\"noreferrer noopener\">Grotte di ghiaccio<\/a><br\/><a href=\"https:\/\/iceland-lovers.com\/it\/migliori-escursioni-da-reykjavik-inverno\/\" target=\"_blank\" rel=\"noreferrer noopener\">Le migliori escursioni da Reykjavik<\/a><\/p>\n<\/div>\n\n\n\n<div class=\"wp-block-column is-vertically-aligned-top planif-radius is-layout-flow wp-block-column-is-layout-flow\" style=\"flex-basis:40%\">\n<figure class=\"wp-block-image size-large img-portrait\"><img decoding=\"async\" src=\"https:\/\/photos.smugmug.com\/Iceland\/Winter\/Snaefellsnes\/Arnarstapi\/i-NFX9vCN\/1\/FdwFVJfh4wdx6pTCBdg5vVLNBJf4xph6CrQjkvWvp\/S\/Arnarstapi_Iceland-5203-S.jpg\" alt=\"Islanda in inverno\" title=\"\"\/><\/figure>\n<\/div>\n<\/div>\n\n\n\n<hr class=\"wp-block-separator has-text-color has-alpha-channel-opacity has-background is-style-wide hr-box-planif\" style=\"background-color:#ccd3dd;color:#ccd3dd\"\/>\n\n\n\n<div class=\"wp-block-columns box_sans_border is-layout-flex wp-container-core-columns-is-layout-9d6595d7 wp-block-columns-is-layout-flex\">\n<div class=\"wp-block-column texte_planif is-layout-flow wp-block-column-is-layout-flow\" style=\"flex-basis:60%\">\n<ul class=\"wp-block-list\">\n<li><strong>Consigli pratici<\/strong><\/li>\n<\/ul>\n\n\n\n<p style=\"font-size:14px\"><br\/>Come muoversi (a breve)<br\/><a href=\"https:\/\/iceland-lovers.com\/it\/come-noleggiare-auto-islanda-consigli-esperienze\/\" target=\"_blank\" rel=\"noreferrer noopener\">Come noleggiare un&#8217;auto in Islanda<\/a><br\/><a href=\"https:\/\/iceland-lovers.com\/it\/guidare-islanda-inverno-consigli\/\" target=\"_blank\" rel=\"noreferrer noopener\">Consigli per la guida invernale<\/a><br\/><a href=\"https:\/\/iceland-lovers.com\/it\/dove-alloggiare-islanda-inverno-best-hotels\/\" target=\"_blank\" rel=\"noreferrer noopener\">Dove alloggiare in Islanda in inverno<\/a><br\/>Itinerari: 3 giorni &#8211; 4 giorni &#8211; 5 giorni &#8211; <a href=\"https:\/\/iceland-lovers.com\/it\/visitare-islanda-inverno-una-settimana-itinerario\/\" target=\"_blank\" rel=\"noreferrer noopener\">1 settimana<\/a> &#8211; 10 giorni (in arrivo)<br\/><\/p>\n<\/div>\n\n\n\n<div class=\"wp-block-column is-vertically-aligned-top planif-radius is-layout-flow wp-block-column-is-layout-flow\" style=\"flex-basis:40%\">\n<figure class=\"wp-block-image size-large img-portrait\"><img decoding=\"async\" src=\"https:\/\/photos.smugmug.com\/Iceland\/Winter\/Driving\/i-gNPz6JD\/1\/CGfmHQKPwKJcrdGBLqMjkqvmgRwW8fC8FGFKRWX3n\/S\/South_Coast_ring_road_Iceland-2099-S.jpg\" alt=\"Guidare in Islanda in inverno\" title=\"\"\/><\/figure>\n<\/div>\n<\/div>\n\n\n\n<hr class=\"wp-block-separator has-text-color has-alpha-channel-opacity has-background is-style-wide hr-box-planif\" style=\"background-color:#ccd3dd;color:#ccd3dd\"\/>\n\n\n\n<div class=\"wp-block-columns box_sans_border is-layout-flex wp-container-core-columns-is-layout-9d6595d7 wp-block-columns-is-layout-flex\">\n<div class=\"wp-block-column texte_planif is-layout-flow wp-block-column-is-layout-flow\" style=\"flex-basis:60%\">\n<ul class=\"wp-block-list\">\n<li><strong>Cosa vedere<\/strong><\/li>\n<\/ul>\n\n\n\n<p style=\"font-size:14px\"><a href=\"https:\/\/iceland-lovers.com\/it\/visitare-reykjavik-inverno-cosa-vedere\/\" target=\"_blank\" rel=\"noreferrer noopener\">Reykjavik in inverno<\/a><br\/><a href=\"https:\/\/iceland-lovers.com\/it\/cosa-vedere-circolo-oro-inverno-visitare\/\" target=\"_blank\" rel=\"noreferrer noopener\">Il Circolo d&#8217;Oro in inverno<\/a><br\/><a href=\"https:\/\/iceland-lovers.com\/it\/cosa-vedere-islanda-sud-attrazioni-inverno\/\" target=\"_blank\" rel=\"noreferrer noopener\">Costa sud in inverno<\/a><a href=\"https:\/\/iceland-lovers.com\/it\/islanda-fiordi-orientali-inverno-cosa-vedere\/\"><br\/><\/a><a href=\"https:\/\/iceland-lovers.com\/it\/cosa-vedere-snaefellsnes-attrazioni-invernali\/\" target=\"_blank\" rel=\"noreferrer noopener\">Snaefellsnes in inverno<\/a><br\/>Silver Circle in inverno (in arrivo)<br\/><a href=\"https:\/\/iceland-lovers.com\/it\/lago-myvatn-inverno-cosa-vedere\/\" target=\"_blank\" rel=\"noreferrer noopener\">Il lago Myvatn in inverno<\/a><br\/><a href=\"https:\/\/iceland-lovers.com\/it\/islanda-fiordi-orientali-inverno-cosa-vedere\/\">Fiordi orientali in inverno<\/a><br\/><a href=\"https:\/\/iceland-lovers.com\/it\/cascata-seljalandsfoss-inverno\/\" target=\"_blank\" rel=\"noreferrer noopener\">Seljalandsfoss in inverno<\/a><br\/><a href=\"https:\/\/iceland-lovers.com\/it\/jokulsarlon-inverno\/\" target=\"_blank\" rel=\"noreferrer noopener\">Jokulsarlon in inverno<\/a><br\/><br\/><\/p>\n<\/div>\n\n\n\n<div class=\"wp-block-column is-vertically-aligned-top planif-radius is-layout-flow wp-block-column-is-layout-flow\" style=\"flex-basis:40%\">\n<figure class=\"wp-block-image size-large img-portrait\"><img decoding=\"async\" src=\"https:\/\/photos.smugmug.com\/Iceland\/Winter\/South-Coast-in-Winter\/Skogafoss-Winter\/i-DnzSqr9\/1\/CCWLWFQzNvbCRFMCHkPxzrqHGtsv2GGdfgBrm6thq\/S\/Waterfall_Skogafoss_Iceland-3620-S.jpg\" alt=\"Skogafoss in inverno\" title=\"\"\/><\/figure>\n<\/div>\n<\/div>\n\n\n\n<div style=\"height:30px\" aria-hidden=\"true\" class=\"wp-block-spacer\"><\/div>\n<\/div><\/div><\/div>\n\n<div class=\"wp-block-genesis-blocks-gb-container box_auteur_voyage gb-block-container\"><div class=\"gb-container-inside\"><div class=\"gb-container-content\">\n<figure class=\"wp-block-image size-large img_auteur_voyage img_provisoire\"><img decoding=\"async\" src=\"https:\/\/photos.smugmug.com\/Region-Lovers\/Equipe\/i-nsNF6C6\/0\/Cs2F5n96pkt9xFD9D3SVqmQspMhrKgN75nHgBqmjG\/L\/Claire-L.png\" alt=\"\"\/><\/figure>\n\n\n\n<h5 class=\"titre_auteur_voyage\"><span>HA FATTO IL VIAGGIO E HA SCRITTO L&#8217;ARTICOLO \n <\/span><span class=\"titre_box_manuscrit\">Claire<\/span><\/h5>\n<\/div><\/div><\/div>\n","protected":false},"excerpt":{"rendered":"<p>Durante il tour della penisola di Snafellsnes, faccia una breve deviazione per ammirare il faro di Malarrif in inverno, circondato dalla neve, e visiti il piccolo museo per saperne di pi\u00f9 sulla regione. Ecco tutti i nostri consigli per il suo passaggio. Il faro di Malarrif merita una visita in inverno? La nostra opinione: S\u00ec, [&hellip;]<\/p>\n","protected":false},"author":1,"featured_media":959,"comment_status":"closed","ping_status":"closed","sticky":false,"template":"","format":"standard","meta":{"_genesis_hide_title":false,"_genesis_hide_breadcrumbs":false,"_genesis_hide_singular_image":false,"_genesis_hide_footer_widgets":false,"_genesis_custom_body_class":"","_genesis_custom_post_class":"","_genesis_layout":"","footnotes":""},"categories":[41],"tags":[],"class_list":{"0":"post-1162","1":"post","2":"type-post","3":"status-publish","4":"format-standard","5":"has-post-thumbnail","7":"category-inverno","8":"entry"},"yoast_head":"<!-- This site is optimized with the Yoast SEO plugin v27.2 - https:\/\/yoast.com\/product\/yoast-seo-wordpress\/ -->\n<title>Faro di Malarrif in inverno (Snaefellsnes): consigli + foto<\/title>\n<meta name=\"robots\" content=\"index, follow, max-snippet:-1, max-image-preview:large, max-video-preview:-1\" \/>\n<link rel=\"canonical\" href=\"https:\/\/iceland-lovers.com\/it\/faro-malarrif-inverno\/\" \/>\n<meta property=\"og:locale\" content=\"it_IT\" \/>\n<meta property=\"og:type\" content=\"article\" \/>\n<meta property=\"og:title\" content=\"Faro di Malarrif in inverno (Snaefellsnes): consigli + foto\" \/>\n<meta property=\"og:description\" content=\"Durante il tour della penisola di Snafellsnes, faccia una breve deviazione per ammirare il faro di Malarrif in inverno, circondato dalla neve, e visiti il piccolo museo per saperne di pi\u00f9 sulla regione. Ecco tutti i nostri consigli per il suo passaggio. Il faro di Malarrif merita una visita in inverno? La nostra opinione: S\u00ec, [&hellip;]\" \/>\n<meta property=\"og:url\" content=\"https:\/\/iceland-lovers.com\/it\/faro-malarrif-inverno\/\" \/>\n<meta property=\"og:site_name\" content=\"Iceland Lovers\" \/>\n<meta property=\"article:published_time\" content=\"2024-06-18T12:27:31+00:00\" \/>\n<meta property=\"article:modified_time\" content=\"2024-06-18T13:53:16+00:00\" \/>\n<meta property=\"og:image\" content=\"https:\/\/iceland-lovers.com\/wp-content\/uploads\/2024\/06\/Malarrif-in-inverno-Snaefellsnes.jpeg\" \/>\n\t<meta property=\"og:image:width\" content=\"800\" \/>\n\t<meta property=\"og:image:height\" content=\"533\" \/>\n\t<meta property=\"og:image:type\" content=\"image\/jpeg\" \/>\n<meta name=\"author\" content=\"Claire\" \/>\n<meta name=\"twitter:card\" content=\"summary_large_image\" \/>\n<meta name=\"twitter:label1\" content=\"Scritto da\" \/>\n\t<meta name=\"twitter:data1\" content=\"Claire\" \/>\n\t<meta name=\"twitter:label2\" content=\"Tempo di lettura stimato\" \/>\n\t<meta name=\"twitter:data2\" content=\"3 minuti\" \/>\n<script type=\"application\/ld+json\" class=\"yoast-schema-graph\">{\"@context\":\"https:\/\/schema.org\",\"@graph\":[{\"@type\":\"Article\",\"@id\":\"https:\/\/iceland-lovers.com\/it\/faro-malarrif-inverno\/#article\",\"isPartOf\":{\"@id\":\"https:\/\/iceland-lovers.com\/it\/faro-malarrif-inverno\/\"},\"author\":{\"name\":\"Claire\",\"@id\":\"https:\/\/iceland-lovers.com\/it\/#\/schema\/person\/99f50c0c6981832bc8c168071e92df44\"},\"headline\":\"Faro di Malarrif in inverno (Snaefellsnes): consigli + foto\",\"datePublished\":\"2024-06-18T12:27:31+00:00\",\"dateModified\":\"2024-06-18T13:53:16+00:00\",\"mainEntityOfPage\":{\"@id\":\"https:\/\/iceland-lovers.com\/it\/faro-malarrif-inverno\/\"},\"wordCount\":655,\"publisher\":{\"@id\":\"https:\/\/iceland-lovers.com\/it\/#organization\"},\"image\":{\"@id\":\"https:\/\/iceland-lovers.com\/it\/faro-malarrif-inverno\/#primaryimage\"},\"thumbnailUrl\":\"https:\/\/iceland-lovers.com\/wp-content\/uploads\/2024\/06\/Malarrif-in-inverno-Snaefellsnes.jpeg\",\"articleSection\":[\"Islanda in inverno\"],\"inLanguage\":\"it-IT\"},{\"@type\":\"WebPage\",\"@id\":\"https:\/\/iceland-lovers.com\/it\/faro-malarrif-inverno\/\",\"url\":\"https:\/\/iceland-lovers.com\/it\/faro-malarrif-inverno\/\",\"name\":\"Faro di Malarrif in inverno (Snaefellsnes): consigli + foto\",\"isPartOf\":{\"@id\":\"https:\/\/iceland-lovers.com\/it\/#website\"},\"primaryImageOfPage\":{\"@id\":\"https:\/\/iceland-lovers.com\/it\/faro-malarrif-inverno\/#primaryimage\"},\"image\":{\"@id\":\"https:\/\/iceland-lovers.com\/it\/faro-malarrif-inverno\/#primaryimage\"},\"thumbnailUrl\":\"https:\/\/iceland-lovers.com\/wp-content\/uploads\/2024\/06\/Malarrif-in-inverno-Snaefellsnes.jpeg\",\"datePublished\":\"2024-06-18T12:27:31+00:00\",\"dateModified\":\"2024-06-18T13:53:16+00:00\",\"breadcrumb\":{\"@id\":\"https:\/\/iceland-lovers.com\/it\/faro-malarrif-inverno\/#breadcrumb\"},\"inLanguage\":\"it-IT\",\"potentialAction\":[{\"@type\":\"ReadAction\",\"target\":[\"https:\/\/iceland-lovers.com\/it\/faro-malarrif-inverno\/\"]}]},{\"@type\":\"ImageObject\",\"inLanguage\":\"it-IT\",\"@id\":\"https:\/\/iceland-lovers.com\/it\/faro-malarrif-inverno\/#primaryimage\",\"url\":\"https:\/\/iceland-lovers.com\/wp-content\/uploads\/2024\/06\/Malarrif-in-inverno-Snaefellsnes.jpeg\",\"contentUrl\":\"https:\/\/iceland-lovers.com\/wp-content\/uploads\/2024\/06\/Malarrif-in-inverno-Snaefellsnes.jpeg\",\"width\":800,\"height\":533,\"caption\":\"Malarrif in inverno Snaefellsnes\"},{\"@type\":\"BreadcrumbList\",\"@id\":\"https:\/\/iceland-lovers.com\/it\/faro-malarrif-inverno\/#breadcrumb\",\"itemListElement\":[{\"@type\":\"ListItem\",\"position\":1,\"name\":\"Accueil\",\"item\":\"https:\/\/iceland-lovers.com\/it\/\"},{\"@type\":\"ListItem\",\"position\":2,\"name\":\"Islanda in inverno\",\"item\":\"https:\/\/iceland-lovers.com\/it\/inverno\/\"},{\"@type\":\"ListItem\",\"position\":3,\"name\":\"Faro di Malarrif in inverno (Snaefellsnes): consigli + foto\"}]},{\"@type\":\"WebSite\",\"@id\":\"https:\/\/iceland-lovers.com\/it\/#website\",\"url\":\"https:\/\/iceland-lovers.com\/it\/\",\"name\":\"Iceland Lovers\",\"description\":\"Le Blog de Claire et Manu\",\"publisher\":{\"@id\":\"https:\/\/iceland-lovers.com\/it\/#organization\"},\"potentialAction\":[{\"@type\":\"SearchAction\",\"target\":{\"@type\":\"EntryPoint\",\"urlTemplate\":\"https:\/\/iceland-lovers.com\/it\/?s={search_term_string}\"},\"query-input\":{\"@type\":\"PropertyValueSpecification\",\"valueRequired\":true,\"valueName\":\"search_term_string\"}}],\"inLanguage\":\"it-IT\"},{\"@type\":\"Organization\",\"@id\":\"https:\/\/iceland-lovers.com\/it\/#organization\",\"name\":\"Iceland Lovers\",\"url\":\"https:\/\/iceland-lovers.com\/it\/\",\"logo\":{\"@type\":\"ImageObject\",\"inLanguage\":\"it-IT\",\"@id\":\"https:\/\/iceland-lovers.com\/it\/#\/schema\/logo\/image\/\",\"url\":\"https:\/\/iceland-lovers.com\/wp-content\/uploads\/2024\/05\/cropped-Iceland-Lovers-Logos-RVB_Principal-bicolore.png\",\"contentUrl\":\"https:\/\/iceland-lovers.com\/wp-content\/uploads\/2024\/05\/cropped-Iceland-Lovers-Logos-RVB_Principal-bicolore.png\",\"width\":2326,\"height\":501,\"caption\":\"Iceland Lovers\"},\"image\":{\"@id\":\"https:\/\/iceland-lovers.com\/it\/#\/schema\/logo\/image\/\"}},{\"@type\":\"Person\",\"@id\":\"https:\/\/iceland-lovers.com\/it\/#\/schema\/person\/99f50c0c6981832bc8c168071e92df44\",\"name\":\"Claire\",\"image\":{\"@type\":\"ImageObject\",\"inLanguage\":\"it-IT\",\"@id\":\"https:\/\/secure.gravatar.com\/avatar\/e3566233826c32de8d7c9ef726a1087654b12cadb092acc17ee1d357687192ff?s=96&d=mm&r=g\",\"url\":\"https:\/\/secure.gravatar.com\/avatar\/e3566233826c32de8d7c9ef726a1087654b12cadb092acc17ee1d357687192ff?s=96&d=mm&r=g\",\"contentUrl\":\"https:\/\/secure.gravatar.com\/avatar\/e3566233826c32de8d7c9ef726a1087654b12cadb092acc17ee1d357687192ff?s=96&d=mm&r=g\",\"caption\":\"Claire\"},\"sameAs\":[\"https:\/\/iceland-lovers.com\/claire-robinson\/\"],\"url\":\"https:\/\/iceland-lovers.com\/it\/author\/icelandlovers\/\"}]}<\/script>\n<!-- \/ Yoast SEO plugin. -->","yoast_head_json":{"title":"Faro di Malarrif in inverno (Snaefellsnes): consigli + foto","robots":{"index":"index","follow":"follow","max-snippet":"max-snippet:-1","max-image-preview":"max-image-preview:large","max-video-preview":"max-video-preview:-1"},"canonical":"https:\/\/iceland-lovers.com\/it\/faro-malarrif-inverno\/","og_locale":"it_IT","og_type":"article","og_title":"Faro di Malarrif in inverno (Snaefellsnes): consigli + foto","og_description":"Durante il tour della penisola di Snafellsnes, faccia una breve deviazione per ammirare il faro di Malarrif in inverno, circondato dalla neve, e visiti il piccolo museo per saperne di pi\u00f9 sulla regione. Ecco tutti i nostri consigli per il suo passaggio. Il faro di Malarrif merita una visita in inverno? La nostra opinione: S\u00ec, [&hellip;]","og_url":"https:\/\/iceland-lovers.com\/it\/faro-malarrif-inverno\/","og_site_name":"Iceland Lovers","article_published_time":"2024-06-18T12:27:31+00:00","article_modified_time":"2024-06-18T13:53:16+00:00","og_image":[{"width":800,"height":533,"url":"https:\/\/iceland-lovers.com\/wp-content\/uploads\/2024\/06\/Malarrif-in-inverno-Snaefellsnes.jpeg","type":"image\/jpeg"}],"author":"Claire","twitter_card":"summary_large_image","twitter_misc":{"Scritto da":"Claire","Tempo di lettura stimato":"3 minuti"},"schema":{"@context":"https:\/\/schema.org","@graph":[{"@type":"Article","@id":"https:\/\/iceland-lovers.com\/it\/faro-malarrif-inverno\/#article","isPartOf":{"@id":"https:\/\/iceland-lovers.com\/it\/faro-malarrif-inverno\/"},"author":{"name":"Claire","@id":"https:\/\/iceland-lovers.com\/it\/#\/schema\/person\/99f50c0c6981832bc8c168071e92df44"},"headline":"Faro di Malarrif in inverno (Snaefellsnes): consigli + foto","datePublished":"2024-06-18T12:27:31+00:00","dateModified":"2024-06-18T13:53:16+00:00","mainEntityOfPage":{"@id":"https:\/\/iceland-lovers.com\/it\/faro-malarrif-inverno\/"},"wordCount":655,"publisher":{"@id":"https:\/\/iceland-lovers.com\/it\/#organization"},"image":{"@id":"https:\/\/iceland-lovers.com\/it\/faro-malarrif-inverno\/#primaryimage"},"thumbnailUrl":"https:\/\/iceland-lovers.com\/wp-content\/uploads\/2024\/06\/Malarrif-in-inverno-Snaefellsnes.jpeg","articleSection":["Islanda in inverno"],"inLanguage":"it-IT"},{"@type":"WebPage","@id":"https:\/\/iceland-lovers.com\/it\/faro-malarrif-inverno\/","url":"https:\/\/iceland-lovers.com\/it\/faro-malarrif-inverno\/","name":"Faro di Malarrif in inverno (Snaefellsnes): consigli + foto","isPartOf":{"@id":"https:\/\/iceland-lovers.com\/it\/#website"},"primaryImageOfPage":{"@id":"https:\/\/iceland-lovers.com\/it\/faro-malarrif-inverno\/#primaryimage"},"image":{"@id":"https:\/\/iceland-lovers.com\/it\/faro-malarrif-inverno\/#primaryimage"},"thumbnailUrl":"https:\/\/iceland-lovers.com\/wp-content\/uploads\/2024\/06\/Malarrif-in-inverno-Snaefellsnes.jpeg","datePublished":"2024-06-18T12:27:31+00:00","dateModified":"2024-06-18T13:53:16+00:00","breadcrumb":{"@id":"https:\/\/iceland-lovers.com\/it\/faro-malarrif-inverno\/#breadcrumb"},"inLanguage":"it-IT","potentialAction":[{"@type":"ReadAction","target":["https:\/\/iceland-lovers.com\/it\/faro-malarrif-inverno\/"]}]},{"@type":"ImageObject","inLanguage":"it-IT","@id":"https:\/\/iceland-lovers.com\/it\/faro-malarrif-inverno\/#primaryimage","url":"https:\/\/iceland-lovers.com\/wp-content\/uploads\/2024\/06\/Malarrif-in-inverno-Snaefellsnes.jpeg","contentUrl":"https:\/\/iceland-lovers.com\/wp-content\/uploads\/2024\/06\/Malarrif-in-inverno-Snaefellsnes.jpeg","width":800,"height":533,"caption":"Malarrif in inverno Snaefellsnes"},{"@type":"BreadcrumbList","@id":"https:\/\/iceland-lovers.com\/it\/faro-malarrif-inverno\/#breadcrumb","itemListElement":[{"@type":"ListItem","position":1,"name":"Accueil","item":"https:\/\/iceland-lovers.com\/it\/"},{"@type":"ListItem","position":2,"name":"Islanda in inverno","item":"https:\/\/iceland-lovers.com\/it\/inverno\/"},{"@type":"ListItem","position":3,"name":"Faro di Malarrif in inverno (Snaefellsnes): consigli + foto"}]},{"@type":"WebSite","@id":"https:\/\/iceland-lovers.com\/it\/#website","url":"https:\/\/iceland-lovers.com\/it\/","name":"Iceland Lovers","description":"Le Blog de Claire et Manu","publisher":{"@id":"https:\/\/iceland-lovers.com\/it\/#organization"},"potentialAction":[{"@type":"SearchAction","target":{"@type":"EntryPoint","urlTemplate":"https:\/\/iceland-lovers.com\/it\/?s={search_term_string}"},"query-input":{"@type":"PropertyValueSpecification","valueRequired":true,"valueName":"search_term_string"}}],"inLanguage":"it-IT"},{"@type":"Organization","@id":"https:\/\/iceland-lovers.com\/it\/#organization","name":"Iceland Lovers","url":"https:\/\/iceland-lovers.com\/it\/","logo":{"@type":"ImageObject","inLanguage":"it-IT","@id":"https:\/\/iceland-lovers.com\/it\/#\/schema\/logo\/image\/","url":"https:\/\/iceland-lovers.com\/wp-content\/uploads\/2024\/05\/cropped-Iceland-Lovers-Logos-RVB_Principal-bicolore.png","contentUrl":"https:\/\/iceland-lovers.com\/wp-content\/uploads\/2024\/05\/cropped-Iceland-Lovers-Logos-RVB_Principal-bicolore.png","width":2326,"height":501,"caption":"Iceland Lovers"},"image":{"@id":"https:\/\/iceland-lovers.com\/it\/#\/schema\/logo\/image\/"}},{"@type":"Person","@id":"https:\/\/iceland-lovers.com\/it\/#\/schema\/person\/99f50c0c6981832bc8c168071e92df44","name":"Claire","image":{"@type":"ImageObject","inLanguage":"it-IT","@id":"https:\/\/secure.gravatar.com\/avatar\/e3566233826c32de8d7c9ef726a1087654b12cadb092acc17ee1d357687192ff?s=96&d=mm&r=g","url":"https:\/\/secure.gravatar.com\/avatar\/e3566233826c32de8d7c9ef726a1087654b12cadb092acc17ee1d357687192ff?s=96&d=mm&r=g","contentUrl":"https:\/\/secure.gravatar.com\/avatar\/e3566233826c32de8d7c9ef726a1087654b12cadb092acc17ee1d357687192ff?s=96&d=mm&r=g","caption":"Claire"},"sameAs":["https:\/\/iceland-lovers.com\/claire-robinson\/"],"url":"https:\/\/iceland-lovers.com\/it\/author\/icelandlovers\/"}]}},"featured_image_src":"https:\/\/iceland-lovers.com\/wp-content\/uploads\/2024\/06\/Malarrif-in-inverno-Snaefellsnes-600x400.jpeg","featured_image_src_square":"https:\/\/iceland-lovers.com\/wp-content\/uploads\/2024\/06\/Malarrif-in-inverno-Snaefellsnes-600x533.jpeg","author_info":{"display_name":"Claire","author_link":"https:\/\/iceland-lovers.com\/it\/author\/icelandlovers\/"},"_links":{"self":[{"href":"https:\/\/iceland-lovers.com\/it\/wp-json\/wp\/v2\/posts\/1162","targetHints":{"allow":["GET"]}}],"collection":[{"href":"https:\/\/iceland-lovers.com\/it\/wp-json\/wp\/v2\/posts"}],"about":[{"href":"https:\/\/iceland-lovers.com\/it\/wp-json\/wp\/v2\/types\/post"}],"author":[{"embeddable":true,"href":"https:\/\/iceland-lovers.com\/it\/wp-json\/wp\/v2\/users\/1"}],"replies":[{"embeddable":true,"href":"https:\/\/iceland-lovers.com\/it\/wp-json\/wp\/v2\/comments?post=1162"}],"version-history":[{"count":0,"href":"https:\/\/iceland-lovers.com\/it\/wp-json\/wp\/v2\/posts\/1162\/revisions"}],"wp:featuredmedia":[{"embeddable":true,"href":"https:\/\/iceland-lovers.com\/it\/wp-json\/wp\/v2\/media\/959"}],"wp:attachment":[{"href":"https:\/\/iceland-lovers.com\/it\/wp-json\/wp\/v2\/media?parent=1162"}],"wp:term":[{"taxonomy":"category","embeddable":true,"href":"https:\/\/iceland-lovers.com\/it\/wp-json\/wp\/v2\/categories?post=1162"},{"taxonomy":"post_tag","embeddable":true,"href":"https:\/\/iceland-lovers.com\/it\/wp-json\/wp\/v2\/tags?post=1162"}],"curies":[{"name":"wp","href":"https:\/\/api.w.org\/{rel}","templated":true}]}}