{"id":4311,"date":"2026-04-30T12:08:55","date_gmt":"2026-04-30T10:08:55","guid":{"rendered":"https:\/\/iceland-lovers.com\/partir-islande-juillet-meteo-temperatures\/"},"modified":"2026-04-30T13:46:56","modified_gmt":"2026-04-30T11:46:56","slug":"viaje-islandia-julio-tiempo-temperaturas","status":"publish","type":"post","link":"https:\/\/iceland-lovers.com\/es\/viaje-islandia-julio-tiempo-temperaturas\/","title":{"rendered":"Islandia en julio: \u00a1nuestra gu\u00eda completa!"},"content":{"rendered":"\n<p>\u00bfQuiere ir a <strong>Islandia en julio<\/strong>?<br\/>Averig\u00fce si la regi\u00f3n es adecuada para usted en esta \u00e9poca del a\u00f1o, con nuestra completa gu\u00eda sobre el clima, las condiciones para viajar, las aglomeraciones, los precios, las atracciones y los acontecimientos.<\/p>\n\n<figure class=\"wp-block-image size-full\"><img loading=\"lazy\" decoding=\"async\" width=\"800\" height=\"600\" src=\"https:\/\/iceland-lovers.com\/wp-content\/uploads\/2026\/04\/Partir-Islande-en-juillet-meteo-temperature.jpg\" alt=\"Ir a Islandia en julio meteo temperatura\" class=\"wp-image-4119\" srcset=\"https:\/\/iceland-lovers.com\/wp-content\/uploads\/2026\/04\/Partir-Islande-en-juillet-meteo-temperature.jpg 800w, https:\/\/iceland-lovers.com\/wp-content\/uploads\/2026\/04\/Partir-Islande-en-juillet-meteo-temperature-300x225.jpg 300w, https:\/\/iceland-lovers.com\/wp-content\/uploads\/2026\/04\/Partir-Islande-en-juillet-meteo-temperature-768x576.jpg 768w, https:\/\/iceland-lovers.com\/wp-content\/uploads\/2026\/04\/Partir-Islande-en-juillet-meteo-temperature-702x526.jpg 702w\" sizes=\"auto, (max-width: 800px) 100vw, 800px\" \/><\/figure>\n\n<p>Se trata de una opini\u00f3n totalmente <strong>independiente<\/strong> basada en nuestras experiencias. Visitamos la regi\u00f3n de forma an\u00f3nima, tomando nuestras propias decisiones y pagando \u00edntegramente nuestras facturas.<\/p>\n\n<div style=\"padding-left:5%\" class=\"wp-block-genesis-blocks-gb-container box gb-block-container\"><div class=\"gb-container-inside\"><div class=\"gb-container-content\">\n<p class=\"titre_box_manuscrit\">Contenido<\/p>\n\n\n\n<div class=\"wp-block-genesis-blocks-gb-container gb-block-container\"><div class=\"gb-container-inside\"><div class=\"gb-container-content\"><div id=\"ez-toc-container\" class=\"ez-toc-v2_0_82_2 counter-hierarchy ez-toc-counter ez-toc-custom ez-toc-container-direction\">\n<div class=\"ez-toc-title-container\">\n<span class=\"ez-toc-title-toggle\"><\/span><\/div>\n<nav><ul class='ez-toc-list ez-toc-list-level-1 ' ><li class='ez-toc-page-1 ez-toc-heading-level-2'><a class=\"ez-toc-link ez-toc-heading-1\" href=\"https:\/\/iceland-lovers.com\/es\/viaje-islandia-julio-tiempo-temperaturas\/#Viajar_a_Islandia_en_julio_respuestas_rapidas\" >Viajar a Islandia en julio: respuestas r\u00e1pidas<\/a><\/li><li class='ez-toc-page-1 ez-toc-heading-level-2'><a class=\"ez-toc-link ez-toc-heading-2\" href=\"https:\/\/iceland-lovers.com\/es\/viaje-islandia-julio-tiempo-temperaturas\/#Las_principales_atracciones_de_Islandia_en_julio\" >Las principales atracciones de Islandia en julio<\/a><\/li><li class='ez-toc-page-1 ez-toc-heading-level-2'><a class=\"ez-toc-link ez-toc-heading-3\" href=\"https:\/\/iceland-lovers.com\/es\/viaje-islandia-julio-tiempo-temperaturas\/#Clima_en_Islandia_en_julio_%E2%80%93_prevision_meteorologica\" >Clima en Islandia en julio &#8211; previsi\u00f3n meteorol\u00f3gica<\/a><\/li><li class='ez-toc-page-1 ez-toc-heading-level-2'><a class=\"ez-toc-link ez-toc-heading-4\" href=\"https:\/\/iceland-lovers.com\/es\/viaje-islandia-julio-tiempo-temperaturas\/#Lluvia_y_viento\" >Lluvia y viento<\/a><\/li><li class='ez-toc-page-1 ez-toc-heading-level-2'><a class=\"ez-toc-link ez-toc-heading-5\" href=\"https:\/\/iceland-lovers.com\/es\/viaje-islandia-julio-tiempo-temperaturas\/#Sol_sol_de_medianoche_y_auroras_boreales\" >Sol, sol de medianoche y auroras boreales<\/a><\/li><li class='ez-toc-page-1 ez-toc-heading-level-2'><a class=\"ez-toc-link ez-toc-heading-6\" href=\"https:\/\/iceland-lovers.com\/es\/viaje-islandia-julio-tiempo-temperaturas\/#Multitudes_y_otras_condiciones\" >Multitudes y otras condiciones<\/a><\/li><li class='ez-toc-page-1 ez-toc-heading-level-2'><a class=\"ez-toc-link ez-toc-heading-7\" href=\"https:\/\/iceland-lovers.com\/es\/viaje-islandia-julio-tiempo-temperaturas\/#La_fauna_en_julio\" >La fauna en julio<\/a><\/li><li class='ez-toc-page-1 ez-toc-heading-level-2'><a class=\"ez-toc-link ez-toc-heading-8\" href=\"https:\/\/iceland-lovers.com\/es\/viaje-islandia-julio-tiempo-temperaturas\/#Eventos_de_julio_en_Islandia\" >Eventos de julio en Islandia<\/a><\/li><li class='ez-toc-page-1 ez-toc-heading-level-2'><a class=\"ez-toc-link ez-toc-heading-9\" href=\"https:\/\/iceland-lovers.com\/es\/viaje-islandia-julio-tiempo-temperaturas\/#Precios_de_julio\" >Precios de julio<\/a><\/li><li class='ez-toc-page-1 ez-toc-heading-level-2'><a class=\"ez-toc-link ez-toc-heading-10\" href=\"https:\/\/iceland-lovers.com\/es\/viaje-islandia-julio-tiempo-temperaturas\/#Otros_meses\" >Otros meses<\/a><\/li><\/ul><\/nav><\/div>\n\n<\/div><\/div><\/div>\n<\/div><\/div><\/div>\n\n<p><\/p>\n\n<h2 class=\"wp-block-heading\"><span class=\"ez-toc-section\" id=\"Viajar_a_Islandia_en_julio_respuestas_rapidas\"><\/span>Viajar a Islandia en julio: respuestas r\u00e1pidas<span class=\"ez-toc-section-end\"><\/span><\/h2>\n\n<h3 class=\"wp-block-heading\">\u00bfHace buen tiempo en Islandia en julio? \u00bfEs un buen momento para visitarla?<\/h3>\n\n<p>Julio es el mes m\u00e1s c\u00e1lido del a\u00f1o en Islandia y uno de los m\u00e1s favorables para viajar. Las temperaturas son m\u00e1ximas, los d\u00edas son muy largos gracias a las \u00faltimas semanas de sol de medianoche y todas las carreteras est\u00e1n abiertas, incluidas las pistas de las Highlands.<\/p>\n\n<p>Nos encanta este periodo por la variedad de actividades que se ofrecen. Tambi\u00e9n es el momento \u00e1lgido de la temporada alta: los visitantes son muy numerosos, los alojamientos se llenan r\u00e1pidamente y los precios son los m\u00e1s altos.<\/p>\n\n<figure class=\"wp-block-image size-large\"><img decoding=\"async\" src=\"https:\/\/photos.smugmug.com\/Iceland\/Trollaskagi\/i-4ZHPcBZ\/0\/LTVdzJhFPBXDNPGmHWqf3WhKjJtNhxSD7KBCFvtKh\/L\/IMG_3640-L.jpg\" alt=\"Aldeyjarfoss\"\/><\/figure>\n\n<div style=\"background-color:#ffffff;margin-top:8%;margin-bottom:8%\" class=\"wp-block-genesis-blocks-gb-container box gb-block-container\"><div class=\"gb-container-inside\"><div class=\"gb-container-content\" style=\"max-width:700px\">\n<div class=\"wp-block-columns is-not-stacked-on-mobile texte_planif has-background is-layout-flex wp-container-core-columns-is-layout-9d6595d7 wp-block-columns-is-layout-flex\" style=\"background-color:#06aec417\">\n<div class=\"wp-block-column img_icone is-layout-flow wp-block-column-is-layout-flow\" style=\"flex-basis:25%\"><div class=\"wp-block-image image_icone\">\n<figure class=\"aligncenter size-full is-resized\"><img loading=\"lazy\" decoding=\"async\" width=\"400\" height=\"400\" src=\"https:\/\/iceland-lovers.com\/wp-content\/uploads\/2026\/01\/iceland-plane.png\" alt=\"avi&#xF3;n islandia\" class=\"wp-image-3771\" style=\"object-fit:cover;width:100px;height:100px\" srcset=\"https:\/\/iceland-lovers.com\/wp-content\/uploads\/2026\/01\/iceland-plane.png 400w, https:\/\/iceland-lovers.com\/wp-content\/uploads\/2026\/01\/iceland-plane-300x300.png 300w, https:\/\/iceland-lovers.com\/wp-content\/uploads\/2026\/01\/iceland-plane-150x150.png 150w, https:\/\/iceland-lovers.com\/wp-content\/uploads\/2026\/01\/iceland-plane-75x75.png 75w\" sizes=\"auto, (max-width: 400px) 100vw, 400px\" \/><\/figure>\n<\/div><\/div>\n\n\n\n<div class=\"wp-block-column is-vertically-aligned-center paragraphe_une is-layout-flow wp-block-column-is-layout-flow\" style=\"flex-basis:90%\">\n<p style=\"font-size:16px\">\u00a1Es hora de reservar!<br\/><a href=\"https:\/\/skyscanner.pxf.io\/dONaXy\" target=\"_blank\" rel=\"noreferrer noopener sponsored nofollow\"><strong>Comp\u00e1relo todo:<\/strong> compa\u00f1\u00edas, precios, horarios y disponibilidad.<\/a><\/p>\n<\/div>\n<\/div>\n<\/div><\/div><\/div>\n\n<h3 class=\"wp-block-heading\">Viajar a Islandia en julio: resumen de las condiciones<\/h3>\n\n<p><strong>Temperaturas<\/strong><\/p>\n\n<p>Julio ofrece las temperaturas m\u00e1s altas del a\u00f1o en Islandia. En Reykjavik y en la costa sur, el term\u00f3metro oscila entre los 10\u00b0C (50\u00b0F) y los 15\u00b0C (59\u00b0F) durante el d\u00eda. En el norte, alrededor de Akureyri, las medias son comparables, e incluso un poco m\u00e1s suaves en los fondos de los fiordos al abrigo del viento. Las noches raramente descienden por debajo de los 7\u00b0C (45\u00b0F) en la costa. A mayor altitud, las temperaturas siguen siendo mucho m\u00e1s bajas.<\/p>\n\n<p><strong>Multitudes y premios<\/strong><\/p>\n\n<p>Julio es el mes m\u00e1s ajetreado del a\u00f1o. Lugares ic\u00f3nicos como el C\u00edrculo Dorado, la playa de Reynisfjara y J\u00f6kuls\u00e1rl\u00f3n reciben un flujo constante de visitantes durante todo el d\u00eda. Le aconsejamos encarecidamente que reserve el alojamiento, los coches de alquiler y las excursiones con varios meses de antelaci\u00f3n. Los precios son los m\u00e1s altos del a\u00f1o, en todas las categor\u00edas combinadas.<\/p>\n\n<figure class=\"wp-block-image size-large\"><img decoding=\"async\" src=\"https:\/\/photos.smugmug.com\/Iceland\/North-Iceland\/Grjotagja\/i-D73gZFh\/0\/NcsK55pxqCfhZQWn7tG4PzKw4MPMX55cD6JXtxV8Z\/L\/Grjotagja-11-L.jpg\" alt=\"Grjotagja\"\/><\/figure>\n\n<p><strong>Condiciones de apertura<\/strong><\/p>\n\n<p>Todo est\u00e1 abierto en julio. Las carreteras F de las Hautes Terres son accesibles (pero compruebe las condiciones en <a href=\"https:\/\/umferdin.is\/en\" target=\"_blank\" rel=\"noreferrer noopener nofollow\">road.is<\/a> antes de cada salida, ya que puede haber cierres ocasionales tras fuertes lluvias). Todos los museos, restaurantes, hoteles, campings y proveedores de actividades funcionan a pleno rendimiento.  <\/p>\n\n<p><strong>Duraci\u00f3n del d\u00eda<\/strong><\/p>\n\n<p>En julio, los d\u00edas siguen siendo muy largos. A principios de julio, el sol de medianoche sigue presente, luego las noches se alargan progresivamente. A finales de mes, el sol se pone hacia las 23.00 h y sale hacia las 3.30 h, dejando entre medias un crep\u00fasculo brillante. Dispone de unas 19 a 22 horas de luz \u00fatil, dependiendo de la \u00e9poca del mes.<\/p>\n\n<figure class=\"wp-block-image size-large\"><img decoding=\"async\" src=\"https:\/\/photos.smugmug.com\/Iceland\/Snaefellsnes\/Kirkjufellsfoss\/i-Md3d2cQ\/0\/NRS3nKfPNPDsSKw2xPhB42MSs3TnxpRGsHXh3RCcN\/M\/Kirkjufell-006-M.jpg\" alt=\"Kirkjufellsfoss\"\/><\/figure>\n\n<div style=\"background-color:#e4f8fb;margin-top:8%;margin-bottom:8%\" class=\"wp-block-genesis-blocks-gb-container box gb-block-container\"><div class=\"gb-container-inside\"><div class=\"gb-container-content\" style=\"max-width:700px\">\n<div style=\"background-color:#e4f8fb\" class=\"wp-block-genesis-blocks-gb-container box_titre gb-block-container\"><div class=\"gb-container-inside\"><div class=\"gb-container-content\">\n<h5 class=\"titre_box\" style=\"padding-top:10px;\">D\u00d3NDE ALJORSE EN <span class=\"titre_box_manuscrit\">Islandia<\/span><\/h5>\n<\/div><\/div><\/div>\n\n\n\n<div class=\"wp-block-columns box_sans_border is-layout-flex wp-container-core-columns-is-layout-9d6595d7 wp-block-columns-is-layout-flex\">\n<div class=\"wp-block-column texte_planif is-layout-flow wp-block-column-is-layout-flow\" style=\"font-size:14px;flex-basis:60%\">\n<p class=\"option_titre2\">Nuestras selecciones independientes para ayudarte a encontrar <strong>el alojamiento de tus<\/strong> sue\u00f1os:<\/p>\n\n\n\n<ul class=\"wp-block-list\">\n<li>D\u00f3nde alojarse en Islandia (pr\u00f3ximamente)<\/li>\n\n\n\n<li>D\u00f3nde alojarse en Reykjavik (pr\u00f3ximamente)<\/li>\n\n\n\n<li>Los mejores hoteles de 5 estrellas (pr\u00f3ximamente)<\/li>\n\n\n\n<li>D\u00f3nde alojarse en la costa sur (pr\u00f3ximamente)<\/li>\n\n\n\n<li>D\u00f3nde alojarse en el C\u00edrculo Dorado (pr\u00f3ximamente)<\/li>\n\n\n\n<li><a href=\"https:\/\/iceland-lovers.com\/es\/donde-alojarse-peninsula-snaefellsnes-mejores-hoteles\/\" target=\"_blank\" rel=\"noreferrer noopener\">D\u00f3nde dormir en la pen\u00ednsula de Snaefellsnes<\/a><\/li>\n<\/ul>\n\n\n\n<ul class=\"wp-block-list\">\n<li><a href=\"https:\/\/iceland-lovers.com\/es\/donde-alojarse-islandia-invierno-mejores-hoteles\/\" data-type=\"post\" data-id=\"736\" target=\"_blank\" rel=\"noreferrer noopener\">D\u00f3nde alojarse en la isla en invierno<\/a><\/li>\n<\/ul>\n<\/div>\n\n\n\n<div class=\"wp-block-column is-vertically-aligned-top planif-radius is-layout-flow wp-block-column-is-layout-flow\" style=\"flex-basis:40%\">\n<figure class=\"wp-block-image size-large img-portrait\"><img decoding=\"async\" src=\"https:\/\/photos.smugmug.com\/Iceland\/South-Coast\/Hotel-Katla\/i-pJBMTRw\/0\/ZQQMRNz8xHstZq28JL5M6NFJtTCctQHbgMHVzVLz\/S\/Vik_Accommodation_Iceland-3648-S.jpg\" alt=\"Hotel Katla cerca de Vik\" title=\"\"\/><\/figure>\n<\/div>\n<\/div>\n<\/div><\/div><\/div>\n\n<h2 class=\"wp-block-heading\"><span class=\"ez-toc-section\" id=\"Las_principales_atracciones_de_Islandia_en_julio\"><\/span>Las principales atracciones de Islandia en julio<span class=\"ez-toc-section-end\"><\/span><\/h2>\n\n<p>El mes de julio le permite disfrutar de todas las atracciones de Islandia, sin restricciones por carretera ni por el clima invernal. Nos gust\u00f3:<\/p>\n\n<ul class=\"wp-block-list\">\n<li>Senderismo en las coloridas monta\u00f1as de Landmannalaugar, accesibles en 4&#215;4<\/li>\n\n\n\n<li>Observe frailecillos en las islas Vestmann o en L\u00e1trabjarg<\/li>\n\n\n\n<li>Recorrido por el C\u00edrculo Dorado: Thingvellir, Geysir y Gullfoss<\/li>\n\n\n\n<li>Navegando entre los icebergs de la laguna glaciar de J\u00f6kuls\u00e1rl\u00f3n<\/li>\n\n\n\n<li>Descubra las cataratas del sur: Seljalandsfoss, Sk\u00f3gafoss y Svartifoss<\/li>\n\n\n\n<li>Admire la <a href=\"https:\/\/iceland-lovers.com\/es\/que-ver-snaefellsnes-atracciones\/\" type=\"post\" id=\"3951\" target=\"_blank\" rel=\"noreferrer noopener\">pen\u00ednsula de Sn\u00e6fellsnes<\/a>, Islandia en miniatura con su glaciar<\/li>\n\n\n\n<li>Ba\u00f1arse en el c\u00e1lido r\u00edo de Reykjadalur tras una caminata de 45 minutos<\/li>\n\n\n\n<li>Haga una excursi\u00f3n de avistamiento de ballenas desde H\u00fasav\u00edk<\/li>\n\n\n\n<li>Visite el ca\u00f1\u00f3n de Fja\u00f0r\u00e1rglj\u00fafur y sus formaciones geol\u00f3gicas<\/li>\n\n\n\n<li>Conduzca por la Ruta 1 (ruta circular) para dar una vuelta completa a la isla<\/li>\n\n\n\n<li>&#8230;<\/li>\n<\/ul>\n\n<figure class=\"wp-block-image size-large\"><img decoding=\"async\" src=\"https:\/\/photos.smugmug.com\/Iceland\/South-Coast\/Jokulsarlon\/i-Bqmc23g\/0\/NWmKDZfx3hVWzSQHXvNPn6BwG3Sht2MjDw6mM9wsB\/L\/Jokusarlon-171-L.jpg\" alt=\"Jokulsarlon\"\/><\/figure>\n\n<div style=\"background-color:#e4f3f6\" class=\"wp-block-genesis-blocks-gb-container box gb-block-container\"><div class=\"gb-container-inside\"><div class=\"gb-container-content\">\n<div class=\"wp-block-columns inverse is-layout-flex wp-container-core-columns-is-layout-9d6595d7 wp-block-columns-is-layout-flex\">\n<div class=\"wp-block-column texte_planif is-layout-flow wp-block-column-is-layout-flow\" style=\"flex-basis:58%\">\n<h5 class=\"titre_box\">NUESTRA GU\u00cdA PARA PLANIFICAR UN VIAJE DE <span class=\"titre_box_manuscrit\">ensue\u00f1o<\/span><\/h5>\n\n\n\n<ul class=\"wp-block-list\">\n<li>8 mapas que facilitan la planificaci\u00f3n<\/li>\n\n\n\n<li>+ 100 lugares preseleccionados  <\/li>\n\n\n\n<li>Consejos pr\u00e1cticos  <\/li>\n\n\n\n<li>+ 130 fotos para ayudarle a elegir<\/li>\n<\/ul>\n\n\n\n<div class=\"wp-block-buttons is-layout-flex wp-block-buttons-is-layout-flex\">\n<div class=\"wp-block-button\"><a class=\"wp-block-button__link has-theme-primary-background-color has-background wp-element-button\" href=\"https:\/\/iceland-lovers.com\/es\/ebook-guia-road-trip-islandia-verano\/\" target=\"_blank\" rel=\"noreferrer noopener\">M\u00e1s informaci\u00f3n &gt;&gt;<\/a><\/div>\n<\/div>\n<\/div>\n\n\n\n<div class=\"wp-block-column is-layout-flow wp-block-column-is-layout-flow\" style=\"flex-basis:42%\">\n<div class=\"wp-block-genesis-blocks-gb-container ebook-radius-waitlist gb-block-container\"><div class=\"gb-container-inside\"><div class=\"gb-container-content\"><div class=\"wp-block-image ebook-image\">\n<figure class=\"aligncenter size-large\"><img decoding=\"async\" src=\"https:\/\/iceland-lovers.com\/wp-content\/uploads\/2024\/07\/Guia-road-trip-islandia.jpg\" alt=\"Gu&#xED;a de viaje por carretera Islandia invierno eBook Portada\"\/><\/figure>\n<\/div><\/div><\/div><\/div>\n<\/div>\n<\/div>\n<\/div><\/div><\/div>\n\n<h2 class=\"wp-block-heading\"><span class=\"ez-toc-section\" id=\"Clima_en_Islandia_en_julio_%E2%80%93_prevision_meteorologica\"><\/span>Clima en Islandia en julio &#8211; previsi\u00f3n meteorol\u00f3gica<span class=\"ez-toc-section-end\"><\/span><\/h2>\n\n<p>Julio es estad\u00edsticamente el mes m\u00e1s suave en Islandia. Sin embargo, el tiempo sigue siendo impredecible: un d\u00eda puede alternar sol, nubes, lluvia ligera y rachas de sol en el espacio de unas pocas horas. A menudo hemos experimentado de primera mano estos r\u00e1pidos cambios, a veces incluso en un radio de pocos kil\u00f3metros.<\/p>\n\n<h3 class=\"wp-block-heading\">En la costa y en el sur<\/h3>\n\n<p>La costa sur disfruta de algunas de las temperaturas m\u00e1s suaves del pa\u00eds. Los d\u00edas est\u00e1n regularmente salpicados de rachas soleadas, intercaladas con breves chubascos. El viento sopla constantemente, sobre todo en las expuestas playas de arena negra. La regi\u00f3n entre Vik y H\u00f6fn es la m\u00e1s h\u00fameda de Islandia, as\u00ed que aseg\u00farese de llevar capas impermeables incluso con buen tiempo. Le sugerimos que tenga siempre a mano un cortavientos.  <\/p>\n\n<figure class=\"wp-block-image size-large\"><img decoding=\"async\" src=\"https:\/\/photos.smugmug.com\/Iceland\/South-Coast\/Skogafoss\/i-nnNcGxv\/0\/KfJd7DsDg5bM6w7MKwfkNpnDrxH6zFt4TL2QSfhTL\/L\/Skogafoss-under-L.jpg\" alt=\"al pie de Skogafoss\"\/><\/figure>\n\n<h3 class=\"wp-block-heading\">En el norte<\/h3>\n\n<p>El norte de Islandia, protegido por cadenas monta\u00f1osas, recibe menos precipitaciones que el sur. La regi\u00f3n de Akureyri disfruta a veces de d\u00edas tranquilos y soleados, con temperaturas que alcanzan los 18\u00b0C (64\u00b0F) en la cabecera del fiordo Eyjafj\u00f6r\u00f0ur. Alrededor del lago M\u00fdvatn, el tiempo es m\u00e1s seco que en la costa, pero <strong>los mosquitos<\/strong> son muy comunes en julio: las redes para la cabeza son \u00fatiles. En cambio, la costa noreste, m\u00e1s expuesta, sigue siendo fresca y ventosa.<\/p>\n\n<figure class=\"wp-block-image size-large\"><img decoding=\"async\" src=\"https:\/\/photos.smugmug.com\/Iceland\/North-Iceland\/Godafoss\/i-nJrHWNL\/0\/L2pF45CZCqhdMc22JvVGVkDxXBPWmbf94kZHsRRSZ\/L\/godafoss-L.jpg\" alt=\"Godafoss\"\/><\/figure>\n\n<h3 class=\"wp-block-heading\">En las Tierras Altas<\/h3>\n\n<p>En julio, las Hautes Terres son totalmente accesibles. Es el mejor momento para explorar Landmannalaugar, Askja o el valle de \u00de\u00f3rsm\u00f6rk. Las temperaturas fluct\u00faan entre los 5\u00b0C (41\u00b0F) y los 12\u00b0C (54\u00b0F) durante el d\u00eda, pero pueden descender bruscamente si se levanta viento. A veces se producen tormentas de arena en zonas des\u00e9rticas del interior. Le recomendamos un veh\u00edculo 4&#215;4 adecuado para cruzar los vados, ya que los r\u00edos se alimentan del deshielo de los glaciares y su nivel puede subir durante el d\u00eda.<\/p>\n\n<figure class=\"wp-block-image size-large\"><img decoding=\"async\" src=\"https:\/\/photos.smugmug.com\/Iceland\/Central-Highlands\/Landmannalaugar\/i-M2kdkt6\/0\/LhT78Wk6DNNTkXqLZ6sP9q2VdzGknnG2Qdnw8rVcJ\/L\/landmannalaugar-L.jpg\" alt=\"Landmannalaugar\"\/><\/figure>\n\n<div style=\"margin-top:8%;margin-bottom:8%\" class=\"wp-block-genesis-blocks-gb-container box gb-block-container\"><div class=\"gb-container-inside\"><div class=\"gb-container-content\">\n<div class=\"wp-block-columns inverse is-layout-flex wp-container-core-columns-is-layout-9d6595d7 wp-block-columns-is-layout-flex\">\n<div class=\"wp-block-column texte_planif is-layout-flow wp-block-column-is-layout-flow\" style=\"flex-basis:58%\">\n<h5 class=\"titre_box\" style=\"padding-top:10px\">ACTIVIDADES INOLVIDABLES EN <span class=\"titre_box_manuscrit\"> Islandia <\/span> <\/h5>\n\n\n\n<ul class=\"wp-block-list\">\n<li><a href=\"https:\/\/www.getyourguide.com\/s\/?q=silfra&amp;searchSource=3&amp;partner_id=R3GYW4V&amp;cmp=iceland\" target=\"_blank\" rel=\"noreferrer noopener nofollow\">Nadando en la fisura de Silfra  <\/a><\/li>\n\n\n\n<li><a href=\"https:\/\/www.getyourguide.com\/s\/?q=randonn%C3%A9e+cheval+islande&amp;searchSource=3&amp;partner_id=R3GYW4V&amp;cmp=iceland\" target=\"_blank\" rel=\"noreferrer noopener nofollow\">Excursiones a caballo<\/a><\/li>\n\n\n\n<li><a href=\"https:\/\/www.getyourguide.com\/fr-fr\/s\/?q=randonnee+glacier+islande&amp;partner_id=R3GYW4V&amp;cmp=iceland\" target=\"_blank\" rel=\"noreferrer noopener nofollow\">Senderismo en un glaciar<\/a><\/li>\n\n\n\n<li><a href=\"https:\/\/www.getyourguide.es\/s\/?q=iceland+whale+watching&amp;searchSource=3&amp;partner_id=R3GYW4V&amp;cmp=iceland\" target=\"_blank\" rel=\"noreferrer noopener sponsored nofollow\">Avistamiento de ballenas<\/a> (desde Reykjavik, Husavik o Akureyri)<\/li>\n<\/ul>\n<\/div>\n\n\n\n<div class=\"wp-block-column ville-radius is-layout-flow wp-block-column-is-layout-flow\" style=\"flex-basis:42%\">\n<figure class=\"wp-block-image size-large img-portrait\"><img decoding=\"async\" src=\"https:\/\/photos.smugmug.com\/Iceland\/Horses\/i-2jPdK6K\/0\/MRZGKzDxw4p4QdSs46R2s3RWHMGgbmFkS7GNR3Nzx\/S\/horse-1-S.jpg\" alt=\"Montar a caballo en Islandia\" title=\"\"\/><\/figure>\n<\/div>\n<\/div>\n<\/div><\/div><\/div>\n\n<h3 class=\"wp-block-heading\">Temperaturas de julio en Islandia<\/h3>\n\n<p>En julio se registran las temperaturas m\u00e1s altas del a\u00f1o, aunque siguen siendo frescas en comparaci\u00f3n con otros destinos estivales. He aqu\u00ed las medias de tres ciudades representativas.<\/p>\n\n<p><strong>Temperatura en Reykjavik<\/strong><\/p>\n\n<ul class=\"wp-block-list\">\n<li>Temperatura media diurna: 13\u00b0C (55\u00b0F)<\/li>\n\n\n\n<li>Temperatura media nocturna: 8\u00b0C (46\u00b0F)<\/li>\n<\/ul>\n\n<p><strong>Temperatura en Akureyri<\/strong><\/p>\n\n<ul class=\"wp-block-list\">\n<li>Temperatura media diurna: 14\u00b0C (57\u00b0F)<\/li>\n\n\n\n<li>Temperatura media nocturna: 8\u00b0C (46\u00b0F)<\/li>\n<\/ul>\n\n<p><strong>Temperatura en Vik<\/strong><\/p>\n\n<ul class=\"wp-block-list\">\n<li>Temperatura media diurna: 12\u00b0C (54\u00b0F)<\/li>\n\n\n\n<li>Temperatura media nocturna: 7\u00b0C (45\u00b0F)<\/li>\n<\/ul>\n\n<p>En cualquier caso, durante todo el a\u00f1o, necesita tener capas de abrigo, cortaviento y a prueba de lluvia. Pase de la camiseta a la funda completa en un abrir y cerrar de ojos.<\/p>\n\n<figure class=\"wp-block-image size-large\"><img decoding=\"async\" src=\"https:\/\/photos.smugmug.com\/Iceland\/Golden-Circle\/Gullfoss\/i-XxCVKKd\/0\/MDcXNFt3nDwG5rXBhQj86KmgL86NzJJPpX8vThJQg\/L\/Gullfoss-21-L.jpg\" alt=\"grosor de la ropa\"\/><\/figure>\n\n<div style=\"background-color:#e4f3f6;margin-top:8%;margin-bottom:8%\" class=\"wp-block-genesis-blocks-gb-container box gb-block-container\"><div class=\"gb-container-inside\"><div class=\"gb-container-content\">\n<div class=\"wp-block-columns inverse box_planif is-layout-flex wp-container-core-columns-is-layout-9d6595d7 wp-block-columns-is-layout-flex\">\n<div class=\"wp-block-column texte_planif is-layout-flow wp-block-column-is-layout-flow\" style=\"flex-basis:60%\">\n<h5 class=\"titre_box\" style=\"padding-top:10px;\">ALQUILER DE COCHES EN <span class=\"titre_box_manuscrit\">Islandia<\/span><\/h5>\n\n\n\n<p style=\"font-size:16px\">Descubra las mejores ofertas en <a href=\"https:\/\/www.discovercars.com\/es\/iceland?a_aid=zigzag&amp;chan=iceland\" target=\"_blank\" rel=\"noreferrer noopener sponsored nofollow\">Discovercars<\/a>, \u00a1nuestra plataforma preferida!<br\/>En la Ruta 1, no se necesita 4&#215;4, fuera de la Ruta 1, depende de sus planes.<\/p>\n<\/div>\n\n\n\n<div class=\"wp-block-column planif-radius-2 is-layout-flow wp-block-column-is-layout-flow\">\n<figure class=\"wp-block-image size-large voiture_image\"><img decoding=\"async\" src=\"https:\/\/photos.smugmug.com\/Iceland\/Winter\/Driving\/i-q2wFFnJ\/1\/Dn4qbSGkrKhZgHBNz2hWXrPc3VdddRQZ7cdj3FpVX\/S\/drive_South_coast_Iceland-2-21-S.jpg\" alt=\"conducir en Islandia\"\/><\/figure>\n<\/div>\n<\/div>\n\n\n\n<div class=\"wp-block-columns planif_bouton is-layout-flex wp-container-core-columns-is-layout-9d6595d7 wp-block-columns-is-layout-flex\">\n<div class=\"wp-block-column is-vertically-aligned-top is-layout-flow wp-block-column-is-layout-flow\">\n<div class=\"wp-block-buttons is-content-justification-center is-layout-flex wp-container-core-buttons-is-layout-16018d1d wp-block-buttons-is-layout-flex\">\n<div class=\"wp-block-button\"><a class=\"wp-block-button__link has-white-color has-text-color wp-element-button\" href=\"https:\/\/www.discovercars.com\/fr\/iceland?a_aid=zigzag&amp;chan=iceland\" target=\"_blank\" rel=\"noreferrer noopener nofollow\">Ver coches disponibles &gt;&gt;<\/a><\/div>\n<\/div>\n<\/div>\n\n\n\n<div class=\"wp-block-column is-vertically-aligned-center is-layout-flow wp-block-column-is-layout-flow\">\n<p class=\"has-text-align-center\" style=\"font-size:16px\"><a href=\"https:\/\/iceland-lovers.com\/es\/como-alquilar-coche-islandia-consejos-experiencas\/\" target=\"_blank\" rel=\"noreferrer noopener\">Lea todos nuestros consejos<\/a><\/p>\n<\/div>\n<\/div>\n<\/div><\/div><\/div>\n\n<h2 class=\"wp-block-heading\"><span class=\"ez-toc-section\" id=\"Lluvia_y_viento\"><\/span>Lluvia y viento<span class=\"ez-toc-section-end\"><\/span><\/h2>\n\n<p>Julio es uno de los meses menos lluviosos en Islandia, pero las precipitaciones var\u00edan considerablemente de una regi\u00f3n a otra. El sur sigue recibiendo la mayor parte de la lluvia, mientras que el norte disfruta de condiciones m\u00e1s secas. Los chubascos suelen ser breves y localizados. Hemos observado con frecuencia que puede llover en un lado de la carretera y estar soleado en el otro.<\/p>\n\n<ul class=\"wp-block-list\">\n<li>Precipitaciones en Reykjavik: de 40 a 55 mm<br\/>  (en una media de 10 a 11 d\u00edas)<\/li>\n\n\n\n<li>Cantidad de lluvia en Akureyri: de 25 a 35mm<br\/>  (en una media de 7 a 9 d\u00edas)<\/li>\n\n\n\n<li>Precipitaciones en Vik: de 70 a 100 mm<br\/>  (en una media de 13 a 15 d\u00edas)<\/li>\n<\/ul>\n\n<p>En julio no hay nieve en las llanuras. S\u00f3lo los picos m\u00e1s altos y los glaciares conservan su manto de nieve. Glaciares como el Vatnaj\u00f6kull, la mayor capa de hielo de Europa, siguen siendo imponentes incluso en pleno verano.<\/p>\n\n<figure class=\"wp-block-image size-large\"><img decoding=\"async\" src=\"https:\/\/photos.smugmug.com\/Iceland\/South-Coast\/Jokulsarlon\/i-S38Lnxn\/0\/M3ZXVMfwSG7fr36SF9qLkmPHL92FbN6wqhMqtzJxg\/L\/Jokusarlon-095-L.jpg\" alt=\"Nubes sobre Jokularlons\"\/><\/figure>\n\n<p>El viento sigue siendo una constante en el clima de Islandia. En julio, sopla a una media de entre 15 y 25 km\/h, con rachas posibles en las costas expuestas y a mayor altitud. Las tormentas son raras en esta \u00e9poca del a\u00f1o, pero no imposibles. Aseg\u00farese de que las puertas de su coche est\u00e1n bien sujetas: el viento puede arrancarlas en cuesti\u00f3n de segundos. La p\u00e1gina web vedur.is ofrece previsiones detalladas, incluyendo la fuerza y la direcci\u00f3n del viento por zonas.<\/p>\n\n<h2 class=\"wp-block-heading\"><span class=\"ez-toc-section\" id=\"Sol_sol_de_medianoche_y_auroras_boreales\"><\/span>Sol, sol de medianoche y auroras boreales<span class=\"ez-toc-section-end\"><\/span><\/h2>\n\n<p>En julio, la duraci\u00f3n de la luz diurna disminuy\u00f3 gradualmente en comparaci\u00f3n con junio, pero sigui\u00f3 siendo excepcional. A principios de mes, el sol se pone hacia las 23.50 h y sale hacia las 3.10 h. A finales de mes, se acuesta sobre las 22.30 h y se levanta sobre las 4.15 h. El crep\u00fasculo entre la puesta y la salida del sol sigue siendo brillante. No llega a ser el sol de medianoche de junio, \u00a1pero algunas noches son muy cortas!<\/p>\n\n<p>Los niveles reales de insolaci\u00f3n dependen de la nubosidad. Deje una media de 5 a 6 horas de sol directo al d\u00eda. El sur tiende a estar m\u00e1s nublado que el norte. La luz prolongada ofrece una ventaja considerable para la fotograf\u00eda y los paseos nocturnos. Apreciamos especialmente la oportunidad de visitar los lugares a \u00faltima hora de la noche, cuando las multitudes se han dispersado.<\/p>\n\n<figure class=\"wp-block-image size-large\"><img decoding=\"async\" src=\"https:\/\/photos.smugmug.com\/Iceland\/South-Coast\/Jokulsarlon\/i-2LCScj9\/0\/Mx35TN5hpQVxcGbkjr4T4R3TBHnbnmDMx65hgkF45\/L\/Jokusarlon-178-L.jpg\" alt=\"\"\/><\/figure>\n\n<p>A finales de julio, las noches comienzan a oscurecerse ligeramente, creando unas condiciones propicias para hermosas puestas de sol. Sin embargo, se sigue recomendando un antifaz nocturno para dormir, ya que la luminosidad de la noche puede interferir con el sue\u00f1o.<\/p>\n\n<p>Noches demasiado cortas para ver la aurora boreal.<\/p>\n\n<h2 class=\"wp-block-heading\"><span class=\"ez-toc-section\" id=\"Multitudes_y_otras_condiciones\"><\/span>Multitudes y otras condiciones<span class=\"ez-toc-section-end\"><\/span><\/h2>\n\n<p>Julio es la temporada alta en Islandia. El pa\u00eds acoge cada a\u00f1o a m\u00e1s de dos millones de visitantes, la mayor\u00eda de ellos entre junio y agosto. Los aparcamientos del C\u00edrculo Dorado, Reynisfjara y J\u00f6kuls\u00e1rl\u00f3n se llenan a primera hora de la ma\u00f1ana. Se forman colas en las cascadas m\u00e1s populares y las rutas de senderismo cerca de Reykjavik son muy concurridas.<\/p>\n\n<p>  Hemos comprobado que los horarios de apertura escalonados marcan una verdadera diferencia: visitar los principales lugares antes de las 9 de la ma\u00f1ana o despu\u00e9s de las 8 de la tarde reduce considerablemente las aglomeraciones. La luz de larga duraci\u00f3n hace que esta estrategia sea perfectamente factible.<\/p>\n\n<figure class=\"wp-block-image size-large\"><img decoding=\"async\" src=\"https:\/\/photos.smugmug.com\/Iceland\/South-Coast\/South-coast-drive\/i-ctHrGbq\/0\/LSQ36ChbX4cLM6DMPDCwQ2LWBMQ8S2S9wr83bBrX7\/L\/south_coast_drive-027-L.jpg\" alt=\"Conducir en Islandia\"\/><\/figure>\n\n<p>En las carreteras, el tr\u00e1fico es denso en la Ruta 1 en el sur. Los coches de alquiler est\u00e1n por todas partes. Todas las carreteras F est\u00e1n abiertas en julio y es obligatorio un 4&#215;4 para utilizarlas.  <\/p>\n\n<h2 class=\"wp-block-heading\"><span class=\"ez-toc-section\" id=\"La_fauna_en_julio\"><\/span>La fauna en julio<span class=\"ez-toc-section-end\"><\/span><\/h2>\n\n<p>Julio es un gran mes para observar la fauna islandesa. Los frailecillos est\u00e1n siempre presentes en los acantilados y las islas, alimentando a sus cr\u00edas. Las colonias de las islas Vestmann (Vestmannaeyjar), L\u00e1trabjarg y Borgarfj\u00f6r\u00f0ur Eystri son las m\u00e1s accesibles. Estas aves de pico colorido no son muy t\u00edmidas, lo que facilita su observaci\u00f3n de cerca. Nos sorprendi\u00f3 la densidad de las colonias.<\/p>\n\n<figure class=\"wp-block-image size-large\"><img decoding=\"async\" src=\"https:\/\/photos.smugmug.com\/Iceland\/Practical\/i-BvLHWQS\/0\/KPBBGVQcZdnr5hktcWBXjVzSrDBJn6HCmbSJxVbN5\/L\/Puffin_DP_291178894_XL-L.jpg\" alt=\"frailecillo\"\/><\/figure>\n\n<p>La observaci\u00f3n de ballenas tambi\u00e9n es muy popular en julio. Hay excursiones diarias desde H\u00fasav\u00edk y Akureyri, en el norte, as\u00ed como desde Reykjavik. Las especies avistadas con m\u00e1s frecuencia son las ballenas jorobadas, los rorcuales aliblancos y los delfines de pico blanco. A veces se ven ballenas azules en el norte. Las condiciones en el mar son de las mejores del a\u00f1o.<\/p>\n\n<p>Los charranes \u00e1rticos defienden activamente sus nidos en julio. Estas aves migratorias, que recorren cada a\u00f1o la distancia entre el \u00c1rtico y el Ant\u00e1rtico, se lanzan en picado contra los transe\u00fantes que se acercan demasiado a su territorio.  <\/p>\n\n<h2 class=\"wp-block-heading\"><span class=\"ez-toc-section\" id=\"Eventos_de_julio_en_Islandia\"><\/span>Eventos de julio en Islandia<span class=\"ez-toc-section-end\"><\/span><\/h2>\n\n<p>Julio es un mes muy ajetreado en Islandia. Varios acontecimientos culturales y festivos jalonan el verano:<\/p>\n\n<ul class=\"wp-block-list\">\n<li><strong>Eistnaflug en Neskaupsta\u00f0ur<\/strong>: festival de m\u00fasica metal y alternativa en los fiordos orientales, suele celebrarse el segundo fin de semana de julio. El ambiente es cordial a pesar de la intensidad del g\u00e9nero musical.<\/li>\n\n\n\n<li><strong>Encuentros ecuestres<\/strong>: en julio se organizan en zonas rurales varios encuentros centrados en el caballo island\u00e9s, una raza end\u00e9mica del pa\u00eds cuya exportaci\u00f3n est\u00e1 estrictamente regulada. Se realizan demostraciones de t\u00f6lt, el andar caracter\u00edstico de la raza.<\/li>\n\n\n\n<li><strong>Mercados de verano en Reykjavik<\/strong>: durante todo el mes se celebran mercados de artesan\u00eda y alimentaci\u00f3n en el centro de la ciudad. Encontrar\u00e1 lana islandesa, cer\u00e1mica local y productos locales.<\/li>\n<\/ul>\n\n<div style=\"background-color:#fefefe;margin-top:6%;margin-bottom:6%\" class=\"wp-block-genesis-blocks-gb-container box gb-block-container\"><div class=\"gb-container-inside\"><div class=\"gb-container-content\" style=\"max-width:700px\">\n<div class=\"wp-block-columns inverse is-layout-flex wp-container-core-columns-is-layout-9d6595d7 wp-block-columns-is-layout-flex\">\n<div class=\"wp-block-column texte_planif is-layout-flow wp-block-column-is-layout-flow\" style=\"flex-basis:58%\">\n<h5 class=\"titre_box\">Reciba nuestro <span class=\"titre_box_manuscrit\">bolet\u00edn<\/span><\/h5>\n\n\n\n<ul class=\"wp-block-list\">\n<li>\u00a1Un soplo de aire fresco en su vida cotidiana en los bellos destinos de Region Lovers!<\/li>\n\n\n\n<li>Una vez al mes<\/li>\n\n\n\n<li>Sin publicidad<\/li>\n<\/ul>\n\n\n<script>\nvar gform;gform||(document.addEventListener(\"gform_main_scripts_loaded\",function(){gform.scriptsLoaded=!0}),document.addEventListener(\"gform\/theme\/scripts_loaded\",function(){gform.themeScriptsLoaded=!0}),window.addEventListener(\"DOMContentLoaded\",function(){gform.domLoaded=!0}),gform={domLoaded:!1,scriptsLoaded:!1,themeScriptsLoaded:!1,isFormEditor:()=>\"function\"==typeof InitializeEditor,callIfLoaded:function(o){return!(!gform.domLoaded||!gform.scriptsLoaded||!gform.themeScriptsLoaded&&!gform.isFormEditor()||(gform.isFormEditor()&&console.warn(\"The use of gform.initializeOnLoaded() is deprecated in the form editor context and will be removed in Gravity Forms 3.1.\"),o(),0))},initializeOnLoaded:function(o){gform.callIfLoaded(o)||(document.addEventListener(\"gform_main_scripts_loaded\",()=>{gform.scriptsLoaded=!0,gform.callIfLoaded(o)}),document.addEventListener(\"gform\/theme\/scripts_loaded\",()=>{gform.themeScriptsLoaded=!0,gform.callIfLoaded(o)}),window.addEventListener(\"DOMContentLoaded\",()=>{gform.domLoaded=!0,gform.callIfLoaded(o)}))},hooks:{action:{},filter:{}},addAction:function(o,r,e,t){gform.addHook(\"action\",o,r,e,t)},addFilter:function(o,r,e,t){gform.addHook(\"filter\",o,r,e,t)},doAction:function(o){gform.doHook(\"action\",o,arguments)},applyFilters:function(o){return gform.doHook(\"filter\",o,arguments)},removeAction:function(o,r){gform.removeHook(\"action\",o,r)},removeFilter:function(o,r,e){gform.removeHook(\"filter\",o,r,e)},addHook:function(o,r,e,t,n){null==gform.hooks[o][r]&&(gform.hooks[o][r]=[]);var d=gform.hooks[o][r];null==n&&(n=r+\"_\"+d.length),gform.hooks[o][r].push({tag:n,callable:e,priority:t=null==t?10:t})},doHook:function(r,o,e){var t;if(e=Array.prototype.slice.call(e,1),null!=gform.hooks[r][o]&&((o=gform.hooks[r][o]).sort(function(o,r){return o.priority-r.priority}),o.forEach(function(o){\"function\"!=typeof(t=o.callable)&&(t=window[t]),\"action\"==r?t.apply(null,e):e[0]=t.apply(null,e)})),\"filter\"==r)return e[0]},removeHook:function(o,r,t,n){var e;null!=gform.hooks[o][r]&&(e=(e=gform.hooks[o][r]).filter(function(o,r,e){return!!(null!=n&&n!=o.tag||null!=t&&t!=o.priority)}),gform.hooks[o][r]=e)}});\n<\/script>\n\n                <div class='gf_browser_gecko gform_wrapper gform-theme gform-theme--foundation gform-theme--framework gform-theme--orbital' data-form-theme='orbital' data-form-index='0' id='gform_wrapper_2' ><style>#gform_wrapper_2[data-form-index=\"0\"].gform-theme,[data-parent-form=\"2_0\"]{--gf-color-primary: #204ce5;--gf-color-primary-rgb: 32, 76, 229;--gf-color-primary-contrast: #fff;--gf-color-primary-contrast-rgb: 255, 255, 255;--gf-color-primary-darker: #001AB3;--gf-color-primary-lighter: #527EFF;--gf-color-secondary: #fff;--gf-color-secondary-rgb: 255, 255, 255;--gf-color-secondary-contrast: #112337;--gf-color-secondary-contrast-rgb: 17, 35, 55;--gf-color-secondary-darker: #F5F5F5;--gf-color-secondary-lighter: #FFFFFF;--gf-color-out-ctrl-light: rgba(17, 35, 55, 0.1);--gf-color-out-ctrl-light-rgb: 17, 35, 55;--gf-color-out-ctrl-light-darker: rgba(104, 110, 119, 0.35);--gf-color-out-ctrl-light-lighter: #F5F5F5;--gf-color-out-ctrl-dark: #585e6a;--gf-color-out-ctrl-dark-rgb: 88, 94, 106;--gf-color-out-ctrl-dark-darker: #112337;--gf-color-out-ctrl-dark-lighter: rgba(17, 35, 55, 0.65);--gf-color-in-ctrl: #fff;--gf-color-in-ctrl-rgb: 255, 255, 255;--gf-color-in-ctrl-contrast: #112337;--gf-color-in-ctrl-contrast-rgb: 17, 35, 55;--gf-color-in-ctrl-darker: #F5F5F5;--gf-color-in-ctrl-lighter: #FFFFFF;--gf-color-in-ctrl-primary: #204ce5;--gf-color-in-ctrl-primary-rgb: 32, 76, 229;--gf-color-in-ctrl-primary-contrast: #fff;--gf-color-in-ctrl-primary-contrast-rgb: 255, 255, 255;--gf-color-in-ctrl-primary-darker: #001AB3;--gf-color-in-ctrl-primary-lighter: #527EFF;--gf-color-in-ctrl-light: rgba(17, 35, 55, 0.1);--gf-color-in-ctrl-light-rgb: 17, 35, 55;--gf-color-in-ctrl-light-darker: rgba(104, 110, 119, 0.35);--gf-color-in-ctrl-light-lighter: #F5F5F5;--gf-color-in-ctrl-dark: #585e6a;--gf-color-in-ctrl-dark-rgb: 88, 94, 106;--gf-color-in-ctrl-dark-darker: #112337;--gf-color-in-ctrl-dark-lighter: rgba(17, 35, 55, 0.65);--gf-radius: 3px;--gf-font-size-secondary: 14px;--gf-font-size-tertiary: 13px;--gf-icon-ctrl-number: url(\"data:image\/svg+xml,%3Csvg width='8' height='14' viewBox='0 0 8 14' fill='none' xmlns='http:\/\/www.w3.org\/2000\/svg'%3E%3Cpath fill-rule='evenodd' clip-rule='evenodd' d='M4 0C4.26522 5.96046e-08 4.51957 0.105357 4.70711 0.292893L7.70711 3.29289C8.09763 3.68342 8.09763 4.31658 7.70711 4.70711C7.31658 5.09763 6.68342 5.09763 6.29289 4.70711L4 2.41421L1.70711 4.70711C1.31658 5.09763 0.683417 5.09763 0.292893 4.70711C-0.0976311 4.31658 -0.097631 3.68342 0.292893 3.29289L3.29289 0.292893C3.48043 0.105357 3.73478 0 4 0ZM0.292893 9.29289C0.683417 8.90237 1.31658 8.90237 1.70711 9.29289L4 11.5858L6.29289 9.29289C6.68342 8.90237 7.31658 8.90237 7.70711 9.29289C8.09763 9.68342 8.09763 10.3166 7.70711 10.7071L4.70711 13.7071C4.31658 14.0976 3.68342 14.0976 3.29289 13.7071L0.292893 10.7071C-0.0976311 10.3166 -0.0976311 9.68342 0.292893 9.29289Z' fill='rgba(17, 35, 55, 0.65)'\/%3E%3C\/svg%3E\");--gf-icon-ctrl-select: url(\"data:image\/svg+xml,%3Csvg width='10' height='6' viewBox='0 0 10 6' fill='none' xmlns='http:\/\/www.w3.org\/2000\/svg'%3E%3Cpath fill-rule='evenodd' clip-rule='evenodd' d='M0.292893 0.292893C0.683417 -0.097631 1.31658 -0.097631 1.70711 0.292893L5 3.58579L8.29289 0.292893C8.68342 -0.0976311 9.31658 -0.0976311 9.70711 0.292893C10.0976 0.683417 10.0976 1.31658 9.70711 1.70711L5.70711 5.70711C5.31658 6.09763 4.68342 6.09763 4.29289 5.70711L0.292893 1.70711C-0.0976311 1.31658 -0.0976311 0.683418 0.292893 0.292893Z' fill='rgba(17, 35, 55, 0.65)'\/%3E%3C\/svg%3E\");--gf-icon-ctrl-search: url(\"data:image\/svg+xml,%3Csvg width='640' height='640' xmlns='http:\/\/www.w3.org\/2000\/svg'%3E%3Cpath d='M256 128c-70.692 0-128 57.308-128 128 0 70.691 57.308 128 128 128 70.691 0 128-57.309 128-128 0-70.692-57.309-128-128-128zM64 256c0-106.039 85.961-192 192-192s192 85.961 192 192c0 41.466-13.146 79.863-35.498 111.248l154.125 154.125c12.496 12.496 12.496 32.758 0 45.254s-32.758 12.496-45.254 0L367.248 412.502C335.862 434.854 297.467 448 256 448c-106.039 0-192-85.962-192-192z' fill='rgba(17, 35, 55, 0.65)'\/%3E%3C\/svg%3E\");--gf-label-space-y-secondary: var(--gf-label-space-y-md-secondary);--gf-ctrl-border-color: #686e77;--gf-ctrl-size: var(--gf-ctrl-size-md);--gf-ctrl-label-color-primary: #112337;--gf-ctrl-label-color-secondary: #112337;--gf-ctrl-choice-size: var(--gf-ctrl-choice-size-md);--gf-ctrl-checkbox-check-size: var(--gf-ctrl-checkbox-check-size-md);--gf-ctrl-radio-check-size: var(--gf-ctrl-radio-check-size-md);--gf-ctrl-btn-font-size: var(--gf-ctrl-btn-font-size-md);--gf-ctrl-btn-padding-x: var(--gf-ctrl-btn-padding-x-md);--gf-ctrl-btn-size: var(--gf-ctrl-btn-size-md);--gf-ctrl-btn-border-color-secondary: #686e77;--gf-ctrl-file-btn-bg-color-hover: #EBEBEB;--gf-field-img-choice-size: var(--gf-field-img-choice-size-md);--gf-field-img-choice-card-space: var(--gf-field-img-choice-card-space-md);--gf-field-img-choice-check-ind-size: var(--gf-field-img-choice-check-ind-size-md);--gf-field-img-choice-check-ind-icon-size: var(--gf-field-img-choice-check-ind-icon-size-md);--gf-field-pg-steps-number-color: rgba(17, 35, 55, 0.8);}<\/style>\n                        <div class='gform_heading'>\n                            <p class='gform_description'><\/p>\n                        <\/div><form method='post' enctype='multipart\/form-data'  id='gform_2'  action='\/es\/wp-json\/wp\/v2\/posts\/4311' data-formid='2' novalidate> \r\n <input type='hidden' class='gforms-pum' value='{\"closepopup\":false,\"closedelay\":0,\"openpopup\":false,\"openpopup_id\":0}' \/>\n                        <div class='gform-body gform_body'><div id='gform_fields_2' class='gform_fields top_label form_sublabel_below description_below validation_below'><div id=\"field_2_5\" class=\"gfield gfield--type-honeypot gform_validation_container field_sublabel_below gfield--has-description field_description_below field_validation_below gfield_visibility_visible\"  ><label class='gfield_label gform-field-label' for='input_2_5'>Company<\/label><div class='ginput_container'><input name='input_5' id='input_2_5' type='text' value='' autocomplete='new-password'\/><\/div><div class='gfield_description' id='gfield_description_2_5'>Este campo es un campo de validaci\u00f3n y debe quedar sin cambios.<\/div><\/div><div id=\"field_2_3\" class=\"gfield gfield--type-email gfield--input-type-email gfield--width-full gfield_contains_required field_sublabel_below gfield--no-description field_description_below hidden_label field_validation_below gfield_visibility_visible\"  ><label class='gfield_label gform-field-label' for='input_2_3'>E-mail<span class=\"gfield_required\"><span class=\"gfield_required gfield_required_text\">(Obligatorio)<\/span><\/span><\/label><div class='ginput_container ginput_container_email'>\n                            <input name='input_3' id='input_2_3' type='email' value='' class='large'    aria-required=\"true\" aria-invalid=\"false\"  \/>\n                        <\/div><\/div><fieldset id=\"field_2_4\" class=\"gfield gfield--type-consent gfield--type-choice gfield--input-type-consent gfield--width-full gfield_contains_required field_sublabel_below gfield--no-description field_description_below hidden_label field_validation_below gfield_visibility_visible\"  ><legend class='gfield_label gform-field-label gfield_label_before_complex' >RGPD<span class=\"gfield_required\"><span class=\"gfield_required gfield_required_text\">(Obligatorio)<\/span><\/span><\/legend><div class='ginput_container ginput_container_consent'><input name='input_4.1' id='input_2_4_1' type='checkbox' value='1'   aria-required=\"true\" aria-invalid=\"false\"   \/> <label class=\"gform-field-label gform-field-label--type-inline gfield_consent_label\" for='input_2_4_1' >S\u00ed, deseo suscribirme al bolet\u00edn mensua<span class=\"gfield_required gfield_required_text\">(Obligatorio)<\/span><\/label><input type='hidden' name='input_4.2' value='S\u00ed, deseo suscribirme al bolet\u00edn mensua' class='gform_hidden' \/><input type='hidden' name='input_4.3' value='1' class='gform_hidden' \/><\/div><\/fieldset><div id=\"field_2_1\" class=\"gfield gfield--type-website gfield--input-type-website field_sublabel_below gfield--no-description field_description_below field_validation_below gfield_visibility_hidden\"  ><div class=\"admin-hidden-markup\"><i class=\"gform-icon gform-icon--hidden\" aria-hidden=\"true\" title=\"Este campo est\u00e1 oculto cuando se visualiza el formulario\"><\/i><span>Este campo est\u00e1 oculto cuando se visualiza el formulario<\/span><\/div><label class='gfield_label gform-field-label' for='input_2_1'>Site Web<\/label><div class='ginput_container ginput_container_website'>\n                    <input name='input_1' id='input_2_1' type='url' value='https:\/\/iceland-lovers.com\/es\/wp-json\/wp\/v2\/posts\/4311' class='large'    placeholder='https:\/\/'  aria-invalid=\"false\" \/>\n                <\/div><\/div><\/div><\/div>\n        <div class='gform-footer gform_footer top_label'> <input type='submit' id='gform_submit_button_2' class='gform_button button' onclick='gform.submission.handleButtonClick(this);' data-submission-type='submit' value='Suscribirse'  \/> \n            <input type='hidden' class='gform_hidden' name='gform_submission_method' data-js='gform_submission_method_2' value='postback' \/>\n            <input type='hidden' class='gform_hidden' name='gform_theme' data-js='gform_theme_2' id='gform_theme_2' value='orbital' \/>\n            <input type='hidden' class='gform_hidden' name='gform_style_settings' data-js='gform_style_settings_2' id='gform_style_settings_2' value='{&quot;inputPrimaryColor&quot;:&quot;#204ce5&quot;}' \/>\n            <input type='hidden' class='gform_hidden' name='is_submit_2' value='1' \/>\n            <input type='hidden' class='gform_hidden' name='gform_submit' value='2' \/>\n            \n            <input type='hidden' class='gform_hidden' name='gform_currency' data-currency='EUR' value='L6fu83MPOQsR7R4Z8tsxRrpOjCtZJAHd5wrn6pxmD8Dqt0X+D9Pv6VlIctgHUo3qOCKkfvZiyELJwhBwy9R9HWZ1JNkmm5A+Yim\/OR3QyT8O5Fc=' \/>\n            <input type='hidden' class='gform_hidden' name='gform_unique_id' value='' \/>\n            <input type='hidden' class='gform_hidden' name='state_2' value='WyJ7XCI0LjFcIjpcIjRmYTFmZTUyMDE4NGE2OTE0MzhlNTMyY2QxYzNkY2Y0XCIsXCI0LjJcIjpcImViOTRkODRhMmRjYTE3ZDhmODI2ZmM1YjM3NzBmMTUzXCIsXCI0LjNcIjpcIjRmYTFmZTUyMDE4NGE2OTE0MzhlNTMyY2QxYzNkY2Y0XCJ9IiwiNmY0YzIwNjRkZDg2OTYyMGYzODczZmRkZDE2OTcwOGMiXQ==' \/>\n            <input type='hidden' autocomplete='off' class='gform_hidden' name='gform_target_page_number_2' id='gform_target_page_number_2' value='0' \/>\n            <input type='hidden' autocomplete='off' class='gform_hidden' name='gform_source_page_number_2' id='gform_source_page_number_2' value='1' \/>\n            <input type='hidden' name='gform_field_values' value='' \/>\n            \n        <\/div>\n                        <\/form>\n                        <\/div><script>\ngform.initializeOnLoaded( function() {gformInitSpinner( 2, 'https:\/\/iceland-lovers.com\/wp-content\/plugins\/gravityforms\/images\/spinner.svg', false );jQuery('#gform_ajax_frame_2').on('load',function(){var contents = jQuery(this).contents().find('*').html();var is_postback = contents.indexOf('GF_AJAX_POSTBACK') >= 0;if(!is_postback){return;}var form_content = jQuery(this).contents().find('#gform_wrapper_2');var is_confirmation = jQuery(this).contents().find('#gform_confirmation_wrapper_2').length > 0;var is_redirect = contents.indexOf('gformRedirect(){') >= 0;var is_form = form_content.length > 0 && ! is_redirect && ! is_confirmation;var mt = parseInt(jQuery('html').css('margin-top'), 10) + parseInt(jQuery('body').css('margin-top'), 10) + 100;if(is_form){jQuery('#gform_wrapper_2').html(form_content.html());if(form_content.hasClass('gform_validation_error')){jQuery('#gform_wrapper_2').addClass('gform_validation_error');} else {jQuery('#gform_wrapper_2').removeClass('gform_validation_error');}setTimeout( function() { \/* delay the scroll by 50 milliseconds to fix a bug in chrome *\/  }, 50 );if(window['gformInitDatepicker']) {gformInitDatepicker();}if(window['gformInitPriceFields']) {gformInitPriceFields();}var current_page = jQuery('#gform_source_page_number_2').val();gformInitSpinner( 2, 'https:\/\/iceland-lovers.com\/wp-content\/plugins\/gravityforms\/images\/spinner.svg', false );jQuery(document).trigger('gform_page_loaded', [2, current_page]);window['gf_submitting_2'] = false;}else if(!is_redirect){var confirmation_content = jQuery(this).contents().find('.GF_AJAX_POSTBACK').html();if(!confirmation_content){confirmation_content = contents;}jQuery('#gform_wrapper_2').replaceWith(confirmation_content);jQuery(document).trigger('gform_confirmation_loaded', [2]);window['gf_submitting_2'] = false;wp.a11y.speak(jQuery('#gform_confirmation_message_2').text());}else{jQuery('#gform_2').append(contents);if(window['gformRedirect']) {gformRedirect();}}jQuery(document).trigger(\"gform_pre_post_render\", [{ formId: \"2\", currentPage: \"current_page\", abort: function() { this.preventDefault(); } }]);        if (event && event.defaultPrevented) {                return;        }        const gformWrapperDiv = document.getElementById( \"gform_wrapper_2\" );        if ( gformWrapperDiv ) {            const visibilitySpan = document.createElement( \"span\" );            visibilitySpan.id = \"gform_visibility_test_2\";            gformWrapperDiv.insertAdjacentElement( \"afterend\", visibilitySpan );        }        const visibilityTestDiv = document.getElementById( \"gform_visibility_test_2\" );        let postRenderFired = false;        function triggerPostRender() {            if ( postRenderFired ) {                return;            }            postRenderFired = true;            gform.core.triggerPostRenderEvents( 2, current_page );            if ( visibilityTestDiv ) {                visibilityTestDiv.parentNode.removeChild( visibilityTestDiv );            }        }        function debounce( func, wait, immediate ) {            var timeout;            return function() {                var context = this, args = arguments;                var later = function() {                    timeout = null;                    if ( !immediate ) func.apply( context, args );                };                var callNow = immediate && !timeout;                clearTimeout( timeout );                timeout = setTimeout( later, wait );                if ( callNow ) func.apply( context, args );            };        }        const debouncedTriggerPostRender = debounce( function() {            triggerPostRender();        }, 200 );        if ( visibilityTestDiv && visibilityTestDiv.offsetParent === null ) {            const observer = new MutationObserver( ( mutations ) => {                mutations.forEach( ( mutation ) => {                    if ( mutation.type === 'attributes' && visibilityTestDiv.offsetParent !== null ) {                        debouncedTriggerPostRender();                        observer.disconnect();                    }                });            });            observer.observe( document.body, {                attributes: true,                childList: false,                subtree: true,                attributeFilter: [ 'style', 'class' ],            });        } else {            triggerPostRender();        }    } );} );\n<\/script>\n<\/div>\n\n\n\n<div class=\"wp-block-column is-layout-flow wp-block-column-is-layout-flow\" style=\"flex-basis:42%\">\n<div class=\"wp-block-genesis-blocks-gb-container aligncenter newsletter-radius gb-block-container\"><div class=\"gb-container-inside\"><div class=\"gb-container-content\"><div class=\"wp-block-image newsletter-image\">\n<figure class=\"aligncenter size-full\"><img loading=\"lazy\" decoding=\"async\" width=\"729\" height=\"792\" src=\"https:\/\/iceland-lovers.com\/wp-content\/uploads\/2024\/06\/newsletter.png\" alt=\"bolet&#xED;n\" class=\"wp-image-443\" srcset=\"https:\/\/iceland-lovers.com\/wp-content\/uploads\/2024\/06\/newsletter.png 729w, https:\/\/iceland-lovers.com\/wp-content\/uploads\/2024\/06\/newsletter-276x300.png 276w\" sizes=\"auto, (max-width: 729px) 100vw, 729px\" \/><\/figure>\n<\/div><\/div><\/div><\/div>\n<\/div>\n<\/div>\n<\/div><\/div><\/div>\n\n<h2 class=\"wp-block-heading\"><span class=\"ez-toc-section\" id=\"Precios_de_julio\"><\/span>Precios de julio<span class=\"ez-toc-section-end\"><\/span><\/h2>\n\n<p>Julio es el mes m\u00e1s caro para viajar por Islandia. El coste de la vida ya es elevado en el pa\u00eds, y la temporada alta hace subir los precios de forma significativa. El alojamiento, desde los albergues juveniles hasta los hoteles boutique, tiene unos precios desorbitados. Una habitaci\u00f3n doble en una pensi\u00f3n cuesta de media entre 150 y 250 euros por noche, mientras que los hoteles suelen superar los 300 euros.<\/p>\n\n<h2 class=\"wp-block-heading\"><span class=\"ez-toc-section\" id=\"Otros_meses\"><\/span>Otros meses<span class=\"ez-toc-section-end\"><\/span><\/h2>\n\n<p><strong>Cu\u00e1ndo ir a Islandia, los otros meses&#8230;<\/strong><\/p>\n\n<ul class=\"wp-block-list\">\n<li><a href=\"https:\/\/iceland-lovers.com\/es\/viaje-islandia-enero-tiempo-temperaturas\/\" type=\"post\" id=\"737\" target=\"_blank\" rel=\"noreferrer noopener\">Islandia en enero<\/a><\/li>\n\n\n\n<li><a href=\"https:\/\/iceland-lovers.com\/es\/viaje-islandia-febrero-tiempo-temperaturas\/\" type=\"post\" id=\"1659\" target=\"_blank\" rel=\"noreferrer noopener\">Islandia en febrero<\/a><\/li>\n\n\n\n<li><a href=\"https:\/\/iceland-lovers.com\/es\/viaje-islandia-marzo-tiempo-temperaturas\/\" type=\"post\" id=\"1660\" target=\"_blank\" rel=\"noreferrer noopener\">Islandia en marzo<\/a><\/li>\n\n\n\n<li>Islandia en abril<\/li>\n\n\n\n<li>Islandia en mayo<\/li>\n\n\n\n<li>Islandia en junio<\/li>\n\n\n\n<li>Islandia en agosto<\/li>\n\n\n\n<li>Islandia en septiembre<\/li>\n\n\n\n<li>Islandia en octubre<\/li>\n\n\n\n<li>Islandia en noviembre<\/li>\n\n\n\n<li><a href=\"https:\/\/iceland-lovers.com\/es\/viaje-islandia-diciembre-tiempo-temperaturas\/\" type=\"post\" id=\"1661\" target=\"_blank\" rel=\"noreferrer noopener\">Islandia en diciembre<\/a><\/li>\n<\/ul>\n\n<p>O lea nuestro art\u00edculo sobre cu\u00e1ndo ir a Islandia (pr\u00f3ximamente).<\/p>\n\n<div style=\"margin-top:8%;margin-bottom:8%\" class=\"wp-block-genesis-blocks-gb-container box gb-block-container\"><div class=\"gb-container-inside\"><div class=\"gb-container-content\" style=\"max-width:700px\">\n<div class=\"wp-block-genesis-blocks-gb-container box_titre gb-block-container\"><div class=\"gb-container-inside\"><div class=\"gb-container-content\">\n<h5 class=\"titre_box\"><span>PLANIFIQUE SU VIAJE DE VERANO A<\/span> <span class=\"titre_box_manuscrit\">islandia<\/span><\/h5>\n<\/div><\/div><\/div>\n\n\n\n<hr class=\"wp-block-separator has-text-color has-alpha-channel-opacity has-background is-style-wide hr-box-planif\" style=\"background-color:#ccd3dd;color:#ccd3dd\"\/>\n\n\n\n<div class=\"wp-block-columns box_sans_border is-layout-flex wp-container-core-columns-is-layout-9d6595d7 wp-block-columns-is-layout-flex\">\n<div class=\"wp-block-column texte_planif is-layout-flow wp-block-column-is-layout-flow\" style=\"font-size:14px;flex-basis:60%\">\n<ul class=\"wp-block-list\">\n<li><strong>Lo mejor de<\/strong><\/li>\n<\/ul>\n\n\n\n<p class=\"ul_box\" style=\"font-size:14px\">Qu\u00e9 hacer en Islandia<br\/>Las cascadas m\u00e1s bellas  <br\/>Las m\u00e1s bellas playas de arena negra  <br\/><a href=\"https:\/\/iceland-lovers.com\/es\/mejores-crateres-volcanicos-islandia\/\" type=\"post\" id=\"3913\" target=\"_blank\" rel=\"noreferrer noopener\">Cr\u00e1teres volc\u00e1nicos para escalar<\/a><br\/><a href=\"https:\/\/iceland-lovers.com\/es\/cuevas-lava-islandia\/\" type=\"post\" id=\"3912\" target=\"_blank\" rel=\"noreferrer noopener\">Cuevas de lava para visitar<\/a><br\/>Las mejores excursiones desde Reykjavik  <br\/><\/p>\n<\/div>\n\n\n\n<div class=\"wp-block-column is-vertically-aligned-top planif-radius is-layout-flow wp-block-column-is-layout-flow\" style=\"flex-basis:40%\">\n<figure class=\"wp-block-image size-large img-portrait\"><img decoding=\"async\" src=\"https:\/\/photos.smugmug.com\/Iceland\/North-Iceland\/Stukustadir\/i-cM679v9\/0\/pjq48bR8wtrM7q7fhmPKtVcFZh9jPzQ8sJQh7H4x\/S\/Stukustadir-S.jpg\" alt=\"Stukustadir\" title=\"\"\/><\/figure>\n<\/div>\n<\/div>\n\n\n\n<hr class=\"wp-block-separator has-text-color has-alpha-channel-opacity has-background is-style-wide hr-box-planif\" style=\"background-color:#ccd3dd;color:#ccd3dd\"\/>\n\n\n\n<div class=\"wp-block-columns box_sans_border is-layout-flex wp-container-core-columns-is-layout-9d6595d7 wp-block-columns-is-layout-flex\">\n<div class=\"wp-block-column texte_planif is-layout-flow wp-block-column-is-layout-flow\" style=\"flex-basis:60%\">\n<ul class=\"wp-block-list\">\n<li><strong>Consejos pr\u00e1cticos<\/strong><\/li>\n<\/ul>\n\n\n\n<p style=\"font-size:14px\"><br\/><a href=\"https:\/\/iceland-lovers.com\/es\/viajar-islandia-verano-guia\/\" type=\"post\" id=\"3860\" target=\"_blank\" rel=\"noreferrer noopener\">Consejos para viajar en verano<\/a><br\/><a href=\"https:\/\/iceland-lovers.com\/es\/como-alquilar-coche-islandia-consejos-experiencas\/\" type=\"post\" id=\"1202\" target=\"_blank\" rel=\"noreferrer noopener\">C\u00f3mo alquilar un coche en Islandia<\/a><br\/>Consejos de conducci\u00f3n  <br\/>D\u00f3nde alojarse en Islandia  <br\/>Itinerarios: 3 d\u00edas &#8211; 4 d\u00edas &#8211; 5 d\u00edas &#8211; 1 semana &#8211; 10 d\u00edas  <\/p>\n<\/div>\n\n\n\n<div class=\"wp-block-column is-vertically-aligned-top planif-radius is-layout-flow wp-block-column-is-layout-flow\" style=\"flex-basis:40%\">\n<figure class=\"wp-block-image size-large img-portrait\"><img decoding=\"async\" src=\"https:\/\/photos.smugmug.com\/Iceland\/Driving-car\/i-vPtvXQq\/0\/tq6rx2CTKV4njqg4RvvJSGW5KtNLh5jJFTTsWHFQ\/S\/driving_iceland-S.jpg\" alt=\"Ruta en Islandia  \" title=\"\"\/><\/figure>\n<\/div>\n<\/div>\n\n\n\n<hr class=\"wp-block-separator has-text-color has-alpha-channel-opacity has-background is-style-wide hr-box-planif\" style=\"background-color:#ccd3dd;color:#ccd3dd\"\/>\n\n\n\n<div class=\"wp-block-columns box_sans_border is-layout-flex wp-container-core-columns-is-layout-9d6595d7 wp-block-columns-is-layout-flex\">\n<div class=\"wp-block-column texte_planif is-layout-flow wp-block-column-is-layout-flow\" style=\"flex-basis:60%\">\n<ul class=\"wp-block-list\">\n<li><strong>Lo imprescindible<\/strong><\/li>\n<\/ul>\n\n\n\n<p style=\"font-size:14px\">Qu\u00e9 hacer en Reykjavik  <br\/>Principales atracciones del C\u00edrculo Dorado  <br\/>Atracciones de la costa sur  <br\/><a href=\"https:\/\/iceland-lovers.com\/es\/que-ver-snaefellsnes-atracciones\/\" type=\"post\" id=\"3951\" target=\"_blank\" rel=\"noreferrer noopener\">Pen\u00ednsula de Snaefellsnes<\/a><br\/>C\u00edrculo de plata  <br\/>Atracciones del lago Myvatn  <br\/><\/p>\n<\/div>\n\n\n\n<div class=\"wp-block-column is-vertically-aligned-top planif-radius is-layout-flow wp-block-column-is-layout-flow\" style=\"flex-basis:40%\">\n<figure class=\"wp-block-image size-large img-portrait\"><img decoding=\"async\" src=\"https:\/\/photos.smugmug.com\/Iceland\/South-Coast\/Skogafoss\/i-PN35d7d\/0\/CTQRVft2tgj5rkrQb5BrqVpxcpWh9fCmxkG9h55NW\/S\/Skogafoss-S.jpg\" alt=\"Skogafoss\" title=\"\"\/><\/figure>\n<\/div>\n<\/div>\n\n\n\n<div style=\"height:30px\" aria-hidden=\"true\" class=\"wp-block-spacer\"><\/div>\n<\/div><\/div><\/div>\n\n<div class=\"wp-block-genesis-blocks-gb-container box_auteur_voyage gb-block-container\"><div class=\"gb-container-inside\"><div class=\"gb-container-content\">\n<figure class=\"wp-block-image size-large img_auteur_voyage img_provisoire\"><img decoding=\"async\" src=\"https:\/\/photos.smugmug.com\/Region-Lovers\/Equipe\/i-nsNF6C6\/0\/Cs2F5n96pkt9xFD9D3SVqmQspMhrKgN75nHgBqmjG\/L\/Claire-L.png\" alt=\"\"\/><\/figure>\n\n\n\n<h5 class=\"titre_auteur_voyage\"><span>HIZO EL VIAJE <\/span><span class=\"titre_box_manuscrit\">Claire<\/span><\/h5>\n<\/div><\/div><\/div>\n","protected":false},"excerpt":{"rendered":"<p>\u00bfQuiere ir a Islandia en julio?Averig\u00fce si la regi\u00f3n es adecuada para usted en esta \u00e9poca del a\u00f1o, con nuestra completa gu\u00eda sobre el clima, las condiciones para viajar, las aglomeraciones, los precios, las atracciones y los acontecimientos. Viajar a Islandia en julio: respuestas r\u00e1pidas \u00bfHace buen tiempo en Islandia en julio? \u00bfEs un buen [&hellip;]<\/p>\n","protected":false},"author":1,"featured_media":4126,"comment_status":"closed","ping_status":"closed","sticky":false,"template":"","format":"standard","meta":{"_genesis_hide_title":false,"_genesis_hide_breadcrumbs":false,"_genesis_hide_singular_image":false,"_genesis_hide_footer_widgets":false,"_genesis_custom_body_class":"","_genesis_custom_post_class":"","_genesis_layout":"","footnotes":""},"categories":[71],"tags":[],"class_list":{"0":"post-4311","1":"post","2":"type-post","3":"status-publish","4":"format-standard","5":"has-post-thumbnail","7":"category-consejos-de-viaje","8":"entry"},"yoast_head":"<!-- This site is optimized with the Yoast SEO plugin v27.5 - https:\/\/yoast.com\/product\/yoast-seo-wordpress\/ -->\n<title>Islandia en julio: \u00a1nuestra gu\u00eda completa!<\/title>\n<meta name=\"description\" content=\"Qu\u00e9 esperar si viaja a Islandia en julio - tiempo, aglomeraciones, condiciones, precios, eventos, atracciones...\" \/>\n<meta name=\"robots\" content=\"index, follow, max-snippet:-1, max-image-preview:large, max-video-preview:-1\" \/>\n<link rel=\"canonical\" href=\"https:\/\/iceland-lovers.com\/es\/viaje-islandia-julio-tiempo-temperaturas\/\" \/>\n<meta property=\"og:locale\" content=\"es_ES\" \/>\n<meta property=\"og:type\" content=\"article\" \/>\n<meta property=\"og:title\" content=\"Islandia en julio: \u00a1nuestra gu\u00eda completa!\" \/>\n<meta property=\"og:description\" content=\"Qu\u00e9 esperar si viaja a Islandia en julio - tiempo, aglomeraciones, condiciones, precios, eventos, atracciones...\" \/>\n<meta property=\"og:url\" content=\"https:\/\/iceland-lovers.com\/es\/viaje-islandia-julio-tiempo-temperaturas\/\" \/>\n<meta property=\"og:site_name\" content=\"Iceland Lovers\" \/>\n<meta property=\"article:published_time\" content=\"2026-04-30T10:08:55+00:00\" \/>\n<meta property=\"article:modified_time\" content=\"2026-04-30T11:46:56+00:00\" \/>\n<meta property=\"og:image\" content=\"https:\/\/iceland-lovers.com\/wp-content\/uploads\/2026\/04\/Partir-Islande-en-juillet-meteo-temperature.jpg\" \/>\n\t<meta property=\"og:image:width\" content=\"800\" \/>\n\t<meta property=\"og:image:height\" content=\"600\" \/>\n\t<meta property=\"og:image:type\" content=\"image\/jpeg\" \/>\n<meta name=\"author\" content=\"Claire\" \/>\n<meta name=\"twitter:card\" content=\"summary_large_image\" \/>\n<meta name=\"twitter:label1\" content=\"Escrito por\" \/>\n\t<meta name=\"twitter:data1\" content=\"Claire\" \/>\n\t<meta name=\"twitter:label2\" content=\"Tiempo de lectura\" \/>\n\t<meta name=\"twitter:data2\" content=\"11 minutos\" \/>\n<script type=\"application\/ld+json\" class=\"yoast-schema-graph\">{\"@context\":\"https:\\\/\\\/schema.org\",\"@graph\":[{\"@type\":\"Article\",\"@id\":\"https:\\\/\\\/iceland-lovers.com\\\/es\\\/viaje-islandia-julio-tiempo-temperaturas\\\/#article\",\"isPartOf\":{\"@id\":\"https:\\\/\\\/iceland-lovers.com\\\/es\\\/viaje-islandia-julio-tiempo-temperaturas\\\/\"},\"author\":{\"name\":\"Claire\",\"@id\":\"https:\\\/\\\/iceland-lovers.com\\\/es\\\/#\\\/schema\\\/person\\\/99f50c0c6981832bc8c168071e92df44\"},\"headline\":\"Islandia en julio: \u00a1nuestra gu\u00eda completa!\",\"datePublished\":\"2026-04-30T10:08:55+00:00\",\"dateModified\":\"2026-04-30T11:46:56+00:00\",\"mainEntityOfPage\":{\"@id\":\"https:\\\/\\\/iceland-lovers.com\\\/es\\\/viaje-islandia-julio-tiempo-temperaturas\\\/\"},\"wordCount\":2121,\"publisher\":{\"@id\":\"https:\\\/\\\/iceland-lovers.com\\\/es\\\/#organization\"},\"image\":{\"@id\":\"https:\\\/\\\/iceland-lovers.com\\\/es\\\/viaje-islandia-julio-tiempo-temperaturas\\\/#primaryimage\"},\"thumbnailUrl\":\"https:\\\/\\\/iceland-lovers.com\\\/wp-content\\\/uploads\\\/2026\\\/04\\\/Partir-Islande-en-juillet-meteo-temperature.jpg\",\"articleSection\":[\"Consejos de viaje\"],\"inLanguage\":\"es\"},{\"@type\":\"WebPage\",\"@id\":\"https:\\\/\\\/iceland-lovers.com\\\/es\\\/viaje-islandia-julio-tiempo-temperaturas\\\/\",\"url\":\"https:\\\/\\\/iceland-lovers.com\\\/es\\\/viaje-islandia-julio-tiempo-temperaturas\\\/\",\"name\":\"Islandia en julio: \u00a1nuestra gu\u00eda completa!\",\"isPartOf\":{\"@id\":\"https:\\\/\\\/iceland-lovers.com\\\/es\\\/#website\"},\"primaryImageOfPage\":{\"@id\":\"https:\\\/\\\/iceland-lovers.com\\\/es\\\/viaje-islandia-julio-tiempo-temperaturas\\\/#primaryimage\"},\"image\":{\"@id\":\"https:\\\/\\\/iceland-lovers.com\\\/es\\\/viaje-islandia-julio-tiempo-temperaturas\\\/#primaryimage\"},\"thumbnailUrl\":\"https:\\\/\\\/iceland-lovers.com\\\/wp-content\\\/uploads\\\/2026\\\/04\\\/Partir-Islande-en-juillet-meteo-temperature.jpg\",\"datePublished\":\"2026-04-30T10:08:55+00:00\",\"dateModified\":\"2026-04-30T11:46:56+00:00\",\"description\":\"Qu\u00e9 esperar si viaja a Islandia en julio - tiempo, aglomeraciones, condiciones, precios, eventos, atracciones...\",\"breadcrumb\":{\"@id\":\"https:\\\/\\\/iceland-lovers.com\\\/es\\\/viaje-islandia-julio-tiempo-temperaturas\\\/#breadcrumb\"},\"inLanguage\":\"es\",\"potentialAction\":[{\"@type\":\"ReadAction\",\"target\":[\"https:\\\/\\\/iceland-lovers.com\\\/es\\\/viaje-islandia-julio-tiempo-temperaturas\\\/\"]}]},{\"@type\":\"ImageObject\",\"inLanguage\":\"es\",\"@id\":\"https:\\\/\\\/iceland-lovers.com\\\/es\\\/viaje-islandia-julio-tiempo-temperaturas\\\/#primaryimage\",\"url\":\"https:\\\/\\\/iceland-lovers.com\\\/wp-content\\\/uploads\\\/2026\\\/04\\\/Partir-Islande-en-juillet-meteo-temperature.jpg\",\"contentUrl\":\"https:\\\/\\\/iceland-lovers.com\\\/wp-content\\\/uploads\\\/2026\\\/04\\\/Partir-Islande-en-juillet-meteo-temperature.jpg\",\"width\":800,\"height\":600,\"caption\":\"Partir Islande en juillet meteo temperature\"},{\"@type\":\"BreadcrumbList\",\"@id\":\"https:\\\/\\\/iceland-lovers.com\\\/es\\\/viaje-islandia-julio-tiempo-temperaturas\\\/#breadcrumb\",\"itemListElement\":[{\"@type\":\"ListItem\",\"position\":1,\"name\":\"Accueil\",\"item\":\"https:\\\/\\\/iceland-lovers.com\\\/es\\\/\"},{\"@type\":\"ListItem\",\"position\":2,\"name\":\"Consejos de viaje\",\"item\":\"https:\\\/\\\/iceland-lovers.com\\\/es\\\/consejos-de-viaje\\\/\"},{\"@type\":\"ListItem\",\"position\":3,\"name\":\"Islandia en julio: \u00a1nuestra gu\u00eda completa!\"}]},{\"@type\":\"WebSite\",\"@id\":\"https:\\\/\\\/iceland-lovers.com\\\/es\\\/#website\",\"url\":\"https:\\\/\\\/iceland-lovers.com\\\/es\\\/\",\"name\":\"Iceland Lovers\",\"description\":\"Le Blog de Claire et Manu\",\"publisher\":{\"@id\":\"https:\\\/\\\/iceland-lovers.com\\\/es\\\/#organization\"},\"potentialAction\":[{\"@type\":\"SearchAction\",\"target\":{\"@type\":\"EntryPoint\",\"urlTemplate\":\"https:\\\/\\\/iceland-lovers.com\\\/es\\\/?s={search_term_string}\"},\"query-input\":{\"@type\":\"PropertyValueSpecification\",\"valueRequired\":true,\"valueName\":\"search_term_string\"}}],\"inLanguage\":\"es\"},{\"@type\":\"Organization\",\"@id\":\"https:\\\/\\\/iceland-lovers.com\\\/es\\\/#organization\",\"name\":\"Iceland Lovers\",\"url\":\"https:\\\/\\\/iceland-lovers.com\\\/es\\\/\",\"logo\":{\"@type\":\"ImageObject\",\"inLanguage\":\"es\",\"@id\":\"https:\\\/\\\/iceland-lovers.com\\\/es\\\/#\\\/schema\\\/logo\\\/image\\\/\",\"url\":\"https:\\\/\\\/iceland-lovers.com\\\/wp-content\\\/uploads\\\/2024\\\/05\\\/cropped-Iceland-Lovers-Logos-RVB_Principal-bicolore.png\",\"contentUrl\":\"https:\\\/\\\/iceland-lovers.com\\\/wp-content\\\/uploads\\\/2024\\\/05\\\/cropped-Iceland-Lovers-Logos-RVB_Principal-bicolore.png\",\"width\":2326,\"height\":501,\"caption\":\"Iceland Lovers\"},\"image\":{\"@id\":\"https:\\\/\\\/iceland-lovers.com\\\/es\\\/#\\\/schema\\\/logo\\\/image\\\/\"}},{\"@type\":\"Person\",\"@id\":\"https:\\\/\\\/iceland-lovers.com\\\/es\\\/#\\\/schema\\\/person\\\/99f50c0c6981832bc8c168071e92df44\",\"name\":\"Claire\",\"image\":{\"@type\":\"ImageObject\",\"inLanguage\":\"es\",\"@id\":\"https:\\\/\\\/secure.gravatar.com\\\/avatar\\\/e3566233826c32de8d7c9ef726a1087654b12cadb092acc17ee1d357687192ff?s=96&d=mm&r=g\",\"url\":\"https:\\\/\\\/secure.gravatar.com\\\/avatar\\\/e3566233826c32de8d7c9ef726a1087654b12cadb092acc17ee1d357687192ff?s=96&d=mm&r=g\",\"contentUrl\":\"https:\\\/\\\/secure.gravatar.com\\\/avatar\\\/e3566233826c32de8d7c9ef726a1087654b12cadb092acc17ee1d357687192ff?s=96&d=mm&r=g\",\"caption\":\"Claire\"},\"sameAs\":[\"https:\\\/\\\/iceland-lovers.com\\\/claire-robinson\\\/\"],\"url\":\"https:\\\/\\\/iceland-lovers.com\\\/es\\\/author\\\/icelandlovers\\\/\"}]}<\/script>\n<!-- \/ Yoast SEO plugin. -->","yoast_head_json":{"title":"Islandia en julio: \u00a1nuestra gu\u00eda completa!","description":"Qu\u00e9 esperar si viaja a Islandia en julio - tiempo, aglomeraciones, condiciones, precios, eventos, atracciones...","robots":{"index":"index","follow":"follow","max-snippet":"max-snippet:-1","max-image-preview":"max-image-preview:large","max-video-preview":"max-video-preview:-1"},"canonical":"https:\/\/iceland-lovers.com\/es\/viaje-islandia-julio-tiempo-temperaturas\/","og_locale":"es_ES","og_type":"article","og_title":"Islandia en julio: \u00a1nuestra gu\u00eda completa!","og_description":"Qu\u00e9 esperar si viaja a Islandia en julio - tiempo, aglomeraciones, condiciones, precios, eventos, atracciones...","og_url":"https:\/\/iceland-lovers.com\/es\/viaje-islandia-julio-tiempo-temperaturas\/","og_site_name":"Iceland Lovers","article_published_time":"2026-04-30T10:08:55+00:00","article_modified_time":"2026-04-30T11:46:56+00:00","og_image":[{"width":800,"height":600,"url":"https:\/\/iceland-lovers.com\/wp-content\/uploads\/2026\/04\/Partir-Islande-en-juillet-meteo-temperature.jpg","type":"image\/jpeg"}],"author":"Claire","twitter_card":"summary_large_image","twitter_misc":{"Escrito por":"Claire","Tiempo de lectura":"11 minutos"},"schema":{"@context":"https:\/\/schema.org","@graph":[{"@type":"Article","@id":"https:\/\/iceland-lovers.com\/es\/viaje-islandia-julio-tiempo-temperaturas\/#article","isPartOf":{"@id":"https:\/\/iceland-lovers.com\/es\/viaje-islandia-julio-tiempo-temperaturas\/"},"author":{"name":"Claire","@id":"https:\/\/iceland-lovers.com\/es\/#\/schema\/person\/99f50c0c6981832bc8c168071e92df44"},"headline":"Islandia en julio: \u00a1nuestra gu\u00eda completa!","datePublished":"2026-04-30T10:08:55+00:00","dateModified":"2026-04-30T11:46:56+00:00","mainEntityOfPage":{"@id":"https:\/\/iceland-lovers.com\/es\/viaje-islandia-julio-tiempo-temperaturas\/"},"wordCount":2121,"publisher":{"@id":"https:\/\/iceland-lovers.com\/es\/#organization"},"image":{"@id":"https:\/\/iceland-lovers.com\/es\/viaje-islandia-julio-tiempo-temperaturas\/#primaryimage"},"thumbnailUrl":"https:\/\/iceland-lovers.com\/wp-content\/uploads\/2026\/04\/Partir-Islande-en-juillet-meteo-temperature.jpg","articleSection":["Consejos de viaje"],"inLanguage":"es"},{"@type":"WebPage","@id":"https:\/\/iceland-lovers.com\/es\/viaje-islandia-julio-tiempo-temperaturas\/","url":"https:\/\/iceland-lovers.com\/es\/viaje-islandia-julio-tiempo-temperaturas\/","name":"Islandia en julio: \u00a1nuestra gu\u00eda completa!","isPartOf":{"@id":"https:\/\/iceland-lovers.com\/es\/#website"},"primaryImageOfPage":{"@id":"https:\/\/iceland-lovers.com\/es\/viaje-islandia-julio-tiempo-temperaturas\/#primaryimage"},"image":{"@id":"https:\/\/iceland-lovers.com\/es\/viaje-islandia-julio-tiempo-temperaturas\/#primaryimage"},"thumbnailUrl":"https:\/\/iceland-lovers.com\/wp-content\/uploads\/2026\/04\/Partir-Islande-en-juillet-meteo-temperature.jpg","datePublished":"2026-04-30T10:08:55+00:00","dateModified":"2026-04-30T11:46:56+00:00","description":"Qu\u00e9 esperar si viaja a Islandia en julio - tiempo, aglomeraciones, condiciones, precios, eventos, atracciones...","breadcrumb":{"@id":"https:\/\/iceland-lovers.com\/es\/viaje-islandia-julio-tiempo-temperaturas\/#breadcrumb"},"inLanguage":"es","potentialAction":[{"@type":"ReadAction","target":["https:\/\/iceland-lovers.com\/es\/viaje-islandia-julio-tiempo-temperaturas\/"]}]},{"@type":"ImageObject","inLanguage":"es","@id":"https:\/\/iceland-lovers.com\/es\/viaje-islandia-julio-tiempo-temperaturas\/#primaryimage","url":"https:\/\/iceland-lovers.com\/wp-content\/uploads\/2026\/04\/Partir-Islande-en-juillet-meteo-temperature.jpg","contentUrl":"https:\/\/iceland-lovers.com\/wp-content\/uploads\/2026\/04\/Partir-Islande-en-juillet-meteo-temperature.jpg","width":800,"height":600,"caption":"Partir Islande en juillet meteo temperature"},{"@type":"BreadcrumbList","@id":"https:\/\/iceland-lovers.com\/es\/viaje-islandia-julio-tiempo-temperaturas\/#breadcrumb","itemListElement":[{"@type":"ListItem","position":1,"name":"Accueil","item":"https:\/\/iceland-lovers.com\/es\/"},{"@type":"ListItem","position":2,"name":"Consejos de viaje","item":"https:\/\/iceland-lovers.com\/es\/consejos-de-viaje\/"},{"@type":"ListItem","position":3,"name":"Islandia en julio: \u00a1nuestra gu\u00eda completa!"}]},{"@type":"WebSite","@id":"https:\/\/iceland-lovers.com\/es\/#website","url":"https:\/\/iceland-lovers.com\/es\/","name":"Iceland Lovers","description":"Le Blog de Claire et Manu","publisher":{"@id":"https:\/\/iceland-lovers.com\/es\/#organization"},"potentialAction":[{"@type":"SearchAction","target":{"@type":"EntryPoint","urlTemplate":"https:\/\/iceland-lovers.com\/es\/?s={search_term_string}"},"query-input":{"@type":"PropertyValueSpecification","valueRequired":true,"valueName":"search_term_string"}}],"inLanguage":"es"},{"@type":"Organization","@id":"https:\/\/iceland-lovers.com\/es\/#organization","name":"Iceland Lovers","url":"https:\/\/iceland-lovers.com\/es\/","logo":{"@type":"ImageObject","inLanguage":"es","@id":"https:\/\/iceland-lovers.com\/es\/#\/schema\/logo\/image\/","url":"https:\/\/iceland-lovers.com\/wp-content\/uploads\/2024\/05\/cropped-Iceland-Lovers-Logos-RVB_Principal-bicolore.png","contentUrl":"https:\/\/iceland-lovers.com\/wp-content\/uploads\/2024\/05\/cropped-Iceland-Lovers-Logos-RVB_Principal-bicolore.png","width":2326,"height":501,"caption":"Iceland Lovers"},"image":{"@id":"https:\/\/iceland-lovers.com\/es\/#\/schema\/logo\/image\/"}},{"@type":"Person","@id":"https:\/\/iceland-lovers.com\/es\/#\/schema\/person\/99f50c0c6981832bc8c168071e92df44","name":"Claire","image":{"@type":"ImageObject","inLanguage":"es","@id":"https:\/\/secure.gravatar.com\/avatar\/e3566233826c32de8d7c9ef726a1087654b12cadb092acc17ee1d357687192ff?s=96&d=mm&r=g","url":"https:\/\/secure.gravatar.com\/avatar\/e3566233826c32de8d7c9ef726a1087654b12cadb092acc17ee1d357687192ff?s=96&d=mm&r=g","contentUrl":"https:\/\/secure.gravatar.com\/avatar\/e3566233826c32de8d7c9ef726a1087654b12cadb092acc17ee1d357687192ff?s=96&d=mm&r=g","caption":"Claire"},"sameAs":["https:\/\/iceland-lovers.com\/claire-robinson\/"],"url":"https:\/\/iceland-lovers.com\/es\/author\/icelandlovers\/"}]}},"featured_image_src":"https:\/\/iceland-lovers.com\/wp-content\/uploads\/2026\/04\/Partir-Islande-en-juillet-meteo-temperature-600x400.jpg","featured_image_src_square":"https:\/\/iceland-lovers.com\/wp-content\/uploads\/2026\/04\/Partir-Islande-en-juillet-meteo-temperature-600x600.jpg","author_info":{"display_name":"Claire","author_link":"https:\/\/iceland-lovers.com\/es\/author\/icelandlovers\/"},"_links":{"self":[{"href":"https:\/\/iceland-lovers.com\/es\/wp-json\/wp\/v2\/posts\/4311","targetHints":{"allow":["GET"]}}],"collection":[{"href":"https:\/\/iceland-lovers.com\/es\/wp-json\/wp\/v2\/posts"}],"about":[{"href":"https:\/\/iceland-lovers.com\/es\/wp-json\/wp\/v2\/types\/post"}],"author":[{"embeddable":true,"href":"https:\/\/iceland-lovers.com\/es\/wp-json\/wp\/v2\/users\/1"}],"replies":[{"embeddable":true,"href":"https:\/\/iceland-lovers.com\/es\/wp-json\/wp\/v2\/comments?post=4311"}],"version-history":[{"count":0,"href":"https:\/\/iceland-lovers.com\/es\/wp-json\/wp\/v2\/posts\/4311\/revisions"}],"wp:featuredmedia":[{"embeddable":true,"href":"https:\/\/iceland-lovers.com\/es\/wp-json\/wp\/v2\/media\/4126"}],"wp:attachment":[{"href":"https:\/\/iceland-lovers.com\/es\/wp-json\/wp\/v2\/media?parent=4311"}],"wp:term":[{"taxonomy":"category","embeddable":true,"href":"https:\/\/iceland-lovers.com\/es\/wp-json\/wp\/v2\/categories?post=4311"},{"taxonomy":"post_tag","embeddable":true,"href":"https:\/\/iceland-lovers.com\/es\/wp-json\/wp\/v2\/tags?post=4311"}],"curies":[{"name":"wp","href":"https:\/\/api.w.org\/{rel}","templated":true}]}}