{"id":1165,"date":"2024-06-18T14:27:31","date_gmt":"2024-06-18T12:27:31","guid":{"rendered":"https:\/\/iceland-lovers.com\/leuchtturm-malarrif-winter\/"},"modified":"2024-06-18T15:53:13","modified_gmt":"2024-06-18T13:53:13","slug":"leuchtturm-malarrif-winter","status":"publish","type":"post","link":"https:\/\/iceland-lovers.com\/de\/leuchtturm-malarrif-winter\/","title":{"rendered":"Leuchtturm von Malarrif im Winter (Snaefellsnes): Tipps + Fotos"},"content":{"rendered":"\n<p>Auf Ihrer Rundfahrt \u00fcber die Halbinsel Snafellsnes sollten Sie einen Abstecher zum Leuchtturm Malarrif machen, der im Winter von Schnee umgeben ist, und das kleine Museum besuchen, um mehr \u00fcber die Region zu erfahren. Hier finden Sie alle unsere Tipps f\u00fcr Ihre Passage.<\/p>\n\n<figure class=\"wp-block-image size-full\"><img decoding=\"async\" src=\"https:\/\/iceland-lovers.com\/wp-content\/uploads\/2024\/06\/Malarrif-im-Winter-Snaefellsnes.jpeg\" alt=\"Malarrif Winter Snaefellsnes\" class=\"wp-image-954\"\/><\/figure>\n\n<p>Diese Bewertung ist v\u00f6llig <strong>unabh\u00e4ngig<\/strong> und basiert auf unseren Erfahrungen. Wir besuchten die Region anonym, trafen unsere eigenen Entscheidungen und bezahlten unsere Rechnungen vollst\u00e4ndig.<\/p>\n\n<div style=\"padding-left:5%\" class=\"wp-block-genesis-blocks-gb-container box gb-block-container\"><div class=\"gb-container-inside\"><div class=\"gb-container-content\">\n<p class=\"titre_box_manuscrit\">Inhalt<\/p>\n\n\n\n<div class=\"wp-block-genesis-blocks-gb-container gb-block-container\"><div class=\"gb-container-inside\"><div class=\"gb-container-content\"><div id=\"ez-toc-container\" class=\"ez-toc-v2_0_82_1 counter-hierarchy ez-toc-counter ez-toc-custom ez-toc-container-direction\">\n<div class=\"ez-toc-title-container\">\n<span class=\"ez-toc-title-toggle\"><\/span><\/div>\n<nav><ul class='ez-toc-list ez-toc-list-level-1 ' ><li class='ez-toc-page-1 ez-toc-heading-level-2'><a class=\"ez-toc-link ez-toc-heading-1\" href=\"https:\/\/iceland-lovers.com\/de\/leuchtturm-malarrif-winter\/#Ist_der_Leuchtturm_von_Malarrif_auch_im_Winter_einen_Besuch_wert_Unsere_Meinung\" >Ist der Leuchtturm von Malarrif auch im Winter einen Besuch wert? Unsere Meinung:<\/a><\/li><li class='ez-toc-page-1 ez-toc-heading-level-2'><a class=\"ez-toc-link ez-toc-heading-2\" href=\"https:\/\/iceland-lovers.com\/de\/leuchtturm-malarrif-winter\/#Anreise_nach_Malarrif_im_Winter_Anreise_und_Karte\" >Anreise nach Malarrif im Winter: Anreise und Karte<\/a><\/li><li class='ez-toc-page-1 ez-toc-heading-level-2'><a class=\"ez-toc-link ez-toc-heading-3\" href=\"https:\/\/iceland-lovers.com\/de\/leuchtturm-malarrif-winter\/#Nuetzliche_Ratschlaege_Dauer_Zeiten_Schwierigkeiten%E2%80%A6\" >N\u00fctzliche Ratschl\u00e4ge: Dauer, Zeiten, Schwierigkeiten&#8230;<\/a><\/li><li class='ez-toc-page-1 ez-toc-heading-level-2'><a class=\"ez-toc-link ez-toc-heading-4\" href=\"https:\/\/iceland-lovers.com\/de\/leuchtturm-malarrif-winter\/#Leuchtturm_von_Malarrif\" >Leuchtturm von Malarrif<\/a><\/li><li class='ez-toc-page-1 ez-toc-heading-level-2'><a class=\"ez-toc-link ez-toc-heading-5\" href=\"https:\/\/iceland-lovers.com\/de\/leuchtturm-malarrif-winter\/#Snaefellsjokull_National_Park_%E2%80%93_Besucherzentrum_und_Museum\" >Snaefellsjokull National Park &#8211; Besucherzentrum und Museum<\/a><\/li><li class='ez-toc-page-1 ez-toc-heading-level-2'><a class=\"ez-toc-link ez-toc-heading-6\" href=\"https:\/\/iceland-lovers.com\/de\/leuchtturm-malarrif-winter\/#Blick_auf_die_Gipfel_von_Londrangar\" >Blick auf die Gipfel von Londrangar<\/a><\/li><li class='ez-toc-page-1 ez-toc-heading-level-2'><a class=\"ez-toc-link ez-toc-heading-7\" href=\"https:\/\/iceland-lovers.com\/de\/leuchtturm-malarrif-winter\/#Blick_auf_den_Gletscher_Snaefellsnjoekull\" >Blick auf den Gletscher Snaefellsnj\u00f6kull<\/a><\/li><\/ul><\/nav><\/div>\n\n<\/div><\/div><\/div>\n<\/div><\/div><\/div>\n\n<p><\/p>\n\n<h2 class=\"wp-block-heading\"><span class=\"ez-toc-section\" id=\"Ist_der_Leuchtturm_von_Malarrif_auch_im_Winter_einen_Besuch_wert_Unsere_Meinung\"><\/span>Ist der Leuchtturm von Malarrif auch im Winter einen Besuch wert? Unsere Meinung:<span class=\"ez-toc-section-end\"><\/span><\/h2>\n\n<p>Ja, der Besuch des Leuchtturms von Malarrif im Winter ist eine Erfahrung, die wir empfehlen k\u00f6nnen. Der ikonische Turm erhebt sich aus der gefrorenen Landschaft, umgeben von schneebedeckten Lavafeldern und imposanten Basaltklippen.<br\/>Das kleine Museum \/ Touristenb\u00fcro kann Ihnen eine angenehme Pause bieten, wenn das Wetter schlecht ist.<\/p>\n\n<p>Dies ist eine der <a href=\"https:\/\/iceland-lovers.com\/de\/sehenswurdigkeiten-snaefellsnes-winter\/\" target=\"_blank\" rel=\"noreferrer noopener\">Attraktionen auf der Halbinsel Snaefellsnes<\/a>.<\/p>\n\n<p>Anmerkung: Gem\u00e4\u00df den Stra\u00dfenschildern ist die Schreibweise Malarrif, obwohl Sie im Internet manchmal das Wort Malariff finden.<\/p>\n\n<figure class=\"wp-block-image size-large\"><img decoding=\"async\" src=\"https:\/\/photos.smugmug.com\/Iceland\/Winter\/Snaefellsnes\/Malarrif\/i-pkQGdXT\/1\/CrP9L5mq5gGVn9H9dhqtpkhqQ5Mkb5wJwVBn9NNVT\/L\/Malarrif_Iceland-4969-L.jpg\" alt=\"Blick auf den Leuchtturm von Malarrif im Winter\"\/><\/figure>\n\n<div class=\"wp-block-genesis-blocks-gb-container box gb-block-container\"><div class=\"gb-container-inside\"><div class=\"gb-container-content\">\n<div class=\"wp-block-columns inverse is-layout-flex wp-container-core-columns-is-layout-9d6595d7 wp-block-columns-is-layout-flex\">\n<div class=\"wp-block-column texte_planif is-layout-flow wp-block-column-is-layout-flow\" style=\"flex-basis:58%\">\n<h5 class=\"titre_box\">UNSER LEITFADEN, F\u00dcR DIE PLANUNG EINER <span class=\"titre_box_manuscrit\">Traumreise<\/span><\/h5>\n\n\n\n<ul class=\"wp-block-list\">\n<li>6 Karten, die die Planung erleichtern<\/li>\n\n\n\n<li>+ 75 Orte in der Vorauswahl  <\/li>\n\n\n\n<li>Praktische Tipps  <\/li>\n\n\n\n<li>+ 115 Fotos, die Ihnen bei der Auswahl helfen<\/li>\n<\/ul>\n\n\n\n<div class=\"wp-block-buttons is-layout-flex wp-block-buttons-is-layout-flex\">\n<div class=\"wp-block-button\"><a class=\"wp-block-button__link has-theme-primary-background-color has-background wp-element-button\" href=\"https:\/\/iceland-lovers.com\/de\/ebook-reisefuhrer-road-trip-island-winter\/\">Entdecken Sie es &gt;&gt;<\/a><\/div>\n<\/div>\n<\/div>\n\n\n\n<div class=\"wp-block-column is-layout-flow wp-block-column-is-layout-flow\" style=\"flex-basis:42%\">\n<div class=\"wp-block-genesis-blocks-gb-container ebook-radius-waitlist gb-block-container\"><div class=\"gb-container-inside\"><div class=\"gb-container-content\"><div class=\"wp-block-image ebook-image\">\n<figure class=\"aligncenter size-full\"><img decoding=\"async\" src=\"https:\/\/iceland-lovers.com\/wp-content\/uploads\/2024\/06\/Roadtrip-Reisefuhrer-Island-Winter-eBook-Cover.jpg\" alt=\"Reisef&#xFC;hrer Road trip Island Winter eBook Cover\" class=\"wp-image-1049\"\/><\/figure>\n<\/div><\/div><\/div><\/div>\n<\/div>\n<\/div>\n<\/div><\/div><\/div>\n\n<h2 class=\"wp-block-heading\"><span class=\"ez-toc-section\" id=\"Anreise_nach_Malarrif_im_Winter_Anreise_und_Karte\"><\/span>Anreise nach Malarrif im Winter: Anreise und Karte<span class=\"ez-toc-section-end\"><\/span><\/h2>\n\n<h3 class=\"wp-block-heading\">Wo befindet sich Malarrif?<\/h3>\n\n<ul class=\"wp-block-list\">\n<li>An der S\u00fcdwestk\u00fcste der Halbinsel Snaefellsnes<\/li>\n\n\n\n<li>Parkpl\u00e4tze an der Stra\u00dfe zum Ende der Halbinsel<\/li>\n\n\n\n<li>In der N\u00e4he von Londgrangar<\/li>\n\n\n\n<li>Von Grundarfjordur = 50min Fahrt<\/li>\n\n\n\n<li>Von Borgarnes = 1 Stunde 35 Minuten Fahrt<\/li>\n\n\n\n<li>Von Reykjavik = 2 Stunden 50 Minuten Fahrt<\/li>\n\n\n\n<li>Hier ist eine Karte, die Ihnen hilft, sich zu orientieren:<\/li>\n<\/ul>\n\n<figure class=\"wp-block-image size-large\"><img decoding=\"async\" src=\"https:\/\/iceland-lovers.com\/wp-content\/uploads\/2024\/06\/Karte-Leuchtturm-Malarrif-Island-1024x683.png\" alt=\"Karte Leuchtturm Malarrif Island\" class=\"wp-image-981\"\/><figcaption class=\"wp-element-caption\">Karte: Leuchtturm von Malarrif auf der Halbinsel Snaefellsnes<\/figcaption><\/figure>\n\n<div style=\"background-color:#e4f3f6;margin-top:8%;margin-bottom:8%\" class=\"wp-block-genesis-blocks-gb-container box gb-block-container\"><div class=\"gb-container-inside\"><div class=\"gb-container-content\">\n<div class=\"wp-block-columns inverse box_planif is-layout-flex wp-container-core-columns-is-layout-9d6595d7 wp-block-columns-is-layout-flex\">\n<div class=\"wp-block-column texte_planif is-layout-flow wp-block-column-is-layout-flow\" style=\"flex-basis:60%\">\n<h5 class=\"titre_box\" style=\"padding-top:10px;\">MIETEN SIE EIN AUTO IN <span class=\"titre_box_manuscrit\">Island<\/span><\/h5>\n\n\n\n<p style=\"font-size:16px\">Entdecken Sie die besten Angebote auf <a href=\"https:\/\/www.discovercars.com\/de\/iceland?a_aid=zigzag&amp;chan=iceland\" target=\"_blank\" rel=\"noreferrer noopener sponsored nofollow\">Discovercars<\/a>, unserer bevorzugten Plattform!<br\/>Auf der Route 1 ist kein Gel\u00e4ndewagen erforderlich, au\u00dferhalb der Route 1 h\u00e4ngt es von Ihren Pl\u00e4nen ab.<\/p>\n<\/div>\n\n\n\n<div class=\"wp-block-column planif-radius-2 is-layout-flow wp-block-column-is-layout-flow\">\n<figure class=\"wp-block-image size-large voiture_image\"><img decoding=\"async\" src=\"https:\/\/photos.smugmug.com\/Iceland\/Winter\/Driving\/i-q2wFFnJ\/1\/Dn4qbSGkrKhZgHBNz2hWXrPc3VdddRQZ7cdj3FpVX\/S\/drive_South_coast_Iceland-2-21-S.jpg\" alt=\"Fahren in Island\"\/><\/figure>\n<\/div>\n<\/div>\n\n\n\n<div class=\"wp-block-columns planif_bouton is-layout-flex wp-container-core-columns-is-layout-9d6595d7 wp-block-columns-is-layout-flex\">\n<div class=\"wp-block-column is-vertically-aligned-top is-layout-flow wp-block-column-is-layout-flow\">\n<div class=\"wp-block-buttons is-content-justification-center is-layout-flex wp-container-core-buttons-is-layout-16018d1d wp-block-buttons-is-layout-flex\">\n<div class=\"wp-block-button\"><a class=\"wp-block-button__link has-white-color has-text-color wp-element-button\" href=\"https:\/\/www.discovercars.com\/de\/iceland?a_aid=zigzag&amp;amp;chan=iceland\" target=\"_blank\" rel=\"noreferrer noopener nofollow\">Sehen Sie die verf\u00fcgbaren Autos &gt;&gt;<\/a><\/div>\n<\/div>\n<\/div>\n\n\n\n<div class=\"wp-block-column is-vertically-aligned-center is-layout-flow wp-block-column-is-layout-flow\">\n<p class=\"has-text-align-center\" style=\"font-size:16px\"><a href=\"https:\/\/iceland-lovers.com\/de\/autovermietung-island-tipps-erfahrungen\/\" target=\"_blank\" rel=\"noreferrer noopener\">Lesen Sie alle unsere Tipps<\/a><\/p>\n<\/div>\n<\/div>\n<\/div><\/div><\/div>\n\n<h3 class=\"wp-block-heading\">Wie kommen Sie dorthin? Zufahrtsstra\u00dfe im Winter<\/h3>\n\n<p>Der Leuchtturm ist im Winter zug\u00e4nglich.<br\/>Dies ist ein kleiner Umweg von weniger als 500 m von der Hauptstra\u00dfe, die um die Halbinsel herumf\u00fchrt.<\/p>\n\n<p>Normalerweise werden die Stra\u00dfen schnell genug ger\u00e4umt, um dorthin zu gelangen. Aber w\u00e4hrend eines Schneesturms k\u00f6nnen die Stra\u00dfen in letzter Minute geschlossen werden &#8211; \u00fcberpr\u00fcfen Sie immer den Status der Stra\u00dfen auf <a href=\"https:\/\/umferdin.is\/en\" target=\"_blank\" rel=\"noreferrer noopener nofollow\">Umferdin<\/a>.<\/p>\n\n<figure class=\"wp-block-image size-large\"><img decoding=\"async\" src=\"https:\/\/photos.smugmug.com\/Iceland\/Winter\/Snaefellsnes\/Malarrif\/i-SjwkVPk\/1\/kbBKH3QnVrFwVhrzkBF5Bgvs2z4VmFhzjZbZSNmx\/L\/Malarrif_Iceland-4964-L.jpg\" alt=\"Zufahrtsstra&#xDF;e nach Malarrif\"\/><\/figure>\n\n<h3 class=\"wp-block-heading\">Parkplatz<\/h3>\n\n<p>Am Ende der Stra\u00dfe finden Sie einen kostenlosen Parkplatz, der normalerweise frei und ziemlich gro\u00df ist.<br\/>Es liegt in der N\u00e4he des Leuchtturms und des Geb\u00e4udes der Touristeninformation.<\/p>\n\n<figure class=\"wp-block-image size-large\"><img decoding=\"async\" src=\"https:\/\/photos.smugmug.com\/Iceland\/Winter\/Snaefellsnes\/Malarrif\/i-LGhccdK\/1\/CnbQSsmRHQksv7SgWvwtLCvjchxbRWTxtmfMpGmdp\/L\/Malarrif_Iceland-4966-L.jpg\" alt=\"Parkplatz von Malarrif\"\/><\/figure>\n\n<div style=\"background-color:#e4f8fb;margin-top:8%;margin-bottom:8%\" class=\"wp-block-genesis-blocks-gb-container box gb-block-container\"><div class=\"gb-container-inside\"><div class=\"gb-container-content\" style=\"max-width:700px\">\n<div style=\"background-color:#e4f8fb\" class=\"wp-block-genesis-blocks-gb-container box_titre gb-block-container\"><div class=\"gb-container-inside\"><div class=\"gb-container-content\">\n<h5 class=\"titre_box\" style=\"padding-top:10px;\">WO \u00dcBERNACHTEN IN <span class=\"titre_box_manuscrit\">Island<\/span><\/h5>\n<\/div><\/div><\/div>\n\n\n\n<div class=\"wp-block-columns box_sans_border is-layout-flex wp-container-core-columns-is-layout-9d6595d7 wp-block-columns-is-layout-flex\">\n<div class=\"wp-block-column texte_planif is-layout-flow wp-block-column-is-layout-flow\" style=\"font-size:14px;flex-basis:60%\">\n<p class=\"option_titre2\">Unsere unabh\u00e4ngige Auswahl an <strong>Unterk\u00fcnften<\/strong>, um <strong>die Unterkunft Ihrer Tr\u00e4ume zu<\/strong> finden:<\/p>\n\n\n\n<ul class=\"wp-block-list\">\n<li>Wo kann man in Island \u00fcbernachten (in K\u00fcrze)<\/li>\n\n\n\n<li>\u00dcbernachtungsm\u00f6glichkeiten in Reykjavik (in K\u00fcrze)<\/li>\n\n\n\n<li>Beste 5-Sterne-Hotels (in K\u00fcrze)<\/li>\n\n\n\n<li>Wo schlafen Sie an der S\u00fcdk\u00fcste (in K\u00fcrze)<\/li>\n\n\n\n<li>\u00dcbernachtungsm\u00f6glichkeiten am Golden Circle (in K\u00fcrze)<\/li>\n\n\n\n<li><a href=\"https:\/\/iceland-lovers.com\/de\/ubernachten-snaefellsnes-halbinsel-beste-hotels\/\" target=\"_blank\" rel=\"noreferrer noopener\">Wo kann man auf der Halbinsel Snaefellsnes \u00fcbernachten?<\/a><\/li>\n<\/ul>\n\n\n\n<ul class=\"wp-block-list\">\n<li><a href=\"https:\/\/iceland-lovers.com\/de\/wo-ubernachten-island-winter-beste-hotels\/\" data-type=\"post\" data-id=\"736\" target=\"_blank\" rel=\"noreferrer noopener\">Wo kann man in Island im Winter \u00fcbernachten?<\/a><\/li>\n<\/ul>\n<\/div>\n\n\n\n<div class=\"wp-block-column is-vertically-aligned-top planif-radius is-layout-flow wp-block-column-is-layout-flow\" style=\"flex-basis:40%\">\n<figure class=\"wp-block-image size-large img-portrait\"><img decoding=\"async\" src=\"https:\/\/photos.smugmug.com\/Iceland\/South-Coast\/Hotel-Katla\/i-pJBMTRw\/0\/ZQQMRNz8xHstZq28JL5M6NFJtTCctQHbgMHVzVLz\/S\/Vik_Accommodation_Iceland-3648-S.jpg\" alt=\"Hotel Katla in der N&#xE4;he von Vik\" title=\"\"\/><\/figure>\n<\/div>\n<\/div>\n<\/div><\/div><\/div>\n\n<h2 class=\"wp-block-heading\"><span class=\"ez-toc-section\" id=\"Nuetzliche_Ratschlaege_Dauer_Zeiten_Schwierigkeiten%E2%80%A6\"><\/span>N\u00fctzliche Ratschl\u00e4ge: Dauer, Zeiten, Schwierigkeiten&#8230;<span class=\"ez-toc-section-end\"><\/span><\/h2>\n\n<h3 class=\"wp-block-heading\">Beste Zeit f\u00fcr einen Besuch, \u00d6ffnungszeiten und Preise<\/h3>\n\n<p>Der Zugang zum Au\u00dfenbereich des Leuchtturms und zum Tourismusb\u00fcro ist kostenlos.<br\/>Sie k\u00f6nnen den Leuchtturm zu jeder Tages- und Nachtzeit sehen. Er kann auch einen guten Vordergrund unter den Nordlichtern bilden.<br\/>Die Ausrichtung ist nach S\u00fcden, so dass Sie hier auch sch\u00f6ne Sonnenaufg\u00e4nge und -unterg\u00e4nge genie\u00dfen k\u00f6nnen.<\/p>\n\n<p>Die Touristeninformation und das kleine Museum haben begrenzte \u00d6ffnungszeiten. Normalerweise t\u00e4glich von 11.00 bis 16.00 Uhr.<\/p>\n\n<h3 class=\"wp-block-heading\">Dauer des Besuchs und Hauptschwierigkeiten<\/h3>\n\n<p>Planen Sie 20 bis 30 Minuten ein.<br\/>Einfacher Zugang zum Visitor Center.<\/p>\n\n<div style=\"margin-top:8%;margin-bottom:8%\" class=\"wp-block-genesis-blocks-gb-container box gb-block-container\"><div class=\"gb-container-inside\"><div class=\"gb-container-content\">\n<div class=\"wp-block-columns inverse is-layout-flex wp-container-core-columns-is-layout-9d6595d7 wp-block-columns-is-layout-flex\">\n<div class=\"wp-block-column texte_planif is-layout-flow wp-block-column-is-layout-flow\" style=\"flex-basis:58%\">\n<h5 class=\"titre_box\" style=\"padding-top:10px\">UNVERGESSLICHE AKTIVIT\u00c4TEN IM <span class=\"titre_box_manuscrit\"> winter<\/span> <\/h5>\n\n\n\n<ul class=\"wp-block-list\">\n<li><a href=\"https:\/\/www.getyourguide.de\/s\/?q=iceland+winter+ice+cave&amp;searchSource=3&amp;partner_id=R3GYW4V&amp;cmp=iceland\" target=\"_blank\" rel=\"noreferrer noopener sponsored nofollow\">Besuch einer Eish\u00f6hle<\/a><\/li>\n\n\n\n<li><a href=\"https:\/\/www.getyourguide.de\/s\/?q=iceland+winter+glacier+hike&amp;searchSource=3&amp;partner_id=R3GYW4V&amp;cmp=iceland\" target=\"_blank\" rel=\"noreferrer noopener sponsored nofollow\">Wanderung auf einem Gletscher<\/a><\/li>\n\n\n\n<li><a href=\"https:\/\/www.getyourguide.de\/s\/?q=iceland+whale+watching&amp;searchSource=3&amp;partner_id=R3GYW4V&amp;cmp=iceland\" target=\"_blank\" rel=\"noreferrer noopener sponsored nofollow\">Walbeobachtung<\/a> (von Reykjavik, Husavik oder Akureyri)<\/li>\n<\/ul>\n<\/div>\n\n\n\n<div class=\"wp-block-column ville-radius is-layout-flow wp-block-column-is-layout-flow\" style=\"flex-basis:42%\">\n<figure class=\"wp-block-image size-large img-portrait\"><img decoding=\"async\" src=\"https:\/\/photos.smugmug.com\/Iceland\/Winter\/South-Coast-in-Winter\/Jokulsarlon\/Blue-ice-cave\/i-46mXBBx\/1\/C87JBB8LhkDnd8m3CHST8wQkDNjkZL4xTSQ8RPfxp\/S\/Jokulsarlon_ice_Caves_Iceland-3750-S.jpg\" alt=\"Eish&#xF6;hle in Island\" title=\"\"\/><\/figure>\n<\/div>\n<\/div>\n<\/div><\/div><\/div>\n\n<h2 class=\"wp-block-heading\"><span class=\"ez-toc-section\" id=\"Leuchtturm_von_Malarrif\"><\/span>Leuchtturm von Malarrif<span class=\"ez-toc-section-end\"><\/span><\/h2>\n\n<figure class=\"wp-block-image size-large\"><img decoding=\"async\" src=\"https:\/\/photos.smugmug.com\/Iceland\/Winter\/Snaefellsnes\/Malarrif\/i-pkQGdXT\/1\/CrP9L5mq5gGVn9H9dhqtpkhqQ5Mkb5wJwVBn9NNVT\/L\/Malarrif_Iceland-4969-L.jpg\" alt=\"Leuchtturm von Malarriff\"\/><\/figure>\n\n<p>Der Leuchtturm von Malariff steht wie ein unersch\u00fctterlicher W\u00e4chter entlang der rauen K\u00fcste der Halbinsel.<br\/>Der emblematische Turm, der ganz wei\u00df mit einem roten Hut ist, ist beeindruckend.<\/p>\n\n<p>Der erste Leuchtturm von Malariff wurde 1917 gebaut, war aber relativ klein. Im Jahr 1946 wurde er durch den heutigen Leuchtturm ersetzt. Er ist 20,2 Meter hoch. Sein Licht hat eine Reichweite von ca. 11 nautischen Meilen (ca. 18 km) &#8211; allerdings fehlen uns Quellen, um diese letzte Information zu best\u00e4tigen.<\/p>\n\n<p>Seine Form wird oft als die einer Rakete beschrieben. Wir finden es nicht zu&#8230;<\/p>\n\n<h2 class=\"wp-block-heading\"><span class=\"ez-toc-section\" id=\"Snaefellsjokull_National_Park_%E2%80%93_Besucherzentrum_und_Museum\"><\/span>Snaefellsjokull National Park &#8211; Besucherzentrum und Museum<span class=\"ez-toc-section-end\"><\/span><\/h2>\n\n<figure class=\"wp-block-image size-large\"><img decoding=\"async\" src=\"https:\/\/photos.smugmug.com\/Iceland\/Winter\/Snaefellsnes\/Malarrif\/i-LtkWDmX\/1\/CGnZtmnBGMRgzHskscKL5g35cX2H9CWsmSh2ZzTF8\/L\/Malarrif_Iceland-4972-L.jpg\" alt=\"Visitor Center - Museum\"\/><\/figure>\n\n<p>Direkt neben dem Leuchtturm befindet sich das Besucherzentrum &#8222;Gestastofa&#8220;.<br\/>Die Ranger sind da, um Ihre Fragen zu beantworten.<br\/>Es gibt auch eine kleine Ausstellung \u00fcber die Geschichte des Parks und die Natur.<\/p>\n\n<p>Die Ausstellung konzentriert sich insbesondere auf das Leben der ehemaligen Fischer, die um den Gletscher herum lebten und arbeiteten, und wie sie die Natur als Lebensgrundlage nutzten.<\/p>\n\n<p>Dies ist eine interaktive Ausstellung, in der Sie ber\u00fchren, riechen und h\u00f6ren k\u00f6nnen&#8230;<\/p>\n\n<h2 class=\"wp-block-heading\"><span class=\"ez-toc-section\" id=\"Blick_auf_die_Gipfel_von_Londrangar\"><\/span>Blick auf die Gipfel von Londrangar<span class=\"ez-toc-section-end\"><\/span><\/h2>\n\n<figure class=\"wp-block-image size-large\"><img decoding=\"async\" src=\"https:\/\/photos.smugmug.com\/Iceland\/Winter\/Snaefellsnes\/Malarrif\/i-qfTpmw3\/1\/FKZtK2WP63P5JmfmbwVrLdtsJwPjW87gCngJhCsVZ\/L\/Malarrif_Iceland-4975-L.jpg\" alt=\"Felder in der Vegetation von Londrangar\"\/><\/figure>\n\n<p>Von diesem Gebiet aus sehen Sie auch am Ende des Lavafeldes eine gro\u00dfe Felsformation, die herausragt. Dies sind die Spitzen der beiden Basaltformationen von Londrangar, die 75 Meter und 61 Meter hoch sind. Sie befinden sich auf der H\u00f6he der Klippen und Sie sehen nur den oberen Teil. Dies ist ziemlich \u00fcberraschend.<\/p>\n\n<p>Lesen Sie mehr in <a href=\"https:\/\/iceland-lovers.com\/de\/londrangar-winter\/\" target=\"_blank\" rel=\"noreferrer noopener\">unserem Artikel \u00fcber Londrangar<\/a>.<\/p>\n\n<figure class=\"wp-block-image size-large\"><img decoding=\"async\" src=\"https:\/\/photos.smugmug.com\/Iceland\/Winter\/Snaefellsnes\/Londrangar\/i-nSpgmzs\/1\/Nncm4C3M26b5CgwD79GdHkc8nDp69jW943vQg9rX\/L\/Londrangar_Iceland-4988-L.jpg\" alt=\"\"\/><\/figure>\n\n<p>Hier oben sehen Sie ein Foto von Londrangar, auf dem Sie den kleinen wei\u00dfen Leuchtturm im Hintergrund sehen. Die Perspektive ist \u00fcberraschend, wenn man den Turm aus der N\u00e4he gesehen hat!<\/p>\n\n<div style=\"background-color:#fefefe;margin-top:6%;margin-bottom:6%\" class=\"wp-block-genesis-blocks-gb-container box gb-block-container\"><div class=\"gb-container-inside\"><div class=\"gb-container-content\" style=\"max-width:700px\">\n<div class=\"wp-block-columns inverse is-layout-flex wp-container-core-columns-is-layout-9d6595d7 wp-block-columns-is-layout-flex\">\n<div class=\"wp-block-column texte_planif is-layout-flow wp-block-column-is-layout-flow\" style=\"flex-basis:58%\">\n<h5 class=\"titre_box\">Erhalten Sie unseren <span class=\"titre_box_manuscrit\">Newsletter<\/span><\/h5>\n\n\n\n<ul class=\"wp-block-list\">\n<li>Ein Hauch von Flucht aus dem Alltag durch die sch\u00f6nen Reiseziele von Region Lovers!<\/li>\n\n\n\n<li>Einmal im Monat<\/li>\n\n\n\n<li>Ohne Werbung<\/li>\n<\/ul>\n\n\n<script>\nvar gform;gform||(document.addEventListener(\"gform_main_scripts_loaded\",function(){gform.scriptsLoaded=!0}),document.addEventListener(\"gform\/theme\/scripts_loaded\",function(){gform.themeScriptsLoaded=!0}),window.addEventListener(\"DOMContentLoaded\",function(){gform.domLoaded=!0}),gform={domLoaded:!1,scriptsLoaded:!1,themeScriptsLoaded:!1,isFormEditor:()=>\"function\"==typeof InitializeEditor,callIfLoaded:function(o){return!(!gform.domLoaded||!gform.scriptsLoaded||!gform.themeScriptsLoaded&&!gform.isFormEditor()||(gform.isFormEditor()&&console.warn(\"The use of gform.initializeOnLoaded() is deprecated in the form editor context and will be removed in Gravity Forms 3.1.\"),o(),0))},initializeOnLoaded:function(o){gform.callIfLoaded(o)||(document.addEventListener(\"gform_main_scripts_loaded\",()=>{gform.scriptsLoaded=!0,gform.callIfLoaded(o)}),document.addEventListener(\"gform\/theme\/scripts_loaded\",()=>{gform.themeScriptsLoaded=!0,gform.callIfLoaded(o)}),window.addEventListener(\"DOMContentLoaded\",()=>{gform.domLoaded=!0,gform.callIfLoaded(o)}))},hooks:{action:{},filter:{}},addAction:function(o,r,e,t){gform.addHook(\"action\",o,r,e,t)},addFilter:function(o,r,e,t){gform.addHook(\"filter\",o,r,e,t)},doAction:function(o){gform.doHook(\"action\",o,arguments)},applyFilters:function(o){return gform.doHook(\"filter\",o,arguments)},removeAction:function(o,r){gform.removeHook(\"action\",o,r)},removeFilter:function(o,r,e){gform.removeHook(\"filter\",o,r,e)},addHook:function(o,r,e,t,n){null==gform.hooks[o][r]&&(gform.hooks[o][r]=[]);var d=gform.hooks[o][r];null==n&&(n=r+\"_\"+d.length),gform.hooks[o][r].push({tag:n,callable:e,priority:t=null==t?10:t})},doHook:function(r,o,e){var t;if(e=Array.prototype.slice.call(e,1),null!=gform.hooks[r][o]&&((o=gform.hooks[r][o]).sort(function(o,r){return o.priority-r.priority}),o.forEach(function(o){\"function\"!=typeof(t=o.callable)&&(t=window[t]),\"action\"==r?t.apply(null,e):e[0]=t.apply(null,e)})),\"filter\"==r)return e[0]},removeHook:function(o,r,t,n){var e;null!=gform.hooks[o][r]&&(e=(e=gform.hooks[o][r]).filter(function(o,r,e){return!!(null!=n&&n!=o.tag||null!=t&&t!=o.priority)}),gform.hooks[o][r]=e)}});\n<\/script>\n\n                <div class='gf_browser_gecko gform_wrapper gform-theme gform-theme--foundation gform-theme--framework gform-theme--orbital' data-form-theme='orbital' data-form-index='0' id='gform_wrapper_2' ><style>#gform_wrapper_2[data-form-index=\"0\"].gform-theme,[data-parent-form=\"2_0\"]{--gf-color-primary: #204ce5;--gf-color-primary-rgb: 32, 76, 229;--gf-color-primary-contrast: #fff;--gf-color-primary-contrast-rgb: 255, 255, 255;--gf-color-primary-darker: #001AB3;--gf-color-primary-lighter: #527EFF;--gf-color-secondary: #fff;--gf-color-secondary-rgb: 255, 255, 255;--gf-color-secondary-contrast: #112337;--gf-color-secondary-contrast-rgb: 17, 35, 55;--gf-color-secondary-darker: #F5F5F5;--gf-color-secondary-lighter: #FFFFFF;--gf-color-out-ctrl-light: rgba(17, 35, 55, 0.1);--gf-color-out-ctrl-light-rgb: 17, 35, 55;--gf-color-out-ctrl-light-darker: rgba(104, 110, 119, 0.35);--gf-color-out-ctrl-light-lighter: #F5F5F5;--gf-color-out-ctrl-dark: #585e6a;--gf-color-out-ctrl-dark-rgb: 88, 94, 106;--gf-color-out-ctrl-dark-darker: #112337;--gf-color-out-ctrl-dark-lighter: rgba(17, 35, 55, 0.65);--gf-color-in-ctrl: #fff;--gf-color-in-ctrl-rgb: 255, 255, 255;--gf-color-in-ctrl-contrast: #112337;--gf-color-in-ctrl-contrast-rgb: 17, 35, 55;--gf-color-in-ctrl-darker: #F5F5F5;--gf-color-in-ctrl-lighter: #FFFFFF;--gf-color-in-ctrl-primary: #204ce5;--gf-color-in-ctrl-primary-rgb: 32, 76, 229;--gf-color-in-ctrl-primary-contrast: #fff;--gf-color-in-ctrl-primary-contrast-rgb: 255, 255, 255;--gf-color-in-ctrl-primary-darker: #001AB3;--gf-color-in-ctrl-primary-lighter: #527EFF;--gf-color-in-ctrl-light: rgba(17, 35, 55, 0.1);--gf-color-in-ctrl-light-rgb: 17, 35, 55;--gf-color-in-ctrl-light-darker: rgba(104, 110, 119, 0.35);--gf-color-in-ctrl-light-lighter: #F5F5F5;--gf-color-in-ctrl-dark: #585e6a;--gf-color-in-ctrl-dark-rgb: 88, 94, 106;--gf-color-in-ctrl-dark-darker: #112337;--gf-color-in-ctrl-dark-lighter: rgba(17, 35, 55, 0.65);--gf-radius: 3px;--gf-font-size-secondary: 14px;--gf-font-size-tertiary: 13px;--gf-icon-ctrl-number: url(\"data:image\/svg+xml,%3Csvg width='8' height='14' viewBox='0 0 8 14' fill='none' xmlns='http:\/\/www.w3.org\/2000\/svg'%3E%3Cpath fill-rule='evenodd' clip-rule='evenodd' d='M4 0C4.26522 5.96046e-08 4.51957 0.105357 4.70711 0.292893L7.70711 3.29289C8.09763 3.68342 8.09763 4.31658 7.70711 4.70711C7.31658 5.09763 6.68342 5.09763 6.29289 4.70711L4 2.41421L1.70711 4.70711C1.31658 5.09763 0.683417 5.09763 0.292893 4.70711C-0.0976311 4.31658 -0.097631 3.68342 0.292893 3.29289L3.29289 0.292893C3.48043 0.105357 3.73478 0 4 0ZM0.292893 9.29289C0.683417 8.90237 1.31658 8.90237 1.70711 9.29289L4 11.5858L6.29289 9.29289C6.68342 8.90237 7.31658 8.90237 7.70711 9.29289C8.09763 9.68342 8.09763 10.3166 7.70711 10.7071L4.70711 13.7071C4.31658 14.0976 3.68342 14.0976 3.29289 13.7071L0.292893 10.7071C-0.0976311 10.3166 -0.0976311 9.68342 0.292893 9.29289Z' fill='rgba(17, 35, 55, 0.65)'\/%3E%3C\/svg%3E\");--gf-icon-ctrl-select: url(\"data:image\/svg+xml,%3Csvg width='10' height='6' viewBox='0 0 10 6' fill='none' xmlns='http:\/\/www.w3.org\/2000\/svg'%3E%3Cpath fill-rule='evenodd' clip-rule='evenodd' d='M0.292893 0.292893C0.683417 -0.097631 1.31658 -0.097631 1.70711 0.292893L5 3.58579L8.29289 0.292893C8.68342 -0.0976311 9.31658 -0.0976311 9.70711 0.292893C10.0976 0.683417 10.0976 1.31658 9.70711 1.70711L5.70711 5.70711C5.31658 6.09763 4.68342 6.09763 4.29289 5.70711L0.292893 1.70711C-0.0976311 1.31658 -0.0976311 0.683418 0.292893 0.292893Z' fill='rgba(17, 35, 55, 0.65)'\/%3E%3C\/svg%3E\");--gf-icon-ctrl-search: url(\"data:image\/svg+xml,%3Csvg width='640' height='640' xmlns='http:\/\/www.w3.org\/2000\/svg'%3E%3Cpath d='M256 128c-70.692 0-128 57.308-128 128 0 70.691 57.308 128 128 128 70.691 0 128-57.309 128-128 0-70.692-57.309-128-128-128zM64 256c0-106.039 85.961-192 192-192s192 85.961 192 192c0 41.466-13.146 79.863-35.498 111.248l154.125 154.125c12.496 12.496 12.496 32.758 0 45.254s-32.758 12.496-45.254 0L367.248 412.502C335.862 434.854 297.467 448 256 448c-106.039 0-192-85.962-192-192z' fill='rgba(17, 35, 55, 0.65)'\/%3E%3C\/svg%3E\");--gf-label-space-y-secondary: var(--gf-label-space-y-md-secondary);--gf-ctrl-border-color: #686e77;--gf-ctrl-size: var(--gf-ctrl-size-md);--gf-ctrl-label-color-primary: #112337;--gf-ctrl-label-color-secondary: #112337;--gf-ctrl-choice-size: var(--gf-ctrl-choice-size-md);--gf-ctrl-checkbox-check-size: var(--gf-ctrl-checkbox-check-size-md);--gf-ctrl-radio-check-size: var(--gf-ctrl-radio-check-size-md);--gf-ctrl-btn-font-size: var(--gf-ctrl-btn-font-size-md);--gf-ctrl-btn-padding-x: var(--gf-ctrl-btn-padding-x-md);--gf-ctrl-btn-size: var(--gf-ctrl-btn-size-md);--gf-ctrl-btn-border-color-secondary: #686e77;--gf-ctrl-file-btn-bg-color-hover: #EBEBEB;--gf-field-img-choice-size: var(--gf-field-img-choice-size-md);--gf-field-img-choice-card-space: var(--gf-field-img-choice-card-space-md);--gf-field-img-choice-check-ind-size: var(--gf-field-img-choice-check-ind-size-md);--gf-field-img-choice-check-ind-icon-size: var(--gf-field-img-choice-check-ind-icon-size-md);--gf-field-pg-steps-number-color: rgba(17, 35, 55, 0.8);}<\/style>\n                        <div class='gform_heading'>\n                            <p class='gform_description'><\/p>\n                        <\/div><form method='post' enctype='multipart\/form-data'  id='gform_2'  action='\/de\/wp-json\/wp\/v2\/posts\/1165' data-formid='2' novalidate> \r\n <input type='hidden' class='gforms-pum' value='{\"closepopup\":false,\"closedelay\":0,\"openpopup\":false,\"openpopup_id\":0}' \/>\n                        <div class='gform-body gform_body'><div id='gform_fields_2' class='gform_fields top_label form_sublabel_below description_below validation_below'><div id=\"field_2_5\" class=\"gfield gfield--type-honeypot gform_validation_container field_sublabel_below gfield--has-description field_description_below field_validation_below gfield_visibility_visible\"  ><label class='gfield_label gform-field-label' for='input_2_5'>Name<\/label><div class='ginput_container'><input name='input_5' id='input_2_5' type='text' value='' autocomplete='new-password'\/><\/div><div class='gfield_description' id='gfield_description_2_5'>Dieses Feld dient zur Validierung und sollte nicht ver\u00e4ndert werden.<\/div><\/div><div id=\"field_2_3\" class=\"gfield gfield--type-email gfield--input-type-email gfield--width-full gfield_contains_required field_sublabel_below gfield--no-description field_description_below hidden_label field_validation_below gfield_visibility_visible\"  ><label class='gfield_label gform-field-label' for='input_2_3'>E-mail<span class=\"gfield_required\"><span class=\"gfield_required gfield_required_text\">(erforderlich)<\/span><\/span><\/label><div class='ginput_container ginput_container_email'>\n                            <input name='input_3' id='input_2_3' type='email' value='' class='large'    aria-required=\"true\" aria-invalid=\"false\"  \/>\n                        <\/div><\/div><fieldset id=\"field_2_4\" class=\"gfield gfield--type-consent gfield--type-choice gfield--input-type-consent gfield--width-full gfield_contains_required field_sublabel_below gfield--no-description field_description_below hidden_label field_validation_below gfield_visibility_visible\"  ><legend class='gfield_label gform-field-label gfield_label_before_complex' >RGPD<span class=\"gfield_required\"><span class=\"gfield_required gfield_required_text\">(erforderlich)<\/span><\/span><\/legend><div class='ginput_container ginput_container_consent'><input name='input_4.1' id='input_2_4_1' type='checkbox' value='1'   aria-required=\"true\" aria-invalid=\"false\"   \/> <label class=\"gform-field-label gform-field-label--type-inline gfield_consent_label\" for='input_2_4_1' >Ja, ich m\u00f6chte den monatlichen Newsletter abonnieren.<span class=\"gfield_required gfield_required_text\">(erforderlich)<\/span><\/label><input type='hidden' name='input_4.2' value='Ja, ich m\u00f6chte den monatlichen Newsletter abonnieren.' class='gform_hidden' \/><input type='hidden' name='input_4.3' value='1' class='gform_hidden' \/><\/div><\/fieldset><div id=\"field_2_1\" class=\"gfield gfield--type-website gfield--input-type-website field_sublabel_below gfield--no-description field_description_below field_validation_below gfield_visibility_hidden\"  ><div class=\"admin-hidden-markup\"><i class=\"gform-icon gform-icon--hidden\" aria-hidden=\"true\" title=\"Dieses Feld wird bei der Anzeige des Formulars ausgeblendet\"><\/i><span>Dieses Feld wird bei der Anzeige des Formulars ausgeblendet<\/span><\/div><label class='gfield_label gform-field-label' for='input_2_1'>Site Web<\/label><div class='ginput_container ginput_container_website'>\n                    <input name='input_1' id='input_2_1' type='url' value='https:\/\/iceland-lovers.com\/de\/wp-json\/wp\/v2\/posts\/1165' class='large'    placeholder='https:\/\/'  aria-invalid=\"false\" \/>\n                <\/div><\/div><\/div><\/div>\n        <div class='gform-footer gform_footer top_label'> <input type='submit' id='gform_submit_button_2' class='gform_button button' onclick='gform.submission.handleButtonClick(this);' data-submission-type='submit' value='Anmelden'  \/> \n            <input type='hidden' class='gform_hidden' name='gform_submission_method' data-js='gform_submission_method_2' value='postback' \/>\n            <input type='hidden' class='gform_hidden' name='gform_theme' data-js='gform_theme_2' id='gform_theme_2' value='orbital' \/>\n            <input type='hidden' class='gform_hidden' name='gform_style_settings' data-js='gform_style_settings_2' id='gform_style_settings_2' value='{&quot;inputPrimaryColor&quot;:&quot;#204ce5&quot;}' \/>\n            <input type='hidden' class='gform_hidden' name='is_submit_2' value='1' \/>\n            <input type='hidden' class='gform_hidden' name='gform_submit' value='2' \/>\n            \n            <input type='hidden' class='gform_hidden' name='gform_currency' data-currency='EUR' value='rMEiWCXYVVlHasonFBbH\/bQB8D3yx3HcpiTKAqHBObp\/dCvlXO71FeutgUMgUiM\/SH6TVSGMcU2MRJshbYFRr7XYiY7kVMV0a72Sgc+HyTf3k1o=' \/>\n            <input type='hidden' class='gform_hidden' name='gform_unique_id' value='' \/>\n            <input type='hidden' class='gform_hidden' name='state_2' value='WyJ7XCI0LjFcIjpcIjRmYTFmZTUyMDE4NGE2OTE0MzhlNTMyY2QxYzNkY2Y0XCIsXCI0LjJcIjpcImEwM2Y3NWFlODAxMDNmOWQ1ZWZjYjJhYjg4ZGZkZGZhXCIsXCI0LjNcIjpcIjRmYTFmZTUyMDE4NGE2OTE0MzhlNTMyY2QxYzNkY2Y0XCJ9IiwiMjkwZDQ2YmMzZmE3OGNlNDM5Y2E4YzA5NDdmOTFkZjciXQ==' \/>\n            <input type='hidden' autocomplete='off' class='gform_hidden' name='gform_target_page_number_2' id='gform_target_page_number_2' value='0' \/>\n            <input type='hidden' autocomplete='off' class='gform_hidden' name='gform_source_page_number_2' id='gform_source_page_number_2' value='1' \/>\n            <input type='hidden' name='gform_field_values' value='' \/>\n            \n        <\/div>\n                        <\/form>\n                        <\/div><script>\ngform.initializeOnLoaded( function() {gformInitSpinner( 2, 'https:\/\/iceland-lovers.com\/wp-content\/plugins\/gravityforms\/images\/spinner.svg', false );jQuery('#gform_ajax_frame_2').on('load',function(){var contents = jQuery(this).contents().find('*').html();var is_postback = contents.indexOf('GF_AJAX_POSTBACK') >= 0;if(!is_postback){return;}var form_content = jQuery(this).contents().find('#gform_wrapper_2');var is_confirmation = jQuery(this).contents().find('#gform_confirmation_wrapper_2').length > 0;var is_redirect = contents.indexOf('gformRedirect(){') >= 0;var is_form = form_content.length > 0 && ! is_redirect && ! is_confirmation;var mt = parseInt(jQuery('html').css('margin-top'), 10) + parseInt(jQuery('body').css('margin-top'), 10) + 100;if(is_form){jQuery('#gform_wrapper_2').html(form_content.html());if(form_content.hasClass('gform_validation_error')){jQuery('#gform_wrapper_2').addClass('gform_validation_error');} else {jQuery('#gform_wrapper_2').removeClass('gform_validation_error');}setTimeout( function() { \/* delay the scroll by 50 milliseconds to fix a bug in chrome *\/  }, 50 );if(window['gformInitDatepicker']) {gformInitDatepicker();}if(window['gformInitPriceFields']) {gformInitPriceFields();}var current_page = jQuery('#gform_source_page_number_2').val();gformInitSpinner( 2, 'https:\/\/iceland-lovers.com\/wp-content\/plugins\/gravityforms\/images\/spinner.svg', false );jQuery(document).trigger('gform_page_loaded', [2, current_page]);window['gf_submitting_2'] = false;}else if(!is_redirect){var confirmation_content = jQuery(this).contents().find('.GF_AJAX_POSTBACK').html();if(!confirmation_content){confirmation_content = contents;}jQuery('#gform_wrapper_2').replaceWith(confirmation_content);jQuery(document).trigger('gform_confirmation_loaded', [2]);window['gf_submitting_2'] = false;wp.a11y.speak(jQuery('#gform_confirmation_message_2').text());}else{jQuery('#gform_2').append(contents);if(window['gformRedirect']) {gformRedirect();}}jQuery(document).trigger(\"gform_pre_post_render\", [{ formId: \"2\", currentPage: \"current_page\", abort: function() { this.preventDefault(); } }]);        if (event && event.defaultPrevented) {                return;        }        const gformWrapperDiv = document.getElementById( \"gform_wrapper_2\" );        if ( gformWrapperDiv ) {            const visibilitySpan = document.createElement( \"span\" );            visibilitySpan.id = \"gform_visibility_test_2\";            gformWrapperDiv.insertAdjacentElement( \"afterend\", visibilitySpan );        }        const visibilityTestDiv = document.getElementById( \"gform_visibility_test_2\" );        let postRenderFired = false;        function triggerPostRender() {            if ( postRenderFired ) {                return;            }            postRenderFired = true;            gform.core.triggerPostRenderEvents( 2, current_page );            if ( visibilityTestDiv ) {                visibilityTestDiv.parentNode.removeChild( visibilityTestDiv );            }        }        function debounce( func, wait, immediate ) {            var timeout;            return function() {                var context = this, args = arguments;                var later = function() {                    timeout = null;                    if ( !immediate ) func.apply( context, args );                };                var callNow = immediate && !timeout;                clearTimeout( timeout );                timeout = setTimeout( later, wait );                if ( callNow ) func.apply( context, args );            };        }        const debouncedTriggerPostRender = debounce( function() {            triggerPostRender();        }, 200 );        if ( visibilityTestDiv && visibilityTestDiv.offsetParent === null ) {            const observer = new MutationObserver( ( mutations ) => {                mutations.forEach( ( mutation ) => {                    if ( mutation.type === 'attributes' && visibilityTestDiv.offsetParent !== null ) {                        debouncedTriggerPostRender();                        observer.disconnect();                    }                });            });            observer.observe( document.body, {                attributes: true,                childList: false,                subtree: true,                attributeFilter: [ 'style', 'class' ],            });        } else {            triggerPostRender();        }    } );} );\n<\/script>\n<\/div>\n\n\n\n<div class=\"wp-block-column is-layout-flow wp-block-column-is-layout-flow\" style=\"flex-basis:42%\">\n<div class=\"wp-block-genesis-blocks-gb-container aligncenter newsletter-radius gb-block-container\"><div class=\"gb-container-inside\"><div class=\"gb-container-content\"><div class=\"wp-block-image newsletter-image\">\n<figure class=\"aligncenter size-full\"><img loading=\"lazy\" decoding=\"async\" width=\"729\" height=\"792\" src=\"https:\/\/iceland-lovers.com\/wp-content\/uploads\/2024\/06\/newsletter.png\" alt=\"Newsletter\" class=\"wp-image-443\" srcset=\"https:\/\/iceland-lovers.com\/wp-content\/uploads\/2024\/06\/newsletter.png 729w, https:\/\/iceland-lovers.com\/wp-content\/uploads\/2024\/06\/newsletter-276x300.png 276w\" sizes=\"auto, (max-width: 729px) 100vw, 729px\" \/><\/figure>\n<\/div><\/div><\/div><\/div>\n<\/div>\n<\/div>\n<\/div><\/div><\/div>\n\n<h2 class=\"wp-block-heading\"><span class=\"ez-toc-section\" id=\"Blick_auf_den_Gletscher_Snaefellsnjoekull\"><\/span>Blick auf den Gletscher Snaefellsnj\u00f6kull<span class=\"ez-toc-section-end\"><\/span><\/h2>\n\n<figure class=\"wp-block-image size-large\"><img decoding=\"async\" src=\"https:\/\/photos.smugmug.com\/Iceland\/Winter\/Snaefellsnes\/Malarrif\/i-Vcxfpx4\/1\/wkr4cTjWTQ4dB8ZvnHqCV5VJXfgC4FjWHb5rpWdj\/L\/Malarrif_Iceland-4973-L.jpg\" alt=\"Blick auf den Gletscher\"\/><\/figure>\n\n<p>Und wenn Sie landeinw\u00e4rts blicken, k\u00f6nnen Sie den Gletscher Sn\u00e6fellsj\u00f6kull bewundern, der sich im Herzen der Halbinsel befindet. Er erreicht eine H\u00f6he von 1446 m und ist ber\u00fchmt als Ausgangspunkt f\u00fcr Jules Vernes Reise zur Erde.<\/p>\n\n<div style=\"margin-top:8%;margin-bottom:8%\" class=\"wp-block-genesis-blocks-gb-container box gb-block-container\"><div class=\"gb-container-inside\"><div class=\"gb-container-content\" style=\"max-width:700px\">\n<div class=\"wp-block-genesis-blocks-gb-container box_titre gb-block-container\"><div class=\"gb-container-inside\"><div class=\"gb-container-content\">\n<h5 class=\"titre_box\"><span>PLANEN SIE<\/span> IHRE REISE RUND UM <span class=\"titre_box_manuscrit\">Island<\/span> IM WINTER<\/h5>\n<\/div><\/div><\/div>\n\n\n\n<hr class=\"wp-block-separator has-text-color has-alpha-channel-opacity has-background is-style-wide hr-box-planif\" style=\"background-color:#ccd3dd;color:#ccd3dd\"\/>\n\n\n\n<div class=\"wp-block-columns box_sans_border is-layout-flex wp-container-core-columns-is-layout-9d6595d7 wp-block-columns-is-layout-flex\">\n<div class=\"wp-block-column texte_planif is-layout-flow wp-block-column-is-layout-flow\" style=\"font-size:14px;flex-basis:60%\">\n<ul class=\"wp-block-list\">\n<li><strong>Best-of<\/strong><\/li>\n<\/ul>\n\n\n\n<p class=\"ul_box\" style=\"font-size:14px\"><a href=\"https:\/\/iceland-lovers.com\/de\/landschaft-island-winter-panorama-tipps\/\" target=\"_blank\" rel=\"noreferrer noopener\">Isl\u00e4ndische Winterlandschaften<\/a><br\/><a href=\"https:\/\/iceland-lovers.com\/de\/sehenswurdigkeiten-island-winter-attraktionen\/\" target=\"_blank\" rel=\"noreferrer noopener\">Sehensw\u00fcrdigkeiten in Island im Winter<\/a><br\/><a href=\"https:\/\/iceland-lovers.com\/de\/wasserfalle-island-winter\/\" target=\"_blank\" rel=\"noreferrer noopener\">Die sch\u00f6nsten Wasserf\u00e4lle<\/a><br\/><a href=\"https:\/\/iceland-lovers.com\/de\/beste-touren-eishohle-island\/\" target=\"_blank\" rel=\"noreferrer noopener\">Eish\u00f6hlen<\/a><br\/><a href=\"https:\/\/iceland-lovers.com\/de\/beste-ausfluge-von-reykjavik-winter\/\" target=\"_blank\" rel=\"noreferrer noopener\">Beste Ausfl\u00fcge von Reykjavik aus<\/a><\/p>\n<\/div>\n\n\n\n<div class=\"wp-block-column is-vertically-aligned-top planif-radius is-layout-flow wp-block-column-is-layout-flow\" style=\"flex-basis:40%\">\n<figure class=\"wp-block-image size-large img-portrait\"><img decoding=\"async\" src=\"https:\/\/photos.smugmug.com\/Iceland\/Winter\/Snaefellsnes\/Arnarstapi\/i-NFX9vCN\/1\/FdwFVJfh4wdx6pTCBdg5vVLNBJf4xph6CrQjkvWvp\/S\/Arnarstapi_Iceland-5203-S.jpg\" alt=\"Island im Winter\" title=\"\"\/><\/figure>\n<\/div>\n<\/div>\n\n\n\n<hr class=\"wp-block-separator has-text-color has-alpha-channel-opacity has-background is-style-wide hr-box-planif\" style=\"background-color:#ccd3dd;color:#ccd3dd\"\/>\n\n\n\n<div class=\"wp-block-columns box_sans_border is-layout-flex wp-container-core-columns-is-layout-9d6595d7 wp-block-columns-is-layout-flex\">\n<div class=\"wp-block-column texte_planif is-layout-flow wp-block-column-is-layout-flow\" style=\"flex-basis:60%\">\n<ul class=\"wp-block-list\">\n<li><strong>Praktische Ratschl\u00e4ge<\/strong><\/li>\n<\/ul>\n\n\n\n<p style=\"font-size:14px\"><br\/>Wie man sich fortbewegt (in K\u00fcrze)<br\/><a href=\"https:\/\/iceland-lovers.com\/de\/autovermietung-island-tipps-erfahrungen\/\" target=\"_blank\" rel=\"noreferrer noopener\">Wie man ein Auto in Island mietet<\/a><br\/><a href=\"https:\/\/iceland-lovers.com\/de\/fahren-island-winter-tipps\/\" target=\"_blank\" rel=\"noreferrer noopener\">Tipps zum Fahren im Winter<\/a><br\/><a href=\"https:\/\/iceland-lovers.com\/de\/wo-ubernachten-island-winter-beste-hotels\/\" target=\"_blank\" rel=\"noreferrer noopener\">Wo kann man in Island im Winter \u00fcbernachten?<\/a><br\/>Reiseverlauf: 3 Tage &#8211; 4 Tage &#8211; 5 Tage &#8211; <a href=\"https:\/\/iceland-lovers.com\/de\/island-winter-eine-woche-reiseroute-roadtrip\/\" target=\"_blank\" rel=\"noreferrer noopener\">1 Woche<\/a> &#8211; 10 Tage (in K\u00fcrze)<br\/><\/p>\n<\/div>\n\n\n\n<div class=\"wp-block-column is-vertically-aligned-top planif-radius is-layout-flow wp-block-column-is-layout-flow\" style=\"flex-basis:40%\">\n<figure class=\"wp-block-image size-large img-portrait\"><img decoding=\"async\" src=\"https:\/\/photos.smugmug.com\/Iceland\/Winter\/Driving\/i-gNPz6JD\/1\/CGfmHQKPwKJcrdGBLqMjkqvmgRwW8fC8FGFKRWX3n\/S\/South_Coast_ring_road_Iceland-2099-S.jpg\" alt=\"Route durch Island im Winter\" title=\"\"\/><\/figure>\n<\/div>\n<\/div>\n\n\n\n<hr class=\"wp-block-separator has-text-color has-alpha-channel-opacity has-background is-style-wide hr-box-planif\" style=\"background-color:#ccd3dd;color:#ccd3dd\"\/>\n\n\n\n<div class=\"wp-block-columns box_sans_border is-layout-flex wp-container-core-columns-is-layout-9d6595d7 wp-block-columns-is-layout-flex\">\n<div class=\"wp-block-column texte_planif is-layout-flow wp-block-column-is-layout-flow\" style=\"flex-basis:60%\">\n<ul class=\"wp-block-list\">\n<li><strong>Die unumg\u00e4nglichen<\/strong><\/li>\n<\/ul>\n\n\n\n<p style=\"font-size:14px\"><a href=\"https:\/\/iceland-lovers.com\/de\/besuchen-reykjavik-winter-sehenswurdigkeiten\/\" target=\"_blank\" rel=\"noreferrer noopener\">Reykjavik im Winter<\/a><br\/><a href=\"https:\/\/iceland-lovers.com\/de\/sehenswurdigkeiten-golden-circle-winter-besuchen\/\" target=\"_blank\" rel=\"noreferrer noopener\">Goldener Kreis im Winter<\/a><br\/><a href=\"https:\/\/iceland-lovers.com\/de\/sehenswurdigkeiten-sud-island-winter-attraktionen\/\" target=\"_blank\" rel=\"noreferrer noopener\">S\u00fcdk\u00fcste im Winter<\/a><a href=\"https:\/\/iceland-lovers.com\/de\/island-ostfjorde-winter-sehenswurdigkeiten\/\"><br\/><\/a><a href=\"https:\/\/iceland-lovers.com\/de\/sehenswurdigkeiten-snaefellsnes-winter\/\" target=\"_blank\" rel=\"noreferrer noopener\">Snaefellsnes im Winter<\/a><br\/>Silver Circle im Winter (in K\u00fcrze)<br\/><a href=\"https:\/\/iceland-lovers.com\/de\/see-myvatn-winter-sehenswurdigkeiten\/\" target=\"_blank\" rel=\"noreferrer noopener\">Myvatn-See im Winter<\/a><br\/><a href=\"https:\/\/iceland-lovers.com\/de\/island-ostfjorde-winter-sehenswurdigkeiten\/\">Ostfjorde im Winter<\/a><br\/><a href=\"https:\/\/iceland-lovers.com\/de\/wasserfall-seljalandsfoss-winter\/\" target=\"_blank\" rel=\"noreferrer noopener\">Seljalandsfoss im Winter<\/a><br\/><a href=\"https:\/\/iceland-lovers.com\/de\/jokulsarlon-winter\/\" target=\"_blank\" rel=\"noreferrer noopener\">Jokulsarlon im Winter<\/a><br\/><br\/><\/p>\n<\/div>\n\n\n\n<div class=\"wp-block-column is-vertically-aligned-top planif-radius is-layout-flow wp-block-column-is-layout-flow\" style=\"flex-basis:40%\">\n<figure class=\"wp-block-image size-large img-portrait\"><img decoding=\"async\" src=\"https:\/\/photos.smugmug.com\/Iceland\/Winter\/South-Coast-in-Winter\/Skogafoss-Winter\/i-DnzSqr9\/1\/CCWLWFQzNvbCRFMCHkPxzrqHGtsv2GGdfgBrm6thq\/S\/Waterfall_Skogafoss_Iceland-3620-S.jpg\" alt=\"Skogafoss im Winter\" title=\"\"\/><\/figure>\n<\/div>\n<\/div>\n\n\n\n<div style=\"height:30px\" aria-hidden=\"true\" class=\"wp-block-spacer\"><\/div>\n<\/div><\/div><\/div>\n\n<div class=\"wp-block-genesis-blocks-gb-container box_auteur_voyage gb-block-container\"><div class=\"gb-container-inside\"><div class=\"gb-container-content\">\n<figure class=\"wp-block-image size-large img_auteur_voyage img_provisoire\"><img decoding=\"async\" src=\"https:\/\/photos.smugmug.com\/Region-Lovers\/Equipe\/i-nsNF6C6\/0\/Cs2F5n96pkt9xFD9D3SVqmQspMhrKgN75nHgBqmjG\/L\/Claire-L.png\" alt=\"\"\/><\/figure>\n\n\n\n<h5 class=\"titre_auteur_voyage\"><span>SIE REISTE UND SCHRIEB DEN ARTIKEL \n<\/span><span class=\"titre_box_manuscrit\">Claire<\/span><\/h5>\n<\/div><\/div><\/div>\n","protected":false},"excerpt":{"rendered":"<p>Auf Ihrer Rundfahrt \u00fcber die Halbinsel Snafellsnes sollten Sie einen Abstecher zum Leuchtturm Malarrif machen, der im Winter von Schnee umgeben ist, und das kleine Museum besuchen, um mehr \u00fcber die Region zu erfahren. Hier finden Sie alle unsere Tipps f\u00fcr Ihre Passage. Ist der Leuchtturm von Malarrif auch im Winter einen Besuch wert? Unsere [&hellip;]<\/p>\n","protected":false},"author":1,"featured_media":958,"comment_status":"closed","ping_status":"closed","sticky":false,"template":"","format":"standard","meta":{"_genesis_hide_title":false,"_genesis_hide_breadcrumbs":false,"_genesis_hide_singular_image":false,"_genesis_hide_footer_widgets":false,"_genesis_custom_body_class":"","_genesis_custom_post_class":"","_genesis_layout":"","footnotes":""},"categories":[40],"tags":[],"class_list":{"0":"post-1165","1":"post","2":"type-post","3":"status-publish","4":"format-standard","5":"has-post-thumbnail","7":"category-winter-de","8":"entry"},"yoast_head":"<!-- This site is optimized with the Yoast SEO plugin v27.2 - https:\/\/yoast.com\/product\/yoast-seo-wordpress\/ -->\n<title>Leuchtturm von Malarrif im Winter (Snaefellsnes): Tipps + Fotos<\/title>\n<meta name=\"robots\" content=\"index, follow, max-snippet:-1, max-image-preview:large, max-video-preview:-1\" \/>\n<link rel=\"canonical\" href=\"https:\/\/iceland-lovers.com\/de\/leuchtturm-malarrif-winter\/\" \/>\n<meta property=\"og:locale\" content=\"de_DE\" \/>\n<meta property=\"og:type\" content=\"article\" \/>\n<meta property=\"og:title\" content=\"Leuchtturm von Malarrif im Winter (Snaefellsnes): Tipps + Fotos\" \/>\n<meta property=\"og:description\" content=\"Auf Ihrer Rundfahrt \u00fcber die Halbinsel Snafellsnes sollten Sie einen Abstecher zum Leuchtturm Malarrif machen, der im Winter von Schnee umgeben ist, und das kleine Museum besuchen, um mehr \u00fcber die Region zu erfahren. Hier finden Sie alle unsere Tipps f\u00fcr Ihre Passage. Ist der Leuchtturm von Malarrif auch im Winter einen Besuch wert? Unsere [&hellip;]\" \/>\n<meta property=\"og:url\" content=\"https:\/\/iceland-lovers.com\/de\/leuchtturm-malarrif-winter\/\" \/>\n<meta property=\"og:site_name\" content=\"Iceland Lovers\" \/>\n<meta property=\"article:published_time\" content=\"2024-06-18T12:27:31+00:00\" \/>\n<meta property=\"article:modified_time\" content=\"2024-06-18T13:53:13+00:00\" \/>\n<meta property=\"og:image\" content=\"https:\/\/iceland-lovers.com\/wp-content\/uploads\/2024\/06\/Malarrif-im-Winter-Snaefellsnes.jpeg\" \/>\n\t<meta property=\"og:image:width\" content=\"800\" \/>\n\t<meta property=\"og:image:height\" content=\"533\" \/>\n\t<meta property=\"og:image:type\" content=\"image\/jpeg\" \/>\n<meta name=\"author\" content=\"Claire\" \/>\n<meta name=\"twitter:card\" content=\"summary_large_image\" \/>\n<meta name=\"twitter:label1\" content=\"Verfasst von\" \/>\n\t<meta name=\"twitter:data1\" content=\"Claire\" \/>\n\t<meta name=\"twitter:label2\" content=\"Gesch\u00e4tzte Lesezeit\" \/>\n\t<meta name=\"twitter:data2\" content=\"3 Minuten\" \/>\n<script type=\"application\/ld+json\" class=\"yoast-schema-graph\">{\"@context\":\"https:\/\/schema.org\",\"@graph\":[{\"@type\":\"Article\",\"@id\":\"https:\/\/iceland-lovers.com\/de\/leuchtturm-malarrif-winter\/#article\",\"isPartOf\":{\"@id\":\"https:\/\/iceland-lovers.com\/de\/leuchtturm-malarrif-winter\/\"},\"author\":{\"name\":\"Claire\",\"@id\":\"https:\/\/iceland-lovers.com\/de\/#\/schema\/person\/99f50c0c6981832bc8c168071e92df44\"},\"headline\":\"Leuchtturm von Malarrif im Winter (Snaefellsnes): Tipps + Fotos\",\"datePublished\":\"2024-06-18T12:27:31+00:00\",\"dateModified\":\"2024-06-18T13:53:13+00:00\",\"mainEntityOfPage\":{\"@id\":\"https:\/\/iceland-lovers.com\/de\/leuchtturm-malarrif-winter\/\"},\"wordCount\":701,\"publisher\":{\"@id\":\"https:\/\/iceland-lovers.com\/de\/#organization\"},\"image\":{\"@id\":\"https:\/\/iceland-lovers.com\/de\/leuchtturm-malarrif-winter\/#primaryimage\"},\"thumbnailUrl\":\"https:\/\/iceland-lovers.com\/wp-content\/uploads\/2024\/06\/Malarrif-im-Winter-Snaefellsnes.jpeg\",\"articleSection\":[\"Island im Winter\"],\"inLanguage\":\"de-DE\"},{\"@type\":\"WebPage\",\"@id\":\"https:\/\/iceland-lovers.com\/de\/leuchtturm-malarrif-winter\/\",\"url\":\"https:\/\/iceland-lovers.com\/de\/leuchtturm-malarrif-winter\/\",\"name\":\"Leuchtturm von Malarrif im Winter (Snaefellsnes): Tipps + Fotos\",\"isPartOf\":{\"@id\":\"https:\/\/iceland-lovers.com\/de\/#website\"},\"primaryImageOfPage\":{\"@id\":\"https:\/\/iceland-lovers.com\/de\/leuchtturm-malarrif-winter\/#primaryimage\"},\"image\":{\"@id\":\"https:\/\/iceland-lovers.com\/de\/leuchtturm-malarrif-winter\/#primaryimage\"},\"thumbnailUrl\":\"https:\/\/iceland-lovers.com\/wp-content\/uploads\/2024\/06\/Malarrif-im-Winter-Snaefellsnes.jpeg\",\"datePublished\":\"2024-06-18T12:27:31+00:00\",\"dateModified\":\"2024-06-18T13:53:13+00:00\",\"breadcrumb\":{\"@id\":\"https:\/\/iceland-lovers.com\/de\/leuchtturm-malarrif-winter\/#breadcrumb\"},\"inLanguage\":\"de-DE\",\"potentialAction\":[{\"@type\":\"ReadAction\",\"target\":[\"https:\/\/iceland-lovers.com\/de\/leuchtturm-malarrif-winter\/\"]}]},{\"@type\":\"ImageObject\",\"inLanguage\":\"de-DE\",\"@id\":\"https:\/\/iceland-lovers.com\/de\/leuchtturm-malarrif-winter\/#primaryimage\",\"url\":\"https:\/\/iceland-lovers.com\/wp-content\/uploads\/2024\/06\/Malarrif-im-Winter-Snaefellsnes.jpeg\",\"contentUrl\":\"https:\/\/iceland-lovers.com\/wp-content\/uploads\/2024\/06\/Malarrif-im-Winter-Snaefellsnes.jpeg\",\"width\":800,\"height\":533,\"caption\":\"Malarrif im Winter Snaefellsnes\"},{\"@type\":\"BreadcrumbList\",\"@id\":\"https:\/\/iceland-lovers.com\/de\/leuchtturm-malarrif-winter\/#breadcrumb\",\"itemListElement\":[{\"@type\":\"ListItem\",\"position\":1,\"name\":\"Accueil\",\"item\":\"https:\/\/iceland-lovers.com\/de\/\"},{\"@type\":\"ListItem\",\"position\":2,\"name\":\"Island im Winter\",\"item\":\"https:\/\/iceland-lovers.com\/de\/winter-de\/\"},{\"@type\":\"ListItem\",\"position\":3,\"name\":\"Leuchtturm von Malarrif im Winter (Snaefellsnes): Tipps + Fotos\"}]},{\"@type\":\"WebSite\",\"@id\":\"https:\/\/iceland-lovers.com\/de\/#website\",\"url\":\"https:\/\/iceland-lovers.com\/de\/\",\"name\":\"Iceland Lovers\",\"description\":\"Le Blog de Claire et Manu\",\"publisher\":{\"@id\":\"https:\/\/iceland-lovers.com\/de\/#organization\"},\"potentialAction\":[{\"@type\":\"SearchAction\",\"target\":{\"@type\":\"EntryPoint\",\"urlTemplate\":\"https:\/\/iceland-lovers.com\/de\/?s={search_term_string}\"},\"query-input\":{\"@type\":\"PropertyValueSpecification\",\"valueRequired\":true,\"valueName\":\"search_term_string\"}}],\"inLanguage\":\"de-DE\"},{\"@type\":\"Organization\",\"@id\":\"https:\/\/iceland-lovers.com\/de\/#organization\",\"name\":\"Iceland Lovers\",\"url\":\"https:\/\/iceland-lovers.com\/de\/\",\"logo\":{\"@type\":\"ImageObject\",\"inLanguage\":\"de-DE\",\"@id\":\"https:\/\/iceland-lovers.com\/de\/#\/schema\/logo\/image\/\",\"url\":\"https:\/\/iceland-lovers.com\/wp-content\/uploads\/2024\/05\/cropped-Iceland-Lovers-Logos-RVB_Principal-bicolore.png\",\"contentUrl\":\"https:\/\/iceland-lovers.com\/wp-content\/uploads\/2024\/05\/cropped-Iceland-Lovers-Logos-RVB_Principal-bicolore.png\",\"width\":2326,\"height\":501,\"caption\":\"Iceland Lovers\"},\"image\":{\"@id\":\"https:\/\/iceland-lovers.com\/de\/#\/schema\/logo\/image\/\"}},{\"@type\":\"Person\",\"@id\":\"https:\/\/iceland-lovers.com\/de\/#\/schema\/person\/99f50c0c6981832bc8c168071e92df44\",\"name\":\"Claire\",\"image\":{\"@type\":\"ImageObject\",\"inLanguage\":\"de-DE\",\"@id\":\"https:\/\/secure.gravatar.com\/avatar\/e3566233826c32de8d7c9ef726a1087654b12cadb092acc17ee1d357687192ff?s=96&d=mm&r=g\",\"url\":\"https:\/\/secure.gravatar.com\/avatar\/e3566233826c32de8d7c9ef726a1087654b12cadb092acc17ee1d357687192ff?s=96&d=mm&r=g\",\"contentUrl\":\"https:\/\/secure.gravatar.com\/avatar\/e3566233826c32de8d7c9ef726a1087654b12cadb092acc17ee1d357687192ff?s=96&d=mm&r=g\",\"caption\":\"Claire\"},\"sameAs\":[\"https:\/\/iceland-lovers.com\/claire-robinson\/\"],\"url\":\"https:\/\/iceland-lovers.com\/de\/author\/icelandlovers\/\"}]}<\/script>\n<!-- \/ Yoast SEO plugin. -->","yoast_head_json":{"title":"Leuchtturm von Malarrif im Winter (Snaefellsnes): Tipps + Fotos","robots":{"index":"index","follow":"follow","max-snippet":"max-snippet:-1","max-image-preview":"max-image-preview:large","max-video-preview":"max-video-preview:-1"},"canonical":"https:\/\/iceland-lovers.com\/de\/leuchtturm-malarrif-winter\/","og_locale":"de_DE","og_type":"article","og_title":"Leuchtturm von Malarrif im Winter (Snaefellsnes): Tipps + Fotos","og_description":"Auf Ihrer Rundfahrt \u00fcber die Halbinsel Snafellsnes sollten Sie einen Abstecher zum Leuchtturm Malarrif machen, der im Winter von Schnee umgeben ist, und das kleine Museum besuchen, um mehr \u00fcber die Region zu erfahren. Hier finden Sie alle unsere Tipps f\u00fcr Ihre Passage. Ist der Leuchtturm von Malarrif auch im Winter einen Besuch wert? Unsere [&hellip;]","og_url":"https:\/\/iceland-lovers.com\/de\/leuchtturm-malarrif-winter\/","og_site_name":"Iceland Lovers","article_published_time":"2024-06-18T12:27:31+00:00","article_modified_time":"2024-06-18T13:53:13+00:00","og_image":[{"width":800,"height":533,"url":"https:\/\/iceland-lovers.com\/wp-content\/uploads\/2024\/06\/Malarrif-im-Winter-Snaefellsnes.jpeg","type":"image\/jpeg"}],"author":"Claire","twitter_card":"summary_large_image","twitter_misc":{"Verfasst von":"Claire","Gesch\u00e4tzte Lesezeit":"3 Minuten"},"schema":{"@context":"https:\/\/schema.org","@graph":[{"@type":"Article","@id":"https:\/\/iceland-lovers.com\/de\/leuchtturm-malarrif-winter\/#article","isPartOf":{"@id":"https:\/\/iceland-lovers.com\/de\/leuchtturm-malarrif-winter\/"},"author":{"name":"Claire","@id":"https:\/\/iceland-lovers.com\/de\/#\/schema\/person\/99f50c0c6981832bc8c168071e92df44"},"headline":"Leuchtturm von Malarrif im Winter (Snaefellsnes): Tipps + Fotos","datePublished":"2024-06-18T12:27:31+00:00","dateModified":"2024-06-18T13:53:13+00:00","mainEntityOfPage":{"@id":"https:\/\/iceland-lovers.com\/de\/leuchtturm-malarrif-winter\/"},"wordCount":701,"publisher":{"@id":"https:\/\/iceland-lovers.com\/de\/#organization"},"image":{"@id":"https:\/\/iceland-lovers.com\/de\/leuchtturm-malarrif-winter\/#primaryimage"},"thumbnailUrl":"https:\/\/iceland-lovers.com\/wp-content\/uploads\/2024\/06\/Malarrif-im-Winter-Snaefellsnes.jpeg","articleSection":["Island im Winter"],"inLanguage":"de-DE"},{"@type":"WebPage","@id":"https:\/\/iceland-lovers.com\/de\/leuchtturm-malarrif-winter\/","url":"https:\/\/iceland-lovers.com\/de\/leuchtturm-malarrif-winter\/","name":"Leuchtturm von Malarrif im Winter (Snaefellsnes): Tipps + Fotos","isPartOf":{"@id":"https:\/\/iceland-lovers.com\/de\/#website"},"primaryImageOfPage":{"@id":"https:\/\/iceland-lovers.com\/de\/leuchtturm-malarrif-winter\/#primaryimage"},"image":{"@id":"https:\/\/iceland-lovers.com\/de\/leuchtturm-malarrif-winter\/#primaryimage"},"thumbnailUrl":"https:\/\/iceland-lovers.com\/wp-content\/uploads\/2024\/06\/Malarrif-im-Winter-Snaefellsnes.jpeg","datePublished":"2024-06-18T12:27:31+00:00","dateModified":"2024-06-18T13:53:13+00:00","breadcrumb":{"@id":"https:\/\/iceland-lovers.com\/de\/leuchtturm-malarrif-winter\/#breadcrumb"},"inLanguage":"de-DE","potentialAction":[{"@type":"ReadAction","target":["https:\/\/iceland-lovers.com\/de\/leuchtturm-malarrif-winter\/"]}]},{"@type":"ImageObject","inLanguage":"de-DE","@id":"https:\/\/iceland-lovers.com\/de\/leuchtturm-malarrif-winter\/#primaryimage","url":"https:\/\/iceland-lovers.com\/wp-content\/uploads\/2024\/06\/Malarrif-im-Winter-Snaefellsnes.jpeg","contentUrl":"https:\/\/iceland-lovers.com\/wp-content\/uploads\/2024\/06\/Malarrif-im-Winter-Snaefellsnes.jpeg","width":800,"height":533,"caption":"Malarrif im Winter Snaefellsnes"},{"@type":"BreadcrumbList","@id":"https:\/\/iceland-lovers.com\/de\/leuchtturm-malarrif-winter\/#breadcrumb","itemListElement":[{"@type":"ListItem","position":1,"name":"Accueil","item":"https:\/\/iceland-lovers.com\/de\/"},{"@type":"ListItem","position":2,"name":"Island im Winter","item":"https:\/\/iceland-lovers.com\/de\/winter-de\/"},{"@type":"ListItem","position":3,"name":"Leuchtturm von Malarrif im Winter (Snaefellsnes): Tipps + Fotos"}]},{"@type":"WebSite","@id":"https:\/\/iceland-lovers.com\/de\/#website","url":"https:\/\/iceland-lovers.com\/de\/","name":"Iceland Lovers","description":"Le Blog de Claire et Manu","publisher":{"@id":"https:\/\/iceland-lovers.com\/de\/#organization"},"potentialAction":[{"@type":"SearchAction","target":{"@type":"EntryPoint","urlTemplate":"https:\/\/iceland-lovers.com\/de\/?s={search_term_string}"},"query-input":{"@type":"PropertyValueSpecification","valueRequired":true,"valueName":"search_term_string"}}],"inLanguage":"de-DE"},{"@type":"Organization","@id":"https:\/\/iceland-lovers.com\/de\/#organization","name":"Iceland Lovers","url":"https:\/\/iceland-lovers.com\/de\/","logo":{"@type":"ImageObject","inLanguage":"de-DE","@id":"https:\/\/iceland-lovers.com\/de\/#\/schema\/logo\/image\/","url":"https:\/\/iceland-lovers.com\/wp-content\/uploads\/2024\/05\/cropped-Iceland-Lovers-Logos-RVB_Principal-bicolore.png","contentUrl":"https:\/\/iceland-lovers.com\/wp-content\/uploads\/2024\/05\/cropped-Iceland-Lovers-Logos-RVB_Principal-bicolore.png","width":2326,"height":501,"caption":"Iceland Lovers"},"image":{"@id":"https:\/\/iceland-lovers.com\/de\/#\/schema\/logo\/image\/"}},{"@type":"Person","@id":"https:\/\/iceland-lovers.com\/de\/#\/schema\/person\/99f50c0c6981832bc8c168071e92df44","name":"Claire","image":{"@type":"ImageObject","inLanguage":"de-DE","@id":"https:\/\/secure.gravatar.com\/avatar\/e3566233826c32de8d7c9ef726a1087654b12cadb092acc17ee1d357687192ff?s=96&d=mm&r=g","url":"https:\/\/secure.gravatar.com\/avatar\/e3566233826c32de8d7c9ef726a1087654b12cadb092acc17ee1d357687192ff?s=96&d=mm&r=g","contentUrl":"https:\/\/secure.gravatar.com\/avatar\/e3566233826c32de8d7c9ef726a1087654b12cadb092acc17ee1d357687192ff?s=96&d=mm&r=g","caption":"Claire"},"sameAs":["https:\/\/iceland-lovers.com\/claire-robinson\/"],"url":"https:\/\/iceland-lovers.com\/de\/author\/icelandlovers\/"}]}},"featured_image_src":"https:\/\/iceland-lovers.com\/wp-content\/uploads\/2024\/06\/Malarrif-im-Winter-Snaefellsnes-600x400.jpeg","featured_image_src_square":"https:\/\/iceland-lovers.com\/wp-content\/uploads\/2024\/06\/Malarrif-im-Winter-Snaefellsnes-600x533.jpeg","author_info":{"display_name":"Claire","author_link":"https:\/\/iceland-lovers.com\/de\/author\/icelandlovers\/"},"_links":{"self":[{"href":"https:\/\/iceland-lovers.com\/de\/wp-json\/wp\/v2\/posts\/1165","targetHints":{"allow":["GET"]}}],"collection":[{"href":"https:\/\/iceland-lovers.com\/de\/wp-json\/wp\/v2\/posts"}],"about":[{"href":"https:\/\/iceland-lovers.com\/de\/wp-json\/wp\/v2\/types\/post"}],"author":[{"embeddable":true,"href":"https:\/\/iceland-lovers.com\/de\/wp-json\/wp\/v2\/users\/1"}],"replies":[{"embeddable":true,"href":"https:\/\/iceland-lovers.com\/de\/wp-json\/wp\/v2\/comments?post=1165"}],"version-history":[{"count":0,"href":"https:\/\/iceland-lovers.com\/de\/wp-json\/wp\/v2\/posts\/1165\/revisions"}],"wp:featuredmedia":[{"embeddable":true,"href":"https:\/\/iceland-lovers.com\/de\/wp-json\/wp\/v2\/media\/958"}],"wp:attachment":[{"href":"https:\/\/iceland-lovers.com\/de\/wp-json\/wp\/v2\/media?parent=1165"}],"wp:term":[{"taxonomy":"category","embeddable":true,"href":"https:\/\/iceland-lovers.com\/de\/wp-json\/wp\/v2\/categories?post=1165"},{"taxonomy":"post_tag","embeddable":true,"href":"https:\/\/iceland-lovers.com\/de\/wp-json\/wp\/v2\/tags?post=1165"}],"curies":[{"name":"wp","href":"https:\/\/api.w.org\/{rel}","templated":true}]}}