{"id":4302,"date":"2026-04-30T12:08:55","date_gmt":"2026-04-30T10:08:55","guid":{"rendered":"https:\/\/iceland-lovers.com\/partir-islande-juillet-meteo-temperatures\/"},"modified":"2026-04-30T13:45:29","modified_gmt":"2026-04-30T11:45:29","slug":"rejse-island-juli-vejret-temperatur","status":"publish","type":"post","link":"https:\/\/iceland-lovers.com\/da\/rejse-island-juli-vejret-temperatur\/","title":{"rendered":"Island i juli: vores komplette guide!"},"content":{"rendered":"\n<p>Vil du til <strong>Island i juli<\/strong>?<br\/>Find ud af, om regionen er den rigtige for dig p\u00e5 denne tid af \u00e5ret, med vores omfattende guide til klima, rejseforhold, menneskem\u00e6ngder, priser, attraktioner og begivenheder.<\/p>\n\n<figure class=\"wp-block-image size-full\"><img loading=\"lazy\" decoding=\"async\" width=\"800\" height=\"600\" src=\"https:\/\/iceland-lovers.com\/wp-content\/uploads\/2026\/04\/Partir-Islande-en-juillet-meteo-temperature.jpg\" alt=\"Tag til Island i juli meteotemperatur\" class=\"wp-image-4119\" srcset=\"https:\/\/iceland-lovers.com\/wp-content\/uploads\/2026\/04\/Partir-Islande-en-juillet-meteo-temperature.jpg 800w, https:\/\/iceland-lovers.com\/wp-content\/uploads\/2026\/04\/Partir-Islande-en-juillet-meteo-temperature-300x225.jpg 300w, https:\/\/iceland-lovers.com\/wp-content\/uploads\/2026\/04\/Partir-Islande-en-juillet-meteo-temperature-768x576.jpg 768w, https:\/\/iceland-lovers.com\/wp-content\/uploads\/2026\/04\/Partir-Islande-en-juillet-meteo-temperature-702x526.jpg 702w\" sizes=\"auto, (max-width: 800px) 100vw, 800px\" \/><\/figure>\n\n<p>Dette er en helt <strong>uafh\u00e6ngig<\/strong> udtalelse, baseret p\u00e5 vores egen erfaring. Vi bes\u00f8gte regionen anonymt, traf vores egne valg og betalte vores regninger fuldt ud.<\/p>\n\n<div style=\"padding-left:5%\" class=\"wp-block-genesis-blocks-gb-container box gb-block-container\"><div class=\"gb-container-inside\"><div class=\"gb-container-content\">\n<p class=\"titre_box_manuscrit\">Indhold<\/p>\n\n\n\n<div class=\"wp-block-genesis-blocks-gb-container gb-block-container\"><div class=\"gb-container-inside\"><div class=\"gb-container-content\"><div id=\"ez-toc-container\" class=\"ez-toc-v2_0_82_2 counter-hierarchy ez-toc-counter ez-toc-custom ez-toc-container-direction\">\n<div class=\"ez-toc-title-container\">\n<span class=\"ez-toc-title-toggle\"><\/span><\/div>\n<nav><ul class='ez-toc-list ez-toc-list-level-1 ' ><li class='ez-toc-page-1 ez-toc-heading-level-2'><a class=\"ez-toc-link ez-toc-heading-1\" href=\"https:\/\/iceland-lovers.com\/da\/rejse-island-juli-vejret-temperatur\/#Rejser_til_Island_i_juli_hurtige_svar\" >Rejser til Island i juli: hurtige svar<\/a><\/li><li class='ez-toc-page-1 ez-toc-heading-level-2'><a class=\"ez-toc-link ez-toc-heading-2\" href=\"https:\/\/iceland-lovers.com\/da\/rejse-island-juli-vejret-temperatur\/#Topattraktioner_i_Island_i_juli\" >Topattraktioner i Island i juli<\/a><\/li><li class='ez-toc-page-1 ez-toc-heading-level-2'><a class=\"ez-toc-link ez-toc-heading-3\" href=\"https:\/\/iceland-lovers.com\/da\/rejse-island-juli-vejret-temperatur\/#Klimaet_i_Island_i_juli_%E2%80%93_vejrudsigt\" >Klimaet i Island i juli &#8211; vejrudsigt<\/a><\/li><li class='ez-toc-page-1 ez-toc-heading-level-2'><a class=\"ez-toc-link ez-toc-heading-4\" href=\"https:\/\/iceland-lovers.com\/da\/rejse-island-juli-vejret-temperatur\/#Regn_og_vind\" >Regn og vind<\/a><\/li><li class='ez-toc-page-1 ez-toc-heading-level-2'><a class=\"ez-toc-link ez-toc-heading-5\" href=\"https:\/\/iceland-lovers.com\/da\/rejse-island-juli-vejret-temperatur\/#Solskin_midnatssol_og_nordlys\" >Solskin, midnatssol og nordlys<\/a><\/li><li class='ez-toc-page-1 ez-toc-heading-level-2'><a class=\"ez-toc-link ez-toc-heading-6\" href=\"https:\/\/iceland-lovers.com\/da\/rejse-island-juli-vejret-temperatur\/#Folkemaengder_og_andre_forhold\" >Folkem\u00e6ngder og andre forhold<\/a><\/li><li class='ez-toc-page-1 ez-toc-heading-level-2'><a class=\"ez-toc-link ez-toc-heading-7\" href=\"https:\/\/iceland-lovers.com\/da\/rejse-island-juli-vejret-temperatur\/#Dyreliv_i_juli\" >Dyreliv i juli<\/a><\/li><li class='ez-toc-page-1 ez-toc-heading-level-2'><a class=\"ez-toc-link ez-toc-heading-8\" href=\"https:\/\/iceland-lovers.com\/da\/rejse-island-juli-vejret-temperatur\/#Begivenheder_i_juli_i_Island\" >Begivenheder i juli i Island<\/a><\/li><li class='ez-toc-page-1 ez-toc-heading-level-2'><a class=\"ez-toc-link ez-toc-heading-9\" href=\"https:\/\/iceland-lovers.com\/da\/rejse-island-juli-vejret-temperatur\/#Priser_i_juli\" >Priser i juli<\/a><\/li><li class='ez-toc-page-1 ez-toc-heading-level-2'><a class=\"ez-toc-link ez-toc-heading-10\" href=\"https:\/\/iceland-lovers.com\/da\/rejse-island-juli-vejret-temperatur\/#Andre_maaneder\" >Andre m\u00e5neder<\/a><\/li><\/ul><\/nav><\/div>\n\n<\/div><\/div><\/div>\n<\/div><\/div><\/div>\n\n<p><\/p>\n\n<h2 class=\"wp-block-heading\"><span class=\"ez-toc-section\" id=\"Rejser_til_Island_i_juli_hurtige_svar\"><\/span>Rejser til Island i juli: hurtige svar<span class=\"ez-toc-section-end\"><\/span><\/h2>\n\n<h3 class=\"wp-block-heading\">Er vejret godt i Island i juli? Er det et godt tidspunkt at bes\u00f8ge os p\u00e5?<\/h3>\n\n<p>Juli er \u00e5rets varmeste m\u00e5ned i Island og en af de mest gunstige for rejser. Temperaturerne er p\u00e5 deres h\u00f8jeste, dagene er meget lange takket v\u00e6re de sidste par uger med midnatssol, og alle veje er \u00e5bne, ogs\u00e5 sporene i h\u00f8jlandet.<\/p>\n\n<p>Vi elsker denne periode p\u00e5 grund af de mange forskellige aktiviteter, der tilbydes. Det er ogs\u00e5 h\u00f8js\u00e6son: Der er mange bes\u00f8gende, overnatningsstederne bliver hurtigt fyldt op, og priserne er p\u00e5 deres h\u00f8jeste.<\/p>\n\n<figure class=\"wp-block-image size-large\"><img decoding=\"async\" src=\"https:\/\/photos.smugmug.com\/Iceland\/Trollaskagi\/i-4ZHPcBZ\/0\/LTVdzJhFPBXDNPGmHWqf3WhKjJtNhxSD7KBCFvtKh\/L\/IMG_3640-L.jpg\" alt=\"Aldeyjarfoss\"\/><\/figure>\n\n<div style=\"background-color:#ffffff;margin-top:8%;margin-bottom:8%\" class=\"wp-block-genesis-blocks-gb-container box gb-block-container\"><div class=\"gb-container-inside\"><div class=\"gb-container-content\" style=\"max-width:700px\">\n<div class=\"wp-block-columns is-not-stacked-on-mobile texte_planif has-background is-layout-flex wp-container-core-columns-is-layout-9d6595d7 wp-block-columns-is-layout-flex\" style=\"background-color:#06aec417\">\n<div class=\"wp-block-column img_icone is-layout-flow wp-block-column-is-layout-flow\" style=\"flex-basis:25%\"><div class=\"wp-block-image image_icone\">\n<figure class=\"aligncenter size-full is-resized\"><img loading=\"lazy\" decoding=\"async\" width=\"400\" height=\"400\" src=\"https:\/\/iceland-lovers.com\/wp-content\/uploads\/2026\/01\/iceland-plane.png\" alt=\"islandske fly\" class=\"wp-image-3771\" style=\"object-fit:cover;width:100px;height:100px\" srcset=\"https:\/\/iceland-lovers.com\/wp-content\/uploads\/2026\/01\/iceland-plane.png 400w, https:\/\/iceland-lovers.com\/wp-content\/uploads\/2026\/01\/iceland-plane-300x300.png 300w, https:\/\/iceland-lovers.com\/wp-content\/uploads\/2026\/01\/iceland-plane-150x150.png 150w, https:\/\/iceland-lovers.com\/wp-content\/uploads\/2026\/01\/iceland-plane-75x75.png 75w\" sizes=\"auto, (max-width: 400px) 100vw, 400px\" \/><\/figure>\n<\/div><\/div>\n\n\n\n<div class=\"wp-block-column is-vertically-aligned-center paragraphe_une is-layout-flow wp-block-column-is-layout-flow\" style=\"flex-basis:90%\">\n<p style=\"font-size:16px\">Det er tid til at booke!<br\/><a href=\"https:\/\/skyscanner.pxf.io\/dONaXy\" target=\"_blank\" rel=\"noreferrer noopener sponsored nofollow\"><strong>Sammenlign alt:<\/strong> selskaber, priser, k\u00f8replaner og tilg\u00e6ngelighed.<\/a><\/p>\n<\/div>\n<\/div>\n<\/div><\/div><\/div>\n\n<h3 class=\"wp-block-heading\">Rejser til Island i juli: oversigt over forholdene<\/h3>\n\n<p><strong>Temperaturer<\/strong><\/p>\n\n<p>Juli byder p\u00e5 \u00e5rets h\u00f8jeste temperaturer i Island. I Reykjavik og p\u00e5 sydkysten svinger termometeret mellem 10\u00b0C og 15\u00b0C i l\u00f8bet af dagen. I nord, omkring Akureyri, er gennemsnittene sammenlignelige og endda lidt mildere i fjordbunden, hvor der er l\u00e6 for vinden. N\u00e6tterne falder sj\u00e6ldent til under 7\u00b0C ved kysten. I st\u00f8rre h\u00f8jder er temperaturerne meget lavere.<\/p>\n\n<p><strong>Publikum og pr\u00e6mier<\/strong><\/p>\n\n<p>Juli er \u00e5rets travleste m\u00e5ned. Ikoniske steder som Den Gyldne Cirkel, Reynisfjara-stranden og J\u00f6kuls\u00e1rl\u00f3n byder p\u00e5 en lind str\u00f8m af bes\u00f8gende hele dagen. Vi anbefaler p\u00e5 det kraftigste, at du booker indkvartering, udlejningsbiler og udflugter flere m\u00e5neder i forvejen. Priserne er de h\u00f8jeste i \u00e5r, alle kategorier tilsammen.<\/p>\n\n<figure class=\"wp-block-image size-large\"><img decoding=\"async\" src=\"https:\/\/photos.smugmug.com\/Iceland\/North-Iceland\/Grjotagja\/i-D73gZFh\/0\/NcsK55pxqCfhZQWn7tG4PzKw4MPMX55cD6JXtxV8Z\/L\/Grjotagja-11-L.jpg\" alt=\"Grjotagja\"\/><\/figure>\n\n<p><strong>\u00c5bningsbetingelser<\/strong><\/p>\n\n<p>Alt er \u00e5bent i juli. F-vejene i Hautes Terres er tilg\u00e6ngelige (men tjek forholdene p\u00e5 <a href=\"https:\/\/umferdin.is\/en\" target=\"_blank\" rel=\"noreferrer noopener nofollow\">road.is<\/a> f\u00f8r hver udflugt, da der kan v\u00e6re lejlighedsvise lukninger efter kraftig regn). Alle museer, restauranter, hoteller, campingpladser og aktivitetsudbydere k\u00f8rer p\u00e5 fuld kapacitet.  <\/p>\n\n<p><strong>Dagens l\u00e6ngde<\/strong><\/p>\n\n<p>I juli er dagene stadig meget lange. I begyndelsen af juli er midnatssolen stadig til stede, og derefter bliver n\u00e6tterne gradvist l\u00e6ngere. I slutningen af m\u00e5neden g\u00e5r solen ned omkring kl. 23 og st\u00e5r op omkring kl. 3.30, hvilket efterlader et lyst tusm\u00f8rke ind imellem. Du har omkring 19 til 22 timers brugbart lys, afh\u00e6ngigt af tidspunktet p\u00e5 m\u00e5neden.<\/p>\n\n<figure class=\"wp-block-image size-large\"><img decoding=\"async\" src=\"https:\/\/photos.smugmug.com\/Iceland\/Snaefellsnes\/Kirkjufellsfoss\/i-Md3d2cQ\/0\/NRS3nKfPNPDsSKw2xPhB42MSs3TnxpRGsHXh3RCcN\/M\/Kirkjufell-006-M.jpg\" alt=\"Kirkjufellsfoss\"\/><\/figure>\n\n<div style=\"background-color:#e4f8fb;margin-top:8%;margin-bottom:8%\" class=\"wp-block-genesis-blocks-gb-container box gb-block-container\"><div class=\"gb-container-inside\"><div class=\"gb-container-content\" style=\"max-width:700px\">\n<div style=\"background-color:#e4f8fb\" class=\"wp-block-genesis-blocks-gb-container box_titre gb-block-container\"><div class=\"gb-container-inside\"><div class=\"gb-container-content\">\n<h5 class=\"titre_box\" style=\"padding-top:10px;\">HVOR KAN MAN BO I <span class=\"titre_box_manuscrit\">Island<\/span>?<\/h5>\n<\/div><\/div><\/div>\n\n\n\n<div class=\"wp-block-columns box_sans_border is-layout-flex wp-container-core-columns-is-layout-9d6595d7 wp-block-columns-is-layout-flex\">\n<div class=\"wp-block-column texte_planif is-layout-flow wp-block-column-is-layout-flow\" style=\"font-size:14px;flex-basis:60%\">\n<p class=\"option_titre2\">Vores uafh\u00e6ngige udvalg hj\u00e6lper dig med at finde <strong>din dr\u00f8mmebolig<\/strong>:<\/p>\n\n\n\n<ul class=\"wp-block-list\">\n<li>Hvor skal man bo i Island (kommer snart)<\/li>\n\n\n\n<li>Hvor skal man bo i Reykjavik (kommer snart)<\/li>\n\n\n\n<li>Bedste 5-stjernede hoteller (kommer snart)<\/li>\n\n\n\n<li>Hvor kan man bo p\u00e5 sydkysten (kommer snart)<\/li>\n\n\n\n<li>Hvor kan man bo p\u00e5 Den Gyldne Cirkel (kommer snart)<\/li>\n\n\n\n<li><a href=\"https:\/\/iceland-lovers.com\/da\/hvor-skal-bo-snaefellsnes-halvoen-beste-hoteller\/\" target=\"_blank\" rel=\"noreferrer noopener\">Hvor skal man sove p\u00e5 Snaefellsnes-halv\u00f8en?<\/a><\/li>\n<\/ul>\n\n\n\n<ul class=\"wp-block-list\">\n<li><a href=\"https:\/\/iceland-lovers.com\/da\/hvor-skal-man-bo-island-vinter-bedste-hoteller\/\" data-type=\"post\" data-id=\"736\" target=\"_blank\" rel=\"noreferrer noopener\">Hvor kan man bo p\u00e5 \u00f8en om vinteren?<\/a><\/li>\n<\/ul>\n<\/div>\n\n\n\n<div class=\"wp-block-column is-vertically-aligned-top planif-radius is-layout-flow wp-block-column-is-layout-flow\" style=\"flex-basis:40%\">\n<figure class=\"wp-block-image size-large img-portrait\"><img decoding=\"async\" src=\"https:\/\/photos.smugmug.com\/Iceland\/South-Coast\/Hotel-Katla\/i-pJBMTRw\/0\/ZQQMRNz8xHstZq28JL5M6NFJtTCctQHbgMHVzVLz\/S\/Vik_Accommodation_Iceland-3648-S.jpg\" alt=\"Hotel Katla i n&#xE6;rheden af Vik\" title=\"\"\/><\/figure>\n<\/div>\n<\/div>\n<\/div><\/div><\/div>\n\n<h2 class=\"wp-block-heading\"><span class=\"ez-toc-section\" id=\"Topattraktioner_i_Island_i_juli\"><\/span>Topattraktioner i Island i juli<span class=\"ez-toc-section-end\"><\/span><\/h2>\n\n<p>Juli giver dig mulighed for at nyde alle Islands attraktioner uden begr\u00e6nsninger i forhold til veje eller vintervejr. Vi kunne godt lide det:<\/p>\n\n<ul class=\"wp-block-list\">\n<li>Vandring i de farverige bjerge i Landmannalaugar, tilg\u00e6ngelig med 4&#215;4<\/li>\n\n\n\n<li>Se s\u00f8papeg\u00f8jer p\u00e5 Vestmann-\u00f8erne eller ved L\u00e1trabjarg<\/li>\n\n\n\n<li>Tur til Den Gyldne Cirkel: Thingvellir, Geysir og Gullfoss<\/li>\n\n\n\n<li>Sejlads blandt isbjergene i J\u00f6kuls\u00e1rl\u00f3n-gletsjerlagunen<\/li>\n\n\n\n<li>Oplev vandfaldene i syd: Seljalandsfoss, Sk\u00f3gafoss og Svartifoss<\/li>\n\n\n\n<li>Beundr <a href=\"https:\/\/iceland-lovers.com\/da\/sevaerdigheder-snaefellsnes\/\" type=\"post\" id=\"3951\" target=\"_blank\" rel=\"noreferrer noopener\">Sn\u00e6fellsnes-halv\u00f8en<\/a>, Island i miniformat med sin gletsjer<\/li>\n\n\n\n<li>Badning i Reykjadalurs varme flod efter 45 minutters g\u00e5tur<\/li>\n\n\n\n<li>Tag p\u00e5 hvalobservationstur fra H\u00fasav\u00edk<\/li>\n\n\n\n<li>Bes\u00f8g Fja\u00f0r\u00e1rglj\u00fafur-kl\u00f8ften og dens geologiske formationer<\/li>\n\n\n\n<li>K\u00f8r rute 1 (cirkul\u00e6r rute) for en komplet rundtur p\u00e5 \u00f8en<\/li>\n\n\n\n<li>&#8230;<\/li>\n<\/ul>\n\n<figure class=\"wp-block-image size-large\"><img decoding=\"async\" src=\"https:\/\/photos.smugmug.com\/Iceland\/South-Coast\/Jokulsarlon\/i-Bqmc23g\/0\/NWmKDZfx3hVWzSQHXvNPn6BwG3Sht2MjDw6mM9wsB\/L\/Jokusarlon-171-L.jpg\" alt=\"Jokulsarlon\"\/><\/figure>\n\n<div style=\"background-color:#e4f3f6\" class=\"wp-block-genesis-blocks-gb-container box gb-block-container\"><div class=\"gb-container-inside\"><div class=\"gb-container-content\">\n<div class=\"wp-block-columns inverse is-layout-flex wp-container-core-columns-is-layout-9d6595d7 wp-block-columns-is-layout-flex\">\n<div class=\"wp-block-column texte_planif is-layout-flow wp-block-column-is-layout-flow\" style=\"flex-basis:58%\">\n<h5 class=\"titre_box\">VORES GUIDE TIL PLANL\u00c6GNING AF EN <span class=\"titre_box_manuscrit\">Dr\u00f8mmerejse<\/span><\/h5>\n\n\n\n<ul class=\"wp-block-list\">\n<li>8 kort, der g\u00f8r planl\u00e6gningen lettere<\/li>\n\n\n\n<li>+ 100 p\u00e5 forh\u00e5nd udvalgte steder  <\/li>\n\n\n\n<li>Praktiske r\u00e5d <\/li>\n\n\n\n<li>+ 130 fotos til at hj\u00e6lpe dig med at v\u00e6lge<\/li>\n<\/ul>\n\n\n\n<div class=\"wp-block-buttons is-layout-flex wp-block-buttons-is-layout-flex\">\n<div class=\"wp-block-button\"><a class=\"wp-block-button__link has-theme-primary-background-color has-background wp-element-button\" href=\"https:\/\/iceland-lovers.com\/ebook-guide-road-trip-islande-ete\/\" target=\"_blank\" rel=\"noreferrer noopener\">Find ud af mere &gt;&gt;<\/a><\/div>\n<\/div>\n<\/div>\n\n\n\n<div class=\"wp-block-column is-layout-flow wp-block-column-is-layout-flow\" style=\"flex-basis:42%\">\n<div class=\"wp-block-genesis-blocks-gb-container ebook-radius-waitlist gb-block-container\"><div class=\"gb-container-inside\"><div class=\"gb-container-content\"><div class=\"wp-block-image ebook-image\">\n<figure class=\"aligncenter size-large\"><img decoding=\"async\" src=\"https:\/\/iceland-lovers.com\/wp-content\/uploads\/2024\/07\/Guide-road-trip-Islande-cover-1.jpg\" alt=\"Road trip guide Island vinter eBook Cover\"\/><\/figure>\n<\/div><\/div><\/div><\/div>\n<\/div>\n<\/div>\n<\/div><\/div><\/div>\n\n<h2 class=\"wp-block-heading\"><span class=\"ez-toc-section\" id=\"Klimaet_i_Island_i_juli_%E2%80%93_vejrudsigt\"><\/span>Klimaet i Island i juli &#8211; vejrudsigt<span class=\"ez-toc-section-end\"><\/span><\/h2>\n\n<p>Juli er statistisk set den mildeste m\u00e5ned i Island. Men vejret er stadig uforudsigeligt: En dag kan veksle mellem solskin, skyer, let regn og solskin i l\u00f8bet af f\u00e5 timer. Vi har ofte oplevet disse hurtige forandringer p\u00e5 f\u00f8rste h\u00e5nd, nogle gange endda inden for f\u00e5 kilometer.<\/p>\n\n<h3 class=\"wp-block-heading\">Ved kysten og i syd<\/h3>\n\n<p>Sydkysten har nogle af de mildeste temperaturer i landet. Dagene er regelm\u00e6ssigt pr\u00e6get af solskinsperioder, afbrudt af korte byger. Vinden bl\u00e6ser konstant, is\u00e6r p\u00e5 de udsatte sorte sandstrande. Regionen mellem Vik og H\u00f6fn er den v\u00e5deste i Island, s\u00e5 husk at medbringe vandt\u00e6tte lag, selv i godt vejr. Vi anbefaler, at du altid har en vindt\u00e6t jakke lige ved h\u00e5nden.  <\/p>\n\n<figure class=\"wp-block-image size-large\"><img decoding=\"async\" src=\"https:\/\/photos.smugmug.com\/Iceland\/South-Coast\/Skogafoss\/i-nnNcGxv\/0\/KfJd7DsDg5bM6w7MKwfkNpnDrxH6zFt4TL2QSfhTL\/L\/Skogafoss-under-L.jpg\" alt=\"ved foden af Skogafoss\"\/><\/figure>\n\n<h3 class=\"wp-block-heading\">I den nordlige del<\/h3>\n\n<p>Den nordlige del af Island, som er beskyttet af bjergk\u00e6der, f\u00e5r mindre nedb\u00f8r end den sydlige del. Akureyri-regionen har nogle gange rolige, solrige dage med temperaturer p\u00e5 op til 18 \u00b0C ved Eyjafj\u00f6r\u00f0ur-fjordens udmunding. Omkring M\u00fdvatn-s\u00f8en er vejret mere t\u00f8rt end ved kysten, men <strong>myg<\/strong> er meget almindelige i juli: hovednet er nyttige. P\u00e5 den anden side forbliver den mere udsatte nord\u00f8stlige kyst k\u00f8lig og bl\u00e6sende.<\/p>\n\n<figure class=\"wp-block-image size-large\"><img decoding=\"async\" src=\"https:\/\/photos.smugmug.com\/Iceland\/North-Iceland\/Godafoss\/i-nJrHWNL\/0\/L2pF45CZCqhdMc22JvVGVkDxXBPWmbf94kZHsRRSZ\/L\/godafoss-L.jpg\" alt=\"Godafoss\"\/><\/figure>\n\n<h3 class=\"wp-block-heading\">I h\u00f8jlandet<\/h3>\n\n<p>I juli er der fuld adgang til Hautes Terres. Det er det bedste tidspunkt at udforske Landmannalaugar, Askja eller \u00de\u00f3rsm\u00f6rk-dalen. Temperaturerne svinger mellem 5\u00b0C og 12\u00b0C i l\u00f8bet af dagen, men kan falde kraftigt, hvis vinden tager til. Sandstorme forekommer nogle gange i \u00f8rkenomr\u00e5der inde i landet. Vi anbefaler et 4&#215;4-k\u00f8ret\u00f8j, der er egnet til at krydse vadestederne, da floderne f\u00f8des af smeltende gletsjere, og deres niveau kan stige i l\u00f8bet af dagen.<\/p>\n\n<figure class=\"wp-block-image size-large\"><img decoding=\"async\" src=\"https:\/\/photos.smugmug.com\/Iceland\/Central-Highlands\/Landmannalaugar\/i-M2kdkt6\/0\/LhT78Wk6DNNTkXqLZ6sP9q2VdzGknnG2Qdnw8rVcJ\/L\/landmannalaugar-L.jpg\" alt=\"Landmannalaugar\"\/><\/figure>\n\n<div style=\"margin-top:8%;margin-bottom:8%\" class=\"wp-block-genesis-blocks-gb-container box gb-block-container\"><div class=\"gb-container-inside\"><div class=\"gb-container-content\">\n<div class=\"wp-block-columns inverse is-layout-flex wp-container-core-columns-is-layout-9d6595d7 wp-block-columns-is-layout-flex\">\n<div class=\"wp-block-column texte_planif is-layout-flow wp-block-column-is-layout-flow\" style=\"flex-basis:58%\">\n<h5 class=\"titre_box\" style=\"padding-top:10px\">Uforudsigelige aktiviteter i <span class=\"titre_box_manuscrit\"> Island <\/span> <\/h5>\n\n\n\n<ul class=\"wp-block-list\">\n<li><a href=\"https:\/\/www.getyourguide.com\/s\/?q=silfra&amp;searchSource=3&amp;partner_id=R3GYW4V&amp;cmp=iceland\" target=\"_blank\" rel=\"noreferrer noopener nofollow\">Sv\u00f8mning i Silfra-spalten  <\/a><\/li>\n\n\n\n<li><a href=\"https:\/\/www.getyourguide.com\/s\/?q=randonn%C3%A9e+cheval+islande&amp;searchSource=3&amp;partner_id=R3GYW4V&amp;cmp=iceland\" target=\"_blank\" rel=\"noreferrer noopener nofollow\">Udflugter p\u00e5 hesteryg<\/a><\/li>\n\n\n\n<li><a href=\"https:\/\/www.getyourguide.com\/fr-fr\/s\/?q=randonnee+glacier+islande&amp;partner_id=R3GYW4V&amp;cmp=iceland\" target=\"_blank\" rel=\"noreferrer noopener nofollow\">Vandring p\u00e5 en gletsjer<\/a><\/li>\n\n\n\n<li><a href=\"https:\/\/www.getyourguide.dk\/s\/?q=iceland+whale+watching&amp;searchSource=3&amp;partner_id=R3GYW4V&amp;cmp=iceland\" target=\"_blank\" rel=\"noreferrer noopener sponsored nofollow\">Hvalsafari<\/a> (fra Reykjavik, Husavik eller Akureyri)<\/li>\n<\/ul>\n<\/div>\n\n\n\n<div class=\"wp-block-column ville-radius is-layout-flow wp-block-column-is-layout-flow\" style=\"flex-basis:42%\">\n<figure class=\"wp-block-image size-large img-portrait\"><img decoding=\"async\" src=\"https:\/\/photos.smugmug.com\/Iceland\/Horses\/i-2jPdK6K\/0\/MRZGKzDxw4p4QdSs46R2s3RWHMGgbmFkS7GNR3Nzx\/S\/horse-1-S.jpg\" alt=\"Ridning i Island\" title=\"\"\/><\/figure>\n<\/div>\n<\/div>\n<\/div><\/div><\/div>\n\n<h3 class=\"wp-block-heading\">Juli-temperaturer i Island<\/h3>\n\n<p>Juli har \u00e5rets h\u00f8jeste temperaturer, selv om de stadig er k\u00f8lige sammenlignet med andre sommerdestinationer. Her er gennemsnittene for tre repr\u00e6sentative byer.<\/p>\n\n<p><strong>Temperatur i Reykjavik<\/strong><\/p>\n\n<ul class=\"wp-block-list\">\n<li>Gennemsnitlig temperatur i dagtimerne: 13\u00b0C (55\u00b0F)<\/li>\n\n\n\n<li>Gennemsnitlig temperatur om natten: 8\u00b0C (46\u00b0F)<\/li>\n<\/ul>\n\n<p><strong>Temperatur i Akureyri<\/strong><\/p>\n\n<ul class=\"wp-block-list\">\n<li>Gennemsnitlig temperatur i dagtimerne: 14\u00b0C (57\u00b0F)<\/li>\n\n\n\n<li>Gennemsnitlig temperatur om natten: 8\u00b0C (46\u00b0F)<\/li>\n<\/ul>\n\n<p><strong>Temperatur i Vik<\/strong><\/p>\n\n<ul class=\"wp-block-list\">\n<li>Gennemsnitlig temperatur i dagtimerne: 12\u00b0C (54\u00b0F)<\/li>\n\n\n\n<li>Gennemsnitlig temperatur om natten: 7\u00b0C (45\u00b0F)<\/li>\n<\/ul>\n\n<p>Under alle omst\u00e6ndigheder skal du \u00e5ret rundt have varme, vind- og regnt\u00e6tte lag. G\u00e5 fra T-shirt til fuld d\u00e6kning p\u00e5 ingen tid.<\/p>\n\n<figure class=\"wp-block-image size-large\"><img decoding=\"async\" src=\"https:\/\/photos.smugmug.com\/Iceland\/Golden-Circle\/Gullfoss\/i-XxCVKKd\/0\/MDcXNFt3nDwG5rXBhQj86KmgL86NzJJPpX8vThJQg\/L\/Gullfoss-21-L.jpg\" alt=\"T&#xF8;jets tykkelse\"\/><\/figure>\n\n<div style=\"background-color:#e4f3f6;margin-top:8%;margin-bottom:8%\" class=\"wp-block-genesis-blocks-gb-container box gb-block-container\"><div class=\"gb-container-inside\"><div class=\"gb-container-content\">\n<div class=\"wp-block-columns inverse box_planif is-layout-flex wp-container-core-columns-is-layout-9d6595d7 wp-block-columns-is-layout-flex\">\n<div class=\"wp-block-column texte_planif is-layout-flow wp-block-column-is-layout-flow\" style=\"flex-basis:60%\">\n<h5 class=\"titre_box\" style=\"padding-top:10px;\">LEJ EN BIL Ii<span class=\"titre_box_manuscrit\">Island<\/span><\/h5>\n\n\n\n<p style=\"font-size:16px\">Oplev de bedste tilbud p\u00e5 <a href=\"https:\/\/www.discovercars.com\/dk\/iceland?a_aid=zigzag&amp;chan=iceland\" target=\"_blank\" rel=\"noreferrer noopener sponsored nofollow\">Discovercars<\/a>, vores foretrukne platform!<br\/>P\u00e5 Route 1 er der ikke brug for 4&#215;4, uden for Route 1 afh\u00e6nger det af dine planer.<\/p>\n<\/div>\n\n\n\n<div class=\"wp-block-column planif-radius-2 is-layout-flow wp-block-column-is-layout-flow\">\n<figure class=\"wp-block-image size-large voiture_image\"><img decoding=\"async\" src=\"https:\/\/photos.smugmug.com\/Iceland\/Winter\/Driving\/i-q2wFFnJ\/1\/Dn4qbSGkrKhZgHBNz2hWXrPc3VdddRQZ7cdj3FpVX\/S\/drive_South_coast_Iceland-2-21-S.jpg\" alt=\"K&#xF8;rsel i Island\"\/><\/figure>\n<\/div>\n<\/div>\n\n\n\n<div class=\"wp-block-columns planif_bouton is-layout-flex wp-container-core-columns-is-layout-9d6595d7 wp-block-columns-is-layout-flex\">\n<div class=\"wp-block-column is-vertically-aligned-top is-layout-flow wp-block-column-is-layout-flow\">\n<div class=\"wp-block-buttons is-content-justification-center is-layout-flex wp-container-core-buttons-is-layout-16018d1d wp-block-buttons-is-layout-flex\">\n<div class=\"wp-block-button\"><a class=\"wp-block-button__link has-white-color has-text-color wp-element-button\" href=\"https:\/\/www.discovercars.com\/dk\/iceland?a_aid=zigzag&amp;amp;chan=iceland\" target=\"_blank\" rel=\"noreferrer noopener nofollow\">Se ledige biler &gt;&gt;<\/a><\/div>\n<\/div>\n<\/div>\n\n\n\n<div class=\"wp-block-column is-vertically-aligned-center is-layout-flow wp-block-column-is-layout-flow\">\n<p class=\"has-text-align-center\" style=\"font-size:16px\"><a href=\"https:\/\/iceland-lovers.com\/da\/sadan-lejer-bil-island-tips-erfaring\/\" target=\"_blank\" rel=\"noreferrer noopener\">L\u00e6s alle vores r\u00e5d<\/a><\/p>\n<\/div>\n<\/div>\n<\/div><\/div><\/div>\n\n<h2 class=\"wp-block-heading\"><span class=\"ez-toc-section\" id=\"Regn_og_vind\"><\/span>Regn og vind<span class=\"ez-toc-section-end\"><\/span><\/h2>\n\n<p>Juli er en af de mindst regnfulde m\u00e5neder i Island, men nedb\u00f8ren varierer betydeligt fra region til region. Den sydlige del er fortsat det v\u00e5deste omr\u00e5de, mens den nordlige del har t\u00f8rrere forhold. Bygerne er ofte korte og lokale. Vi har ofte observeret, at det kan regne p\u00e5 den ene side af vejen og v\u00e6re solrigt p\u00e5 den anden.<\/p>\n\n<ul class=\"wp-block-list\">\n<li>Nedb\u00f8r i Reykjavik: 40 til 55 mm<br\/>  (over et gennemsnit p\u00e5 10 til 11 dage)<\/li>\n\n\n\n<li>M\u00e6ngden af regn i Akureyri: 25 til 35mm<br\/>  (over 7 til 9 dage i gennemsnit)<\/li>\n\n\n\n<li>Nedb\u00f8r i Vik: 70 til 100 mm<br\/>  (over 13 til 15 dage i gennemsnit)<\/li>\n<\/ul>\n\n<p>Der er ingen sne p\u00e5 sletterne i juli. Kun de h\u00f8jeste tinder og gletsjere beholder deres sned\u00e6kke. Gletschere som Vatnaj\u00f6kull, Europas st\u00f8rste iskappe, forbliver imponerende selv i h\u00f8jsommeren.<\/p>\n\n<figure class=\"wp-block-image size-large\"><img decoding=\"async\" src=\"https:\/\/photos.smugmug.com\/Iceland\/South-Coast\/Jokulsarlon\/i-S38Lnxn\/0\/M3ZXVMfwSG7fr36SF9qLkmPHL92FbN6wqhMqtzJxg\/L\/Jokusarlon-095-L.jpg\" alt=\"Skyer over Jokularlons\"\/><\/figure>\n\n<p>Vind er en konstant i Islands klima. I juli bl\u00e6ser det i gennemsnit mellem 15 og 25 km\/t med mulighed for vindst\u00f8d ved udsatte kyster og i st\u00f8rre h\u00f8jder. Storme er sj\u00e6ldne p\u00e5 denne tid af \u00e5ret, men ikke umulige. S\u00f8rg for, at dine bild\u00f8re er forsvarligt fastgjort: Vinden kan rive dem af i l\u00f8bet af f\u00e5 sekunder. Hjemmesiden vedur.is giver detaljerede prognoser, herunder vindstyrke og -retning efter zone.<\/p>\n\n<h2 class=\"wp-block-heading\"><span class=\"ez-toc-section\" id=\"Solskin_midnatssol_og_nordlys\"><\/span>Solskin, midnatssol og nordlys<span class=\"ez-toc-section-end\"><\/span><\/h2>\n\n<p>I juli faldt dagslysets l\u00e6ngde gradvist i forhold til juni, men forblev us\u00e6dvanlig. I begyndelsen af m\u00e5neden g\u00e5r solen ned omkring kl. 23.50 og st\u00e5r op omkring kl. 3.10. I slutningen af m\u00e5neden g\u00e5r den i seng omkring kl. 22.30 og st\u00e5r op omkring kl. 4.15. Skumringen mellem solnedgang og solopgang forbliver lys. Ikke helt midnatssolen i juni, men nogle meget korte n\u00e6tter!<\/p>\n\n<p>Det faktiske solskinsniveau afh\u00e6nger af skyd\u00e6kket. Tillad i gennemsnit 5 til 6 timers direkte solskin om dagen. Syd har en tendens til at v\u00e6re mere skyet end nord. Det langvarige lys er en stor fordel ved fotografering og aftenvandringer. Vi satte is\u00e6r pris p\u00e5 muligheden for at bes\u00f8ge stederne sent om aftenen, n\u00e5r folkem\u00e6ngderne har spredt sig.<\/p>\n\n<figure class=\"wp-block-image size-large\"><img decoding=\"async\" src=\"https:\/\/photos.smugmug.com\/Iceland\/South-Coast\/Jokulsarlon\/i-2LCScj9\/0\/Mx35TN5hpQVxcGbkjr4T4R3TBHnbnmDMx65hgkF45\/L\/Jokusarlon-178-L.jpg\" alt=\"\"\/><\/figure>\n\n<p>I slutningen af juli begynder n\u00e6tterne at blive lidt m\u00f8rkere, hvilket skaber foruds\u00e6tningerne for smukke solnedgange. En natmaske anbefales dog stadig til at sove med, da lysstyrken om natten kan forstyrre s\u00f8vnen.<\/p>\n\n<p>N\u00e6tterne er for korte til at se nordlyset.<\/p>\n\n<h2 class=\"wp-block-heading\"><span class=\"ez-toc-section\" id=\"Folkemaengder_og_andre_forhold\"><\/span>Folkem\u00e6ngder og andre forhold<span class=\"ez-toc-section-end\"><\/span><\/h2>\n\n<p>Juli er h\u00f8js\u00e6son i Island. Landet modtager mere end to millioner bes\u00f8gende hvert \u00e5r, de fleste af dem mellem juni og august. Parkeringspladserne ved Den Gyldne Cirkel, Reynisfjara og J\u00f6kuls\u00e1rl\u00f3n er fyldt op fra morgenstunden. Der dannes k\u00f8er ved de mest popul\u00e6re vandfald, og vandrestierne n\u00e6r Reykjavik er meget popul\u00e6re.<\/p>\n\n<p>  Vi har fundet ud af, at forskudte \u00e5bningstider g\u00f8r en reel forskel: Hvis man bes\u00f8ger de store sev\u00e6rdigheder f\u00f8r kl. 9 eller efter kl. 20, er der betydeligt f\u00e6rre mennesker. Langvarigt lys g\u00f8r denne strategi perfekt gennemf\u00f8rlig.<\/p>\n\n<figure class=\"wp-block-image size-large\"><img decoding=\"async\" src=\"https:\/\/photos.smugmug.com\/Iceland\/South-Coast\/South-coast-drive\/i-ctHrGbq\/0\/LSQ36ChbX4cLM6DMPDCwQ2LWBMQ8S2S9wr83bBrX7\/L\/south_coast_drive-027-L.jpg\" alt=\"K&#xF8;rsel i Island\"\/><\/figure>\n\n<p>P\u00e5 vejene er der t\u00e6t trafik p\u00e5 Route 1 i syd. Der er udlejningsbiler overalt. Alle F-veje er \u00e5bne i juli, og det er n\u00f8dvendigt med en 4&#215;4 for at bruge dem.  <\/p>\n\n<h2 class=\"wp-block-heading\"><span class=\"ez-toc-section\" id=\"Dyreliv_i_juli\"><\/span>Dyreliv i juli<span class=\"ez-toc-section-end\"><\/span><\/h2>\n\n<p>Juli er en god m\u00e5ned til at observere det islandske dyreliv. Lundefuglene er altid til stede p\u00e5 klipperne og \u00f8erne, hvor de fodrer deres unger. Kolonierne p\u00e5 Vestmann-\u00f8erne (Vestmannaeyjar), L\u00e1trabjarg og Borgarfj\u00f6r\u00f0ur Eystri er de mest tilg\u00e6ngelige. Disse fugle med deres farverige n\u00e6b er ikke s\u00e6rlig sky, hvilket g\u00f8r det nemt at observere dem p\u00e5 n\u00e6rt hold. Vi blev sl\u00e5et af koloniernes t\u00e6thed.<\/p>\n\n<figure class=\"wp-block-image size-large\"><img decoding=\"async\" src=\"https:\/\/photos.smugmug.com\/Iceland\/Practical\/i-BvLHWQS\/0\/KPBBGVQcZdnr5hktcWBXjVzSrDBJn6HCmbSJxVbN5\/L\/Puffin_DP_291178894_XL-L.jpg\" alt=\"S&#xF8;papeg&#xF8;je\"\/><\/figure>\n\n<p>Hvalsafari er ogs\u00e5 meget popul\u00e6rt i juli. Der er daglige udflugter fra H\u00fasav\u00edk og Akureyri i nord samt fra Reykjavik. De hyppigst sete arter er pukkelhvaler, v\u00e5gehvaler og hvidn\u00e6sede delfiner. Bl\u00e5hvaler ses af og til i nord. Forholdene til s\u00f8s er blandt \u00e5rets bedste.<\/p>\n\n<p>Fjordterner forsvarer aktivt deres reder i juli. Disse tr\u00e6kfugle, som hvert \u00e5r flyver afstanden mellem Arktis og Antarktis, dykker efter forbipasserende, som er for t\u00e6t p\u00e5 deres territorium.  <\/p>\n\n<h2 class=\"wp-block-heading\"><span class=\"ez-toc-section\" id=\"Begivenheder_i_juli_i_Island\"><\/span>Begivenheder i juli i Island<span class=\"ez-toc-section-end\"><\/span><\/h2>\n\n<p>Juli er en travl m\u00e5ned i Island. Flere kulturelle og festlige begivenheder pr\u00e6ger sommeren:<\/p>\n\n<ul class=\"wp-block-list\">\n<li><strong>Eistnaflug i Neskaupsta\u00f0ur<\/strong>: Metal- og alternativ musikfestival i de \u00f8stlige fjorde, der normalt afholdes den anden weekend i juli. Atmosf\u00e6ren er hyggelig p\u00e5 trods af den intense musikalske genre.<\/li>\n\n\n\n<li><strong>Hestesamlinger<\/strong>: I juli arrangeres der en r\u00e6kke m\u00f8der i landdistrikterne med fokus p\u00e5 den islandske hest, en race, der er endemisk for landet, og hvis eksport er strengt reguleret. Der er demonstrationer af t\u00f6lt, racens karakteristiske gangart.<\/li>\n\n\n\n<li><strong>Sommermarkeder i Reykjavik<\/strong>: I l\u00f8bet af m\u00e5neden afholdes der h\u00e5ndv\u00e6rks- og madmarkeder i byens centrum. Du finder islandsk uld, lokal keramik og lokale produkter.<\/li>\n<\/ul>\n\n<div style=\"background-color:#fefefe;margin-top:6%;margin-bottom:6%\" class=\"wp-block-genesis-blocks-gb-container box gb-block-container\"><div class=\"gb-container-inside\"><div class=\"gb-container-content\" style=\"max-width:700px\">\n<div class=\"wp-block-columns inverse is-layout-flex wp-container-core-columns-is-layout-9d6595d7 wp-block-columns-is-layout-flex\">\n<div class=\"wp-block-column texte_planif is-layout-flow wp-block-column-is-layout-flow\" style=\"flex-basis:58%\">\n<h5 class=\"titre_box\">Modtag vores <span class=\"titre_box_manuscrit\">nyhedsbrev<\/span><\/h5>\n\n\n\n<ul class=\"wp-block-list\">\n<li>Et frisk pust i din hverdag p\u00e5 de smukke destinationer i Region Lovers!<\/li>\n\n\n\n<li>En gang om m\u00e5neden.<\/li>\n\n\n\n<li>Reklamefri<\/li>\n<\/ul>\n\n\n<script>\nvar gform;gform||(document.addEventListener(\"gform_main_scripts_loaded\",function(){gform.scriptsLoaded=!0}),document.addEventListener(\"gform\/theme\/scripts_loaded\",function(){gform.themeScriptsLoaded=!0}),window.addEventListener(\"DOMContentLoaded\",function(){gform.domLoaded=!0}),gform={domLoaded:!1,scriptsLoaded:!1,themeScriptsLoaded:!1,isFormEditor:()=>\"function\"==typeof InitializeEditor,callIfLoaded:function(o){return!(!gform.domLoaded||!gform.scriptsLoaded||!gform.themeScriptsLoaded&&!gform.isFormEditor()||(gform.isFormEditor()&&console.warn(\"The use of gform.initializeOnLoaded() is deprecated in the form editor context and will be removed in Gravity Forms 3.1.\"),o(),0))},initializeOnLoaded:function(o){gform.callIfLoaded(o)||(document.addEventListener(\"gform_main_scripts_loaded\",()=>{gform.scriptsLoaded=!0,gform.callIfLoaded(o)}),document.addEventListener(\"gform\/theme\/scripts_loaded\",()=>{gform.themeScriptsLoaded=!0,gform.callIfLoaded(o)}),window.addEventListener(\"DOMContentLoaded\",()=>{gform.domLoaded=!0,gform.callIfLoaded(o)}))},hooks:{action:{},filter:{}},addAction:function(o,r,e,t){gform.addHook(\"action\",o,r,e,t)},addFilter:function(o,r,e,t){gform.addHook(\"filter\",o,r,e,t)},doAction:function(o){gform.doHook(\"action\",o,arguments)},applyFilters:function(o){return gform.doHook(\"filter\",o,arguments)},removeAction:function(o,r){gform.removeHook(\"action\",o,r)},removeFilter:function(o,r,e){gform.removeHook(\"filter\",o,r,e)},addHook:function(o,r,e,t,n){null==gform.hooks[o][r]&&(gform.hooks[o][r]=[]);var d=gform.hooks[o][r];null==n&&(n=r+\"_\"+d.length),gform.hooks[o][r].push({tag:n,callable:e,priority:t=null==t?10:t})},doHook:function(r,o,e){var t;if(e=Array.prototype.slice.call(e,1),null!=gform.hooks[r][o]&&((o=gform.hooks[r][o]).sort(function(o,r){return o.priority-r.priority}),o.forEach(function(o){\"function\"!=typeof(t=o.callable)&&(t=window[t]),\"action\"==r?t.apply(null,e):e[0]=t.apply(null,e)})),\"filter\"==r)return e[0]},removeHook:function(o,r,t,n){var e;null!=gform.hooks[o][r]&&(e=(e=gform.hooks[o][r]).filter(function(o,r,e){return!!(null!=n&&n!=o.tag||null!=t&&t!=o.priority)}),gform.hooks[o][r]=e)}});\n<\/script>\n\n                <div class='gf_browser_gecko gform_wrapper gform-theme gform-theme--foundation gform-theme--framework gform-theme--orbital' data-form-theme='orbital' data-form-index='0' id='gform_wrapper_2' ><style>#gform_wrapper_2[data-form-index=\"0\"].gform-theme,[data-parent-form=\"2_0\"]{--gf-color-primary: #204ce5;--gf-color-primary-rgb: 32, 76, 229;--gf-color-primary-contrast: #fff;--gf-color-primary-contrast-rgb: 255, 255, 255;--gf-color-primary-darker: #001AB3;--gf-color-primary-lighter: #527EFF;--gf-color-secondary: #fff;--gf-color-secondary-rgb: 255, 255, 255;--gf-color-secondary-contrast: #112337;--gf-color-secondary-contrast-rgb: 17, 35, 55;--gf-color-secondary-darker: #F5F5F5;--gf-color-secondary-lighter: #FFFFFF;--gf-color-out-ctrl-light: rgba(17, 35, 55, 0.1);--gf-color-out-ctrl-light-rgb: 17, 35, 55;--gf-color-out-ctrl-light-darker: rgba(104, 110, 119, 0.35);--gf-color-out-ctrl-light-lighter: #F5F5F5;--gf-color-out-ctrl-dark: #585e6a;--gf-color-out-ctrl-dark-rgb: 88, 94, 106;--gf-color-out-ctrl-dark-darker: #112337;--gf-color-out-ctrl-dark-lighter: rgba(17, 35, 55, 0.65);--gf-color-in-ctrl: #fff;--gf-color-in-ctrl-rgb: 255, 255, 255;--gf-color-in-ctrl-contrast: #112337;--gf-color-in-ctrl-contrast-rgb: 17, 35, 55;--gf-color-in-ctrl-darker: #F5F5F5;--gf-color-in-ctrl-lighter: #FFFFFF;--gf-color-in-ctrl-primary: #204ce5;--gf-color-in-ctrl-primary-rgb: 32, 76, 229;--gf-color-in-ctrl-primary-contrast: #fff;--gf-color-in-ctrl-primary-contrast-rgb: 255, 255, 255;--gf-color-in-ctrl-primary-darker: #001AB3;--gf-color-in-ctrl-primary-lighter: #527EFF;--gf-color-in-ctrl-light: rgba(17, 35, 55, 0.1);--gf-color-in-ctrl-light-rgb: 17, 35, 55;--gf-color-in-ctrl-light-darker: rgba(104, 110, 119, 0.35);--gf-color-in-ctrl-light-lighter: #F5F5F5;--gf-color-in-ctrl-dark: #585e6a;--gf-color-in-ctrl-dark-rgb: 88, 94, 106;--gf-color-in-ctrl-dark-darker: #112337;--gf-color-in-ctrl-dark-lighter: rgba(17, 35, 55, 0.65);--gf-radius: 3px;--gf-font-size-secondary: 14px;--gf-font-size-tertiary: 13px;--gf-icon-ctrl-number: url(\"data:image\/svg+xml,%3Csvg width='8' height='14' viewBox='0 0 8 14' fill='none' xmlns='http:\/\/www.w3.org\/2000\/svg'%3E%3Cpath fill-rule='evenodd' clip-rule='evenodd' d='M4 0C4.26522 5.96046e-08 4.51957 0.105357 4.70711 0.292893L7.70711 3.29289C8.09763 3.68342 8.09763 4.31658 7.70711 4.70711C7.31658 5.09763 6.68342 5.09763 6.29289 4.70711L4 2.41421L1.70711 4.70711C1.31658 5.09763 0.683417 5.09763 0.292893 4.70711C-0.0976311 4.31658 -0.097631 3.68342 0.292893 3.29289L3.29289 0.292893C3.48043 0.105357 3.73478 0 4 0ZM0.292893 9.29289C0.683417 8.90237 1.31658 8.90237 1.70711 9.29289L4 11.5858L6.29289 9.29289C6.68342 8.90237 7.31658 8.90237 7.70711 9.29289C8.09763 9.68342 8.09763 10.3166 7.70711 10.7071L4.70711 13.7071C4.31658 14.0976 3.68342 14.0976 3.29289 13.7071L0.292893 10.7071C-0.0976311 10.3166 -0.0976311 9.68342 0.292893 9.29289Z' fill='rgba(17, 35, 55, 0.65)'\/%3E%3C\/svg%3E\");--gf-icon-ctrl-select: url(\"data:image\/svg+xml,%3Csvg width='10' height='6' viewBox='0 0 10 6' fill='none' xmlns='http:\/\/www.w3.org\/2000\/svg'%3E%3Cpath fill-rule='evenodd' clip-rule='evenodd' d='M0.292893 0.292893C0.683417 -0.097631 1.31658 -0.097631 1.70711 0.292893L5 3.58579L8.29289 0.292893C8.68342 -0.0976311 9.31658 -0.0976311 9.70711 0.292893C10.0976 0.683417 10.0976 1.31658 9.70711 1.70711L5.70711 5.70711C5.31658 6.09763 4.68342 6.09763 4.29289 5.70711L0.292893 1.70711C-0.0976311 1.31658 -0.0976311 0.683418 0.292893 0.292893Z' fill='rgba(17, 35, 55, 0.65)'\/%3E%3C\/svg%3E\");--gf-icon-ctrl-search: url(\"data:image\/svg+xml,%3Csvg width='640' height='640' xmlns='http:\/\/www.w3.org\/2000\/svg'%3E%3Cpath d='M256 128c-70.692 0-128 57.308-128 128 0 70.691 57.308 128 128 128 70.691 0 128-57.309 128-128 0-70.692-57.309-128-128-128zM64 256c0-106.039 85.961-192 192-192s192 85.961 192 192c0 41.466-13.146 79.863-35.498 111.248l154.125 154.125c12.496 12.496 12.496 32.758 0 45.254s-32.758 12.496-45.254 0L367.248 412.502C335.862 434.854 297.467 448 256 448c-106.039 0-192-85.962-192-192z' fill='rgba(17, 35, 55, 0.65)'\/%3E%3C\/svg%3E\");--gf-label-space-y-secondary: var(--gf-label-space-y-md-secondary);--gf-ctrl-border-color: #686e77;--gf-ctrl-size: var(--gf-ctrl-size-md);--gf-ctrl-label-color-primary: #112337;--gf-ctrl-label-color-secondary: #112337;--gf-ctrl-choice-size: var(--gf-ctrl-choice-size-md);--gf-ctrl-checkbox-check-size: var(--gf-ctrl-checkbox-check-size-md);--gf-ctrl-radio-check-size: var(--gf-ctrl-radio-check-size-md);--gf-ctrl-btn-font-size: var(--gf-ctrl-btn-font-size-md);--gf-ctrl-btn-padding-x: var(--gf-ctrl-btn-padding-x-md);--gf-ctrl-btn-size: var(--gf-ctrl-btn-size-md);--gf-ctrl-btn-border-color-secondary: #686e77;--gf-ctrl-file-btn-bg-color-hover: #EBEBEB;--gf-field-img-choice-size: var(--gf-field-img-choice-size-md);--gf-field-img-choice-card-space: var(--gf-field-img-choice-card-space-md);--gf-field-img-choice-check-ind-size: var(--gf-field-img-choice-check-ind-size-md);--gf-field-img-choice-check-ind-icon-size: var(--gf-field-img-choice-check-ind-icon-size-md);--gf-field-pg-steps-number-color: rgba(17, 35, 55, 0.8);}<\/style>\n                        <div class='gform_heading'>\n                            <p class='gform_description'><\/p>\n                        <\/div><form method='post' enctype='multipart\/form-data'  id='gform_2'  action='\/da\/wp-json\/wp\/v2\/posts\/4302' data-formid='2' novalidate> \r\n <input type='hidden' class='gforms-pum' value='{\"closepopup\":false,\"closedelay\":0,\"openpopup\":false,\"openpopup_id\":0}' \/>\n                        <div class='gform-body gform_body'><div id='gform_fields_2' class='gform_fields top_label form_sublabel_below description_below validation_below'><div id=\"field_2_5\" class=\"gfield gfield--type-honeypot gform_validation_container field_sublabel_below gfield--has-description field_description_below field_validation_below gfield_visibility_visible\"  ><label class='gfield_label gform-field-label' for='input_2_5'>LinkedIn<\/label><div class='ginput_container'><input name='input_5' id='input_2_5' type='text' value='' autocomplete='new-password'\/><\/div><div class='gfield_description' id='gfield_description_2_5'>Dette felt er til validering og b\u00f8r ikke \u00e6ndres.<\/div><\/div><div id=\"field_2_3\" class=\"gfield gfield--type-email gfield--input-type-email gfield--width-full gfield_contains_required field_sublabel_below gfield--no-description field_description_below hidden_label field_validation_below gfield_visibility_visible\"  ><label class='gfield_label gform-field-label' for='input_2_3'>E-mail<span class=\"gfield_required\"><span class=\"gfield_required gfield_required_text\">(P\u00e5kr\u00e6vet)<\/span><\/span><\/label><div class='ginput_container ginput_container_email'>\n                            <input name='input_3' id='input_2_3' type='email' value='' class='large'    aria-required=\"true\" aria-invalid=\"false\"  \/>\n                        <\/div><\/div><fieldset id=\"field_2_4\" class=\"gfield gfield--type-consent gfield--type-choice gfield--input-type-consent gfield--width-full gfield_contains_required field_sublabel_below gfield--no-description field_description_below hidden_label field_validation_below gfield_visibility_visible\"  ><legend class='gfield_label gform-field-label gfield_label_before_complex' >RGPD<span class=\"gfield_required\"><span class=\"gfield_required gfield_required_text\">(P\u00e5kr\u00e6vet)<\/span><\/span><\/legend><div class='ginput_container ginput_container_consent'><input name='input_4.1' id='input_2_4_1' type='checkbox' value='1'   aria-required=\"true\" aria-invalid=\"false\"   \/> <label class=\"gform-field-label gform-field-label--type-inline gfield_consent_label\" for='input_2_4_1' >Ja, jeg vil gerne abonnere p\u00e5 det m\u00e5nedlige nyhedsbrev<span class=\"gfield_required gfield_required_text\">(P\u00e5kr\u00e6vet)<\/span><\/label><input type='hidden' name='input_4.2' value='Ja, jeg vil gerne abonnere p\u00e5 det m\u00e5nedlige nyhedsbrev' class='gform_hidden' \/><input type='hidden' name='input_4.3' value='1' class='gform_hidden' \/><\/div><\/fieldset><div id=\"field_2_1\" class=\"gfield gfield--type-website gfield--input-type-website field_sublabel_below gfield--no-description field_description_below field_validation_below gfield_visibility_hidden\"  ><div class=\"admin-hidden-markup\"><i class=\"gform-icon gform-icon--hidden\" aria-hidden=\"true\" title=\"Dette felt er skjult, n\u00e5r du f\u00e5r vist formularen\"><\/i><span>Dette felt er skjult, n\u00e5r du f\u00e5r vist formularen<\/span><\/div><label class='gfield_label gform-field-label' for='input_2_1'>Site Web<\/label><div class='ginput_container ginput_container_website'>\n                    <input name='input_1' id='input_2_1' type='url' value='https:\/\/iceland-lovers.com\/da\/wp-json\/wp\/v2\/posts\/4302' class='large'    placeholder='https:\/\/'  aria-invalid=\"false\" \/>\n                <\/div><\/div><\/div><\/div>\n        <div class='gform-footer gform_footer top_label'> <input type='submit' id='gform_submit_button_2' class='gform_button button' onclick='gform.submission.handleButtonClick(this);' data-submission-type='submit' value='Tilmeld'  \/> \n            <input type='hidden' class='gform_hidden' name='gform_submission_method' data-js='gform_submission_method_2' value='postback' \/>\n            <input type='hidden' class='gform_hidden' name='gform_theme' data-js='gform_theme_2' id='gform_theme_2' value='orbital' \/>\n            <input type='hidden' class='gform_hidden' name='gform_style_settings' data-js='gform_style_settings_2' id='gform_style_settings_2' value='{&quot;inputPrimaryColor&quot;:&quot;#204ce5&quot;}' \/>\n            <input type='hidden' class='gform_hidden' name='is_submit_2' value='1' \/>\n            <input type='hidden' class='gform_hidden' name='gform_submit' value='2' \/>\n            \n            <input type='hidden' class='gform_hidden' name='gform_currency' data-currency='EUR' value='pwUKmxeqCHnPNFc10sb2FRq2xQL4gRhv7doZxBTEzqpkyflFiUjWpD335jVk1WriT3TJAmWxT82PVF0XBhlCA76nziyfQuTYg3tf\/Dqo57izM9E=' \/>\n            <input type='hidden' class='gform_hidden' name='gform_unique_id' value='' \/>\n            <input type='hidden' class='gform_hidden' name='state_2' value='WyJ7XCI0LjFcIjpcIjRmYTFmZTUyMDE4NGE2OTE0MzhlNTMyY2QxYzNkY2Y0XCIsXCI0LjJcIjpcImVhZjZjMzA3ZTUzMTYxZTUwNGMxYjNjZjdjYzRjODBkXCIsXCI0LjNcIjpcIjRmYTFmZTUyMDE4NGE2OTE0MzhlNTMyY2QxYzNkY2Y0XCJ9IiwiN2ZlNTg3ODNkYTE3NmNkMGFjMGE2ZGE1YzkyZWUyMmUiXQ==' \/>\n            <input type='hidden' autocomplete='off' class='gform_hidden' name='gform_target_page_number_2' id='gform_target_page_number_2' value='0' \/>\n            <input type='hidden' autocomplete='off' class='gform_hidden' name='gform_source_page_number_2' id='gform_source_page_number_2' value='1' \/>\n            <input type='hidden' name='gform_field_values' value='' \/>\n            \n        <\/div>\n                        <\/form>\n                        <\/div><script>\ngform.initializeOnLoaded( function() {gformInitSpinner( 2, 'https:\/\/iceland-lovers.com\/wp-content\/plugins\/gravityforms\/images\/spinner.svg', false );jQuery('#gform_ajax_frame_2').on('load',function(){var contents = jQuery(this).contents().find('*').html();var is_postback = contents.indexOf('GF_AJAX_POSTBACK') >= 0;if(!is_postback){return;}var form_content = jQuery(this).contents().find('#gform_wrapper_2');var is_confirmation = jQuery(this).contents().find('#gform_confirmation_wrapper_2').length > 0;var is_redirect = contents.indexOf('gformRedirect(){') >= 0;var is_form = form_content.length > 0 && ! is_redirect && ! is_confirmation;var mt = parseInt(jQuery('html').css('margin-top'), 10) + parseInt(jQuery('body').css('margin-top'), 10) + 100;if(is_form){jQuery('#gform_wrapper_2').html(form_content.html());if(form_content.hasClass('gform_validation_error')){jQuery('#gform_wrapper_2').addClass('gform_validation_error');} else {jQuery('#gform_wrapper_2').removeClass('gform_validation_error');}setTimeout( function() { \/* delay the scroll by 50 milliseconds to fix a bug in chrome *\/  }, 50 );if(window['gformInitDatepicker']) {gformInitDatepicker();}if(window['gformInitPriceFields']) {gformInitPriceFields();}var current_page = jQuery('#gform_source_page_number_2').val();gformInitSpinner( 2, 'https:\/\/iceland-lovers.com\/wp-content\/plugins\/gravityforms\/images\/spinner.svg', false );jQuery(document).trigger('gform_page_loaded', [2, current_page]);window['gf_submitting_2'] = false;}else if(!is_redirect){var confirmation_content = jQuery(this).contents().find('.GF_AJAX_POSTBACK').html();if(!confirmation_content){confirmation_content = contents;}jQuery('#gform_wrapper_2').replaceWith(confirmation_content);jQuery(document).trigger('gform_confirmation_loaded', [2]);window['gf_submitting_2'] = false;wp.a11y.speak(jQuery('#gform_confirmation_message_2').text());}else{jQuery('#gform_2').append(contents);if(window['gformRedirect']) {gformRedirect();}}jQuery(document).trigger(\"gform_pre_post_render\", [{ formId: \"2\", currentPage: \"current_page\", abort: function() { this.preventDefault(); } }]);        if (event && event.defaultPrevented) {                return;        }        const gformWrapperDiv = document.getElementById( \"gform_wrapper_2\" );        if ( gformWrapperDiv ) {            const visibilitySpan = document.createElement( \"span\" );            visibilitySpan.id = \"gform_visibility_test_2\";            gformWrapperDiv.insertAdjacentElement( \"afterend\", visibilitySpan );        }        const visibilityTestDiv = document.getElementById( \"gform_visibility_test_2\" );        let postRenderFired = false;        function triggerPostRender() {            if ( postRenderFired ) {                return;            }            postRenderFired = true;            gform.core.triggerPostRenderEvents( 2, current_page );            if ( visibilityTestDiv ) {                visibilityTestDiv.parentNode.removeChild( visibilityTestDiv );            }        }        function debounce( func, wait, immediate ) {            var timeout;            return function() {                var context = this, args = arguments;                var later = function() {                    timeout = null;                    if ( !immediate ) func.apply( context, args );                };                var callNow = immediate && !timeout;                clearTimeout( timeout );                timeout = setTimeout( later, wait );                if ( callNow ) func.apply( context, args );            };        }        const debouncedTriggerPostRender = debounce( function() {            triggerPostRender();        }, 200 );        if ( visibilityTestDiv && visibilityTestDiv.offsetParent === null ) {            const observer = new MutationObserver( ( mutations ) => {                mutations.forEach( ( mutation ) => {                    if ( mutation.type === 'attributes' && visibilityTestDiv.offsetParent !== null ) {                        debouncedTriggerPostRender();                        observer.disconnect();                    }                });            });            observer.observe( document.body, {                attributes: true,                childList: false,                subtree: true,                attributeFilter: [ 'style', 'class' ],            });        } else {            triggerPostRender();        }    } );} );\n<\/script>\n<\/div>\n\n\n\n<div class=\"wp-block-column is-layout-flow wp-block-column-is-layout-flow\" style=\"flex-basis:42%\">\n<div class=\"wp-block-genesis-blocks-gb-container aligncenter newsletter-radius gb-block-container\"><div class=\"gb-container-inside\"><div class=\"gb-container-content\"><div class=\"wp-block-image newsletter-image\">\n<figure class=\"aligncenter size-full\"><img loading=\"lazy\" decoding=\"async\" width=\"729\" height=\"792\" src=\"https:\/\/iceland-lovers.com\/wp-content\/uploads\/2024\/06\/newsletter.png\" alt=\"Nyhedsbrev\" class=\"wp-image-443\" srcset=\"https:\/\/iceland-lovers.com\/wp-content\/uploads\/2024\/06\/newsletter.png 729w, https:\/\/iceland-lovers.com\/wp-content\/uploads\/2024\/06\/newsletter-276x300.png 276w\" sizes=\"auto, (max-width: 729px) 100vw, 729px\" \/><\/figure>\n<\/div><\/div><\/div><\/div>\n<\/div>\n<\/div>\n<\/div><\/div><\/div>\n\n<h2 class=\"wp-block-heading\"><span class=\"ez-toc-section\" id=\"Priser_i_juli\"><\/span>Priser i juli<span class=\"ez-toc-section-end\"><\/span><\/h2>\n\n<p>Juli er den dyreste m\u00e5ned at rejse i Island. Leveomkostningerne er i forvejen h\u00f8je i landet, og h\u00f8js\u00e6sonen presser priserne markant op. Indkvartering, fra vandrehjem til boutique-hoteller, er prissat til den helt store guldmedalje. Et dobbeltv\u00e6relse i et g\u00e6stehus koster i gennemsnit mellem 150 og 250 euro pr. nat, mens hoteller ofte koster mere end 300 euro.<\/p>\n\n<h2 class=\"wp-block-heading\"><span class=\"ez-toc-section\" id=\"Andre_maaneder\"><\/span>Andre m\u00e5neder<span class=\"ez-toc-section-end\"><\/span><\/h2>\n\n<p><strong>Hvorn\u00e5r skal man tage til Island, de andre m\u00e5neder&#8230;<\/strong><\/p>\n\n<ul class=\"wp-block-list\">\n<li><a href=\"https:\/\/iceland-lovers.com\/da\/rejse-island-januar-vejret-temperatur\/\" type=\"post\" id=\"737\" target=\"_blank\" rel=\"noreferrer noopener\">Island i januar<\/a><\/li>\n\n\n\n<li><a href=\"https:\/\/iceland-lovers.com\/da\/rejse-island-februar-vejret-temperatur\/\" type=\"post\" id=\"1659\" target=\"_blank\" rel=\"noreferrer noopener\">Island i februar<\/a><\/li>\n\n\n\n<li><a href=\"https:\/\/iceland-lovers.com\/da\/rejse-island-marts-vejret-temperatur\/\" type=\"post\" id=\"1660\" target=\"_blank\" rel=\"noreferrer noopener\">Island i marts<\/a><\/li>\n\n\n\n<li>Island i april<\/li>\n\n\n\n<li>Island i maj<\/li>\n\n\n\n<li>Island i juni<\/li>\n\n\n\n<li>Island i august<\/li>\n\n\n\n<li>Island i september<\/li>\n\n\n\n<li>Island i oktober<\/li>\n\n\n\n<li>Island i november<\/li>\n\n\n\n<li><a href=\"https:\/\/iceland-lovers.com\/da\/resje-island-december-vejret-temperatur\/\" type=\"post\" id=\"1661\" target=\"_blank\" rel=\"noreferrer noopener\">Island i december<\/a><\/li>\n<\/ul>\n\n<p>Eller l\u00e6s vores artikel om, hvorn\u00e5r man skal tage til Island (kommer snart).<\/p>\n\n<div style=\"margin-top:8%;margin-bottom:8%\" class=\"wp-block-genesis-blocks-gb-container box gb-block-container\"><div class=\"gb-container-inside\"><div class=\"gb-container-content\" style=\"max-width:700px\">\n<div class=\"wp-block-genesis-blocks-gb-container box_titre gb-block-container\"><div class=\"gb-container-inside\"><div class=\"gb-container-content\">\n<h5 class=\"titre_box\"><span>Planl\u00e6g<\/span> din sommerrejse til <span class=\"titre_box_manuscrit\">Island<\/span><\/h5>\n<\/div><\/div><\/div>\n\n\n\n<hr class=\"wp-block-separator has-text-color has-alpha-channel-opacity has-background is-style-wide hr-box-planif\" style=\"background-color:#ccd3dd;color:#ccd3dd\"\/>\n\n\n\n<div class=\"wp-block-columns box_sans_border is-layout-flex wp-container-core-columns-is-layout-9d6595d7 wp-block-columns-is-layout-flex\">\n<div class=\"wp-block-column texte_planif is-layout-flow wp-block-column-is-layout-flow\" style=\"font-size:14px;flex-basis:60%\">\n<ul class=\"wp-block-list\">\n<li><strong>Best-of<\/strong><\/li>\n<\/ul>\n\n\n\n<p class=\"ul_box\" style=\"font-size:14px\">Hvad skal man lave i Island?<br\/>De smukkeste vandfald  <br\/>De smukkeste sorte sandstrande  <br\/><a href=\"https:\/\/iceland-lovers.com\/da\/bedste-vulkankratere-island\/\" type=\"post\" id=\"3913\" target=\"_blank\" rel=\"noreferrer noopener\">Vulkanske kratere at bestige<\/a><br\/><a href=\"https:\/\/iceland-lovers.com\/da\/lavahuler-island\/\" type=\"post\" id=\"3912\" target=\"_blank\" rel=\"noreferrer noopener\">Lavahuler at bes\u00f8ge<\/a><br\/>De bedste udflugter fra Reykjavik  <br\/><\/p>\n<\/div>\n\n\n\n<div class=\"wp-block-column is-vertically-aligned-top planif-radius is-layout-flow wp-block-column-is-layout-flow\" style=\"flex-basis:40%\">\n<figure class=\"wp-block-image size-large img-portrait\"><img decoding=\"async\" src=\"https:\/\/photos.smugmug.com\/Iceland\/North-Iceland\/Stukustadir\/i-cM679v9\/0\/pjq48bR8wtrM7q7fhmPKtVcFZh9jPzQ8sJQh7H4x\/S\/Stukustadir-S.jpg\" alt=\"Stukustadir\" title=\"\"\/><\/figure>\n<\/div>\n<\/div>\n\n\n\n<hr class=\"wp-block-separator has-text-color has-alpha-channel-opacity has-background is-style-wide hr-box-planif\" style=\"background-color:#ccd3dd;color:#ccd3dd\"\/>\n\n\n\n<div class=\"wp-block-columns box_sans_border is-layout-flex wp-container-core-columns-is-layout-9d6595d7 wp-block-columns-is-layout-flex\">\n<div class=\"wp-block-column texte_planif is-layout-flow wp-block-column-is-layout-flow\" style=\"flex-basis:60%\">\n<ul class=\"wp-block-list\">\n<li><strong>Praktiske r\u00e5d<\/strong><\/li>\n<\/ul>\n\n\n\n<p style=\"font-size:14px\"><br\/><a href=\"https:\/\/iceland-lovers.com\/da\/rejser-island-sommeren-guide\/\" type=\"post\" id=\"3860\" target=\"_blank\" rel=\"noreferrer noopener\">Tips til sommerrejser<\/a><br\/><a href=\"https:\/\/iceland-lovers.com\/da\/sadan-lejer-bil-island-tips-erfaring\/\" type=\"post\" id=\"1202\" target=\"_blank\" rel=\"noreferrer noopener\">S\u00e5dan lejer du en bil i Island<\/a><br\/>Tips til k\u00f8rsel  <br\/>Hvor skal man bo i Island?  <br\/>Rejseruter: 3 dage &#8211; 4 dage &#8211; 5 dage &#8211; 1 uge &#8211; 10 dage  <\/p>\n<\/div>\n\n\n\n<div class=\"wp-block-column is-vertically-aligned-top planif-radius is-layout-flow wp-block-column-is-layout-flow\" style=\"flex-basis:40%\">\n<figure class=\"wp-block-image size-large img-portrait\"><img decoding=\"async\" src=\"https:\/\/photos.smugmug.com\/Iceland\/Driving-car\/i-vPtvXQq\/0\/tq6rx2CTKV4njqg4RvvJSGW5KtNLh5jJFTTsWHFQ\/S\/driving_iceland-S.jpg\" alt=\"Rute i Island  \" title=\"\"\/><\/figure>\n<\/div>\n<\/div>\n\n\n\n<hr class=\"wp-block-separator has-text-color has-alpha-channel-opacity has-background is-style-wide hr-box-planif\" style=\"background-color:#ccd3dd;color:#ccd3dd\"\/>\n\n\n\n<div class=\"wp-block-columns box_sans_border is-layout-flex wp-container-core-columns-is-layout-9d6595d7 wp-block-columns-is-layout-flex\">\n<div class=\"wp-block-column texte_planif is-layout-flow wp-block-column-is-layout-flow\" style=\"flex-basis:60%\">\n<ul class=\"wp-block-list\">\n<li><strong>De uundv\u00e6rlige ting<\/strong><\/li>\n<\/ul>\n\n\n\n<p style=\"font-size:14px\">Hvad skal man lave i Reykjavik?  <br\/>Topattraktioner i Den Gyldne Cirkel  <br\/>Attraktioner p\u00e5 sydkysten  <br\/><a href=\"https:\/\/iceland-lovers.com\/da\/sevaerdigheder-snaefellsnes\/\" type=\"post\" id=\"3951\" target=\"_blank\" rel=\"noreferrer noopener\">Snaefellsnes-halv\u00f8en<\/a><br\/>S\u00f8lvcirkel  <br\/>Attraktioner ved Myvatn-s\u00f8en  <br\/><\/p>\n<\/div>\n\n\n\n<div class=\"wp-block-column is-vertically-aligned-top planif-radius is-layout-flow wp-block-column-is-layout-flow\" style=\"flex-basis:40%\">\n<figure class=\"wp-block-image size-large img-portrait\"><img decoding=\"async\" src=\"https:\/\/photos.smugmug.com\/Iceland\/South-Coast\/Skogafoss\/i-PN35d7d\/0\/CTQRVft2tgj5rkrQb5BrqVpxcpWh9fCmxkG9h55NW\/S\/Skogafoss-S.jpg\" alt=\"Skogafoss\" title=\"\"\/><\/figure>\n<\/div>\n<\/div>\n\n\n\n<div style=\"height:30px\" aria-hidden=\"true\" class=\"wp-block-spacer\"><\/div>\n<\/div><\/div><\/div>\n\n<div class=\"wp-block-genesis-blocks-gb-container box_auteur_voyage gb-block-container\"><div class=\"gb-container-inside\"><div class=\"gb-container-content\">\n<figure class=\"wp-block-image size-large img_auteur_voyage img_provisoire\"><img decoding=\"async\" src=\"https:\/\/photos.smugmug.com\/Region-Lovers\/Equipe\/i-nsNF6C6\/0\/Cs2F5n96pkt9xFD9D3SVqmQspMhrKgN75nHgBqmjG\/L\/Claire-L.png\" alt=\"\"\/><\/figure>\n\n\n\n<h5 class=\"titre_auteur_voyage\"><span>HUN KLAREDE TUREN <\/span><span class=\"titre_box_manuscrit\">Claire<\/span><\/h5>\n<\/div><\/div><\/div>\n","protected":false},"excerpt":{"rendered":"<p>Vil du til Island i juli?Find ud af, om regionen er den rigtige for dig p\u00e5 denne tid af \u00e5ret, med vores omfattende guide til klima, rejseforhold, menneskem\u00e6ngder, priser, attraktioner og begivenheder. Rejser til Island i juli: hurtige svar Er vejret godt i Island i juli? Er det et godt tidspunkt at bes\u00f8ge os p\u00e5? [&hellip;]<\/p>\n","protected":false},"author":1,"featured_media":4120,"comment_status":"closed","ping_status":"closed","sticky":false,"template":"","format":"standard","meta":{"_genesis_hide_title":false,"_genesis_hide_breadcrumbs":false,"_genesis_hide_singular_image":false,"_genesis_hide_footer_widgets":false,"_genesis_custom_body_class":"","_genesis_custom_post_class":"","_genesis_layout":"","footnotes":""},"categories":[65],"tags":[],"class_list":{"0":"post-4302","1":"post","2":"type-post","3":"status-publish","4":"format-standard","5":"has-post-thumbnail","7":"category-rejsetips","8":"entry"},"yoast_head":"<!-- This site is optimized with the Yoast SEO plugin v27.5 - https:\/\/yoast.com\/product\/yoast-seo-wordpress\/ -->\n<title>Island i juli: vores komplette guide!<\/title>\n<meta name=\"description\" content=\"Hvad du kan forvente, hvis du rejser til Island i juli - vejr, menneskem\u00e6ngder, forhold, priser, begivenheder, attraktioner...\" \/>\n<meta name=\"robots\" content=\"index, follow, max-snippet:-1, max-image-preview:large, max-video-preview:-1\" \/>\n<link rel=\"canonical\" href=\"https:\/\/iceland-lovers.com\/da\/rejse-island-juli-vejret-temperatur\/\" \/>\n<meta property=\"og:locale\" content=\"da_DK\" \/>\n<meta property=\"og:type\" content=\"article\" \/>\n<meta property=\"og:title\" content=\"Island i juli: vores komplette guide!\" \/>\n<meta property=\"og:description\" content=\"Hvad du kan forvente, hvis du rejser til Island i juli - vejr, menneskem\u00e6ngder, forhold, priser, begivenheder, attraktioner...\" \/>\n<meta property=\"og:url\" content=\"https:\/\/iceland-lovers.com\/da\/rejse-island-juli-vejret-temperatur\/\" \/>\n<meta property=\"og:site_name\" content=\"Iceland Lovers\" \/>\n<meta property=\"article:published_time\" content=\"2026-04-30T10:08:55+00:00\" \/>\n<meta property=\"article:modified_time\" content=\"2026-04-30T11:45:29+00:00\" \/>\n<meta property=\"og:image\" content=\"https:\/\/iceland-lovers.com\/wp-content\/uploads\/2026\/04\/Partir-Islande-en-juillet-meteo-temperature.jpg\" \/>\n\t<meta property=\"og:image:width\" content=\"800\" \/>\n\t<meta property=\"og:image:height\" content=\"600\" \/>\n\t<meta property=\"og:image:type\" content=\"image\/jpeg\" \/>\n<meta name=\"author\" content=\"Claire\" \/>\n<meta name=\"twitter:card\" content=\"summary_large_image\" \/>\n<meta name=\"twitter:label1\" content=\"Skrevet af\" \/>\n\t<meta name=\"twitter:data1\" content=\"Claire\" \/>\n\t<meta name=\"twitter:label2\" content=\"Estimeret l\u00e6setid\" \/>\n\t<meta name=\"twitter:data2\" content=\"9 minutter\" \/>\n<script type=\"application\/ld+json\" class=\"yoast-schema-graph\">{\"@context\":\"https:\\\/\\\/schema.org\",\"@graph\":[{\"@type\":\"Article\",\"@id\":\"https:\\\/\\\/iceland-lovers.com\\\/da\\\/rejse-island-juli-vejret-temperatur\\\/#article\",\"isPartOf\":{\"@id\":\"https:\\\/\\\/iceland-lovers.com\\\/da\\\/rejse-island-juli-vejret-temperatur\\\/\"},\"author\":{\"name\":\"Claire\",\"@id\":\"https:\\\/\\\/iceland-lovers.com\\\/da\\\/#\\\/schema\\\/person\\\/99f50c0c6981832bc8c168071e92df44\"},\"headline\":\"Island i juli: vores komplette guide!\",\"datePublished\":\"2026-04-30T10:08:55+00:00\",\"dateModified\":\"2026-04-30T11:45:29+00:00\",\"mainEntityOfPage\":{\"@id\":\"https:\\\/\\\/iceland-lovers.com\\\/da\\\/rejse-island-juli-vejret-temperatur\\\/\"},\"wordCount\":1845,\"publisher\":{\"@id\":\"https:\\\/\\\/iceland-lovers.com\\\/da\\\/#organization\"},\"image\":{\"@id\":\"https:\\\/\\\/iceland-lovers.com\\\/da\\\/rejse-island-juli-vejret-temperatur\\\/#primaryimage\"},\"thumbnailUrl\":\"https:\\\/\\\/iceland-lovers.com\\\/wp-content\\\/uploads\\\/2026\\\/04\\\/Partir-Islande-en-juillet-meteo-temperature.jpg\",\"articleSection\":[\"Rejsetips\"],\"inLanguage\":\"da-DK\"},{\"@type\":\"WebPage\",\"@id\":\"https:\\\/\\\/iceland-lovers.com\\\/da\\\/rejse-island-juli-vejret-temperatur\\\/\",\"url\":\"https:\\\/\\\/iceland-lovers.com\\\/da\\\/rejse-island-juli-vejret-temperatur\\\/\",\"name\":\"Island i juli: vores komplette guide!\",\"isPartOf\":{\"@id\":\"https:\\\/\\\/iceland-lovers.com\\\/da\\\/#website\"},\"primaryImageOfPage\":{\"@id\":\"https:\\\/\\\/iceland-lovers.com\\\/da\\\/rejse-island-juli-vejret-temperatur\\\/#primaryimage\"},\"image\":{\"@id\":\"https:\\\/\\\/iceland-lovers.com\\\/da\\\/rejse-island-juli-vejret-temperatur\\\/#primaryimage\"},\"thumbnailUrl\":\"https:\\\/\\\/iceland-lovers.com\\\/wp-content\\\/uploads\\\/2026\\\/04\\\/Partir-Islande-en-juillet-meteo-temperature.jpg\",\"datePublished\":\"2026-04-30T10:08:55+00:00\",\"dateModified\":\"2026-04-30T11:45:29+00:00\",\"description\":\"Hvad du kan forvente, hvis du rejser til Island i juli - vejr, menneskem\u00e6ngder, forhold, priser, begivenheder, attraktioner...\",\"breadcrumb\":{\"@id\":\"https:\\\/\\\/iceland-lovers.com\\\/da\\\/rejse-island-juli-vejret-temperatur\\\/#breadcrumb\"},\"inLanguage\":\"da-DK\",\"potentialAction\":[{\"@type\":\"ReadAction\",\"target\":[\"https:\\\/\\\/iceland-lovers.com\\\/da\\\/rejse-island-juli-vejret-temperatur\\\/\"]}]},{\"@type\":\"ImageObject\",\"inLanguage\":\"da-DK\",\"@id\":\"https:\\\/\\\/iceland-lovers.com\\\/da\\\/rejse-island-juli-vejret-temperatur\\\/#primaryimage\",\"url\":\"https:\\\/\\\/iceland-lovers.com\\\/wp-content\\\/uploads\\\/2026\\\/04\\\/Partir-Islande-en-juillet-meteo-temperature.jpg\",\"contentUrl\":\"https:\\\/\\\/iceland-lovers.com\\\/wp-content\\\/uploads\\\/2026\\\/04\\\/Partir-Islande-en-juillet-meteo-temperature.jpg\",\"width\":800,\"height\":600,\"caption\":\"Partir Islande en juillet meteo temperature\"},{\"@type\":\"BreadcrumbList\",\"@id\":\"https:\\\/\\\/iceland-lovers.com\\\/da\\\/rejse-island-juli-vejret-temperatur\\\/#breadcrumb\",\"itemListElement\":[{\"@type\":\"ListItem\",\"position\":1,\"name\":\"Accueil\",\"item\":\"https:\\\/\\\/iceland-lovers.com\\\/da\\\/\"},{\"@type\":\"ListItem\",\"position\":2,\"name\":\"Rejsetips\",\"item\":\"https:\\\/\\\/iceland-lovers.com\\\/da\\\/rejsetips\\\/\"},{\"@type\":\"ListItem\",\"position\":3,\"name\":\"Island i juli: vores komplette guide!\"}]},{\"@type\":\"WebSite\",\"@id\":\"https:\\\/\\\/iceland-lovers.com\\\/da\\\/#website\",\"url\":\"https:\\\/\\\/iceland-lovers.com\\\/da\\\/\",\"name\":\"Iceland Lovers\",\"description\":\"Le Blog de Claire et Manu\",\"publisher\":{\"@id\":\"https:\\\/\\\/iceland-lovers.com\\\/da\\\/#organization\"},\"potentialAction\":[{\"@type\":\"SearchAction\",\"target\":{\"@type\":\"EntryPoint\",\"urlTemplate\":\"https:\\\/\\\/iceland-lovers.com\\\/da\\\/?s={search_term_string}\"},\"query-input\":{\"@type\":\"PropertyValueSpecification\",\"valueRequired\":true,\"valueName\":\"search_term_string\"}}],\"inLanguage\":\"da-DK\"},{\"@type\":\"Organization\",\"@id\":\"https:\\\/\\\/iceland-lovers.com\\\/da\\\/#organization\",\"name\":\"Iceland Lovers\",\"url\":\"https:\\\/\\\/iceland-lovers.com\\\/da\\\/\",\"logo\":{\"@type\":\"ImageObject\",\"inLanguage\":\"da-DK\",\"@id\":\"https:\\\/\\\/iceland-lovers.com\\\/da\\\/#\\\/schema\\\/logo\\\/image\\\/\",\"url\":\"https:\\\/\\\/iceland-lovers.com\\\/wp-content\\\/uploads\\\/2024\\\/05\\\/cropped-Iceland-Lovers-Logos-RVB_Principal-bicolore.png\",\"contentUrl\":\"https:\\\/\\\/iceland-lovers.com\\\/wp-content\\\/uploads\\\/2024\\\/05\\\/cropped-Iceland-Lovers-Logos-RVB_Principal-bicolore.png\",\"width\":2326,\"height\":501,\"caption\":\"Iceland Lovers\"},\"image\":{\"@id\":\"https:\\\/\\\/iceland-lovers.com\\\/da\\\/#\\\/schema\\\/logo\\\/image\\\/\"}},{\"@type\":\"Person\",\"@id\":\"https:\\\/\\\/iceland-lovers.com\\\/da\\\/#\\\/schema\\\/person\\\/99f50c0c6981832bc8c168071e92df44\",\"name\":\"Claire\",\"image\":{\"@type\":\"ImageObject\",\"inLanguage\":\"da-DK\",\"@id\":\"https:\\\/\\\/secure.gravatar.com\\\/avatar\\\/e3566233826c32de8d7c9ef726a1087654b12cadb092acc17ee1d357687192ff?s=96&d=mm&r=g\",\"url\":\"https:\\\/\\\/secure.gravatar.com\\\/avatar\\\/e3566233826c32de8d7c9ef726a1087654b12cadb092acc17ee1d357687192ff?s=96&d=mm&r=g\",\"contentUrl\":\"https:\\\/\\\/secure.gravatar.com\\\/avatar\\\/e3566233826c32de8d7c9ef726a1087654b12cadb092acc17ee1d357687192ff?s=96&d=mm&r=g\",\"caption\":\"Claire\"},\"sameAs\":[\"https:\\\/\\\/iceland-lovers.com\\\/claire-robinson\\\/\"],\"url\":\"https:\\\/\\\/iceland-lovers.com\\\/da\\\/author\\\/icelandlovers\\\/\"}]}<\/script>\n<!-- \/ Yoast SEO plugin. -->","yoast_head_json":{"title":"Island i juli: vores komplette guide!","description":"Hvad du kan forvente, hvis du rejser til Island i juli - vejr, menneskem\u00e6ngder, forhold, priser, begivenheder, attraktioner...","robots":{"index":"index","follow":"follow","max-snippet":"max-snippet:-1","max-image-preview":"max-image-preview:large","max-video-preview":"max-video-preview:-1"},"canonical":"https:\/\/iceland-lovers.com\/da\/rejse-island-juli-vejret-temperatur\/","og_locale":"da_DK","og_type":"article","og_title":"Island i juli: vores komplette guide!","og_description":"Hvad du kan forvente, hvis du rejser til Island i juli - vejr, menneskem\u00e6ngder, forhold, priser, begivenheder, attraktioner...","og_url":"https:\/\/iceland-lovers.com\/da\/rejse-island-juli-vejret-temperatur\/","og_site_name":"Iceland Lovers","article_published_time":"2026-04-30T10:08:55+00:00","article_modified_time":"2026-04-30T11:45:29+00:00","og_image":[{"width":800,"height":600,"url":"https:\/\/iceland-lovers.com\/wp-content\/uploads\/2026\/04\/Partir-Islande-en-juillet-meteo-temperature.jpg","type":"image\/jpeg"}],"author":"Claire","twitter_card":"summary_large_image","twitter_misc":{"Skrevet af":"Claire","Estimeret l\u00e6setid":"9 minutter"},"schema":{"@context":"https:\/\/schema.org","@graph":[{"@type":"Article","@id":"https:\/\/iceland-lovers.com\/da\/rejse-island-juli-vejret-temperatur\/#article","isPartOf":{"@id":"https:\/\/iceland-lovers.com\/da\/rejse-island-juli-vejret-temperatur\/"},"author":{"name":"Claire","@id":"https:\/\/iceland-lovers.com\/da\/#\/schema\/person\/99f50c0c6981832bc8c168071e92df44"},"headline":"Island i juli: vores komplette guide!","datePublished":"2026-04-30T10:08:55+00:00","dateModified":"2026-04-30T11:45:29+00:00","mainEntityOfPage":{"@id":"https:\/\/iceland-lovers.com\/da\/rejse-island-juli-vejret-temperatur\/"},"wordCount":1845,"publisher":{"@id":"https:\/\/iceland-lovers.com\/da\/#organization"},"image":{"@id":"https:\/\/iceland-lovers.com\/da\/rejse-island-juli-vejret-temperatur\/#primaryimage"},"thumbnailUrl":"https:\/\/iceland-lovers.com\/wp-content\/uploads\/2026\/04\/Partir-Islande-en-juillet-meteo-temperature.jpg","articleSection":["Rejsetips"],"inLanguage":"da-DK"},{"@type":"WebPage","@id":"https:\/\/iceland-lovers.com\/da\/rejse-island-juli-vejret-temperatur\/","url":"https:\/\/iceland-lovers.com\/da\/rejse-island-juli-vejret-temperatur\/","name":"Island i juli: vores komplette guide!","isPartOf":{"@id":"https:\/\/iceland-lovers.com\/da\/#website"},"primaryImageOfPage":{"@id":"https:\/\/iceland-lovers.com\/da\/rejse-island-juli-vejret-temperatur\/#primaryimage"},"image":{"@id":"https:\/\/iceland-lovers.com\/da\/rejse-island-juli-vejret-temperatur\/#primaryimage"},"thumbnailUrl":"https:\/\/iceland-lovers.com\/wp-content\/uploads\/2026\/04\/Partir-Islande-en-juillet-meteo-temperature.jpg","datePublished":"2026-04-30T10:08:55+00:00","dateModified":"2026-04-30T11:45:29+00:00","description":"Hvad du kan forvente, hvis du rejser til Island i juli - vejr, menneskem\u00e6ngder, forhold, priser, begivenheder, attraktioner...","breadcrumb":{"@id":"https:\/\/iceland-lovers.com\/da\/rejse-island-juli-vejret-temperatur\/#breadcrumb"},"inLanguage":"da-DK","potentialAction":[{"@type":"ReadAction","target":["https:\/\/iceland-lovers.com\/da\/rejse-island-juli-vejret-temperatur\/"]}]},{"@type":"ImageObject","inLanguage":"da-DK","@id":"https:\/\/iceland-lovers.com\/da\/rejse-island-juli-vejret-temperatur\/#primaryimage","url":"https:\/\/iceland-lovers.com\/wp-content\/uploads\/2026\/04\/Partir-Islande-en-juillet-meteo-temperature.jpg","contentUrl":"https:\/\/iceland-lovers.com\/wp-content\/uploads\/2026\/04\/Partir-Islande-en-juillet-meteo-temperature.jpg","width":800,"height":600,"caption":"Partir Islande en juillet meteo temperature"},{"@type":"BreadcrumbList","@id":"https:\/\/iceland-lovers.com\/da\/rejse-island-juli-vejret-temperatur\/#breadcrumb","itemListElement":[{"@type":"ListItem","position":1,"name":"Accueil","item":"https:\/\/iceland-lovers.com\/da\/"},{"@type":"ListItem","position":2,"name":"Rejsetips","item":"https:\/\/iceland-lovers.com\/da\/rejsetips\/"},{"@type":"ListItem","position":3,"name":"Island i juli: vores komplette guide!"}]},{"@type":"WebSite","@id":"https:\/\/iceland-lovers.com\/da\/#website","url":"https:\/\/iceland-lovers.com\/da\/","name":"Iceland Lovers","description":"Le Blog de Claire et Manu","publisher":{"@id":"https:\/\/iceland-lovers.com\/da\/#organization"},"potentialAction":[{"@type":"SearchAction","target":{"@type":"EntryPoint","urlTemplate":"https:\/\/iceland-lovers.com\/da\/?s={search_term_string}"},"query-input":{"@type":"PropertyValueSpecification","valueRequired":true,"valueName":"search_term_string"}}],"inLanguage":"da-DK"},{"@type":"Organization","@id":"https:\/\/iceland-lovers.com\/da\/#organization","name":"Iceland Lovers","url":"https:\/\/iceland-lovers.com\/da\/","logo":{"@type":"ImageObject","inLanguage":"da-DK","@id":"https:\/\/iceland-lovers.com\/da\/#\/schema\/logo\/image\/","url":"https:\/\/iceland-lovers.com\/wp-content\/uploads\/2024\/05\/cropped-Iceland-Lovers-Logos-RVB_Principal-bicolore.png","contentUrl":"https:\/\/iceland-lovers.com\/wp-content\/uploads\/2024\/05\/cropped-Iceland-Lovers-Logos-RVB_Principal-bicolore.png","width":2326,"height":501,"caption":"Iceland Lovers"},"image":{"@id":"https:\/\/iceland-lovers.com\/da\/#\/schema\/logo\/image\/"}},{"@type":"Person","@id":"https:\/\/iceland-lovers.com\/da\/#\/schema\/person\/99f50c0c6981832bc8c168071e92df44","name":"Claire","image":{"@type":"ImageObject","inLanguage":"da-DK","@id":"https:\/\/secure.gravatar.com\/avatar\/e3566233826c32de8d7c9ef726a1087654b12cadb092acc17ee1d357687192ff?s=96&d=mm&r=g","url":"https:\/\/secure.gravatar.com\/avatar\/e3566233826c32de8d7c9ef726a1087654b12cadb092acc17ee1d357687192ff?s=96&d=mm&r=g","contentUrl":"https:\/\/secure.gravatar.com\/avatar\/e3566233826c32de8d7c9ef726a1087654b12cadb092acc17ee1d357687192ff?s=96&d=mm&r=g","caption":"Claire"},"sameAs":["https:\/\/iceland-lovers.com\/claire-robinson\/"],"url":"https:\/\/iceland-lovers.com\/da\/author\/icelandlovers\/"}]}},"featured_image_src":"https:\/\/iceland-lovers.com\/wp-content\/uploads\/2026\/04\/Partir-Islande-en-juillet-meteo-temperature-600x400.jpg","featured_image_src_square":"https:\/\/iceland-lovers.com\/wp-content\/uploads\/2026\/04\/Partir-Islande-en-juillet-meteo-temperature-600x600.jpg","author_info":{"display_name":"Claire","author_link":"https:\/\/iceland-lovers.com\/da\/author\/icelandlovers\/"},"_links":{"self":[{"href":"https:\/\/iceland-lovers.com\/da\/wp-json\/wp\/v2\/posts\/4302","targetHints":{"allow":["GET"]}}],"collection":[{"href":"https:\/\/iceland-lovers.com\/da\/wp-json\/wp\/v2\/posts"}],"about":[{"href":"https:\/\/iceland-lovers.com\/da\/wp-json\/wp\/v2\/types\/post"}],"author":[{"embeddable":true,"href":"https:\/\/iceland-lovers.com\/da\/wp-json\/wp\/v2\/users\/1"}],"replies":[{"embeddable":true,"href":"https:\/\/iceland-lovers.com\/da\/wp-json\/wp\/v2\/comments?post=4302"}],"version-history":[{"count":0,"href":"https:\/\/iceland-lovers.com\/da\/wp-json\/wp\/v2\/posts\/4302\/revisions"}],"wp:featuredmedia":[{"embeddable":true,"href":"https:\/\/iceland-lovers.com\/da\/wp-json\/wp\/v2\/media\/4120"}],"wp:attachment":[{"href":"https:\/\/iceland-lovers.com\/da\/wp-json\/wp\/v2\/media?parent=4302"}],"wp:term":[{"taxonomy":"category","embeddable":true,"href":"https:\/\/iceland-lovers.com\/da\/wp-json\/wp\/v2\/categories?post=4302"},{"taxonomy":"post_tag","embeddable":true,"href":"https:\/\/iceland-lovers.com\/da\/wp-json\/wp\/v2\/tags?post=4302"}],"curies":[{"name":"wp","href":"https:\/\/api.w.org\/{rel}","templated":true}]}}