{"id":3884,"date":"2026-03-23T08:25:45","date_gmt":"2026-03-23T07:25:45","guid":{"rendered":"https:\/\/iceland-lovers.com\/combien-jours-partir-islande-hiver\/"},"modified":"2026-03-23T08:29:55","modified_gmt":"2026-03-23T07:29:55","slug":"hvor-mange-dage-island-vinteren","status":"publish","type":"post","link":"https:\/\/iceland-lovers.com\/da\/hvor-mange-dage-island-vinteren\/","title":{"rendered":"Hvor mange dage p\u00e5 Island om vinteren?"},"content":{"rendered":"\n<p>Vil du gerne opleve Island under et t\u00e6ppe af sne, mellem nordlys og isgrotter?<br\/>Her er alle vores r\u00e5d om, hvordan du v\u00e6lger det antal dage, du vil tilbringe i Island om vinteren.<\/p>\n\n<figure class=\"wp-block-image size-full\"><img decoding=\"async\" src=\"https:\/\/iceland-lovers.com\/wp-content\/uploads\/2026\/03\/Hvor-mange-dage-Island-vinteren.jpg\" alt=\"Hvor mange dage skal man rejse til Island om vinteren?\" class=\"wp-image-3870\"\/><\/figure>\n\n<p>Dette er en helt <strong>uafh\u00e6ngig<\/strong> udtalelse, baseret p\u00e5 vores egen erfaring. Vi bes\u00f8gte regionen anonymt, traf vores egne valg og betalte vores regninger fuldt ud.<\/p>\n\n<div style=\"padding-left:5%\" class=\"wp-block-genesis-blocks-gb-container box gb-block-container\"><div class=\"gb-container-inside\"><div class=\"gb-container-content\">\n<p class=\"titre_box_manuscrit\">Indhold<\/p>\n\n\n\n<div class=\"wp-block-genesis-blocks-gb-container gb-block-container\"><div class=\"gb-container-inside\"><div class=\"gb-container-content\"><div id=\"ez-toc-container\" class=\"ez-toc-v2_0_82_1 counter-hierarchy ez-toc-counter ez-toc-custom ez-toc-container-direction\">\n<div class=\"ez-toc-title-container\">\n<span class=\"ez-toc-title-toggle\"><\/span><\/div>\n<nav><ul class='ez-toc-list ez-toc-list-level-1 ' ><li class='ez-toc-page-1 ez-toc-heading-level-2'><a class=\"ez-toc-link ez-toc-heading-1\" href=\"https:\/\/iceland-lovers.com\/da\/hvor-mange-dage-island-vinteren\/#Hvor_mange_dage_skal_man_tilbringe_i_Island_om_vinteren_hurtige_svar\" >Hvor mange dage skal man tilbringe i Island om vinteren: hurtige svar<\/a><\/li><li class='ez-toc-page-1 ez-toc-heading-level-2'><a class=\"ez-toc-link ez-toc-heading-2\" href=\"https:\/\/iceland-lovers.com\/da\/hvor-mange-dage-island-vinteren\/#Hvad_du_kan_se_og_goere_i_Island_om_vinteren\" >Hvad du kan se og g\u00f8re i Island om vinteren<\/a><\/li><li class='ez-toc-page-1 ez-toc-heading-level-2'><a class=\"ez-toc-link ez-toc-heading-3\" href=\"https:\/\/iceland-lovers.com\/da\/hvor-mange-dage-island-vinteren\/#Hvad_er_lukket_eller_utilgaengeligt_om_vinteren\" >Hvad er lukket eller utilg\u00e6ngeligt om vinteren?<\/a><\/li><li class='ez-toc-page-1 ez-toc-heading-level-2'><a class=\"ez-toc-link ez-toc-heading-4\" href=\"https:\/\/iceland-lovers.com\/da\/hvor-mange-dage-island-vinteren\/#Vejtider_og_vinterbegraensninger\" >Vejtider og vinterbegr\u00e6nsninger<\/a><\/li><li class='ez-toc-page-1 ez-toc-heading-level-2'><a class=\"ez-toc-link ez-toc-heading-5\" href=\"https:\/\/iceland-lovers.com\/da\/hvor-mange-dage-island-vinteren\/#5-_7-_10-_eller_12-dages_ruter_om_vinteren\" >5-, 7-, 10- eller 12-dages ruter om vinteren<\/a><\/li><li class='ez-toc-page-1 ez-toc-heading-level-2'><a class=\"ez-toc-link ez-toc-heading-6\" href=\"https:\/\/iceland-lovers.com\/da\/hvor-mange-dage-island-vinteren\/#Kriterier_for_at_beslutte_hvor_lang_tid_man_skal_tilbringe_i_Island_om_vinteren\" >Kriterier for at beslutte, hvor lang tid man skal tilbringe i Island om vinteren<\/a><\/li><li class='ez-toc-page-1 ez-toc-heading-level-2'><a class=\"ez-toc-link ez-toc-heading-7\" href=\"https:\/\/iceland-lovers.com\/da\/hvor-mange-dage-island-vinteren\/#Har_du_brug_for_en_4%C3%974_i_Island_om_vinteren\" >Har du brug for en 4&#215;4 i Island om vinteren?<\/a><\/li><li class='ez-toc-page-1 ez-toc-heading-level-2'><a class=\"ez-toc-link ez-toc-heading-8\" href=\"https:\/\/iceland-lovers.com\/da\/hvor-mange-dage-island-vinteren\/#Ofte_stillede_spoergsmaal\" >Ofte stillede sp\u00f8rgsm\u00e5l<\/a><\/li><\/ul><\/nav><\/div>\n\n<\/div><\/div><\/div>\n<\/div><\/div><\/div>\n\n<p><\/p>\n\n<h2 class=\"wp-block-heading\"><span class=\"ez-toc-section\" id=\"Hvor_mange_dage_skal_man_tilbringe_i_Island_om_vinteren_hurtige_svar\"><\/span>Hvor mange dage skal man tilbringe i Island om vinteren: hurtige svar<span class=\"ez-toc-section-end\"><\/span><\/h2>\n\n<p>Der er ikke noget universelt svar p\u00e5 dette sp\u00f8rgsm\u00e5l. Det afh\u00e6nger af en r\u00e6kke kriterier.  <\/p>\n\n<ul class=\"wp-block-list\">\n<li>Minimum for at f\u00e5 et <strong>overblik over<\/strong> den sydlige del og Den Gyldne Cirkel: 4 til 5 dage<\/li>\n\n\n\n<li>Antal dage til at se <strong>de mest ber\u00f8mte steder<\/strong>, der er tilg\u00e6ngelige om vinteren: 7 til 8 dage<\/li>\n\n\n\n<li>Efter vores mening er det ideelle antal dage for <strong>virkelig at nyde oplevelsen<\/strong> 10 til 12 dage.<\/li>\n\n\n\n<li>Dagene er korte i december og januar (4 til 6 timer), hvilket reducerer den tid, man kan bruge p\u00e5 at udforske hver dag, men l\u00e6ngere i februar og marts.<\/li>\n<\/ul>\n\n<p>Den islandske vinter varer fra november til marts. Denne s\u00e6son byder p\u00e5 unikke oplevelser: nordlys, naturlige ishuler, sned\u00e6kkede landskaber. Men det l\u00e6gger ogs\u00e5 store begr\u00e6nsninger p\u00e5 rejser og solskin. Vi foretog denne rejse og tilpassede vores r\u00e5d til disse realiteter.<\/p>\n\n<p>Vi giver dig flere detaljer i artiklen for at hj\u00e6lpe dig med at tr\u00e6ffe din beslutning.<\/p>\n\n<figure class=\"wp-block-image size-large\"><img decoding=\"async\" src=\"IMAGE\" alt=\"Nordlys i Island om vinteren\"\/><\/figure>\n\n<div style=\"background-color:#e4f3f6;margin-top:8%;margin-bottom:8%\" class=\"wp-block-genesis-blocks-gb-container box gb-block-container\"><div class=\"gb-container-inside\"><div class=\"gb-container-content\">\n<div class=\"wp-block-columns inverse box_planif is-layout-flex wp-container-core-columns-is-layout-9d6595d7 wp-block-columns-is-layout-flex\">\n<div class=\"wp-block-column texte_planif is-layout-flow wp-block-column-is-layout-flow\" style=\"flex-basis:60%\">\n<h5 class=\"titre_box\" style=\"padding-top:10px;\">LEJ EN BIL Ii<span class=\"titre_box_manuscrit\">Island<\/span><\/h5>\n\n\n\n<p style=\"font-size:16px\">Oplev de bedste tilbud p\u00e5 <a href=\"https:\/\/www.discovercars.com\/dk\/iceland?a_aid=zigzag&amp;chan=iceland\" target=\"_blank\" rel=\"noreferrer noopener sponsored nofollow\">Discovercars<\/a>, vores foretrukne platform!<br\/>P\u00e5 Route 1 er der ikke brug for 4&#215;4, uden for Route 1 afh\u00e6nger det af dine planer.<\/p>\n<\/div>\n\n\n\n<div class=\"wp-block-column planif-radius-2 is-layout-flow wp-block-column-is-layout-flow\">\n<figure class=\"wp-block-image size-large voiture_image\"><img decoding=\"async\" src=\"https:\/\/photos.smugmug.com\/Iceland\/Winter\/Driving\/i-q2wFFnJ\/1\/Dn4qbSGkrKhZgHBNz2hWXrPc3VdddRQZ7cdj3FpVX\/S\/drive_South_coast_Iceland-2-21-S.jpg\" alt=\"K&#xF8;rsel i Island\"\/><\/figure>\n<\/div>\n<\/div>\n\n\n\n<div class=\"wp-block-columns planif_bouton is-layout-flex wp-container-core-columns-is-layout-9d6595d7 wp-block-columns-is-layout-flex\">\n<div class=\"wp-block-column is-vertically-aligned-top is-layout-flow wp-block-column-is-layout-flow\">\n<div class=\"wp-block-buttons is-content-justification-center is-layout-flex wp-container-core-buttons-is-layout-16018d1d wp-block-buttons-is-layout-flex\">\n<div class=\"wp-block-button\"><a class=\"wp-block-button__link has-white-color has-text-color wp-element-button\" href=\"https:\/\/www.discovercars.com\/dk\/iceland?a_aid=zigzag&amp;amp;chan=iceland\" target=\"_blank\" rel=\"noreferrer noopener nofollow\">Se ledige biler &gt;&gt;<\/a><\/div>\n<\/div>\n<\/div>\n\n\n\n<div class=\"wp-block-column is-vertically-aligned-center is-layout-flow wp-block-column-is-layout-flow\">\n<p class=\"has-text-align-center\" style=\"font-size:16px\"><a href=\"https:\/\/iceland-lovers.com\/da\/sadan-lejer-bil-island-tips-erfaring\/\" target=\"_blank\" rel=\"noreferrer noopener\">L\u00e6s alle vores r\u00e5d<\/a><\/p>\n<\/div>\n<\/div>\n<\/div><\/div><\/div>\n\n<h2 class=\"wp-block-heading\"><span class=\"ez-toc-section\" id=\"Hvad_du_kan_se_og_goere_i_Island_om_vinteren\"><\/span>Hvad du kan se og g\u00f8re i Island om vinteren<span class=\"ez-toc-section-end\"><\/span><\/h2>\n\n<p>Vinteren begr\u00e6nser adgangen til visse regioner, men \u00e5bner d\u00f8ren til unikke oplevelser. Efter vores mening er dette s\u00e6sonens must-do aktiviteter:<\/p>\n\n<ul class=\"wp-block-list\">\n<li>Bes\u00f8g en isgrotte<\/li>\n\n\n\n<li>P\u00e5 jagt efter nordlyset<\/li>\n\n\n\n<li>Beundr de til tider frosne vandfald<\/li>\n\n\n\n<li>Se isbjerge i laguner eller p\u00e5 sorte sandstrande<\/li>\n\n\n\n<li>Hold varmen i en geotermisk zone<\/li>\n\n\n\n<li>Vandring p\u00e5 en gletsjer<\/li>\n\n\n\n<li>Slap af i de varme kilder<\/li>\n\n\n\n<li>At se i sort og hvidt i lavamarker<\/li>\n\n\n\n<li>Nyd atmosf\u00e6ren i Reykjavik<\/li>\n<\/ul>\n\n<p>Se vores artikel om <a href=\"https:\/\/iceland-lovers.com\/da\/sevaerdigheder-island-vinteren\/\" target=\"_blank\" rel=\"noreferrer noopener\">de bedste ting at lave i Island om vinteren.<\/a><\/p>\n\n<p>Vi mener, at man p\u00e5 7 til 8 dage kan n\u00e5 disse store steder uden at skynde sig. De fleste af de attraktioner, der er tilg\u00e6ngelige om vinteren, er koncentreret i det sydlige Island, hvilket g\u00f8r planl\u00e6gningen lettere.<\/p>\n\n<figure class=\"wp-block-image size-large\"><img decoding=\"async\" src=\"https:\/\/photos.smugmug.com\/Iceland\/Winter\/South-Coast-in-Winter\/Jokulsarlon\/Blue-ice-cave\/i-3r7NV3D\/1\/DD9vctGPkD4S3qk2BWzp7jKVdJsZvjTcBkZ2j8kPr\/L\/Jokulsarlon_ice_Caves_Iceland-3743-L.jpg\" alt=\"Isgrotte i Island\"\/><figcaption class=\"wp-element-caption\">Vatnaj\u00f6kulls isgrotte<\/figcaption><\/figure>\n\n<div style=\"background-color:#e4f8fb;margin-top:8%;margin-bottom:8%\" class=\"wp-block-genesis-blocks-gb-container box gb-block-container\"><div class=\"gb-container-inside\"><div class=\"gb-container-content\" style=\"max-width:700px\">\n<div style=\"background-color:#e4f8fb\" class=\"wp-block-genesis-blocks-gb-container box_titre gb-block-container\"><div class=\"gb-container-inside\"><div class=\"gb-container-content\">\n<h5 class=\"titre_box\" style=\"padding-top:10px;\">HVOR KAN MAN BO I <span class=\"titre_box_manuscrit\">Island<\/span>?<\/h5>\n<\/div><\/div><\/div>\n\n\n\n<div class=\"wp-block-columns box_sans_border is-layout-flex wp-container-core-columns-is-layout-9d6595d7 wp-block-columns-is-layout-flex\">\n<div class=\"wp-block-column texte_planif is-layout-flow wp-block-column-is-layout-flow\" style=\"font-size:14px;flex-basis:60%\">\n<p class=\"option_titre2\">Vores uafh\u00e6ngige udvalg hj\u00e6lper dig med at finde <strong>din dr\u00f8mmebolig<\/strong>:<\/p>\n\n\n\n<ul class=\"wp-block-list\">\n<li>Hvor skal man bo i Island (kommer snart)<\/li>\n\n\n\n<li>Hvor skal man bo i Reykjavik (kommer snart)<\/li>\n\n\n\n<li>Bedste 5-stjernede hoteller (kommer snart)<\/li>\n\n\n\n<li>Hvor kan man bo p\u00e5 sydkysten (kommer snart)<\/li>\n\n\n\n<li>Hvor kan man bo p\u00e5 Den Gyldne Cirkel (kommer snart)<\/li>\n\n\n\n<li><a href=\"https:\/\/iceland-lovers.com\/da\/hvor-skal-bo-snaefellsnes-halvoen-beste-hoteller\/\" target=\"_blank\" rel=\"noreferrer noopener\">Hvor skal man sove p\u00e5 Snaefellsnes-halv\u00f8en?<\/a><\/li>\n<\/ul>\n\n\n\n<ul class=\"wp-block-list\">\n<li><a href=\"https:\/\/iceland-lovers.com\/da\/hvor-skal-man-bo-island-vinter-bedste-hoteller\/\" data-type=\"post\" data-id=\"736\" target=\"_blank\" rel=\"noreferrer noopener\">Hvor kan man bo p\u00e5 \u00f8en om vinteren?<\/a><\/li>\n<\/ul>\n<\/div>\n\n\n\n<div class=\"wp-block-column is-vertically-aligned-top planif-radius is-layout-flow wp-block-column-is-layout-flow\" style=\"flex-basis:40%\">\n<figure class=\"wp-block-image size-large img-portrait\"><img decoding=\"async\" src=\"https:\/\/photos.smugmug.com\/Iceland\/South-Coast\/Hotel-Katla\/i-pJBMTRw\/0\/ZQQMRNz8xHstZq28JL5M6NFJtTCctQHbgMHVzVLz\/S\/Vik_Accommodation_Iceland-3648-S.jpg\" alt=\"Hotel Katla i n&#xE6;rheden af Vik\" title=\"\"\/><\/figure>\n<\/div>\n<\/div>\n<\/div><\/div><\/div>\n\n<h2 class=\"wp-block-heading\"><span class=\"ez-toc-section\" id=\"Hvad_er_lukket_eller_utilgaengeligt_om_vinteren\"><\/span>Hvad er lukket eller utilg\u00e6ngeligt om vinteren?<span class=\"ez-toc-section-end\"><\/span><\/h2>\n\n<p>Nogle omr\u00e5der og veje bliver ufremkommelige om vinteren. Det er vigtigt, n\u00e5r du skal planl\u00e6gge dit ophold og beslutte, hvor mange dage du skal bruge.<\/p>\n\n<ul class=\"wp-block-list\">\n<li><strong>H\u00f8jlandet (F-veje)<\/strong>: lukket fra oktober til juni. Landmannalaugar-omr\u00e5det, som er meget popul\u00e6rt om sommeren, er utilg\u00e6ngeligt.<\/li>\n\n\n\n<li><strong>Vestlige fjorde<\/strong>: De fleste sekund\u00e6re veje er lukkede eller farlige. Kun hovedafsnittet er nogle gange \u00e5bent, men forholdene er uforudsigelige.<\/li>\n\n\n\n<li>Sev\u00e6rdigheder <strong>langt fra Route 1<\/strong> i nord (s\u00e5som Dettifoss)<\/li>\n\n\n\n<li><strong>Lundefugle<\/strong>: Disse fugle er kun til stede mellem maj og august for at yngle. Resten af \u00e5ret er de p\u00e5 havet.<\/li>\n\n\n\n<li><strong>Visse vandreture<\/strong>: Flere bjergstier er lukkede eller sned\u00e6kkede. Gletschervandringer er kun mulige p\u00e5 guidede udflugter.<\/li>\n<\/ul>\n\n<p>Tjek vejforholdene dagligt p\u00e5 den <a href=\"https:\/\/umferdin.is\/en\" target=\"_blank\" rel=\"noreferrer noopener nofollow\">officielle hjemmeside road.is<\/a> og vejrudsigten p\u00e5 <a href=\"https:\/\/en.vedur.is\/\" target=\"_blank\" rel=\"noreferrer noopener nofollow\">vedur.is.<\/a> <br\/>V\u00e6r forsigtig om vinteren, da vejret kan skifte radikalt p\u00e5 f\u00e5 timer.<\/p>\n\n<figure class=\"wp-block-image size-large\"><img decoding=\"async\" src=\"https:\/\/photos.smugmug.com\/Iceland\/Winter\/Driving\/i-HPQZ7T5\/1\/MXBvKCcsjWzs7RZbm44BRRN6KPMpDqsgftBZjVgqw\/L\/eoad_Seydisfjordur_Iceland-3593-L.jpg\" alt=\"Sned&#xE6;kket vej i Island om vinteren\"\/><figcaption class=\"wp-element-caption\">Vejforholdene \u00e6ndrer sig hurtigt om vinteren<\/figcaption><\/figure>\n\n<div style=\"margin-top:8%;margin-bottom:8%\" class=\"wp-block-genesis-blocks-gb-container box gb-block-container\"><div class=\"gb-container-inside\"><div class=\"gb-container-content\">\n<div class=\"wp-block-columns inverse is-layout-flex wp-container-core-columns-is-layout-9d6595d7 wp-block-columns-is-layout-flex\">\n<div class=\"wp-block-column texte_planif is-layout-flow wp-block-column-is-layout-flow\" style=\"flex-basis:58%\">\n<h5 class=\"titre_box\" style=\"padding-top:10px\">UFORGLEMMELIGE AKTIVITETER OM <span class=\"titre_box_manuscrit\"> vinteren<\/span> <\/h5>\n\n\n\n<ul class=\"wp-block-list\">\n<li><a href=\"https:\/\/www.getyourguide.dk\/s\/?q=iceland+winter+ice+cave&amp;searchSource=3&amp;partner_id=R3GYW4V&amp;cmp=iceland\" target=\"_blank\" rel=\"noreferrer noopener sponsored nofollow\">Bes\u00f8g en isgrotte<\/a><\/li>\n\n\n\n<li><a href=\"https:\/\/www.getyourguide.dk\/s\/?q=iceland+winter+glacier+hike&amp;searchSource=3&amp;partner_id=R3GYW4V&amp;cmp=iceland\" target=\"_blank\" rel=\"noreferrer noopener sponsored nofollow\">Vandring p\u00e5 en gletsjer<\/a><\/li>\n\n\n\n<li><a href=\"https:\/\/www.getyourguide.dk\/s\/?q=iceland+whale+watching&amp;searchSource=3&amp;partner_id=R3GYW4V&amp;cmp=iceland\" target=\"_blank\" rel=\"noreferrer noopener sponsored nofollow\">Hvalsafari<\/a> (fra Reykjavik, Husavik eller Akureyri)<\/li>\n<\/ul>\n<\/div>\n\n\n\n<div class=\"wp-block-column ville-radius is-layout-flow wp-block-column-is-layout-flow\" style=\"flex-basis:42%\">\n<figure class=\"wp-block-image size-large img-portrait\"><img decoding=\"async\" src=\"https:\/\/photos.smugmug.com\/Iceland\/Winter\/South-Coast-in-Winter\/Jokulsarlon\/Blue-ice-cave\/i-46mXBBx\/1\/C87JBB8LhkDnd8m3CHST8wQkDNjkZL4xTSQ8RPfxp\/S\/Jokulsarlon_ice_Caves_Iceland-3750-S.jpg\" alt=\"Isgrotte i Island\" title=\"\"\/><\/figure>\n<\/div>\n<\/div>\n<\/div><\/div><\/div>\n\n<h2 class=\"wp-block-heading\"><span class=\"ez-toc-section\" id=\"Vejtider_og_vinterbegraensninger\"><\/span>Vejtider og vinterbegr\u00e6nsninger<span class=\"ez-toc-section-end\"><\/span><\/h2>\n\n<p>Om vinteren er rejsetiden l\u00e6ngere end om sommeren. Sne, is og vind g\u00f8r rejserne l\u00e6ngere.  <br\/>Desuden betyder de korte dage, at vi er n\u00f8dt til at k\u00f8re en del i m\u00f8rke.  <br\/>Vi anbefaler at bruge 30-50% mere tid end om sommeren.<\/p>\n\n<figure class=\"wp-block-image size-large\"><img decoding=\"async\" src=\"https:\/\/iceland-lovers.com\/wp-content\/uploads\/2024\/09\/kort-Island-om-vinteren-Hvor-skal-man-bo-1024x683.png\" alt=\"kort over island om vinteren hvor man kan bo\" class=\"wp-image-2083\"\/><\/figure>\n\n<p>Nogle eksempler p\u00e5 k\u00f8retider mellem de vigtigste sev\u00e6rdigheder (normale vinterforhold):<\/p>\n\n<ul class=\"wp-block-list\">\n<li>Reykjavik &#8211; Den Gyldne Cirkel (Geysir): ca. 1h30<\/li>\n\n\n\n<li>Reykjavik &#8211; Vik (sydkysten): ca. 3 timer<\/li>\n\n\n\n<li>Vik &#8211; J\u00f6kuls\u00e1rl\u00f3n: ca. 3 timer<\/li>\n\n\n\n<li>Reykjavik &#8211; Sn\u00e6fellsnes-halv\u00f8en: ca. 2,5 timer<\/li>\n\n\n\n<li>Reykjavik &#8211; Den Bl\u00e5 Lagune (Grindavik): ca. 50min<\/li>\n<\/ul>\n\n<p>Disse tider er kun vejledende. I tilf\u00e6lde af storm kan nogle veje v\u00e6re midlertidigt lukkede. Man er n\u00f8dt til at acceptere naturens kraft, n\u00e5r man rejser i Island om vinteren, og nyde hvert \u00f8jeblik, selv om man sidder fast p\u00e5 et hotel.<\/p>\n\n<figure class=\"wp-block-image size-large\"><img decoding=\"async\" src=\"https:\/\/photos.smugmug.com\/Iceland\/Winter\/Driving\/i-JcPLfsK\/1\/KWN7P7BwF99Fw66Pz5xctfHfJsHXgDLvDLNTwsPxR\/L\/driving_Snaefellsnes_Iceland-4888-L.jpg\" alt=\"sned&#xE6;kket vej\"\/><\/figure>\n\n<div style=\"background-color:#f2fbe8;margin-top:8%;margin-bottom:8%\" class=\"wp-block-genesis-blocks-gb-container box gb-block-container\"><div class=\"gb-container-inside\"><div class=\"gb-container-content\" style=\"max-width:700px\">\n<div class=\"wp-block-columns is-not-stacked-on-mobile texte_planif is-layout-flex wp-container-core-columns-is-layout-9d6595d7 wp-block-columns-is-layout-flex\">\n<div class=\"wp-block-column is-vertically-aligned-center img_icone is-layout-flow wp-block-column-is-layout-flow\" style=\"flex-basis:10%\"><div class=\"wp-block-image\">\n<figure class=\"aligncenter size-full is-resized\"><img loading=\"lazy\" decoding=\"async\" width=\"266\" height=\"190\" src=\"https:\/\/iceland-lovers.com\/wp-content\/uploads\/2024\/06\/car-iceland.png\" alt=\"bil-iceland\" class=\"wp-image-775\" style=\"width:40px\"\/><\/figure>\n<\/div><\/div>\n\n\n\n<div class=\"wp-block-column is-vertically-aligned-center is-layout-flow wp-block-column-is-layout-flow\" style=\"flex-basis:90%\">\n<p>Find de bedste tilbud p\u00e5 vores foretrukne biludlejningsplatform: <a href=\"https:\/\/www.discovercars.com\/dk\/iceland?a_aid=zigzag&amp;chan=iceland\" target=\"_blank\" rel=\"noreferrer noopener sponsored nofollow\">DiscoverCars<\/a><\/p>\n<\/div>\n<\/div>\n<\/div><\/div><\/div>\n\n<h2 class=\"wp-block-heading\"><span class=\"ez-toc-section\" id=\"5-_7-_10-_eller_12-dages_ruter_om_vinteren\"><\/span>5-, 7-, 10- eller 12-dages ruter om vinteren<span class=\"ez-toc-section-end\"><\/span><\/h2>\n\n<p>Om vinteren fokuserer rejserne prim\u00e6rt p\u00e5 den sydlige og vestlige del af Island. Her er, hvad du kan forvente, afh\u00e6ngigt af l\u00e6ngden af dit ophold:<\/p>\n\n<h3 class=\"wp-block-heading\">5 dage: Syden og Den Gyldne Cirkel<\/h3>\n\n<p>Dette er det mest almindelige format for en f\u00f8rste vinterferie. Du kan udforske Den Gyldne Cirkel, vandfaldene og strandene p\u00e5 sydkysten og nyde en aften med nordlys. P\u00e5 5 dage regner vi med, at du f\u00e5r et godt overblik over vinterlandskabet uden at n\u00e5 frem til gletsjerlagunen J\u00f6kuls\u00e1rl\u00f3n (medmindre du rejser i et j\u00e6vnt tempo).<\/p>\n\n<h3 class=\"wp-block-heading\">7 til 8 dage: hele den sydlige del og Sn\u00e6fellsnes<\/h3>\n\n<p>P\u00e5 en uge kan du rejse langs sydkysten til J\u00f6kuls\u00e1rl\u00f3n, bes\u00f8ge en isgrotte, vandre p\u00e5 en gletsjer og udforske Sn\u00e6fellsnes-halv\u00f8en. Vi anbefaler denne opholdsl\u00e6ngde for en velafbalanceret vinterferie. Du f\u00e5r ogs\u00e5 tid til at nyde Reykjavik og pr\u00f8ve kr\u00e6fter med at se nordlys flere aftener.<\/p>\n\n<p>Eller du kan tage en tur p\u00e5 Route 1, hvis du er meget striks med hensyn til valg af stop.<\/p>\n\n<figure class=\"wp-block-image size-large\"><img decoding=\"async\" src=\"https:\/\/photos.smugmug.com\/Iceland\/Winter\/South-Coast-in-Winter\/Jokulsarlon\/Diamond-beach\/i-w82tPzL\/1\/CQkkgfRGV4nKrq99fm37WL8BMd6Kkv8VW8JPtp8kp\/L\/Jokulsarlon_Diamond_Beach_Iceland-3698-L.jpg\" alt=\"Diamant-stranden\"\/><\/figure>\n\n<h3 class=\"wp-block-heading\">10 til 12 dage: Dybdeg\u00e5ende udforskning<\/h3>\n\n<p>Det giver os mulighed for at tilf\u00f8je Reykjanes-halv\u00f8en, bruge mere tid i hver zone, tage p\u00e5 flere gletsjervandringer og planl\u00e6gge bufferdage i tilf\u00e6lde af d\u00e5rligt vejr. Erfarne rejsende kan overveje en tur nordp\u00e5 (Akureyri, M\u00fdvatn-s\u00f8en), som kan n\u00e5s med indenrigsfly fra Reykjavik eller ad landevejen, hvis forholdene tillader det. Vi mener, at denne varighed er ideel til en komplet vinterferie.<\/p>\n\n<p>For at f\u00e5 en endnu bedre id\u00e9 om, hvad du kan se, kan du kigge p\u00e5 vores forslag til rejseplaner:<\/p>\n\n<ul class=\"wp-block-list\">\n<li>5-dages rejseplan i Island om vinteren (kommer snart)<\/li>\n\n\n\n<li><a href=\"https:\/\/iceland-lovers.com\/da\/besog-island-vinter-en-uge\/\" target=\"_blank\" rel=\"noreferrer noopener\">7-dages vinterrejseplan<\/a><\/li>\n\n\n\n<li><a href=\"https:\/\/iceland-lovers.com\/da\/visiter-islande-hiver-10-jours-itineraire-2\/\" type=\"post\" id=\"2277\" target=\"_blank\" rel=\"noreferrer noopener\">10-dages vinterrejseplan<\/a><\/li>\n<\/ul>\n\n<div class=\"wp-block-genesis-blocks-gb-container box gb-block-container\"><div class=\"gb-container-inside\"><div class=\"gb-container-content\">\n<div class=\"wp-block-columns inverse is-layout-flex wp-container-core-columns-is-layout-9d6595d7 wp-block-columns-is-layout-flex\">\n<div class=\"wp-block-column texte_planif is-layout-flow wp-block-column-is-layout-flow\" style=\"flex-basis:58%\">\n<h5 class=\"titre_box\">VORES GUIDE TIL PLANL\u00c6GNING AF EN <span class=\"titre_box_manuscrit\">Dr\u00f8mmerejse<\/span><\/h5>\n\n\n\n<ul class=\"wp-block-list\">\n<li>6 kort, der g\u00f8r planl\u00e6gningen lettere<\/li>\n\n\n\n<li>+ 75 p\u00e5 forh\u00e5nd udvalgte steder  <\/li>\n\n\n\n<li>Praktiske r\u00e5d  <\/li>\n\n\n\n<li>+ 115 fotos til at hj\u00e6lpe dig med at v\u00e6lge<\/li>\n<\/ul>\n\n\n\n<div class=\"wp-block-buttons is-layout-flex wp-block-buttons-is-layout-flex\">\n<div class=\"wp-block-button\"><a class=\"wp-block-button__link has-theme-primary-background-color has-background wp-element-button\" href=\"https:\/\/iceland-lovers.com\/da\/ebook-guide-road-trip-island-vinter\/\">Find ud af mere &gt;&gt;<\/a><\/div>\n<\/div>\n<\/div>\n\n\n\n<div class=\"wp-block-column is-layout-flow wp-block-column-is-layout-flow\" style=\"flex-basis:42%\">\n<div class=\"wp-block-genesis-blocks-gb-container ebook-radius-waitlist gb-block-container\"><div class=\"gb-container-inside\"><div class=\"gb-container-content\"><div class=\"wp-block-image ebook-image\">\n<figure class=\"aligncenter size-full\"><img decoding=\"async\" src=\"https:\/\/iceland-lovers.com\/wp-content\/uploads\/2024\/06\/Road-trip-guide-Iceland-Winter-eBook-cover.jpg\" alt=\"Road trip guide Island vinter eBook Cover\" class=\"wp-image-1049\"\/><\/figure>\n<\/div><\/div><\/div><\/div>\n<\/div>\n<\/div>\n<\/div><\/div><\/div>\n\n<h2 class=\"wp-block-heading\"><span class=\"ez-toc-section\" id=\"Kriterier_for_at_beslutte_hvor_lang_tid_man_skal_tilbringe_i_Island_om_vinteren\"><\/span>Kriterier for at beslutte, hvor lang tid man skal tilbringe i Island om vinteren<span class=\"ez-toc-section-end\"><\/span><\/h2>\n\n<h3 class=\"wp-block-heading\">Budget<\/h3>\n\n<p>Island er en af de dyreste destinationer i Europa, og det g\u00e6lder ogs\u00e5 om vinteren. Overnatningspriserne er dog lavere end i h\u00f8js\u00e6sonen (ca. 20-30 % lavere i gennemsnit). At leje en vinterbil er en stor udgift.<\/p>\n\n<figure class=\"wp-block-image size-large\"><img decoding=\"async\" src=\"https:\/\/photos.smugmug.com\/Iceland\/Winter\/South-Coast-in-Winter\/Hotel-Katla-Vik\/i-RRMBdFj\/1\/MRgj2R5pwR2tTk5Km34FHbFLXgdkXSZMg7ZSsKzcM\/L\/Vik_Accommodation_Iceland-3648-L.jpg\" alt=\"Overnatning i Island om vinteren\"\/><\/figure>\n\n<div style=\"background-color:#ffffff;margin-top:8%;margin-bottom:8%\" class=\"wp-block-genesis-blocks-gb-container box gb-block-container\"><div class=\"gb-container-inside\"><div class=\"gb-container-content\" style=\"max-width:700px\">\n<div class=\"wp-block-columns is-not-stacked-on-mobile texte_planif has-background is-layout-flex wp-container-core-columns-is-layout-9d6595d7 wp-block-columns-is-layout-flex\" style=\"background-color:#06aec417\">\n<div class=\"wp-block-column img_icone is-layout-flow wp-block-column-is-layout-flow\" style=\"flex-basis:25%\"><div class=\"wp-block-image image_icone\">\n<figure class=\"aligncenter size-full is-resized\"><img loading=\"lazy\" decoding=\"async\" width=\"400\" height=\"400\" src=\"https:\/\/iceland-lovers.com\/wp-content\/uploads\/2026\/01\/iceland-plane.png\" alt=\"islandske fly\" class=\"wp-image-3771\" style=\"object-fit:cover;width:100px;height:100px\" srcset=\"https:\/\/iceland-lovers.com\/wp-content\/uploads\/2026\/01\/iceland-plane.png 400w, https:\/\/iceland-lovers.com\/wp-content\/uploads\/2026\/01\/iceland-plane-300x300.png 300w, https:\/\/iceland-lovers.com\/wp-content\/uploads\/2026\/01\/iceland-plane-150x150.png 150w, https:\/\/iceland-lovers.com\/wp-content\/uploads\/2026\/01\/iceland-plane-75x75.png 75w\" sizes=\"auto, (max-width: 400px) 100vw, 400px\" \/><\/figure>\n<\/div><\/div>\n\n\n\n<div class=\"wp-block-column is-vertically-aligned-center paragraphe_une is-layout-flow wp-block-column-is-layout-flow\" style=\"flex-basis:90%\">\n<p style=\"font-size:16px\">Det er tid til at booke!<br\/><a href=\"https:\/\/skyscanner.pxf.io\/dONaXy\" target=\"_blank\" rel=\"noreferrer noopener sponsored nofollow\"><strong>Sammenlign alt:<\/strong> selskaber, priser, k\u00f8replaner og tilg\u00e6ngelighed.<\/a><\/p>\n<\/div>\n<\/div>\n<\/div><\/div><\/div>\n\n<h3 class=\"wp-block-heading\">Dine \u00f8nsker, interesser og m\u00e5l<\/h3>\n\n<p>Ser du nordlyset? Bes\u00f8ge ishuler? Vandring p\u00e5 en gletsjer? Fotograferer du sned\u00e6kkede landskaber?<br\/>Dine prioriteter afg\u00f8r, hvor meget tid du har brug for til at f\u00e5 mest muligt ud af din destination om vinteren.<br\/>For eksempel er nordlyset ikke synligt hver aften: Hvis du planl\u00e6gger flere aftener i forvejen, \u00f8ger du dine chancer for at se det.<\/p>\n\n<p>I Island om vinteren er tilbuddet koncentreret om:<\/p>\n\n<ul class=\"wp-block-list\">\n<li>Antal tilg\u00e6ngelige <strong>vandfald<\/strong>:  <br\/>h\u00f8j (de fleste af de store vandfald i syd er stadig tilg\u00e6ngelige, nogle delvist frosne)<\/li>\n\n\n\n<li>Et stort antal <strong>gletsjere<\/strong> er tilg\u00e6ngelige p\u00e5 udflugt:  <br\/>h\u00f8j (S\u00f3lheimaj\u00f6kull, Skaftafell, Vatnaj\u00f6kull)<\/li>\n\n\n\n<li>Talrige <strong>varme kilder <\/strong>og geotermiske bade:  <br\/>h\u00f8j (Bl\u00e5 Lagune, Sky Lagoon, Secret Lagoon, naturlige bade)<\/li>\n<\/ul>\n\n<figure class=\"wp-block-image size-large\"><img decoding=\"async\" src=\"https:\/\/photos.smugmug.com\/Iceland\/Winter\/Snaefellsnes\/Kirkjufell\/i-PNs4gBm\/1\/CZtHfxZPX7KK7HJZLPWSbMqgCkHZCxSpvdCSX5NMR\/L\/Kirkjufell_Iceland-4177-L.jpg\" alt=\"Kirkjufell og dens vandfald\"\/><\/figure>\n\n<ul class=\"wp-block-list\">\n<li>Talrige <strong>vandreture<\/strong> til r\u00e5dighed:  <br\/>moderat (begr\u00e6nset til afm\u00e6rkede stier og guidede gletsjerudflugter)<\/li>\n\n\n\n<li>En bred vifte af<strong> kulturelle steder<\/strong>:  <br\/>Moderat (museer og gallerier i Reykjavik, historiske kirker)<\/li>\n\n\n\n<li>Observation af <strong>livet i havet<\/strong>:  <br\/>moderat (hvalobservationsture mulige fra Reykjavik og H\u00fasavik, men havforholdene kan v\u00e6re vanskelige)<\/li>\n\n\n\n<li><strong>Landskabsfotografering<\/strong>:  <br\/>enest\u00e5ende (lavvinklet lys, kontrast mellem sne og basalt, nordlys)<\/li>\n<\/ul>\n\n<figure class=\"wp-block-image size-large\"><img decoding=\"async\" src=\"https:\/\/photos.smugmug.com\/Iceland\/Winter\/South-Coast-in-Winter\/Solheimajokull\/i-7DpPWs9\/1\/JbkX5q87cZ8Gq68pvTZdSdKhcbN82MRrVBZJVBfF\/L\/Solheimajokull_glacier_walk__Iceland-1834-L.jpg\" alt=\"Vandring p&#xE5; en gletsjer\"\/><\/figure>\n\n<h3 class=\"wp-block-heading\">Dagslys: en stor begr\u00e6nsning<\/h3>\n\n<p>Det er den faktor, som de rejsende undervurderer mest. N\u00e5r vinteren er p\u00e5 sit h\u00f8jeste (december-januar), har Island kun 4-5 timers dagslys. I november og februar skal man regne med 6-8 timer. Denne reducerede periode med solskin har en direkte indvirkning p\u00e5 dit daglige program.<\/p>\n\n<p>I praksis betyder det, at du kun kan bes\u00f8ge et eller to steder om dagen sammenlignet med tre eller fire om sommeren. Det er hoved\u00e5rsagen til, at vi anbefaler at afs\u00e6tte flere dage, end afstandene alene antyder. P\u00e5 den anden side skaber vinterens lavvinklede lys en atmosf\u00e6re, som du ikke finder p\u00e5 noget andet tidspunkt af \u00e5ret.<\/p>\n\n<figure class=\"wp-block-image size-large\"><img decoding=\"async\" src=\"https:\/\/photos.smugmug.com\/Iceland\/Winter\/Snaefellsnes\/Saxholl\/i-5KpnNsc\/1\/gxDF5ztmWZbNNSnpnmSWgQNVJ59nGJPB5ppVcBhL\/L\/crater_Saxholl_Iceland-4209-L.jpg\" alt=\"Snaefellsnes om vinteren\"\/><\/figure>\n\n<h3 class=\"wp-block-heading\">Din oplevelse af vinterk\u00f8rsel<\/h3>\n\n<p>At k\u00f8re i Island om vinteren kr\u00e6ver en vis erfaring med sne- og isglatte veje. Sidevind kan n\u00e5 op p\u00e5 100 km\/t og reducere sigtbarheden betydeligt. Vejene langs kysten er nogle gange d\u00e6kket af sort is.<\/p>\n\n<p>Hvis du ikke er vant til disse forhold, har du to muligheder:  <\/p>\n\n<ul class=\"wp-block-list\">\n<li>book guidede udflugter fra Reykjavik (en almindelig mulighed for 4- til 6-dages ophold) &#8211; <a href=\"https:\/\/iceland-lovers.com\/da\/bedste-udflugter-fra-reykjavik-vinteren\/\" type=\"post\" id=\"1540\" target=\"_blank\" rel=\"noreferrer noopener\">se vores favoritter<\/a><\/li>\n\n\n\n<li>eller begr\u00e6ns din rejse til hovedruterne i syd, hvor vejene f\u00f8rst og fremmest ryddes for sne, og v\u00e6lg en 4&#215;4 for at f\u00e5 bedre kontrol.<\/li>\n<\/ul>\n\n<figure class=\"wp-block-image size-large\"><img decoding=\"async\" src=\"https:\/\/photos.smugmug.com\/Iceland\/Winter\/Driving\/i-q2wFFnJ\/1\/MpNL5hC5fwm8dPK4LSjbzrvHfH5mztQnvPnNF2zbV\/L\/drive_South_coast_Iceland-2-21-L.jpg\" alt=\"Ideel rute om vinteren\"\/><figcaption class=\"wp-element-caption\">Vi vil gerne have, at alle veje er s\u00e5dan her&#8230;<\/figcaption><\/figure>\n\n<h3 class=\"wp-block-heading\">Visum<\/h3>\n\n<p>Island er en del af Schengen-omr\u00e5det. Hvis dit pas er uden for dette omr\u00e5de, giver turistvisummet dig tilladelse til at rejse i omr\u00e5det, herunder Island, i h\u00f8jst 90 sammenh\u00e6ngende dage.<\/p>\n\n<h3 class=\"wp-block-heading\">Personlige omst\u00e6ndigheder<\/h3>\n\n<p>Overvej ogs\u00e5 din tolerance over for kulde og korte dage. Nogle rejsende oplever, at l\u00e6ngere tids m\u00f8rke p\u00e5virker deres energiniveau. I s\u00e5 fald r\u00e5der vi dig til at planl\u00e6gge lettere dage, hvor du veksler mellem udflugter og afslapning i de varme bade.<\/p>\n\n<figure class=\"wp-block-image size-large\"><img decoding=\"async\" src=\"https:\/\/photos.smugmug.com\/Iceland\/Winter\/North-Iceland\/Myvatn\/Nature-Baths\/i-tZfRGNd\/1\/nLwzD9ZBbrR8xtMZ7tGJR92DpXT4qBDkMWn6ZCS5\/L\/Nature_Baths_Myvatn_Iceland-4258-L.jpg\" alt=\"Myvatn naturbad\"\/><\/figure>\n\n<h3 class=\"wp-block-heading\">Vejr og forhold, der er specifikke for vinteren<\/h3>\n\n<p>Temperaturerne svinger mellem -5\u00b0C og 5\u00b0C ved havet, nogle gange lavere inde i landet. Vinden er den mest begr\u00e6nsende faktor: Den forst\u00e6rker f\u00f8lelsen af kulde og kan g\u00f8re visse bes\u00f8g ubehagelige eller farlige (is\u00e6r p\u00e5 klipper og strande).<\/p>\n\n<p>Et par punkter at huske p\u00e5:<\/p>\n\n<ul class=\"wp-block-list\">\n<li><strong>November<\/strong>: starten p\u00e5 nordlys- og isgrottes\u00e6sonen, omkring 7 timers dagslys, temperaturer stadig moderate<\/li>\n\n\n\n<li><strong>December-januar<\/strong>: de korteste dage (4 til 6 timers dagslys), isgrotter under optimale forhold, \u00e5rsafslutningsfestligheder i Reykjavik<\/li>\n\n\n\n<li><strong>Februar<\/strong>: Lyset vender gradvist tilbage (kl. 6.00 til 8.00), isgrotterne er stadig tilg\u00e6ngelige, og vejene begynder at blive mere farbare.<\/li>\n\n\n\n<li><strong>Mars<\/strong>: omkring 8 til 9 timers dagslys, de sidste par uger for isgrotterne, nordlyset er stadig synligt, vejforholdene forbedres<\/li>\n<\/ul>\n\n<p><strong>Vi anbefaler februar eller marts<\/strong> til den f\u00f8rste vinterferie. Der er masser af lys til at nyde landskabet, samtidig med at man bevarer alle vinterens oplevelser. December og januar er mere velegnede til rejsende, der \u00f8nsker den mest opslugende atmosf\u00e6re, forudsat at de kan acceptere de meget korte dage.<\/p>\n\n<figure class=\"wp-block-image size-large\"><img decoding=\"async\" src=\"https:\/\/photos.smugmug.com\/Iceland\/Winter\/North-Iceland\/Myvatn\/Dimmuborgir\/i-gpBNwm7\/1\/DfQMLDSGn2xtmBKvx8Q7QH7HThLDKNZbWxgDsCrRF\/L\/Dimmuborgir_Myvatn_Iceland-3946-L.jpg\" alt=\"Snekl&#xE6;dt landskab i Island: Dimmuborgir\"\/><\/figure>\n\n<h2 class=\"wp-block-heading\"><span class=\"ez-toc-section\" id=\"Har_du_brug_for_en_4%C3%974_i_Island_om_vinteren\"><\/span>Har du brug for en 4&#215;4 i Island om vinteren?<span class=\"ez-toc-section-end\"><\/span><\/h2>\n\n<p>Ja, uden t\u00f8ven. I mods\u00e6tning til om sommeren, hvor en almindelig bil er tilstr\u00e6kkelig til den cirkul\u00e6re rute, g\u00f8r vinteren en 4&#215;4 uundv\u00e6rlig. Sekund\u00e6re veje er ikke altid ryddet for sne, stejle bakker bliver til glatte skr\u00e6nter, og forholdene \u00e6ndrer sig fra den ene time til den anden. Du f\u00e5r meget bedre kontrol over k\u00f8ret\u00f8jet.<\/p>\n\n<p>Men igen, hvis du ikke har erfaring med at k\u00f8re p\u00e5 sne og is, er det ikke her, du skal l\u00e6re det. V\u00e6lg guidede udflugter!<\/p>\n\n<figure class=\"wp-block-image size-large\"><img decoding=\"async\" src=\"https:\/\/photos.smugmug.com\/Iceland\/Winter\/Driving\/i-34M2WPv\/1\/LsQjJ4Vt55knX5fdkZzPpFTkBCDs8BkSJSwZZq4Wf\/L\/winter_drive_Snaefellsnes_Iceland-4691-L.jpg\" alt=\"Farerne ved at k&#xF8;re om vinteren\"\/><\/figure>\n\n<h2 class=\"wp-block-heading\"><span class=\"ez-toc-section\" id=\"Ofte_stillede_spoergsmaal\"><\/span>Ofte stillede sp\u00f8rgsm\u00e5l<span class=\"ez-toc-section-end\"><\/span><\/h2>\n\n<h3 class=\"wp-block-heading\">Er 4 dage nok i Island om vinteren?<\/h3>\n\n<p>P\u00e5 4 dage kan du udforske Reykjavik, Den Gyldne Cirkel og en del af sydkysten (Seljalandsfoss og Sk\u00f3gafoss vandfald, Reynisfjara strand). Det er et hurtigt, men tilfredsstillende overblik, is\u00e6r hvis du bestiller en guidet tur for at f\u00e5 mest muligt ud af din tid. Du har ikke tid til at n\u00e5 J\u00f6kuls\u00e1rl\u00f3n eller bes\u00f8ge en isgrotte, s\u00e5 hvis du koncentrerer dig om det (kun en vej) langs sydkysten.<\/p>\n\n<h3 class=\"wp-block-heading\">Er 5 dage nok i Island om vinteren?<\/h3>\n\n<p>Med 5 dage tror vi, at du kan tilf\u00f8je J\u00f6kuls\u00e1rl\u00f3n og Diamond Beach til din rejseplan eller endda en gletsjervandring. Tempoet bliver h\u00f8jt, og der er ingen fridage, men det kan lade sig g\u00f8re, hvis vejret er med os.<\/p>\n\n<h3 class=\"wp-block-heading\">Er 7 dage for lang tid p\u00e5 Island om vinteren?<\/h3>\n\n<p>Nej, 7 dage er ikke for lang tid. Det er den tid, vi anbefaler for en komplet vinterferie i syden. Du kan inkludere Den Gyldne Cirkel, sydkysten til J\u00f6kuls\u00e1rl\u00f3n, en isgrotte, en gletsjervandring, Sn\u00e6fellsnes-halv\u00f8en og Reykjavik, samtidig med at du holder en bufferdag til vejret. Du har ogs\u00e5 flere aftener til at pr\u00f8ve at f\u00e5 \u00f8je p\u00e5 nordlyset.<\/p>\n\n<h3 class=\"wp-block-heading\">Er 10 dage for lang tid p\u00e5 Island om vinteren?<\/h3>\n\n<p>Nej, 10 dage er ikke for lang tid. Det giver dig mulighed for at udforske uden at skynde dig, at gense steder i forskellige belysninger, at tilbringe tid ved de varme kilder og at have rigtige bufferdage i tilf\u00e6lde af uvejr. Rejsende med en passion for fotografering s\u00e6tter is\u00e6r pris p\u00e5 dette mere afslappede tempo.<\/p>\n\n<h3 class=\"wp-block-heading\">Kan man tage en hel rundtur i Island om vinteren?<\/h3>\n\n<p>Det er muligt, fordi den cirkul\u00e6re vej (Route 1) forbliver \u00e5ben om vinteren.  <br\/>Men vi anbefaler det ikke til de fleste rejsende. De nordlige dele lukkes j\u00e6vnligt af storme, korte dage g\u00f8r lange rejser vanskelige, og mange nordlige attraktioner er lukkede eller sv\u00e6rt tilg\u00e6ngelige.  <\/p>\n\n<h3 class=\"wp-block-heading\">Hvorn\u00e5r kan jeg booke udflugter (isgrotter, gletsjer)?<\/h3>\n\n<p>Book s\u00e5 tidligt som muligt. Udflugter til ishuler er meget popul\u00e6re, og der er et begr\u00e6nset antal pladser. Dette show vil du ikke g\u00e5 glip af!<br\/>Gletschervandringer kan ogs\u00e5 bestilles p\u00e5 forh\u00e5nd, selvom tilg\u00e6ngeligheden generelt er bedre.<\/p>\n\n<h3 class=\"wp-block-heading\">Er der garanti for nordlys?<\/h3>\n\n<p>Nej, ingen garanti. Nordlyset afh\u00e6nger af solaktivitet og skyd\u00e6kke. Klar himmel og lav lysforurening er afg\u00f8rende. Jo l\u00e6ngere du bliver, jo st\u00f8rre er dine chancer. Hvis du tilbringer 7 dage i Island, er der en statistisk god chance for, at du ser en mindst \u00e9n gang.  <\/p>\n\n<div style=\"margin-top:8%;margin-bottom:8%\" class=\"wp-block-genesis-blocks-gb-container box gb-block-container\"><div class=\"gb-container-inside\"><div class=\"gb-container-content\" style=\"max-width:700px\">\n<div class=\"wp-block-genesis-blocks-gb-container box_titre gb-block-container\"><div class=\"gb-container-inside\"><div class=\"gb-container-content\">\n<h5 class=\"titre_box\"><span>PLANL\u00c6G<\/span> DIN REJSE TIL <span class=\"titre_box_manuscrit\">Island<\/span> OM VINTEREN<\/h5>\n<\/div><\/div><\/div>\n\n\n\n<hr class=\"wp-block-separator has-text-color has-alpha-channel-opacity has-background is-style-wide hr-box-planif\" style=\"background-color:#ccd3dd;color:#ccd3dd\"\/>\n\n\n\n<div class=\"wp-block-columns box_sans_border is-layout-flex wp-container-core-columns-is-layout-9d6595d7 wp-block-columns-is-layout-flex\">\n<div class=\"wp-block-column texte_planif is-layout-flow wp-block-column-is-layout-flow\" style=\"font-size:14px;flex-basis:60%\">\n<ul class=\"wp-block-list\">\n<li><strong>Best-of<\/strong><\/li>\n<\/ul>\n\n\n\n<p class=\"ul_box\" style=\"font-size:14px\"><a href=\"https:\/\/iceland-lovers.com\/da\/landskab-island-vinter-panorama-tips\/\" target=\"_blank\" rel=\"noreferrer noopener\">Landskaber i Island om vinteren<\/a><br\/><a href=\"https:\/\/iceland-lovers.com\/da\/sevaerdigheder-island-vinteren\/\" target=\"_blank\" rel=\"noreferrer noopener\">Sev\u00e6rdigheder i Island om vinteren<\/a><br\/><a href=\"https:\/\/iceland-lovers.com\/da\/vandfald-island-vinter\/\" target=\"_blank\" rel=\"noreferrer noopener\">De smukkeste vandfald<\/a><br\/><a href=\"https:\/\/iceland-lovers.com\/da\/bedste-ture-isgrotter-island\/\" target=\"_blank\" rel=\"noreferrer noopener\">Isgrotter<\/a><br\/><a href=\"https:\/\/iceland-lovers.com\/da\/bedste-udflugter-fra-reykjavik-vinteren\/\" target=\"_blank\" rel=\"noreferrer noopener\">De bedste udflugter fra Reykjavik<\/a><\/p>\n<\/div>\n\n\n\n<div class=\"wp-block-column is-vertically-aligned-top planif-radius is-layout-flow wp-block-column-is-layout-flow\" style=\"flex-basis:40%\">\n<figure class=\"wp-block-image size-large img-portrait\"><img decoding=\"async\" src=\"https:\/\/photos.smugmug.com\/Iceland\/Winter\/Snaefellsnes\/Arnarstapi\/i-NFX9vCN\/1\/FdwFVJfh4wdx6pTCBdg5vVLNBJf4xph6CrQjkvWvp\/S\/Arnarstapi_Iceland-5203-S.jpg\" alt=\"Island om vinteren\" title=\"\"\/><\/figure>\n<\/div>\n<\/div>\n\n\n\n<hr class=\"wp-block-separator has-text-color has-alpha-channel-opacity has-background is-style-wide hr-box-planif\" style=\"background-color:#ccd3dd;color:#ccd3dd\"\/>\n\n\n\n<div class=\"wp-block-columns box_sans_border is-layout-flex wp-container-core-columns-is-layout-9d6595d7 wp-block-columns-is-layout-flex\">\n<div class=\"wp-block-column texte_planif is-layout-flow wp-block-column-is-layout-flow\" style=\"flex-basis:60%\">\n<ul class=\"wp-block-list\">\n<li><strong>Praktiske r\u00e5d<\/strong><\/li>\n<\/ul>\n\n\n\n<p style=\"font-size:14px\"><br\/>At komme rundt (kommer snart)<br\/><a href=\"https:\/\/iceland-lovers.com\/da\/sadan-lejer-bil-island-tips-erfaring\/\" target=\"_blank\" rel=\"noreferrer noopener\">S\u00e5dan lejer du en bil i Island<\/a><br\/><a href=\"https:\/\/iceland-lovers.com\/da\/korsel-island-vinter-tips\/\" target=\"_blank\" rel=\"noreferrer noopener\">Tips til vinterk\u00f8rsel<\/a><br\/><a href=\"https:\/\/iceland-lovers.com\/da\/hvor-skal-man-bo-island-vinter-bedste-hoteller\/\" target=\"_blank\" rel=\"noreferrer noopener\">Hvor kan man bo i Island om vinteren?<\/a><br\/>Rejseplaner: 3 dage &#8211; 4 dage &#8211; 5 dage &#8211; <a href=\"https:\/\/iceland-lovers.com\/da\/besog-island-vinter-en-uge\/\" target=\"_blank\" rel=\"noreferrer noopener\">1 uge<\/a> &#8211; 10 dage (kommer snart)<br\/><\/p>\n<\/div>\n\n\n\n<div class=\"wp-block-column is-vertically-aligned-top planif-radius is-layout-flow wp-block-column-is-layout-flow\" style=\"flex-basis:40%\">\n<figure class=\"wp-block-image size-large img-portrait\"><img decoding=\"async\" src=\"https:\/\/photos.smugmug.com\/Iceland\/Winter\/Driving\/i-gNPz6JD\/1\/CGfmHQKPwKJcrdGBLqMjkqvmgRwW8fC8FGFKRWX3n\/S\/South_Coast_ring_road_Iceland-2099-S.jpg\" alt=\"K&#xF8;rsel i Island om vinteren\" title=\"\"\/><\/figure>\n<\/div>\n<\/div>\n\n\n\n<hr class=\"wp-block-separator has-text-color has-alpha-channel-opacity has-background is-style-wide hr-box-planif\" style=\"background-color:#ccd3dd;color:#ccd3dd\"\/>\n\n\n\n<div class=\"wp-block-columns box_sans_border is-layout-flex wp-container-core-columns-is-layout-9d6595d7 wp-block-columns-is-layout-flex\">\n<div class=\"wp-block-column texte_planif is-layout-flow wp-block-column-is-layout-flow\" style=\"flex-basis:60%\">\n<ul class=\"wp-block-list\">\n<li><strong>De uundv\u00e6rlige ting<\/strong><\/li>\n<\/ul>\n\n\n\n<p style=\"font-size:14px\"><a href=\"https:\/\/iceland-lovers.com\/da\/besog-reykjavik-vinteren-sevaerdigheder\/\" target=\"_blank\" rel=\"noreferrer noopener\">Reykjavik om vinteren<\/a><br\/><a href=\"https:\/\/iceland-lovers.com\/da\/sevaerdigheder-gyldne-cirkel-vinteren-besog\/\" target=\"_blank\" rel=\"noreferrer noopener\">Den Gyldne Cirkel om vinteren<\/a><br\/><a href=\"https:\/\/iceland-lovers.com\/da\/sevaerdigheder-syd-island-vinter-attraktioner\/\" target=\"_blank\" rel=\"noreferrer noopener\">Sydkysten om vinteren<\/a><a href=\"https:\/\/iceland-lovers.com\/da\/island-ostfjordene-winter-sevaerdigheder\/\"><br\/><\/a><a href=\"https:\/\/iceland-lovers.com\/da\/sevaerdigheder-snaefellsnes-vinter\/\" target=\"_blank\" rel=\"noreferrer noopener\">Snaefellsnes om vinteren<\/a><br\/>Silver Circle om vinteren (kommer snart)<br\/><a href=\"https:\/\/iceland-lovers.com\/da\/soen-myvatn-vinter-sevaerdigheder\/\" target=\"_blank\" rel=\"noreferrer noopener\">Myvatn-s\u00f8en om vinteren<\/a><br\/><a href=\"https:\/\/iceland-lovers.com\/da\/island-ostfjordene-winter-sevaerdigheder\/\">De \u00f8stlige fjorde om vinteren<\/a><br\/><a href=\"https:\/\/iceland-lovers.com\/da\/vandfald-seljalandsfoss-vinteren\/\" target=\"_blank\" rel=\"noreferrer noopener\">Seljalandsfoss om vinteren<\/a><br\/><a href=\"https:\/\/iceland-lovers.com\/da\/jokulsarlon-om-vinteren\/\" target=\"_blank\" rel=\"noreferrer noopener\">Jokulsarlon om vinteren<\/a><br\/><br\/><\/p>\n<\/div>\n\n\n\n<div class=\"wp-block-column is-vertically-aligned-top planif-radius is-layout-flow wp-block-column-is-layout-flow\" style=\"flex-basis:40%\">\n<figure class=\"wp-block-image size-large img-portrait\"><img decoding=\"async\" src=\"https:\/\/photos.smugmug.com\/Iceland\/Winter\/South-Coast-in-Winter\/Skogafoss-Winter\/i-DnzSqr9\/1\/CCWLWFQzNvbCRFMCHkPxzrqHGtsv2GGdfgBrm6thq\/S\/Waterfall_Skogafoss_Iceland-3620-S.jpg\" alt=\"Skogafoss om vinteren\" title=\"\"\/><\/figure>\n<\/div>\n<\/div>\n\n\n\n<div style=\"height:30px\" aria-hidden=\"true\" class=\"wp-block-spacer\"><\/div>\n<\/div><\/div><\/div>\n\n<div class=\"wp-block-genesis-blocks-gb-container box_auteur_voyage gb-block-container\"><div class=\"gb-container-inside\"><div class=\"gb-container-content\">\n<figure class=\"wp-block-image size-large img_auteur_voyage img_provisoire\"><img decoding=\"async\" src=\"https:\/\/photos.smugmug.com\/Region-Lovers\/Equipe\/i-nsNF6C6\/0\/Cs2F5n96pkt9xFD9D3SVqmQspMhrKgN75nHgBqmjG\/L\/Claire-L.png\" alt=\"\"\/><\/figure>\n\n\n\n<h5 class=\"titre_auteur_voyage\"><span>HUN TOG TUREN OG SKREV ARTIKLEN \n <\/span><span class=\"titre_box_manuscrit\">Claire<\/span><\/h5>\n<\/div><\/div><\/div>\n","protected":false},"excerpt":{"rendered":"<p>Vil du gerne opleve Island under et t\u00e6ppe af sne, mellem nordlys og isgrotter?Her er alle vores r\u00e5d om, hvordan du v\u00e6lger det antal dage, du vil tilbringe i Island om vinteren. Hvor mange dage skal man tilbringe i Island om vinteren: hurtige svar Der er ikke noget universelt svar p\u00e5 dette sp\u00f8rgsm\u00e5l. Det afh\u00e6nger [&hellip;]<\/p>\n","protected":false},"author":1,"featured_media":3871,"comment_status":"closed","ping_status":"closed","sticky":false,"template":"","format":"standard","meta":{"_genesis_hide_title":false,"_genesis_hide_breadcrumbs":false,"_genesis_hide_singular_image":false,"_genesis_hide_footer_widgets":false,"_genesis_custom_body_class":"","_genesis_custom_post_class":"","_genesis_layout":"","footnotes":""},"categories":[37],"tags":[],"class_list":{"0":"post-3884","1":"post","2":"type-post","3":"status-publish","4":"format-standard","5":"has-post-thumbnail","7":"category-vinteren","8":"entry"},"yoast_head":"<!-- This site is optimized with the Yoast SEO plugin v27.2 - https:\/\/yoast.com\/product\/yoast-seo-wordpress\/ -->\n<title>Hvor mange dage p\u00e5 Island om vinteren?<\/title>\n<meta name=\"description\" content=\"Alle vores r\u00e5d til at beslutte, hvor lang tid man skal tilbringe i Island om vinteren: kriterier, minimum antal dage, rejseplaner\" \/>\n<meta name=\"robots\" content=\"index, follow, max-snippet:-1, max-image-preview:large, max-video-preview:-1\" \/>\n<link rel=\"canonical\" href=\"https:\/\/iceland-lovers.com\/da\/hvor-mange-dage-island-vinteren\/\" \/>\n<meta property=\"og:locale\" content=\"da_DK\" \/>\n<meta property=\"og:type\" content=\"article\" \/>\n<meta property=\"og:title\" content=\"Hvor mange dage p\u00e5 Island om vinteren?\" \/>\n<meta property=\"og:description\" content=\"Alle vores r\u00e5d til at beslutte, hvor lang tid man skal tilbringe i Island om vinteren: kriterier, minimum antal dage, rejseplaner\" \/>\n<meta property=\"og:url\" content=\"https:\/\/iceland-lovers.com\/da\/hvor-mange-dage-island-vinteren\/\" \/>\n<meta property=\"og:site_name\" content=\"Iceland Lovers\" \/>\n<meta property=\"article:published_time\" content=\"2026-03-23T07:25:45+00:00\" \/>\n<meta property=\"article:modified_time\" content=\"2026-03-23T07:29:55+00:00\" \/>\n<meta property=\"og:image\" content=\"https:\/\/iceland-lovers.com\/wp-content\/uploads\/2026\/03\/Hvor-mange-dage-Island-vinteren.jpg\" \/>\n\t<meta property=\"og:image:width\" content=\"800\" \/>\n\t<meta property=\"og:image:height\" content=\"600\" \/>\n\t<meta property=\"og:image:type\" content=\"image\/jpeg\" \/>\n<meta name=\"author\" content=\"Claire\" \/>\n<meta name=\"twitter:card\" content=\"summary_large_image\" \/>\n<meta name=\"twitter:label1\" content=\"Skrevet af\" \/>\n\t<meta name=\"twitter:data1\" content=\"Claire\" \/>\n\t<meta name=\"twitter:label2\" content=\"Estimeret l\u00e6setid\" \/>\n\t<meta name=\"twitter:data2\" content=\"11 minutter\" \/>\n<script type=\"application\/ld+json\" class=\"yoast-schema-graph\">{\"@context\":\"https:\/\/schema.org\",\"@graph\":[{\"@type\":\"Article\",\"@id\":\"https:\/\/iceland-lovers.com\/da\/hvor-mange-dage-island-vinteren\/#article\",\"isPartOf\":{\"@id\":\"https:\/\/iceland-lovers.com\/da\/hvor-mange-dage-island-vinteren\/\"},\"author\":{\"name\":\"Claire\",\"@id\":\"https:\/\/iceland-lovers.com\/da\/#\/schema\/person\/99f50c0c6981832bc8c168071e92df44\"},\"headline\":\"Hvor mange dage p\u00e5 Island om vinteren?\",\"datePublished\":\"2026-03-23T07:25:45+00:00\",\"dateModified\":\"2026-03-23T07:29:55+00:00\",\"mainEntityOfPage\":{\"@id\":\"https:\/\/iceland-lovers.com\/da\/hvor-mange-dage-island-vinteren\/\"},\"wordCount\":2211,\"publisher\":{\"@id\":\"https:\/\/iceland-lovers.com\/da\/#organization\"},\"image\":{\"@id\":\"https:\/\/iceland-lovers.com\/da\/hvor-mange-dage-island-vinteren\/#primaryimage\"},\"thumbnailUrl\":\"https:\/\/iceland-lovers.com\/wp-content\/uploads\/2026\/03\/Hvor-mange-dage-Island-vinteren.jpg\",\"articleSection\":[\"Island om vinteren\"],\"inLanguage\":\"da-DK\"},{\"@type\":\"WebPage\",\"@id\":\"https:\/\/iceland-lovers.com\/da\/hvor-mange-dage-island-vinteren\/\",\"url\":\"https:\/\/iceland-lovers.com\/da\/hvor-mange-dage-island-vinteren\/\",\"name\":\"Hvor mange dage p\u00e5 Island om vinteren?\",\"isPartOf\":{\"@id\":\"https:\/\/iceland-lovers.com\/da\/#website\"},\"primaryImageOfPage\":{\"@id\":\"https:\/\/iceland-lovers.com\/da\/hvor-mange-dage-island-vinteren\/#primaryimage\"},\"image\":{\"@id\":\"https:\/\/iceland-lovers.com\/da\/hvor-mange-dage-island-vinteren\/#primaryimage\"},\"thumbnailUrl\":\"https:\/\/iceland-lovers.com\/wp-content\/uploads\/2026\/03\/Hvor-mange-dage-Island-vinteren.jpg\",\"datePublished\":\"2026-03-23T07:25:45+00:00\",\"dateModified\":\"2026-03-23T07:29:55+00:00\",\"description\":\"Alle vores r\u00e5d til at beslutte, hvor lang tid man skal tilbringe i Island om vinteren: kriterier, minimum antal dage, rejseplaner\",\"breadcrumb\":{\"@id\":\"https:\/\/iceland-lovers.com\/da\/hvor-mange-dage-island-vinteren\/#breadcrumb\"},\"inLanguage\":\"da-DK\",\"potentialAction\":[{\"@type\":\"ReadAction\",\"target\":[\"https:\/\/iceland-lovers.com\/da\/hvor-mange-dage-island-vinteren\/\"]}]},{\"@type\":\"ImageObject\",\"inLanguage\":\"da-DK\",\"@id\":\"https:\/\/iceland-lovers.com\/da\/hvor-mange-dage-island-vinteren\/#primaryimage\",\"url\":\"https:\/\/iceland-lovers.com\/wp-content\/uploads\/2026\/03\/Hvor-mange-dage-Island-vinteren.jpg\",\"contentUrl\":\"https:\/\/iceland-lovers.com\/wp-content\/uploads\/2026\/03\/Hvor-mange-dage-Island-vinteren.jpg\",\"width\":800,\"height\":600,\"caption\":\"Hvor mange dage Island vinteren\"},{\"@type\":\"BreadcrumbList\",\"@id\":\"https:\/\/iceland-lovers.com\/da\/hvor-mange-dage-island-vinteren\/#breadcrumb\",\"itemListElement\":[{\"@type\":\"ListItem\",\"position\":1,\"name\":\"Accueil\",\"item\":\"https:\/\/iceland-lovers.com\/da\/\"},{\"@type\":\"ListItem\",\"position\":2,\"name\":\"Island om vinteren\",\"item\":\"https:\/\/iceland-lovers.com\/da\/vinteren\/\"},{\"@type\":\"ListItem\",\"position\":3,\"name\":\"Hvor mange dage p\u00e5 Island om vinteren?\"}]},{\"@type\":\"WebSite\",\"@id\":\"https:\/\/iceland-lovers.com\/da\/#website\",\"url\":\"https:\/\/iceland-lovers.com\/da\/\",\"name\":\"Iceland Lovers\",\"description\":\"Le Blog de Claire et Manu\",\"publisher\":{\"@id\":\"https:\/\/iceland-lovers.com\/da\/#organization\"},\"potentialAction\":[{\"@type\":\"SearchAction\",\"target\":{\"@type\":\"EntryPoint\",\"urlTemplate\":\"https:\/\/iceland-lovers.com\/da\/?s={search_term_string}\"},\"query-input\":{\"@type\":\"PropertyValueSpecification\",\"valueRequired\":true,\"valueName\":\"search_term_string\"}}],\"inLanguage\":\"da-DK\"},{\"@type\":\"Organization\",\"@id\":\"https:\/\/iceland-lovers.com\/da\/#organization\",\"name\":\"Iceland Lovers\",\"url\":\"https:\/\/iceland-lovers.com\/da\/\",\"logo\":{\"@type\":\"ImageObject\",\"inLanguage\":\"da-DK\",\"@id\":\"https:\/\/iceland-lovers.com\/da\/#\/schema\/logo\/image\/\",\"url\":\"https:\/\/iceland-lovers.com\/wp-content\/uploads\/2024\/05\/cropped-Iceland-Lovers-Logos-RVB_Principal-bicolore.png\",\"contentUrl\":\"https:\/\/iceland-lovers.com\/wp-content\/uploads\/2024\/05\/cropped-Iceland-Lovers-Logos-RVB_Principal-bicolore.png\",\"width\":2326,\"height\":501,\"caption\":\"Iceland Lovers\"},\"image\":{\"@id\":\"https:\/\/iceland-lovers.com\/da\/#\/schema\/logo\/image\/\"}},{\"@type\":\"Person\",\"@id\":\"https:\/\/iceland-lovers.com\/da\/#\/schema\/person\/99f50c0c6981832bc8c168071e92df44\",\"name\":\"Claire\",\"image\":{\"@type\":\"ImageObject\",\"inLanguage\":\"da-DK\",\"@id\":\"https:\/\/secure.gravatar.com\/avatar\/e3566233826c32de8d7c9ef726a1087654b12cadb092acc17ee1d357687192ff?s=96&d=mm&r=g\",\"url\":\"https:\/\/secure.gravatar.com\/avatar\/e3566233826c32de8d7c9ef726a1087654b12cadb092acc17ee1d357687192ff?s=96&d=mm&r=g\",\"contentUrl\":\"https:\/\/secure.gravatar.com\/avatar\/e3566233826c32de8d7c9ef726a1087654b12cadb092acc17ee1d357687192ff?s=96&d=mm&r=g\",\"caption\":\"Claire\"},\"sameAs\":[\"https:\/\/iceland-lovers.com\/claire-robinson\/\"],\"url\":\"https:\/\/iceland-lovers.com\/da\/author\/icelandlovers\/\"}]}<\/script>\n<!-- \/ Yoast SEO plugin. -->","yoast_head_json":{"title":"Hvor mange dage p\u00e5 Island om vinteren?","description":"Alle vores r\u00e5d til at beslutte, hvor lang tid man skal tilbringe i Island om vinteren: kriterier, minimum antal dage, rejseplaner","robots":{"index":"index","follow":"follow","max-snippet":"max-snippet:-1","max-image-preview":"max-image-preview:large","max-video-preview":"max-video-preview:-1"},"canonical":"https:\/\/iceland-lovers.com\/da\/hvor-mange-dage-island-vinteren\/","og_locale":"da_DK","og_type":"article","og_title":"Hvor mange dage p\u00e5 Island om vinteren?","og_description":"Alle vores r\u00e5d til at beslutte, hvor lang tid man skal tilbringe i Island om vinteren: kriterier, minimum antal dage, rejseplaner","og_url":"https:\/\/iceland-lovers.com\/da\/hvor-mange-dage-island-vinteren\/","og_site_name":"Iceland Lovers","article_published_time":"2026-03-23T07:25:45+00:00","article_modified_time":"2026-03-23T07:29:55+00:00","og_image":[{"width":800,"height":600,"url":"https:\/\/iceland-lovers.com\/wp-content\/uploads\/2026\/03\/Hvor-mange-dage-Island-vinteren.jpg","type":"image\/jpeg"}],"author":"Claire","twitter_card":"summary_large_image","twitter_misc":{"Skrevet af":"Claire","Estimeret l\u00e6setid":"11 minutter"},"schema":{"@context":"https:\/\/schema.org","@graph":[{"@type":"Article","@id":"https:\/\/iceland-lovers.com\/da\/hvor-mange-dage-island-vinteren\/#article","isPartOf":{"@id":"https:\/\/iceland-lovers.com\/da\/hvor-mange-dage-island-vinteren\/"},"author":{"name":"Claire","@id":"https:\/\/iceland-lovers.com\/da\/#\/schema\/person\/99f50c0c6981832bc8c168071e92df44"},"headline":"Hvor mange dage p\u00e5 Island om vinteren?","datePublished":"2026-03-23T07:25:45+00:00","dateModified":"2026-03-23T07:29:55+00:00","mainEntityOfPage":{"@id":"https:\/\/iceland-lovers.com\/da\/hvor-mange-dage-island-vinteren\/"},"wordCount":2211,"publisher":{"@id":"https:\/\/iceland-lovers.com\/da\/#organization"},"image":{"@id":"https:\/\/iceland-lovers.com\/da\/hvor-mange-dage-island-vinteren\/#primaryimage"},"thumbnailUrl":"https:\/\/iceland-lovers.com\/wp-content\/uploads\/2026\/03\/Hvor-mange-dage-Island-vinteren.jpg","articleSection":["Island om vinteren"],"inLanguage":"da-DK"},{"@type":"WebPage","@id":"https:\/\/iceland-lovers.com\/da\/hvor-mange-dage-island-vinteren\/","url":"https:\/\/iceland-lovers.com\/da\/hvor-mange-dage-island-vinteren\/","name":"Hvor mange dage p\u00e5 Island om vinteren?","isPartOf":{"@id":"https:\/\/iceland-lovers.com\/da\/#website"},"primaryImageOfPage":{"@id":"https:\/\/iceland-lovers.com\/da\/hvor-mange-dage-island-vinteren\/#primaryimage"},"image":{"@id":"https:\/\/iceland-lovers.com\/da\/hvor-mange-dage-island-vinteren\/#primaryimage"},"thumbnailUrl":"https:\/\/iceland-lovers.com\/wp-content\/uploads\/2026\/03\/Hvor-mange-dage-Island-vinteren.jpg","datePublished":"2026-03-23T07:25:45+00:00","dateModified":"2026-03-23T07:29:55+00:00","description":"Alle vores r\u00e5d til at beslutte, hvor lang tid man skal tilbringe i Island om vinteren: kriterier, minimum antal dage, rejseplaner","breadcrumb":{"@id":"https:\/\/iceland-lovers.com\/da\/hvor-mange-dage-island-vinteren\/#breadcrumb"},"inLanguage":"da-DK","potentialAction":[{"@type":"ReadAction","target":["https:\/\/iceland-lovers.com\/da\/hvor-mange-dage-island-vinteren\/"]}]},{"@type":"ImageObject","inLanguage":"da-DK","@id":"https:\/\/iceland-lovers.com\/da\/hvor-mange-dage-island-vinteren\/#primaryimage","url":"https:\/\/iceland-lovers.com\/wp-content\/uploads\/2026\/03\/Hvor-mange-dage-Island-vinteren.jpg","contentUrl":"https:\/\/iceland-lovers.com\/wp-content\/uploads\/2026\/03\/Hvor-mange-dage-Island-vinteren.jpg","width":800,"height":600,"caption":"Hvor mange dage Island vinteren"},{"@type":"BreadcrumbList","@id":"https:\/\/iceland-lovers.com\/da\/hvor-mange-dage-island-vinteren\/#breadcrumb","itemListElement":[{"@type":"ListItem","position":1,"name":"Accueil","item":"https:\/\/iceland-lovers.com\/da\/"},{"@type":"ListItem","position":2,"name":"Island om vinteren","item":"https:\/\/iceland-lovers.com\/da\/vinteren\/"},{"@type":"ListItem","position":3,"name":"Hvor mange dage p\u00e5 Island om vinteren?"}]},{"@type":"WebSite","@id":"https:\/\/iceland-lovers.com\/da\/#website","url":"https:\/\/iceland-lovers.com\/da\/","name":"Iceland Lovers","description":"Le Blog de Claire et Manu","publisher":{"@id":"https:\/\/iceland-lovers.com\/da\/#organization"},"potentialAction":[{"@type":"SearchAction","target":{"@type":"EntryPoint","urlTemplate":"https:\/\/iceland-lovers.com\/da\/?s={search_term_string}"},"query-input":{"@type":"PropertyValueSpecification","valueRequired":true,"valueName":"search_term_string"}}],"inLanguage":"da-DK"},{"@type":"Organization","@id":"https:\/\/iceland-lovers.com\/da\/#organization","name":"Iceland Lovers","url":"https:\/\/iceland-lovers.com\/da\/","logo":{"@type":"ImageObject","inLanguage":"da-DK","@id":"https:\/\/iceland-lovers.com\/da\/#\/schema\/logo\/image\/","url":"https:\/\/iceland-lovers.com\/wp-content\/uploads\/2024\/05\/cropped-Iceland-Lovers-Logos-RVB_Principal-bicolore.png","contentUrl":"https:\/\/iceland-lovers.com\/wp-content\/uploads\/2024\/05\/cropped-Iceland-Lovers-Logos-RVB_Principal-bicolore.png","width":2326,"height":501,"caption":"Iceland Lovers"},"image":{"@id":"https:\/\/iceland-lovers.com\/da\/#\/schema\/logo\/image\/"}},{"@type":"Person","@id":"https:\/\/iceland-lovers.com\/da\/#\/schema\/person\/99f50c0c6981832bc8c168071e92df44","name":"Claire","image":{"@type":"ImageObject","inLanguage":"da-DK","@id":"https:\/\/secure.gravatar.com\/avatar\/e3566233826c32de8d7c9ef726a1087654b12cadb092acc17ee1d357687192ff?s=96&d=mm&r=g","url":"https:\/\/secure.gravatar.com\/avatar\/e3566233826c32de8d7c9ef726a1087654b12cadb092acc17ee1d357687192ff?s=96&d=mm&r=g","contentUrl":"https:\/\/secure.gravatar.com\/avatar\/e3566233826c32de8d7c9ef726a1087654b12cadb092acc17ee1d357687192ff?s=96&d=mm&r=g","caption":"Claire"},"sameAs":["https:\/\/iceland-lovers.com\/claire-robinson\/"],"url":"https:\/\/iceland-lovers.com\/da\/author\/icelandlovers\/"}]}},"featured_image_src":"https:\/\/iceland-lovers.com\/wp-content\/uploads\/2026\/03\/Hvor-mange-dage-Island-vinteren-600x400.jpg","featured_image_src_square":"https:\/\/iceland-lovers.com\/wp-content\/uploads\/2026\/03\/Hvor-mange-dage-Island-vinteren-600x600.jpg","author_info":{"display_name":"Claire","author_link":"https:\/\/iceland-lovers.com\/da\/author\/icelandlovers\/"},"_links":{"self":[{"href":"https:\/\/iceland-lovers.com\/da\/wp-json\/wp\/v2\/posts\/3884","targetHints":{"allow":["GET"]}}],"collection":[{"href":"https:\/\/iceland-lovers.com\/da\/wp-json\/wp\/v2\/posts"}],"about":[{"href":"https:\/\/iceland-lovers.com\/da\/wp-json\/wp\/v2\/types\/post"}],"author":[{"embeddable":true,"href":"https:\/\/iceland-lovers.com\/da\/wp-json\/wp\/v2\/users\/1"}],"replies":[{"embeddable":true,"href":"https:\/\/iceland-lovers.com\/da\/wp-json\/wp\/v2\/comments?post=3884"}],"version-history":[{"count":0,"href":"https:\/\/iceland-lovers.com\/da\/wp-json\/wp\/v2\/posts\/3884\/revisions"}],"wp:featuredmedia":[{"embeddable":true,"href":"https:\/\/iceland-lovers.com\/da\/wp-json\/wp\/v2\/media\/3871"}],"wp:attachment":[{"href":"https:\/\/iceland-lovers.com\/da\/wp-json\/wp\/v2\/media?parent=3884"}],"wp:term":[{"taxonomy":"category","embeddable":true,"href":"https:\/\/iceland-lovers.com\/da\/wp-json\/wp\/v2\/categories?post=3884"},{"taxonomy":"post_tag","embeddable":true,"href":"https:\/\/iceland-lovers.com\/da\/wp-json\/wp\/v2\/tags?post=3884"}],"curies":[{"name":"wp","href":"https:\/\/api.w.org\/{rel}","templated":true}]}}